{"id":22807,"date":"2026-09-05T07:00:19","date_gmt":"2026-09-05T10:00:19","guid":{"rendered":"https:\/\/portaldenoticias.net\/ffsantos\/?p=22807"},"modified":"2026-09-05T09:58:19","modified_gmt":"2026-09-05T12:58:19","slug":"5-de-setembro-amazonia-celebrar-a-floresta-e-tambem-ouvir-os-seus-sinais","status":"publish","type":"post","link":"https:\/\/portaldenoticias.net\/ffsantos\/5-de-setembro-amazonia-celebrar-a-floresta-e-tambem-ouvir-os-seus-sinais\/","title":{"rendered":"5 DE SETEMBRO &#8211; AMAZ\u00d4NIA: CELEBRAR A FLORESTA \u00c9 TAMB\u00c9M OUVIR OS SEUS SINAIS"},"content":{"rendered":"<p>&nbsp;<\/p>\n<p><a href=\"http:\/\/portaldenoticias.net\/ffsantos\/wp-content\/uploads\/2026\/09\/Ama-I-Imagem1.png\"><img loading=\"lazy\" decoding=\"async\" class=\"aligncenter size-full wp-image-22809\" src=\"http:\/\/portaldenoticias.net\/ffsantos\/wp-content\/uploads\/2026\/09\/Ama-I-Imagem1.png\" alt=\"\" width=\"671\" height=\"423\" srcset=\"https:\/\/portaldenoticias.net\/ffsantos\/wp-content\/uploads\/2026\/09\/Ama-I-Imagem1.png 671w, https:\/\/portaldenoticias.net\/ffsantos\/wp-content\/uploads\/2026\/09\/Ama-I-Imagem1-300x189.png 300w, https:\/\/portaldenoticias.net\/ffsantos\/wp-content\/uploads\/2026\/09\/Ama-I-Imagem1-150x95.png 150w, https:\/\/portaldenoticias.net\/ffsantos\/wp-content\/uploads\/2026\/09\/Ama-I-Imagem1-450x284.png 450w\" sizes=\"auto, (max-width: 671px) 100vw, 671px\" \/>\u00a0 \u00a0 \u00a0 \u00a0 \u00a0 \u00a0 \u00a0 \u00a0 \u00a0 \u00a0 \u00a0 \u00a0 \u00a0 \u00a0 \u00a0 \u00a0 \u00a0 \u00a0 \u00a0 \u00a0 \u00a0 \u00a0 \u00a0 \u00a0 \u00a0 \u00a0 \u00a0 \u00a0 \u00a0 \u00a0 \u00a0 \u00a0 \u00a0 \u00a0 \u00a0 \u00a0 \u00a0 \u00a0 \u00a0 \u00a0 \u00a0 \u00a0 \u00a0 \u00a0 \u00a0 \u00a0 \u00a0 \u00a0 \u00a0 \u00a0 \u00a0 \u00a0 \u00a0 \u00a0 \u00a0 \u00a0 \u00a0 \u00a0 \u00a0 \u00a0 \u00a0 \u00a0 \u00a0 \u00a0<\/a> <strong><em>Por:<\/em><\/strong> Florisvaldo F. dos Santos<\/p>\n<p>H\u00e1 datas que convidam \u00e0 comemora\u00e7\u00e3o. Outras parecem pedir algo mais: reflex\u00e3o.<\/p>\n<p>Neste 5 de setembro, Dia da Amaz\u00f4nia, talvez seja esse o melhor olhar para a maior floresta tropical do planeta. N\u00e3o apenas contemplar sua grandeza, seus rios, sua biodiversidade e a imensid\u00e3o verde que atravessa fronteiras, mas procurar entender os sinais que ela nos envia.<\/p>\n<p>O Dia da Amaz\u00f4nia foi institu\u00eddo nacionalmente pela Lei n\u00ba 11.621, de 19 de dezembro de 2007. A escolha da data remete \u00e0 cria\u00e7\u00e3o da antiga Prov\u00edncia do Amazonas, em 5 de setembro de 1850, durante o Imp\u00e9rio de Dom Pedro II.<\/p>\n<p>Passados mais de 170 anos daquele epis\u00f3dio hist\u00f3rico, a dimens\u00e3o da palavra Amaz\u00f4nia tornou-se muito maior.<\/p>\n<p>Segundo o IBGE, o Bioma Amaz\u00f4nia ocupa aproximadamente <strong><em>49,5% do territ\u00f3rio brasileiro<\/em><\/strong>. \u00c9 o maior bioma do pa\u00eds e abriga a maior floresta tropical do mundo, extraordin\u00e1ria biodiversidade e uma rede hidrogr\u00e1fica de dimens\u00f5es igualmente impressionantes.<\/p>\n<p>Mas sua import\u00e2ncia n\u00e3o termina onde termina a floresta.<\/p>\n<p>A umidade produzida e transportada pela Amaz\u00f4nia ajuda a abastecer outras regi\u00f5es do Brasil e da Am\u00e9rica do Sul. Aquilo que acontece entre as \u00e1rvores e os rios amaz\u00f4nicos, portanto, pode produzir reflexos a milhares de quil\u00f4metros dali.<\/p>\n<p>Talvez por isso seja cada vez mais dif\u00edcil falar da Amaz\u00f4nia como se estiv\u00e9ssemos falando de um lugar distante.<\/p>\n<p style=\"text-align: center\"><strong><em>O ALERTA QUE VEM DO PAC\u00cdFICO<\/em><\/strong><\/p>\n<p><a href=\"http:\/\/portaldenoticias.net\/ffsantos\/wp-content\/uploads\/2026\/09\/Ama-2-Imagem2.png\"><img loading=\"lazy\" decoding=\"async\" class=\"aligncenter size-full wp-image-22808\" src=\"http:\/\/portaldenoticias.net\/ffsantos\/wp-content\/uploads\/2026\/09\/Ama-2-Imagem2.png\" alt=\"\" width=\"668\" height=\"610\" srcset=\"https:\/\/portaldenoticias.net\/ffsantos\/wp-content\/uploads\/2026\/09\/Ama-2-Imagem2.png 668w, https:\/\/portaldenoticias.net\/ffsantos\/wp-content\/uploads\/2026\/09\/Ama-2-Imagem2-300x274.png 300w, https:\/\/portaldenoticias.net\/ffsantos\/wp-content\/uploads\/2026\/09\/Ama-2-Imagem2-150x137.png 150w, https:\/\/portaldenoticias.net\/ffsantos\/wp-content\/uploads\/2026\/09\/Ama-2-Imagem2-450x411.png 450w\" sizes=\"auto, (max-width: 668px) 100vw, 668px\" \/><\/a><\/p>\n<p>Neste Dia da Amaz\u00f4nia de 2026, uma preocupa\u00e7\u00e3o adicional atravessa o horizonte.<\/p>\n<p>A Organiza\u00e7\u00e3o Meteorol\u00f3gica Mundial (OMM), organismo especializado das Na\u00e7\u00f5es Unidas, informou nesta semana que o El Ni\u00f1o est\u00e1 firmemente estabelecido e dever\u00e1 se intensificar nos pr\u00f3ximos meses, podendo atingir intensidade muito forte. Segundo a entidade, a probabilidade de o fen\u00f4meno persistir at\u00e9 fevereiro de 2027 \u00e9 pr\u00f3xima de 100%.<\/p>\n<p>No Brasil, boletim elaborado por INPE, INMET, ANA, Cemaden e outros \u00f3rg\u00e3os federais aponta tend\u00eancia de chuvas abaixo da m\u00e9dia nas regi\u00f5es Norte e Nordeste entre setembro e novembro. As temperaturas devem permanecer acima da m\u00e9dia em praticamente todo o pa\u00eds. Na Amaz\u00f4nia Legal, a combina\u00e7\u00e3o de calor elevado e menor volume de chuvas pode intensificar o d\u00e9ficit h\u00eddrico e aumentar o risco de inc\u00eandios florestais.<\/p>\n<p>E existe uma raz\u00e3o concreta para acompanhar esse cen\u00e1rio com aten\u00e7\u00e3o.<\/p>\n<p>Estudo divulgado pelo MapBiomas e noticiado pela Ag\u00eancia Brasil neste 4 de setembro mostra que <strong><em>38% das localidades habitadas analisadas na Amaz\u00f4nia tiveram alta exposi\u00e7\u00e3o aos efeitos do \u00faltimo El Ni\u00f1o<\/em><\/strong>. Naquele per\u00edodo, a redu\u00e7\u00e3o dos n\u00edveis dos rios trouxe consequ\u00eancias para transporte, acesso \u00e0 \u00e1gua, pesca e outras atividades diretamente dependentes dos sistemas fluviais.<\/p>\n<p>Isso n\u00e3o significa afirmar que os mesmos efeitos ocorrer\u00e3o agora, nem que atingir\u00e3o toda a Amaz\u00f4nia com a mesma intensidade. A pr\u00f3pria OMM ressalta que a for\u00e7a de um El Ni\u00f1o, isoladamente, n\u00e3o determina a gravidade dos impactos em cada regi\u00e3o. Outros fatores oce\u00e2nicos e atmosf\u00e9ricos tamb\u00e9m interferem nesse complexo sistema.<\/p>\n<p>Mas previs\u00e3o tamb\u00e9m serve para uma coisa essencial: <strong><em>permitir que nos preparemos antes que o problema chegue<\/em>.<\/strong><\/p>\n<p style=\"text-align: center\"><strong><em>A FLORESTA TAMB\u00c9M TEM GENTE<\/em><\/strong><\/p>\n<p>Quando pensamos na Amaz\u00f4nia, \u00e9 comum imaginarmos \u00e1rvores gigantescas, rios intermin\u00e1veis e animais silvestres.<\/p>\n<p>\u00c0s vezes esquecemos que a Amaz\u00f4nia tamb\u00e9m \u00e9 casa.<\/p>\n<p>Casa de povos ind\u00edgenas, comunidades tradicionais, ribeirinhos e milh\u00f5es de brasileiros que vivem em grandes cidades, pequenas comunidades, margens de rios e igarap\u00e9s.<\/p>\n<p>E \u00e9 justamente a\u00ed que preserva\u00e7\u00e3o ambiental e qualidade de vida se encontram. Em Manaus, por exemplo, o desafio de levar saneamento \u00e0s popula\u00e7\u00f5es que vivem pr\u00f3ximas aos igarap\u00e9s mostra que cuidar da Amaz\u00f4nia tamb\u00e9m significa cuidar de quem nela vive.<\/p>\n<p>Proteger a Amaz\u00f4nia n\u00e3o pode significar apenas proteger \u00e1rvores. Significa tamb\u00e9m garantir \u00e1gua tratada, coleta e tratamento de esgoto, sa\u00fade, dignidade e melhores condi\u00e7\u00f5es de vida.<\/p>\n<p>Talvez esse seja um dos grandes desafios amaz\u00f4nicos do nosso tempo: <strong><em>preservar sem abandonar quem vive na regi\u00e3o e desenvolver sem destruir aquilo que torna poss\u00edvel a pr\u00f3pria vida.<\/em><\/strong><\/p>\n<p>E chegamos novamente ao 5 de setembro.<\/p>\n<p>Podemos celebrar a Amaz\u00f4nia com fotografias de sua beleza, com o verde quase infinito visto do alto ou com a impon\u00eancia de seus rios. Tudo isso \u00e9 verdadeiro e merece admira\u00e7\u00e3o.<\/p>\n<p>Mas talvez a melhor homenagem seja outra.<\/p>\n<p>\u00c9 compreender que a Amaz\u00f4nia n\u00e3o precisa apenas ser admirada. Precisa ser conhecida, pesquisada, protegida e utilizada com responsabilidade.<\/p>\n<p>Porque o El Ni\u00f1o passar\u00e1, como outros passaram.<\/p>\n<p><strong><em>As consequ\u00eancias das nossas escolhas, por\u00e9m, podem permanecer por muito mais tempo.<\/em><\/strong><\/p>\n<p>E a floresta, silenciosamente, continuar\u00e1 fazendo aquilo que sempre fez: respirando, produzindo umidade, alimentando rios, abrigando vidas e ajudando a regular o clima.<\/p>\n<p>A quest\u00e3o que fica neste Dia da Amaz\u00f4nia talvez seja muito simples:<\/p>\n<p><strong><em>Estamos sabendo ouvir os sinais de que ela nos d\u00e1?<\/em><\/strong><\/p>\n<p><strong><em>Fontes consultadas:<\/em><\/strong> Organiza\u00e7\u00e3o Meteorol\u00f3gica Mundial (OMM\/WMO); Instituto Nacional de Pesquisas Espaciais (INPE); Instituto Nacional de Meteorologia (INMET); Ag\u00eancia Nacional de \u00c1guas e Saneamento B\u00e1sico (ANA); Cemaden; IBGE; Ag\u00eancia Brasil\/MapBiomas; legisla\u00e7\u00e3o federal; g1 e \u00c1guas de Manaus.<\/p>\n<p style=\"text-align: center\"><strong><em>Blog do Florisvaldo &#8211; \u00a0Informa\u00e7\u00e3o com Imparcialidade<\/em><\/strong><\/p>\n","protected":false},"excerpt":{"rendered":"<p>&nbsp; \u00a0 \u00a0 \u00a0 \u00a0 \u00a0 \u00a0 \u00a0 \u00a0 \u00a0 \u00a0 \u00a0 \u00a0 \u00a0 \u00a0 \u00a0 \u00a0 \u00a0 \u00a0 \u00a0 \u00a0 \u00a0 \u00a0 \u00a0 \u00a0 \u00a0 \u00a0 \u00a0 \u00a0 \u00a0 \u00a0 \u00a0 \u00a0 \u00a0 \u00a0 \u00a0 \u00a0 \u00a0 \u00a0 \u00a0 \u00a0 \u00a0 \u00a0 \u00a0 \u00a0 \u00a0 \u00a0 \u00a0 \u00a0 \u00a0 \u00a0 \u00a0 \u00a0 \u00a0 \u00a0<\/p>\n","protected":false},"author":2,"featured_media":22809,"comment_status":"open","ping_status":"open","sticky":false,"template":"","format":"standard","meta":{"footnotes":""},"categories":[2],"tags":[],"class_list":["post-22807","post","type-post","status-publish","format-standard","has-post-thumbnail","category-brasil"],"yoast_head":"<!-- This site is optimized with the Yoast SEO plugin v27.7 - https:\/\/yoast.com\/product\/yoast-seo-wordpress\/ -->\n<title>5 DE SETEMBRO - AMAZ\u00d4NIA: CELEBRAR A FLORESTA \u00c9 TAMB\u00c9M OUVIR OS SEUS SINAIS - Blog do Florisvaldo<\/title>\n<meta name=\"robots\" content=\"index, follow, max-snippet:-1, max-image-preview:large, max-video-preview:-1\" \/>\n<link rel=\"canonical\" href=\"https:\/\/portaldenoticias.net\/ffsantos\/5-de-setembro-amazonia-celebrar-a-floresta-e-tambem-ouvir-os-seus-sinais\/\" \/>\n<meta property=\"og:locale\" content=\"pt_BR\" \/>\n<meta property=\"og:type\" content=\"article\" \/>\n<meta property=\"og:title\" content=\"5 DE SETEMBRO - AMAZ\u00d4NIA: CELEBRAR A FLORESTA \u00c9 TAMB\u00c9M OUVIR OS SEUS SINAIS - Blog do Florisvaldo\" \/>\n<meta property=\"og:description\" content=\"&nbsp; \u00a0 \u00a0 \u00a0 \u00a0 \u00a0 \u00a0 \u00a0 \u00a0 \u00a0 \u00a0 \u00a0 \u00a0 \u00a0 \u00a0 \u00a0 \u00a0 \u00a0 \u00a0 \u00a0 \u00a0 \u00a0 \u00a0 \u00a0 \u00a0 \u00a0 \u00a0 \u00a0 \u00a0 \u00a0 \u00a0 \u00a0 \u00a0 \u00a0 \u00a0 \u00a0 \u00a0 \u00a0 \u00a0 \u00a0 \u00a0 \u00a0 \u00a0 \u00a0 \u00a0 \u00a0 \u00a0 \u00a0 \u00a0 \u00a0 \u00a0 \u00a0 \u00a0 \u00a0 \u00a0\" \/>\n<meta property=\"og:url\" content=\"https:\/\/portaldenoticias.net\/ffsantos\/5-de-setembro-amazonia-celebrar-a-floresta-e-tambem-ouvir-os-seus-sinais\/\" \/>\n<meta property=\"og:site_name\" content=\"Blog do Florisvaldo\" \/>\n<meta property=\"article:published_time\" content=\"2026-09-05T10:00:19+00:00\" \/>\n<meta property=\"article:modified_time\" content=\"2026-09-05T12:58:19+00:00\" \/>\n<meta property=\"og:image\" content=\"http:\/\/portaldenoticias.net\/ffsantos\/wp-content\/uploads\/2026\/09\/Ama-I-Imagem1.png\" \/>\n\t<meta property=\"og:image:width\" content=\"671\" \/>\n\t<meta property=\"og:image:height\" content=\"423\" \/>\n\t<meta property=\"og:image:type\" content=\"image\/png\" \/>\n<meta name=\"author\" content=\"Florisvaldo\" \/>\n<meta name=\"twitter:card\" content=\"summary_large_image\" \/>\n<meta name=\"twitter:label1\" content=\"Escrito por\" \/>\n\t<meta name=\"twitter:data1\" content=\"Florisvaldo\" \/>\n\t<meta name=\"twitter:label2\" content=\"Est. tempo de leitura\" \/>\n\t<meta name=\"twitter:data2\" content=\"6 minutos\" \/>\n<script type=\"application\/ld+json\" class=\"yoast-schema-graph\">{\"@context\":\"https:\\\/\\\/schema.org\",\"@graph\":[{\"@type\":\"Article\",\"@id\":\"https:\\\/\\\/portaldenoticias.net\\\/ffsantos\\\/5-de-setembro-amazonia-celebrar-a-floresta-e-tambem-ouvir-os-seus-sinais\\\/#article\",\"isPartOf\":{\"@id\":\"https:\\\/\\\/portaldenoticias.net\\\/ffsantos\\\/5-de-setembro-amazonia-celebrar-a-floresta-e-tambem-ouvir-os-seus-sinais\\\/\"},\"author\":{\"name\":\"Florisvaldo\",\"@id\":\"https:\\\/\\\/portaldenoticias.net\\\/ffsantos\\\/#\\\/schema\\\/person\\\/709c788ecb22f2378d698c2cd46cecc3\"},\"headline\":\"5 DE SETEMBRO &#8211; AMAZ\u00d4NIA: CELEBRAR A FLORESTA \u00c9 TAMB\u00c9M OUVIR OS SEUS SINAIS\",\"datePublished\":\"2026-09-05T10:00:19+00:00\",\"dateModified\":\"2026-09-05T12:58:19+00:00\",\"mainEntityOfPage\":{\"@id\":\"https:\\\/\\\/portaldenoticias.net\\\/ffsantos\\\/5-de-setembro-amazonia-celebrar-a-floresta-e-tambem-ouvir-os-seus-sinais\\\/\"},\"wordCount\":917,\"commentCount\":0,\"image\":{\"@id\":\"https:\\\/\\\/portaldenoticias.net\\\/ffsantos\\\/5-de-setembro-amazonia-celebrar-a-floresta-e-tambem-ouvir-os-seus-sinais\\\/#primaryimage\"},\"thumbnailUrl\":\"https:\\\/\\\/portaldenoticias.net\\\/ffsantos\\\/wp-content\\\/uploads\\\/2026\\\/09\\\/Ama-I-Imagem1.png\",\"articleSection\":[\"Brasil\"],\"inLanguage\":\"pt-BR\",\"potentialAction\":[{\"@type\":\"CommentAction\",\"name\":\"Comment\",\"target\":[\"https:\\\/\\\/portaldenoticias.net\\\/ffsantos\\\/5-de-setembro-amazonia-celebrar-a-floresta-e-tambem-ouvir-os-seus-sinais\\\/#respond\"]}]},{\"@type\":\"WebPage\",\"@id\":\"https:\\\/\\\/portaldenoticias.net\\\/ffsantos\\\/5-de-setembro-amazonia-celebrar-a-floresta-e-tambem-ouvir-os-seus-sinais\\\/\",\"url\":\"https:\\\/\\\/portaldenoticias.net\\\/ffsantos\\\/5-de-setembro-amazonia-celebrar-a-floresta-e-tambem-ouvir-os-seus-sinais\\\/\",\"name\":\"5 DE SETEMBRO - AMAZ\u00d4NIA: CELEBRAR A FLORESTA \u00c9 TAMB\u00c9M OUVIR OS SEUS SINAIS - Blog do Florisvaldo\",\"isPartOf\":{\"@id\":\"https:\\\/\\\/portaldenoticias.net\\\/ffsantos\\\/#website\"},\"primaryImageOfPage\":{\"@id\":\"https:\\\/\\\/portaldenoticias.net\\\/ffsantos\\\/5-de-setembro-amazonia-celebrar-a-floresta-e-tambem-ouvir-os-seus-sinais\\\/#primaryimage\"},\"image\":{\"@id\":\"https:\\\/\\\/portaldenoticias.net\\\/ffsantos\\\/5-de-setembro-amazonia-celebrar-a-floresta-e-tambem-ouvir-os-seus-sinais\\\/#primaryimage\"},\"thumbnailUrl\":\"https:\\\/\\\/portaldenoticias.net\\\/ffsantos\\\/wp-content\\\/uploads\\\/2026\\\/09\\\/Ama-I-Imagem1.png\",\"datePublished\":\"2026-09-05T10:00:19+00:00\",\"dateModified\":\"2026-09-05T12:58:19+00:00\",\"author\":{\"@id\":\"https:\\\/\\\/portaldenoticias.net\\\/ffsantos\\\/#\\\/schema\\\/person\\\/709c788ecb22f2378d698c2cd46cecc3\"},\"breadcrumb\":{\"@id\":\"https:\\\/\\\/portaldenoticias.net\\\/ffsantos\\\/5-de-setembro-amazonia-celebrar-a-floresta-e-tambem-ouvir-os-seus-sinais\\\/#breadcrumb\"},\"inLanguage\":\"pt-BR\",\"potentialAction\":[{\"@type\":\"ReadAction\",\"target\":[\"https:\\\/\\\/portaldenoticias.net\\\/ffsantos\\\/5-de-setembro-amazonia-celebrar-a-floresta-e-tambem-ouvir-os-seus-sinais\\\/\"]}]},{\"@type\":\"ImageObject\",\"inLanguage\":\"pt-BR\",\"@id\":\"https:\\\/\\\/portaldenoticias.net\\\/ffsantos\\\/5-de-setembro-amazonia-celebrar-a-floresta-e-tambem-ouvir-os-seus-sinais\\\/#primaryimage\",\"url\":\"https:\\\/\\\/portaldenoticias.net\\\/ffsantos\\\/wp-content\\\/uploads\\\/2026\\\/09\\\/Ama-I-Imagem1.png\",\"contentUrl\":\"https:\\\/\\\/portaldenoticias.net\\\/ffsantos\\\/wp-content\\\/uploads\\\/2026\\\/09\\\/Ama-I-Imagem1.png\",\"width\":671,\"height\":423},{\"@type\":\"BreadcrumbList\",\"@id\":\"https:\\\/\\\/portaldenoticias.net\\\/ffsantos\\\/5-de-setembro-amazonia-celebrar-a-floresta-e-tambem-ouvir-os-seus-sinais\\\/#breadcrumb\",\"itemListElement\":[{\"@type\":\"ListItem\",\"position\":1,\"name\":\"In\u00edcio\",\"item\":\"https:\\\/\\\/portaldenoticias.net\\\/ffsantos\\\/\"},{\"@type\":\"ListItem\",\"position\":2,\"name\":\"5 DE SETEMBRO &#8211; AMAZ\u00d4NIA: CELEBRAR A FLORESTA \u00c9 TAMB\u00c9M OUVIR OS SEUS SINAIS\"}]},{\"@type\":\"WebSite\",\"@id\":\"https:\\\/\\\/portaldenoticias.net\\\/ffsantos\\\/#website\",\"url\":\"https:\\\/\\\/portaldenoticias.net\\\/ffsantos\\\/\",\"name\":\"Blog do Florisvaldo |\",\"description\":\"Informa\u00e7\u00e3o com imparcialidade\",\"potentialAction\":[{\"@type\":\"SearchAction\",\"target\":{\"@type\":\"EntryPoint\",\"urlTemplate\":\"https:\\\/\\\/portaldenoticias.net\\\/ffsantos\\\/?s={search_term_string}\"},\"query-input\":{\"@type\":\"PropertyValueSpecification\",\"valueRequired\":true,\"valueName\":\"search_term_string\"}}],\"inLanguage\":\"pt-BR\"},{\"@type\":\"Person\",\"@id\":\"https:\\\/\\\/portaldenoticias.net\\\/ffsantos\\\/#\\\/schema\\\/person\\\/709c788ecb22f2378d698c2cd46cecc3\",\"name\":\"Florisvaldo\",\"image\":{\"@type\":\"ImageObject\",\"inLanguage\":\"pt-BR\",\"@id\":\"https:\\\/\\\/secure.gravatar.com\\\/avatar\\\/23c59839b4c874bb227d4916d18ba065e405a73d0e423fa9255ba9436604e628?s=96&d=mm&r=g\",\"url\":\"https:\\\/\\\/secure.gravatar.com\\\/avatar\\\/23c59839b4c874bb227d4916d18ba065e405a73d0e423fa9255ba9436604e628?s=96&d=mm&r=g\",\"contentUrl\":\"https:\\\/\\\/secure.gravatar.com\\\/avatar\\\/23c59839b4c874bb227d4916d18ba065e405a73d0e423fa9255ba9436604e628?s=96&d=mm&r=g\",\"caption\":\"Florisvaldo\"},\"url\":\"https:\\\/\\\/portaldenoticias.net\\\/ffsantos\\\/author\\\/ffsantos\\\/\"}]}<\/script>\n<!-- \/ Yoast SEO plugin. -->","yoast_head_json":{"title":"5 DE SETEMBRO - AMAZ\u00d4NIA: CELEBRAR A FLORESTA \u00c9 TAMB\u00c9M OUVIR OS SEUS SINAIS - Blog do Florisvaldo","robots":{"index":"index","follow":"follow","max-snippet":"max-snippet:-1","max-image-preview":"max-image-preview:large","max-video-preview":"max-video-preview:-1"},"canonical":"https:\/\/portaldenoticias.net\/ffsantos\/5-de-setembro-amazonia-celebrar-a-floresta-e-tambem-ouvir-os-seus-sinais\/","og_locale":"pt_BR","og_type":"article","og_title":"5 DE SETEMBRO - AMAZ\u00d4NIA: CELEBRAR A FLORESTA \u00c9 TAMB\u00c9M OUVIR OS SEUS SINAIS - Blog do Florisvaldo","og_description":"&nbsp; \u00a0 \u00a0 \u00a0 \u00a0 \u00a0 \u00a0 \u00a0 \u00a0 \u00a0 \u00a0 \u00a0 \u00a0 \u00a0 \u00a0 \u00a0 \u00a0 \u00a0 \u00a0 \u00a0 \u00a0 \u00a0 \u00a0 \u00a0 \u00a0 \u00a0 \u00a0 \u00a0 \u00a0 \u00a0 \u00a0 \u00a0 \u00a0 \u00a0 \u00a0 \u00a0 \u00a0 \u00a0 \u00a0 \u00a0 \u00a0 \u00a0 \u00a0 \u00a0 \u00a0 \u00a0 \u00a0 \u00a0 \u00a0 \u00a0 \u00a0 \u00a0 \u00a0 \u00a0 \u00a0","og_url":"https:\/\/portaldenoticias.net\/ffsantos\/5-de-setembro-amazonia-celebrar-a-floresta-e-tambem-ouvir-os-seus-sinais\/","og_site_name":"Blog do Florisvaldo","article_published_time":"2026-09-05T10:00:19+00:00","article_modified_time":"2026-09-05T12:58:19+00:00","og_image":[{"width":671,"height":423,"url":"http:\/\/portaldenoticias.net\/ffsantos\/wp-content\/uploads\/2026\/09\/Ama-I-Imagem1.png","type":"image\/png"}],"author":"Florisvaldo","twitter_card":"summary_large_image","twitter_misc":{"Escrito por":"Florisvaldo","Est. tempo de leitura":"6 minutos"},"schema":{"@context":"https:\/\/schema.org","@graph":[{"@type":"Article","@id":"https:\/\/portaldenoticias.net\/ffsantos\/5-de-setembro-amazonia-celebrar-a-floresta-e-tambem-ouvir-os-seus-sinais\/#article","isPartOf":{"@id":"https:\/\/portaldenoticias.net\/ffsantos\/5-de-setembro-amazonia-celebrar-a-floresta-e-tambem-ouvir-os-seus-sinais\/"},"author":{"name":"Florisvaldo","@id":"https:\/\/portaldenoticias.net\/ffsantos\/#\/schema\/person\/709c788ecb22f2378d698c2cd46cecc3"},"headline":"5 DE SETEMBRO &#8211; AMAZ\u00d4NIA: CELEBRAR A FLORESTA \u00c9 TAMB\u00c9M OUVIR OS SEUS SINAIS","datePublished":"2026-09-05T10:00:19+00:00","dateModified":"2026-09-05T12:58:19+00:00","mainEntityOfPage":{"@id":"https:\/\/portaldenoticias.net\/ffsantos\/5-de-setembro-amazonia-celebrar-a-floresta-e-tambem-ouvir-os-seus-sinais\/"},"wordCount":917,"commentCount":0,"image":{"@id":"https:\/\/portaldenoticias.net\/ffsantos\/5-de-setembro-amazonia-celebrar-a-floresta-e-tambem-ouvir-os-seus-sinais\/#primaryimage"},"thumbnailUrl":"https:\/\/portaldenoticias.net\/ffsantos\/wp-content\/uploads\/2026\/09\/Ama-I-Imagem1.png","articleSection":["Brasil"],"inLanguage":"pt-BR","potentialAction":[{"@type":"CommentAction","name":"Comment","target":["https:\/\/portaldenoticias.net\/ffsantos\/5-de-setembro-amazonia-celebrar-a-floresta-e-tambem-ouvir-os-seus-sinais\/#respond"]}]},{"@type":"WebPage","@id":"https:\/\/portaldenoticias.net\/ffsantos\/5-de-setembro-amazonia-celebrar-a-floresta-e-tambem-ouvir-os-seus-sinais\/","url":"https:\/\/portaldenoticias.net\/ffsantos\/5-de-setembro-amazonia-celebrar-a-floresta-e-tambem-ouvir-os-seus-sinais\/","name":"5 DE SETEMBRO - AMAZ\u00d4NIA: CELEBRAR A FLORESTA \u00c9 TAMB\u00c9M OUVIR OS SEUS SINAIS - Blog do Florisvaldo","isPartOf":{"@id":"https:\/\/portaldenoticias.net\/ffsantos\/#website"},"primaryImageOfPage":{"@id":"https:\/\/portaldenoticias.net\/ffsantos\/5-de-setembro-amazonia-celebrar-a-floresta-e-tambem-ouvir-os-seus-sinais\/#primaryimage"},"image":{"@id":"https:\/\/portaldenoticias.net\/ffsantos\/5-de-setembro-amazonia-celebrar-a-floresta-e-tambem-ouvir-os-seus-sinais\/#primaryimage"},"thumbnailUrl":"https:\/\/portaldenoticias.net\/ffsantos\/wp-content\/uploads\/2026\/09\/Ama-I-Imagem1.png","datePublished":"2026-09-05T10:00:19+00:00","dateModified":"2026-09-05T12:58:19+00:00","author":{"@id":"https:\/\/portaldenoticias.net\/ffsantos\/#\/schema\/person\/709c788ecb22f2378d698c2cd46cecc3"},"breadcrumb":{"@id":"https:\/\/portaldenoticias.net\/ffsantos\/5-de-setembro-amazonia-celebrar-a-floresta-e-tambem-ouvir-os-seus-sinais\/#breadcrumb"},"inLanguage":"pt-BR","potentialAction":[{"@type":"ReadAction","target":["https:\/\/portaldenoticias.net\/ffsantos\/5-de-setembro-amazonia-celebrar-a-floresta-e-tambem-ouvir-os-seus-sinais\/"]}]},{"@type":"ImageObject","inLanguage":"pt-BR","@id":"https:\/\/portaldenoticias.net\/ffsantos\/5-de-setembro-amazonia-celebrar-a-floresta-e-tambem-ouvir-os-seus-sinais\/#primaryimage","url":"https:\/\/portaldenoticias.net\/ffsantos\/wp-content\/uploads\/2026\/09\/Ama-I-Imagem1.png","contentUrl":"https:\/\/portaldenoticias.net\/ffsantos\/wp-content\/uploads\/2026\/09\/Ama-I-Imagem1.png","width":671,"height":423},{"@type":"BreadcrumbList","@id":"https:\/\/portaldenoticias.net\/ffsantos\/5-de-setembro-amazonia-celebrar-a-floresta-e-tambem-ouvir-os-seus-sinais\/#breadcrumb","itemListElement":[{"@type":"ListItem","position":1,"name":"In\u00edcio","item":"https:\/\/portaldenoticias.net\/ffsantos\/"},{"@type":"ListItem","position":2,"name":"5 DE SETEMBRO &#8211; AMAZ\u00d4NIA: CELEBRAR A FLORESTA \u00c9 TAMB\u00c9M OUVIR OS SEUS SINAIS"}]},{"@type":"WebSite","@id":"https:\/\/portaldenoticias.net\/ffsantos\/#website","url":"https:\/\/portaldenoticias.net\/ffsantos\/","name":"Blog do Florisvaldo |","description":"Informa\u00e7\u00e3o com imparcialidade","potentialAction":[{"@type":"SearchAction","target":{"@type":"EntryPoint","urlTemplate":"https:\/\/portaldenoticias.net\/ffsantos\/?s={search_term_string}"},"query-input":{"@type":"PropertyValueSpecification","valueRequired":true,"valueName":"search_term_string"}}],"inLanguage":"pt-BR"},{"@type":"Person","@id":"https:\/\/portaldenoticias.net\/ffsantos\/#\/schema\/person\/709c788ecb22f2378d698c2cd46cecc3","name":"Florisvaldo","image":{"@type":"ImageObject","inLanguage":"pt-BR","@id":"https:\/\/secure.gravatar.com\/avatar\/23c59839b4c874bb227d4916d18ba065e405a73d0e423fa9255ba9436604e628?s=96&d=mm&r=g","url":"https:\/\/secure.gravatar.com\/avatar\/23c59839b4c874bb227d4916d18ba065e405a73d0e423fa9255ba9436604e628?s=96&d=mm&r=g","contentUrl":"https:\/\/secure.gravatar.com\/avatar\/23c59839b4c874bb227d4916d18ba065e405a73d0e423fa9255ba9436604e628?s=96&d=mm&r=g","caption":"Florisvaldo"},"url":"https:\/\/portaldenoticias.net\/ffsantos\/author\/ffsantos\/"}]}},"_links":{"self":[{"href":"https:\/\/portaldenoticias.net\/ffsantos\/wp-json\/wp\/v2\/posts\/22807","targetHints":{"allow":["GET"]}}],"collection":[{"href":"https:\/\/portaldenoticias.net\/ffsantos\/wp-json\/wp\/v2\/posts"}],"about":[{"href":"https:\/\/portaldenoticias.net\/ffsantos\/wp-json\/wp\/v2\/types\/post"}],"author":[{"embeddable":true,"href":"https:\/\/portaldenoticias.net\/ffsantos\/wp-json\/wp\/v2\/users\/2"}],"replies":[{"embeddable":true,"href":"https:\/\/portaldenoticias.net\/ffsantos\/wp-json\/wp\/v2\/comments?post=22807"}],"version-history":[{"count":1,"href":"https:\/\/portaldenoticias.net\/ffsantos\/wp-json\/wp\/v2\/posts\/22807\/revisions"}],"predecessor-version":[{"id":22810,"href":"https:\/\/portaldenoticias.net\/ffsantos\/wp-json\/wp\/v2\/posts\/22807\/revisions\/22810"}],"wp:featuredmedia":[{"embeddable":true,"href":"https:\/\/portaldenoticias.net\/ffsantos\/wp-json\/wp\/v2\/media\/22809"}],"wp:attachment":[{"href":"https:\/\/portaldenoticias.net\/ffsantos\/wp-json\/wp\/v2\/media?parent=22807"}],"wp:term":[{"taxonomy":"category","embeddable":true,"href":"https:\/\/portaldenoticias.net\/ffsantos\/wp-json\/wp\/v2\/categories?post=22807"},{"taxonomy":"post_tag","embeddable":true,"href":"https:\/\/portaldenoticias.net\/ffsantos\/wp-json\/wp\/v2\/tags?post=22807"}],"curies":[{"name":"wp","href":"https:\/\/api.w.org\/{rel}","templated":true}]}}