{"id":22803,"date":"2026-09-01T18:00:45","date_gmt":"2026-09-01T21:00:45","guid":{"rendered":"https:\/\/portaldenoticias.net\/ffsantos\/?p=22803"},"modified":"2026-09-02T16:44:25","modified_gmt":"2026-09-02T19:44:25","slug":"cronica-de-fabiano-marques-memorias-do-sertao","status":"publish","type":"post","link":"https:\/\/portaldenoticias.net\/ffsantos\/cronica-de-fabiano-marques-memorias-do-sertao\/","title":{"rendered":"CR\u00d4NICA DE FABIANO MARQUES: MEM\u00d3RIAS DO SERT\u00c3O"},"content":{"rendered":"<p><a href=\"http:\/\/portaldenoticias.net\/ffsantos\/wp-content\/uploads\/2026\/09\/Agenor-1-Imagem1.jpg\"><img loading=\"lazy\" decoding=\"async\" class=\"aligncenter size-full wp-image-22804\" src=\"http:\/\/portaldenoticias.net\/ffsantos\/wp-content\/uploads\/2026\/09\/Agenor-1-Imagem1.jpg\" alt=\"\" width=\"583\" height=\"821\" srcset=\"https:\/\/portaldenoticias.net\/ffsantos\/wp-content\/uploads\/2026\/09\/Agenor-1-Imagem1.jpg 583w, https:\/\/portaldenoticias.net\/ffsantos\/wp-content\/uploads\/2026\/09\/Agenor-1-Imagem1-213x300.jpg 213w, https:\/\/portaldenoticias.net\/ffsantos\/wp-content\/uploads\/2026\/09\/Agenor-1-Imagem1-150x211.jpg 150w, https:\/\/portaldenoticias.net\/ffsantos\/wp-content\/uploads\/2026\/09\/Agenor-1-Imagem1-450x634.jpg 450w\" sizes=\"auto, (max-width: 583px) 100vw, 583px\" \/><\/a>O sert\u00e3o atrav\u00e9s do meu olhar. Quando viajo, n\u00e3o procuro apenas belas paisagens. Procuro hist\u00f3rias. Meu olhar percorre a luz, as cores, os contrastes, os detalhes e, principalmente, a vida acontecendo na estrada. Observo o homem do sert\u00e3o, seus gestos, sua rotina, os caminhos de terra, a Caatinga e a for\u00e7a de uma natureza que aprende todos os dias a resistir.<\/p>\n<p>Entre o azul profundo do c\u00e9u, os tons quentes da terra e o verde que insiste em nascer, descubro uma beleza que n\u00e3o precisa ser constru\u00edda \u2014 ela simplesmente est\u00e1 ali, em um umbuzeiro, em uma cacimba, em uma cerca cheia de texturas. Fotografar \u00e9 minha maneira de parar o tempo por alguns segundos. \u00c9 transformar o cotidiano em mem\u00f3ria e levar comigo aquilo que meus olhos encontram e meu cora\u00e7\u00e3o escolhe guardar.<\/p>\n<p>Ao guardar o Sert\u00e3o na lente, percebo que n\u00e3o fui eu quem capturou aquela terra; foi ela que me decifrou. Abandono as estradas de poeira, mas levo comigo a certeza de que a beleza mais bonita \u00e9 aquela que aprendeu a resistir. Minha c\u00e2mera agora transborda sil\u00eancios, cores e a for\u00e7a de um povo que, assim como o verde da Caatinga, sempre encontra um jeito de renascer.<\/p>\n<p><strong><em>Texto e Fotos<\/em><\/strong> &#8211; Autor: Fabiano Marques<\/p>\n<p><strong><u><a href=\"http:\/\/portaldenoticias.net\/ffsantos\/wp-content\/uploads\/2025\/01\/Agenor-Foto-Nova.png\"><img loading=\"lazy\" decoding=\"async\" class=\"alignleft size-thumbnail wp-image-19947\" src=\"http:\/\/portaldenoticias.net\/ffsantos\/wp-content\/uploads\/2025\/01\/Agenor-Foto-Nova-130x150.png\" alt=\"\" width=\"130\" height=\"150\" \/><\/a>NOTA DO EDITOR DA COLUNA:<\/u><\/strong><\/p>\n<p>Ap\u00f3s visita a Uau\u00e1, durante a 46\u00aa. Exposi\u00e7\u00e3o de Caprinos e Ovinos, retornamos a Salvador, no \u00faltimo domingo: eu, minha esposa, nosso filho Fabiano e sua esposa Mariana. Ele conduzia o ve\u00edculo e de vez em quando, ao longo da estrada, surpreendia-nos com r\u00e1pidas paradas face \u00e0 interessante vis\u00e3o de detalhes na caatinga que poderiam inspirar uma bela foto. Era o olhar do fot\u00f3grafo. E n\u00e3o s\u00f3 sa\u00edram as fotos, como ao descrev\u00ea-las no texto acima, revelou uma bela veia po\u00e9tica, digna do meu registro e admira\u00e7\u00e3o. Parab\u00e9ns, Fabiano, pela sensibilidade contida no seu brilhante texto, uma verdadeira poesia! <strong>Agenor Santos<\/strong><\/p>\n<p><strong>\u00a0<\/strong><\/p>\n<p style=\"text-align: center\"><strong><em>Blog do Florisvaldo &#8211; Informa\u00e7\u00e3o Com Imparcialidade<\/em><\/strong><\/p>\n","protected":false},"excerpt":{"rendered":"<p>O sert\u00e3o atrav\u00e9s do meu olhar. Quando viajo, n\u00e3o procuro apenas belas paisagens. Procuro hist\u00f3rias. Meu olhar percorre a luz, as cores, os contrastes, os detalhes e, principalmente, a vida acontecendo na estrada. Observo o homem do sert\u00e3o, seus gestos, sua rotina, os caminhos de terra, a Caatinga e a for\u00e7a de uma natureza que<\/p>\n","protected":false},"author":2,"featured_media":22804,"comment_status":"open","ping_status":"open","sticky":false,"template":"","format":"standard","meta":{"footnotes":""},"categories":[1],"tags":[],"class_list":["post-22803","post","type-post","status-publish","format-standard","has-post-thumbnail","category-destaques"],"yoast_head":"<!-- This site is optimized with the Yoast SEO plugin v27.7 - https:\/\/yoast.com\/product\/yoast-seo-wordpress\/ -->\n<title>CR\u00d4NICA DE FABIANO MARQUES: MEM\u00d3RIAS DO SERT\u00c3O - Blog do Florisvaldo<\/title>\n<meta name=\"robots\" content=\"index, follow, max-snippet:-1, max-image-preview:large, max-video-preview:-1\" \/>\n<link rel=\"canonical\" href=\"https:\/\/portaldenoticias.net\/ffsantos\/cronica-de-fabiano-marques-memorias-do-sertao\/\" \/>\n<meta property=\"og:locale\" content=\"pt_BR\" \/>\n<meta property=\"og:type\" content=\"article\" \/>\n<meta property=\"og:title\" content=\"CR\u00d4NICA DE FABIANO MARQUES: MEM\u00d3RIAS DO SERT\u00c3O - Blog do Florisvaldo\" \/>\n<meta property=\"og:description\" content=\"O sert\u00e3o atrav\u00e9s do meu olhar. Quando viajo, n\u00e3o procuro apenas belas paisagens. Procuro hist\u00f3rias. Meu olhar percorre a luz, as cores, os contrastes, os detalhes e, principalmente, a vida acontecendo na estrada. Observo o homem do sert\u00e3o, seus gestos, sua rotina, os caminhos de terra, a Caatinga e a for\u00e7a de uma natureza que\" \/>\n<meta property=\"og:url\" content=\"https:\/\/portaldenoticias.net\/ffsantos\/cronica-de-fabiano-marques-memorias-do-sertao\/\" \/>\n<meta property=\"og:site_name\" content=\"Blog do Florisvaldo\" \/>\n<meta property=\"article:published_time\" content=\"2026-09-01T21:00:45+00:00\" \/>\n<meta property=\"article:modified_time\" content=\"2026-09-02T19:44:25+00:00\" \/>\n<meta property=\"og:image\" content=\"http:\/\/portaldenoticias.net\/ffsantos\/wp-content\/uploads\/2026\/09\/Agenor-1-Imagem1.jpg\" \/>\n\t<meta property=\"og:image:width\" content=\"583\" \/>\n\t<meta property=\"og:image:height\" content=\"821\" \/>\n\t<meta property=\"og:image:type\" content=\"image\/jpeg\" \/>\n<meta name=\"author\" content=\"Florisvaldo\" \/>\n<meta name=\"twitter:card\" content=\"summary_large_image\" \/>\n<meta name=\"twitter:label1\" content=\"Escrito por\" \/>\n\t<meta name=\"twitter:data1\" content=\"Florisvaldo\" \/>\n\t<meta name=\"twitter:label2\" content=\"Est. tempo de leitura\" \/>\n\t<meta name=\"twitter:data2\" content=\"3 minutos\" \/>\n<script type=\"application\/ld+json\" class=\"yoast-schema-graph\">{\"@context\":\"https:\\\/\\\/schema.org\",\"@graph\":[{\"@type\":\"Article\",\"@id\":\"https:\\\/\\\/portaldenoticias.net\\\/ffsantos\\\/cronica-de-fabiano-marques-memorias-do-sertao\\\/#article\",\"isPartOf\":{\"@id\":\"https:\\\/\\\/portaldenoticias.net\\\/ffsantos\\\/cronica-de-fabiano-marques-memorias-do-sertao\\\/\"},\"author\":{\"name\":\"Florisvaldo\",\"@id\":\"https:\\\/\\\/portaldenoticias.net\\\/ffsantos\\\/#\\\/schema\\\/person\\\/709c788ecb22f2378d698c2cd46cecc3\"},\"headline\":\"CR\u00d4NICA DE FABIANO MARQUES: MEM\u00d3RIAS DO SERT\u00c3O\",\"datePublished\":\"2026-09-01T21:00:45+00:00\",\"dateModified\":\"2026-09-02T19:44:25+00:00\",\"mainEntityOfPage\":{\"@id\":\"https:\\\/\\\/portaldenoticias.net\\\/ffsantos\\\/cronica-de-fabiano-marques-memorias-do-sertao\\\/\"},\"wordCount\":354,\"commentCount\":9,\"image\":{\"@id\":\"https:\\\/\\\/portaldenoticias.net\\\/ffsantos\\\/cronica-de-fabiano-marques-memorias-do-sertao\\\/#primaryimage\"},\"thumbnailUrl\":\"https:\\\/\\\/portaldenoticias.net\\\/ffsantos\\\/wp-content\\\/uploads\\\/2026\\\/09\\\/Agenor-1-Imagem1.jpg\",\"articleSection\":[\"Destaques\"],\"inLanguage\":\"pt-BR\",\"potentialAction\":[{\"@type\":\"CommentAction\",\"name\":\"Comment\",\"target\":[\"https:\\\/\\\/portaldenoticias.net\\\/ffsantos\\\/cronica-de-fabiano-marques-memorias-do-sertao\\\/#respond\"]}]},{\"@type\":\"WebPage\",\"@id\":\"https:\\\/\\\/portaldenoticias.net\\\/ffsantos\\\/cronica-de-fabiano-marques-memorias-do-sertao\\\/\",\"url\":\"https:\\\/\\\/portaldenoticias.net\\\/ffsantos\\\/cronica-de-fabiano-marques-memorias-do-sertao\\\/\",\"name\":\"CR\u00d4NICA DE FABIANO MARQUES: MEM\u00d3RIAS DO SERT\u00c3O - Blog do Florisvaldo\",\"isPartOf\":{\"@id\":\"https:\\\/\\\/portaldenoticias.net\\\/ffsantos\\\/#website\"},\"primaryImageOfPage\":{\"@id\":\"https:\\\/\\\/portaldenoticias.net\\\/ffsantos\\\/cronica-de-fabiano-marques-memorias-do-sertao\\\/#primaryimage\"},\"image\":{\"@id\":\"https:\\\/\\\/portaldenoticias.net\\\/ffsantos\\\/cronica-de-fabiano-marques-memorias-do-sertao\\\/#primaryimage\"},\"thumbnailUrl\":\"https:\\\/\\\/portaldenoticias.net\\\/ffsantos\\\/wp-content\\\/uploads\\\/2026\\\/09\\\/Agenor-1-Imagem1.jpg\",\"datePublished\":\"2026-09-01T21:00:45+00:00\",\"dateModified\":\"2026-09-02T19:44:25+00:00\",\"author\":{\"@id\":\"https:\\\/\\\/portaldenoticias.net\\\/ffsantos\\\/#\\\/schema\\\/person\\\/709c788ecb22f2378d698c2cd46cecc3\"},\"breadcrumb\":{\"@id\":\"https:\\\/\\\/portaldenoticias.net\\\/ffsantos\\\/cronica-de-fabiano-marques-memorias-do-sertao\\\/#breadcrumb\"},\"inLanguage\":\"pt-BR\",\"potentialAction\":[{\"@type\":\"ReadAction\",\"target\":[\"https:\\\/\\\/portaldenoticias.net\\\/ffsantos\\\/cronica-de-fabiano-marques-memorias-do-sertao\\\/\"]}]},{\"@type\":\"ImageObject\",\"inLanguage\":\"pt-BR\",\"@id\":\"https:\\\/\\\/portaldenoticias.net\\\/ffsantos\\\/cronica-de-fabiano-marques-memorias-do-sertao\\\/#primaryimage\",\"url\":\"https:\\\/\\\/portaldenoticias.net\\\/ffsantos\\\/wp-content\\\/uploads\\\/2026\\\/09\\\/Agenor-1-Imagem1.jpg\",\"contentUrl\":\"https:\\\/\\\/portaldenoticias.net\\\/ffsantos\\\/wp-content\\\/uploads\\\/2026\\\/09\\\/Agenor-1-Imagem1.jpg\",\"width\":583,\"height\":821},{\"@type\":\"BreadcrumbList\",\"@id\":\"https:\\\/\\\/portaldenoticias.net\\\/ffsantos\\\/cronica-de-fabiano-marques-memorias-do-sertao\\\/#breadcrumb\",\"itemListElement\":[{\"@type\":\"ListItem\",\"position\":1,\"name\":\"In\u00edcio\",\"item\":\"https:\\\/\\\/portaldenoticias.net\\\/ffsantos\\\/\"},{\"@type\":\"ListItem\",\"position\":2,\"name\":\"CR\u00d4NICA DE FABIANO MARQUES: MEM\u00d3RIAS DO SERT\u00c3O\"}]},{\"@type\":\"WebSite\",\"@id\":\"https:\\\/\\\/portaldenoticias.net\\\/ffsantos\\\/#website\",\"url\":\"https:\\\/\\\/portaldenoticias.net\\\/ffsantos\\\/\",\"name\":\"Blog do Florisvaldo |\",\"description\":\"Informa\u00e7\u00e3o com imparcialidade\",\"potentialAction\":[{\"@type\":\"SearchAction\",\"target\":{\"@type\":\"EntryPoint\",\"urlTemplate\":\"https:\\\/\\\/portaldenoticias.net\\\/ffsantos\\\/?s={search_term_string}\"},\"query-input\":{\"@type\":\"PropertyValueSpecification\",\"valueRequired\":true,\"valueName\":\"search_term_string\"}}],\"inLanguage\":\"pt-BR\"},{\"@type\":\"Person\",\"@id\":\"https:\\\/\\\/portaldenoticias.net\\\/ffsantos\\\/#\\\/schema\\\/person\\\/709c788ecb22f2378d698c2cd46cecc3\",\"name\":\"Florisvaldo\",\"image\":{\"@type\":\"ImageObject\",\"inLanguage\":\"pt-BR\",\"@id\":\"https:\\\/\\\/secure.gravatar.com\\\/avatar\\\/23c59839b4c874bb227d4916d18ba065e405a73d0e423fa9255ba9436604e628?s=96&d=mm&r=g\",\"url\":\"https:\\\/\\\/secure.gravatar.com\\\/avatar\\\/23c59839b4c874bb227d4916d18ba065e405a73d0e423fa9255ba9436604e628?s=96&d=mm&r=g\",\"contentUrl\":\"https:\\\/\\\/secure.gravatar.com\\\/avatar\\\/23c59839b4c874bb227d4916d18ba065e405a73d0e423fa9255ba9436604e628?s=96&d=mm&r=g\",\"caption\":\"Florisvaldo\"},\"url\":\"https:\\\/\\\/portaldenoticias.net\\\/ffsantos\\\/author\\\/ffsantos\\\/\"}]}<\/script>\n<!-- \/ Yoast SEO plugin. -->","yoast_head_json":{"title":"CR\u00d4NICA DE FABIANO MARQUES: MEM\u00d3RIAS DO SERT\u00c3O - Blog do Florisvaldo","robots":{"index":"index","follow":"follow","max-snippet":"max-snippet:-1","max-image-preview":"max-image-preview:large","max-video-preview":"max-video-preview:-1"},"canonical":"https:\/\/portaldenoticias.net\/ffsantos\/cronica-de-fabiano-marques-memorias-do-sertao\/","og_locale":"pt_BR","og_type":"article","og_title":"CR\u00d4NICA DE FABIANO MARQUES: MEM\u00d3RIAS DO SERT\u00c3O - Blog do Florisvaldo","og_description":"O sert\u00e3o atrav\u00e9s do meu olhar. Quando viajo, n\u00e3o procuro apenas belas paisagens. Procuro hist\u00f3rias. Meu olhar percorre a luz, as cores, os contrastes, os detalhes e, principalmente, a vida acontecendo na estrada. Observo o homem do sert\u00e3o, seus gestos, sua rotina, os caminhos de terra, a Caatinga e a for\u00e7a de uma natureza que","og_url":"https:\/\/portaldenoticias.net\/ffsantos\/cronica-de-fabiano-marques-memorias-do-sertao\/","og_site_name":"Blog do Florisvaldo","article_published_time":"2026-09-01T21:00:45+00:00","article_modified_time":"2026-09-02T19:44:25+00:00","og_image":[{"width":583,"height":821,"url":"http:\/\/portaldenoticias.net\/ffsantos\/wp-content\/uploads\/2026\/09\/Agenor-1-Imagem1.jpg","type":"image\/jpeg"}],"author":"Florisvaldo","twitter_card":"summary_large_image","twitter_misc":{"Escrito por":"Florisvaldo","Est. tempo de leitura":"3 minutos"},"schema":{"@context":"https:\/\/schema.org","@graph":[{"@type":"Article","@id":"https:\/\/portaldenoticias.net\/ffsantos\/cronica-de-fabiano-marques-memorias-do-sertao\/#article","isPartOf":{"@id":"https:\/\/portaldenoticias.net\/ffsantos\/cronica-de-fabiano-marques-memorias-do-sertao\/"},"author":{"name":"Florisvaldo","@id":"https:\/\/portaldenoticias.net\/ffsantos\/#\/schema\/person\/709c788ecb22f2378d698c2cd46cecc3"},"headline":"CR\u00d4NICA DE FABIANO MARQUES: MEM\u00d3RIAS DO SERT\u00c3O","datePublished":"2026-09-01T21:00:45+00:00","dateModified":"2026-09-02T19:44:25+00:00","mainEntityOfPage":{"@id":"https:\/\/portaldenoticias.net\/ffsantos\/cronica-de-fabiano-marques-memorias-do-sertao\/"},"wordCount":354,"commentCount":9,"image":{"@id":"https:\/\/portaldenoticias.net\/ffsantos\/cronica-de-fabiano-marques-memorias-do-sertao\/#primaryimage"},"thumbnailUrl":"https:\/\/portaldenoticias.net\/ffsantos\/wp-content\/uploads\/2026\/09\/Agenor-1-Imagem1.jpg","articleSection":["Destaques"],"inLanguage":"pt-BR","potentialAction":[{"@type":"CommentAction","name":"Comment","target":["https:\/\/portaldenoticias.net\/ffsantos\/cronica-de-fabiano-marques-memorias-do-sertao\/#respond"]}]},{"@type":"WebPage","@id":"https:\/\/portaldenoticias.net\/ffsantos\/cronica-de-fabiano-marques-memorias-do-sertao\/","url":"https:\/\/portaldenoticias.net\/ffsantos\/cronica-de-fabiano-marques-memorias-do-sertao\/","name":"CR\u00d4NICA DE FABIANO MARQUES: MEM\u00d3RIAS DO SERT\u00c3O - Blog do Florisvaldo","isPartOf":{"@id":"https:\/\/portaldenoticias.net\/ffsantos\/#website"},"primaryImageOfPage":{"@id":"https:\/\/portaldenoticias.net\/ffsantos\/cronica-de-fabiano-marques-memorias-do-sertao\/#primaryimage"},"image":{"@id":"https:\/\/portaldenoticias.net\/ffsantos\/cronica-de-fabiano-marques-memorias-do-sertao\/#primaryimage"},"thumbnailUrl":"https:\/\/portaldenoticias.net\/ffsantos\/wp-content\/uploads\/2026\/09\/Agenor-1-Imagem1.jpg","datePublished":"2026-09-01T21:00:45+00:00","dateModified":"2026-09-02T19:44:25+00:00","author":{"@id":"https:\/\/portaldenoticias.net\/ffsantos\/#\/schema\/person\/709c788ecb22f2378d698c2cd46cecc3"},"breadcrumb":{"@id":"https:\/\/portaldenoticias.net\/ffsantos\/cronica-de-fabiano-marques-memorias-do-sertao\/#breadcrumb"},"inLanguage":"pt-BR","potentialAction":[{"@type":"ReadAction","target":["https:\/\/portaldenoticias.net\/ffsantos\/cronica-de-fabiano-marques-memorias-do-sertao\/"]}]},{"@type":"ImageObject","inLanguage":"pt-BR","@id":"https:\/\/portaldenoticias.net\/ffsantos\/cronica-de-fabiano-marques-memorias-do-sertao\/#primaryimage","url":"https:\/\/portaldenoticias.net\/ffsantos\/wp-content\/uploads\/2026\/09\/Agenor-1-Imagem1.jpg","contentUrl":"https:\/\/portaldenoticias.net\/ffsantos\/wp-content\/uploads\/2026\/09\/Agenor-1-Imagem1.jpg","width":583,"height":821},{"@type":"BreadcrumbList","@id":"https:\/\/portaldenoticias.net\/ffsantos\/cronica-de-fabiano-marques-memorias-do-sertao\/#breadcrumb","itemListElement":[{"@type":"ListItem","position":1,"name":"In\u00edcio","item":"https:\/\/portaldenoticias.net\/ffsantos\/"},{"@type":"ListItem","position":2,"name":"CR\u00d4NICA DE FABIANO MARQUES: MEM\u00d3RIAS DO SERT\u00c3O"}]},{"@type":"WebSite","@id":"https:\/\/portaldenoticias.net\/ffsantos\/#website","url":"https:\/\/portaldenoticias.net\/ffsantos\/","name":"Blog do Florisvaldo |","description":"Informa\u00e7\u00e3o com imparcialidade","potentialAction":[{"@type":"SearchAction","target":{"@type":"EntryPoint","urlTemplate":"https:\/\/portaldenoticias.net\/ffsantos\/?s={search_term_string}"},"query-input":{"@type":"PropertyValueSpecification","valueRequired":true,"valueName":"search_term_string"}}],"inLanguage":"pt-BR"},{"@type":"Person","@id":"https:\/\/portaldenoticias.net\/ffsantos\/#\/schema\/person\/709c788ecb22f2378d698c2cd46cecc3","name":"Florisvaldo","image":{"@type":"ImageObject","inLanguage":"pt-BR","@id":"https:\/\/secure.gravatar.com\/avatar\/23c59839b4c874bb227d4916d18ba065e405a73d0e423fa9255ba9436604e628?s=96&d=mm&r=g","url":"https:\/\/secure.gravatar.com\/avatar\/23c59839b4c874bb227d4916d18ba065e405a73d0e423fa9255ba9436604e628?s=96&d=mm&r=g","contentUrl":"https:\/\/secure.gravatar.com\/avatar\/23c59839b4c874bb227d4916d18ba065e405a73d0e423fa9255ba9436604e628?s=96&d=mm&r=g","caption":"Florisvaldo"},"url":"https:\/\/portaldenoticias.net\/ffsantos\/author\/ffsantos\/"}]}},"_links":{"self":[{"href":"https:\/\/portaldenoticias.net\/ffsantos\/wp-json\/wp\/v2\/posts\/22803","targetHints":{"allow":["GET"]}}],"collection":[{"href":"https:\/\/portaldenoticias.net\/ffsantos\/wp-json\/wp\/v2\/posts"}],"about":[{"href":"https:\/\/portaldenoticias.net\/ffsantos\/wp-json\/wp\/v2\/types\/post"}],"author":[{"embeddable":true,"href":"https:\/\/portaldenoticias.net\/ffsantos\/wp-json\/wp\/v2\/users\/2"}],"replies":[{"embeddable":true,"href":"https:\/\/portaldenoticias.net\/ffsantos\/wp-json\/wp\/v2\/comments?post=22803"}],"version-history":[{"count":1,"href":"https:\/\/portaldenoticias.net\/ffsantos\/wp-json\/wp\/v2\/posts\/22803\/revisions"}],"predecessor-version":[{"id":22805,"href":"https:\/\/portaldenoticias.net\/ffsantos\/wp-json\/wp\/v2\/posts\/22803\/revisions\/22805"}],"wp:featuredmedia":[{"embeddable":true,"href":"https:\/\/portaldenoticias.net\/ffsantos\/wp-json\/wp\/v2\/media\/22804"}],"wp:attachment":[{"href":"https:\/\/portaldenoticias.net\/ffsantos\/wp-json\/wp\/v2\/media?parent=22803"}],"wp:term":[{"taxonomy":"category","embeddable":true,"href":"https:\/\/portaldenoticias.net\/ffsantos\/wp-json\/wp\/v2\/categories?post=22803"},{"taxonomy":"post_tag","embeddable":true,"href":"https:\/\/portaldenoticias.net\/ffsantos\/wp-json\/wp\/v2\/tags?post=22803"}],"curies":[{"name":"wp","href":"https:\/\/api.w.org\/{rel}","templated":true}]}}