{"id":22799,"date":"2026-08-31T22:36:06","date_gmt":"2026-09-01T01:36:06","guid":{"rendered":"https:\/\/portaldenoticias.net\/ffsantos\/?p=22799"},"modified":"2026-08-31T22:42:55","modified_gmt":"2026-09-01T01:42:55","slug":"messi-quando-ate-os-genios-precisam-saber-a-hora-de-parar","status":"publish","type":"post","link":"https:\/\/portaldenoticias.net\/ffsantos\/messi-quando-ate-os-genios-precisam-saber-a-hora-de-parar\/","title":{"rendered":"MESSI: QUANDO AT\u00c9 OS G\u00caNIOS PRECISAM SABER A HORA DE PARAR"},"content":{"rendered":"<p><a href=\"http:\/\/portaldenoticias.net\/ffsantos\/wp-content\/uploads\/2026\/08\/Meei-3dd6f77f-18eb-4e91-8cdd-6e79965fd0c9.png\"><img loading=\"lazy\" decoding=\"async\" class=\"aligncenter size-full wp-image-22800\" src=\"http:\/\/portaldenoticias.net\/ffsantos\/wp-content\/uploads\/2026\/08\/Meei-3dd6f77f-18eb-4e91-8cdd-6e79965fd0c9.png\" alt=\"\" width=\"1024\" height=\"635\" srcset=\"https:\/\/portaldenoticias.net\/ffsantos\/wp-content\/uploads\/2026\/08\/Meei-3dd6f77f-18eb-4e91-8cdd-6e79965fd0c9.png 1024w, https:\/\/portaldenoticias.net\/ffsantos\/wp-content\/uploads\/2026\/08\/Meei-3dd6f77f-18eb-4e91-8cdd-6e79965fd0c9-300x186.png 300w, https:\/\/portaldenoticias.net\/ffsantos\/wp-content\/uploads\/2026\/08\/Meei-3dd6f77f-18eb-4e91-8cdd-6e79965fd0c9-768x476.png 768w, https:\/\/portaldenoticias.net\/ffsantos\/wp-content\/uploads\/2026\/08\/Meei-3dd6f77f-18eb-4e91-8cdd-6e79965fd0c9-150x93.png 150w, https:\/\/portaldenoticias.net\/ffsantos\/wp-content\/uploads\/2026\/08\/Meei-3dd6f77f-18eb-4e91-8cdd-6e79965fd0c9-450x279.png 450w\" sizes=\"auto, (max-width: 1024px) 100vw, 1024px\" \/><\/a><\/p>\n<p><em><strong>\u00a0 \u00a0 \u00a0 \u00a0 \u00a0 \u00a0 \u00a0 \u00a0 \u00a0 \u00a0 \u00a0 \u00a0 \u00a0 \u00a0 \u00a0 \u00a0 \u00a0 \u00a0 \u00a0 \u00a0 \u00a0 \u00a0 \u00a0 \u00a0 \u00a0 \u00a0 \u00a0 \u00a0 \u00a0 \u00a0 \u00a0 \u00a0 \u00a0 \u00a0 \u00a0 \u00a0 \u00a0 \u00a0 \u00a0 \u00a0 \u00a0 \u00a0 \u00a0 \u00a0 \u00a0 \u00a0 \u00a0 \u00a0 \u00a0 \u00a0 \u00a0 \u00a0 \u00a0 \u00a0 \u00a0 \u00a0 \u00a0 \u00a0 \u00a0 \u00a0 \u00a0 \u00a0 \u00a0 \u00a0 \u00a0 \u00a0 Por: Florisvaldo F dos Santos<\/strong><\/em><\/p>\n<p>Durante mais de vinte anos, Lionel Messi fez com a bola coisas que muitas vezes pareciam desafiar a l\u00f3gica. Driblou advers\u00e1rios, atravessou defesas, quebrou recordes e encontrou espa\u00e7os onde aparentemente eles n\u00e3o existiam.<\/p>\n<p>Mas existe um advers\u00e1rio que nenhum jogador conseguiu driblar para sempre: <strong><em>o tempo<\/em><\/strong>.<\/p>\n<p>Nesta segunda-feira, 31 de agosto de 2026, aos 39 anos, Messi anunciou sua aposentadoria definitiva da sele\u00e7\u00e3o argentina, encerrando uma rela\u00e7\u00e3o de mais de duas d\u00e9cadas com a camisa azul e branca de seu pa\u00eds.<\/p>\n<p>N\u00e3o est\u00e1 deixando o futebol. Pelo menos, ainda n\u00e3o.<\/p>\n<p>Est\u00e1 fechando um ciclo que come\u00e7ou em 2005 e terminou dentro de campo em 19 de julho de 2026, justamente numa final de Copa do Mundo.<\/p>\n<p>N\u00e3o foi a despedida perfeita que talvez os argentinos imaginassem. A Espanha venceu a Argentina por 1 a 0, na prorroga\u00e7\u00e3o, e ficou com o t\u00edtulo.<\/p>\n<p>Messi chorou.<\/p>\n<p>Mas nem todo choro de derrota significa fracasso.<\/p>\n<p><strong><em>O TEMPO MUDOU O JOGADOR, N\u00c3O O TALENTO<\/em><\/strong><\/p>\n<p>A Copa do Mundo de 2026 apresentou um Messi diferente daquele que o mundo conheceu nos grandes anos de Barcelona.<\/p>\n<p>Aos 39 anos, naturalmente j\u00e1 n\u00e3o tinha a mesma explos\u00e3o f\u00edsica do jovem que recebia a bola e partia em dire\u00e7\u00e3o ao gol deixando advers\u00e1rios pelo caminho.<\/p>\n<p>O tempo diminuiu sua velocidade. Em compensa\u00e7\u00e3o, parecia ter ampliado sua capacidade de compreender o jogo.<\/p>\n<p>Messi j\u00e1 n\u00e3o precisava correr mais do que os outros.<\/p>\n<p><strong><em>Precisava pensar antes deles.<\/em><\/strong><\/p>\n<p>E pensou.<\/p>\n<p>Naquela que seria sua sexta e \u00faltima Copa do Mundo, marcou oito gols, conquistou a Chuteira de Prata e ajudou a conduzir novamente a Argentina \u00e0 decis\u00e3o.<\/p>\n<p>Encerrou sua participa\u00e7\u00e3o em Mundiais com 34 partidas e 21 gols. Na final, aos 39 anos e 25 dias, tornou-se o jogador de linha mais velho a disputar uma decis\u00e3o de Copa do Mundo.<\/p>\n<p>Os n\u00fameros impressionam. Mas talvez n\u00e3o expliquem completamente o que representou v\u00ea-lo, aos 39 anos, ainda tentando levar seu pa\u00eds ao topo do futebol mundial.<\/p>\n<p><strong><em>ANTES DA GL\u00d3RIA, HOUVE DERROTAS<\/em><\/strong><\/p>\n<p>Messi chegou \u00e0 Copa de 2026 sem precisar provar mais nada.<\/p>\n<p>Durante boa parte da carreira, entretanto, n\u00e3o foi assim.<\/p>\n<p>Era extraordin\u00e1rio no Barcelona. Ganhava praticamente tudo pelo clube. Mas, na Argentina, as cobran\u00e7as se acumulavam.<\/p>\n<p>E a compara\u00e7\u00e3o com Diego Maradona parecia inevit\u00e1vel.<\/p>\n<p>Messi chegou \u00e0 final da Copa de 2014 e perdeu para a Alemanha. Tamb\u00e9m sofreu derrotas em sucessivas decis\u00f5es da Copa Am\u00e9rica.<\/p>\n<p>At\u00e9 que, em 2016, depois de mais uma final perdida para o Chile, anunciou que n\u00e3o jogaria mais pela sele\u00e7\u00e3o.<\/p>\n<p>Tinha apenas 29 anos e parecia cansado de tentar sem conseguir.<\/p>\n<p>A despedida durou pouco mais de dois meses.<\/p>\n<p>Messi voltou.<\/p>\n<p>E ainda bem que voltou.<\/p>\n<p>Em 2021, finalmente conquistou a Copa Am\u00e9rica \u2014 e n\u00e3o poderia haver cen\u00e1rio mais simb\u00f3lico para um argentino: a decis\u00e3o contra o Brasil, no Maracan\u00e3.<\/p>\n<p>Depois veio a Final\u00edssima de 2022.<\/p>\n<p>E ent\u00e3o, o Catar.<\/p>\n<p>A Argentina conquistou a Copa do Mundo depois de 36 anos, derrotando a Fran\u00e7a em uma das finais mais marcantes da hist\u00f3ria da competi\u00e7\u00e3o.<\/p>\n<p>Messi finalmente levantou a ta\u00e7a que faltava.<\/p>\n<p>Em 2024, conquistou novamente a Copa Am\u00e9rica.<\/p>\n<p>Poderia ter parado ali.<\/p>\n<p>Preferiu tentar mais uma vez.<\/p>\n<p><strong><em>A \u00daLTIMA COPA<\/em><\/strong><\/p>\n<p>Talvez por isso a Copa de 2026 tenha adquirido um significado diferente.<\/p>\n<p>Messi n\u00e3o estava mais tentando responder aos cr\u00edticos. N\u00e3o precisava provar que poderia ser campe\u00e3o mundial. J\u00e1 era.<\/p>\n<p>Jogava porque ainda acreditava que poderia ajudar.<\/p>\n<p>E ajudou.<\/p>\n<p>Com menor capacidade f\u00edsica, continuava enxergando espa\u00e7os, antecipando jogadas e sendo decisivo. Marcou oito gols no torneio e foi pe\u00e7a fundamental na campanha que levou a Argentina novamente \u00e0 final.<\/p>\n<p>O futebol, por\u00e9m, nem sempre respeita o roteiro que gostar\u00edamos de escrever.<\/p>\n<p>A Espanha venceu por 1 a 0, na prorroga\u00e7\u00e3o, e impediu o bicampeonato argentino.<\/p>\n<p>Messi n\u00e3o levantaria outra Copa.<\/p>\n<p>Talvez nem precisasse.<\/p>\n<p><strong><em>DEZ ANOS ENTRE DUAS DESPEDIDAS<\/em><\/strong><\/p>\n<p>O futebol, \u00e0s vezes, produz coincid\u00eancias que parecem escritas para uma cr\u00f4nica.<\/p>\n<p>Em 2016, nos Estados Unidos, Messi anunciou pela primeira vez que deixaria a sele\u00e7\u00e3o depois de perder a final da Copa Am\u00e9rica Centen\u00e1rio para o Chile.<\/p>\n<p>Dez anos depois, novamente nos Estados Unidos e no mesmo est\u00e1dio de Nova York\/Nova Jersey, disputou sua \u00faltima partida pela Argentina.<\/p>\n<p>Outra final.<\/p>\n<p>Outra derrota.<\/p>\n<p>Mas havia uma enorme diferen\u00e7a entre aqueles dois momentos.<\/p>\n<p><strong><em>Em 2016, Messi estava indo embora porque acreditava que n\u00e3o conseguira. Em 2026, vai embora sabendo que conseguiu.<\/em><\/strong><\/p>\n<p>Entre uma despedida e outra, conquistou duas Copas Am\u00e9rica, uma Final\u00edssima e, principalmente, a Copa do Mundo.<\/p>\n<p>Talvez por isso as l\u00e1grimas de 2026 tenham significado algo diferente.<\/p>\n<p>N\u00e3o eram apenas as l\u00e1grimas de quem acabara de perder uma final. Eram tamb\u00e9m as de algu\u00e9m que possivelmente sabia estar encerrando uma das hist\u00f3rias mais importantes de sua vida.<\/p>\n<p><strong><em>SABER A HORA DE PARAR<\/em><\/strong><\/p>\n<p>Messi encerra sua trajet\u00f3ria pela sele\u00e7\u00e3o argentina depois de 207 partidas e 125 gols. Foi campe\u00e3o mundial em 2022, campe\u00e3o da Copa Am\u00e9rica em 2021 e 2024 e vencedor da Final\u00edssima de 2022.<\/p>\n<p>Os n\u00fameros ajudar\u00e3o a contar sua hist\u00f3ria.<\/p>\n<p>Mas jamais contar\u00e3o tudo.<\/p>\n<p>N\u00e3o registrar\u00e3o completamente as cobran\u00e7as, as compara\u00e7\u00f5es com Maradona, as derrotas, a primeira despedida, o retorno, as l\u00e1grimas, o Maracan\u00e3, o Catar e, finalmente, aquela noite de julho de 2026.<\/p>\n<p>Durante muitos anos, discutiu-se se Messi precisava ser colocado ao lado de Maradona.<\/p>\n<p>Talvez j\u00e1 n\u00e3o seja necess\u00e1rio.<\/p>\n<p>Maradona construiu sua hist\u00f3ria.<\/p>\n<p>Messi construiu a dele.<\/p>\n<p>E h\u00e1 uma \u00faltima li\u00e7\u00e3o nessa trajet\u00f3ria que ultrapassa as quatro linhas de um campo de futebol.<\/p>\n<p>Grandes campe\u00f5es precisam saber vencer. Precisam tamb\u00e9m aprender a perder. Mas existe um momento em que precisam tomar uma decis\u00e3o talvez ainda mais dif\u00edcil: reconhecer que chegou a hora de parar.<\/p>\n<p>O pr\u00f3prio Messi, ao anunciar sua decis\u00e3o, deixou claro que sentia ter entregado tudo o que podia \u00e0 sele\u00e7\u00e3o e que uma nova gera\u00e7\u00e3o merecia ocupar aquele espa\u00e7o.<\/p>\n<p>Aos 39 anos, fez sua escolha.<\/p>\n<p>A camisa 10 da Argentina ser\u00e1 vestida novamente. Outros jogadores chegar\u00e3o, outros gols ser\u00e3o marcados e outras Copas ser\u00e3o disputadas.<\/p>\n<p>\u00c9 assim que o futebol continua.<\/p>\n<p>Lionel Messi deixa a sele\u00e7\u00e3o n\u00e3o como algu\u00e9m que venceu sempre, mas como algu\u00e9m que perdeu, caiu, voltou, insistiu e finalmente venceu.<\/p>\n<p>Talvez esteja justamente a\u00ed uma das partes mais humanas de sua genialidade.<\/p>\n<p>Porque at\u00e9 os g\u00eanios envelhecem.<\/p>\n<p>At\u00e9 os g\u00eanios perdem.<\/p>\n<p><strong><em>E, um dia, at\u00e9 os g\u00eanios precisam saber a hora de parar.<\/em><\/strong><\/p>\n<p><em><strong>Colabora\u00e7\u00e3o:<\/strong><\/em> Cristiano Souza<\/p>\n<p>&nbsp;<\/p>\n<p style=\"text-align: center\"><em><strong>Blog do Florisvaldo &#8211; Informa\u00e7\u00e3o Com Imparcialidade<\/strong><\/em><\/p>\n<p>&nbsp;<\/p>\n<p>&nbsp;<\/p>\n","protected":false},"excerpt":{"rendered":"<p>\u00a0 \u00a0 \u00a0 \u00a0 \u00a0 \u00a0 \u00a0 \u00a0 \u00a0 \u00a0 \u00a0 \u00a0 \u00a0 \u00a0 \u00a0 \u00a0 \u00a0 \u00a0 \u00a0 \u00a0 \u00a0 \u00a0 \u00a0 \u00a0 \u00a0 \u00a0 \u00a0 \u00a0 \u00a0 \u00a0 \u00a0 \u00a0 \u00a0 \u00a0 \u00a0 \u00a0 \u00a0 \u00a0 \u00a0 \u00a0 \u00a0 \u00a0 \u00a0 \u00a0 \u00a0 \u00a0 \u00a0 \u00a0 \u00a0 \u00a0 \u00a0 \u00a0 \u00a0 \u00a0 \u00a0<\/p>\n","protected":false},"author":2,"featured_media":22800,"comment_status":"open","ping_status":"open","sticky":false,"template":"","format":"standard","meta":{"footnotes":""},"categories":[1],"tags":[],"class_list":["post-22799","post","type-post","status-publish","format-standard","has-post-thumbnail","category-destaques"],"yoast_head":"<!-- This site is optimized with the Yoast SEO plugin v27.7 - https:\/\/yoast.com\/product\/yoast-seo-wordpress\/ -->\n<title>MESSI: QUANDO AT\u00c9 OS G\u00caNIOS PRECISAM SABER A HORA DE PARAR - Blog do Florisvaldo<\/title>\n<meta name=\"robots\" content=\"index, follow, max-snippet:-1, max-image-preview:large, max-video-preview:-1\" \/>\n<link rel=\"canonical\" href=\"https:\/\/portaldenoticias.net\/ffsantos\/messi-quando-ate-os-genios-precisam-saber-a-hora-de-parar\/\" \/>\n<meta property=\"og:locale\" content=\"pt_BR\" \/>\n<meta property=\"og:type\" content=\"article\" \/>\n<meta property=\"og:title\" content=\"MESSI: QUANDO AT\u00c9 OS G\u00caNIOS PRECISAM SABER A HORA DE PARAR - Blog do Florisvaldo\" \/>\n<meta property=\"og:description\" content=\"\u00a0 \u00a0 \u00a0 \u00a0 \u00a0 \u00a0 \u00a0 \u00a0 \u00a0 \u00a0 \u00a0 \u00a0 \u00a0 \u00a0 \u00a0 \u00a0 \u00a0 \u00a0 \u00a0 \u00a0 \u00a0 \u00a0 \u00a0 \u00a0 \u00a0 \u00a0 \u00a0 \u00a0 \u00a0 \u00a0 \u00a0 \u00a0 \u00a0 \u00a0 \u00a0 \u00a0 \u00a0 \u00a0 \u00a0 \u00a0 \u00a0 \u00a0 \u00a0 \u00a0 \u00a0 \u00a0 \u00a0 \u00a0 \u00a0 \u00a0 \u00a0 \u00a0 \u00a0 \u00a0 \u00a0\" \/>\n<meta property=\"og:url\" content=\"https:\/\/portaldenoticias.net\/ffsantos\/messi-quando-ate-os-genios-precisam-saber-a-hora-de-parar\/\" \/>\n<meta property=\"og:site_name\" content=\"Blog do Florisvaldo\" \/>\n<meta property=\"article:published_time\" content=\"2026-09-01T01:36:06+00:00\" \/>\n<meta property=\"article:modified_time\" content=\"2026-09-01T01:42:55+00:00\" \/>\n<meta property=\"og:image\" content=\"http:\/\/portaldenoticias.net\/ffsantos\/wp-content\/uploads\/2026\/08\/Meei-3dd6f77f-18eb-4e91-8cdd-6e79965fd0c9.png\" \/>\n\t<meta property=\"og:image:width\" content=\"1024\" \/>\n\t<meta property=\"og:image:height\" content=\"635\" \/>\n\t<meta property=\"og:image:type\" content=\"image\/png\" \/>\n<meta name=\"author\" content=\"Florisvaldo\" \/>\n<meta name=\"twitter:card\" content=\"summary_large_image\" \/>\n<meta name=\"twitter:label1\" content=\"Escrito por\" \/>\n\t<meta name=\"twitter:data1\" content=\"Florisvaldo\" \/>\n\t<meta name=\"twitter:label2\" content=\"Est. tempo de leitura\" \/>\n\t<meta name=\"twitter:data2\" content=\"7 minutos\" \/>\n<script type=\"application\/ld+json\" class=\"yoast-schema-graph\">{\"@context\":\"https:\\\/\\\/schema.org\",\"@graph\":[{\"@type\":\"Article\",\"@id\":\"https:\\\/\\\/portaldenoticias.net\\\/ffsantos\\\/messi-quando-ate-os-genios-precisam-saber-a-hora-de-parar\\\/#article\",\"isPartOf\":{\"@id\":\"https:\\\/\\\/portaldenoticias.net\\\/ffsantos\\\/messi-quando-ate-os-genios-precisam-saber-a-hora-de-parar\\\/\"},\"author\":{\"name\":\"Florisvaldo\",\"@id\":\"https:\\\/\\\/portaldenoticias.net\\\/ffsantos\\\/#\\\/schema\\\/person\\\/709c788ecb22f2378d698c2cd46cecc3\"},\"headline\":\"MESSI: QUANDO AT\u00c9 OS G\u00caNIOS PRECISAM SABER A HORA DE PARAR\",\"datePublished\":\"2026-09-01T01:36:06+00:00\",\"dateModified\":\"2026-09-01T01:42:55+00:00\",\"mainEntityOfPage\":{\"@id\":\"https:\\\/\\\/portaldenoticias.net\\\/ffsantos\\\/messi-quando-ate-os-genios-precisam-saber-a-hora-de-parar\\\/\"},\"wordCount\":1157,\"commentCount\":1,\"image\":{\"@id\":\"https:\\\/\\\/portaldenoticias.net\\\/ffsantos\\\/messi-quando-ate-os-genios-precisam-saber-a-hora-de-parar\\\/#primaryimage\"},\"thumbnailUrl\":\"https:\\\/\\\/portaldenoticias.net\\\/ffsantos\\\/wp-content\\\/uploads\\\/2026\\\/08\\\/Meei-3dd6f77f-18eb-4e91-8cdd-6e79965fd0c9.png\",\"articleSection\":[\"Destaques\"],\"inLanguage\":\"pt-BR\",\"potentialAction\":[{\"@type\":\"CommentAction\",\"name\":\"Comment\",\"target\":[\"https:\\\/\\\/portaldenoticias.net\\\/ffsantos\\\/messi-quando-ate-os-genios-precisam-saber-a-hora-de-parar\\\/#respond\"]}]},{\"@type\":\"WebPage\",\"@id\":\"https:\\\/\\\/portaldenoticias.net\\\/ffsantos\\\/messi-quando-ate-os-genios-precisam-saber-a-hora-de-parar\\\/\",\"url\":\"https:\\\/\\\/portaldenoticias.net\\\/ffsantos\\\/messi-quando-ate-os-genios-precisam-saber-a-hora-de-parar\\\/\",\"name\":\"MESSI: QUANDO AT\u00c9 OS G\u00caNIOS PRECISAM SABER A HORA DE PARAR - Blog do Florisvaldo\",\"isPartOf\":{\"@id\":\"https:\\\/\\\/portaldenoticias.net\\\/ffsantos\\\/#website\"},\"primaryImageOfPage\":{\"@id\":\"https:\\\/\\\/portaldenoticias.net\\\/ffsantos\\\/messi-quando-ate-os-genios-precisam-saber-a-hora-de-parar\\\/#primaryimage\"},\"image\":{\"@id\":\"https:\\\/\\\/portaldenoticias.net\\\/ffsantos\\\/messi-quando-ate-os-genios-precisam-saber-a-hora-de-parar\\\/#primaryimage\"},\"thumbnailUrl\":\"https:\\\/\\\/portaldenoticias.net\\\/ffsantos\\\/wp-content\\\/uploads\\\/2026\\\/08\\\/Meei-3dd6f77f-18eb-4e91-8cdd-6e79965fd0c9.png\",\"datePublished\":\"2026-09-01T01:36:06+00:00\",\"dateModified\":\"2026-09-01T01:42:55+00:00\",\"author\":{\"@id\":\"https:\\\/\\\/portaldenoticias.net\\\/ffsantos\\\/#\\\/schema\\\/person\\\/709c788ecb22f2378d698c2cd46cecc3\"},\"breadcrumb\":{\"@id\":\"https:\\\/\\\/portaldenoticias.net\\\/ffsantos\\\/messi-quando-ate-os-genios-precisam-saber-a-hora-de-parar\\\/#breadcrumb\"},\"inLanguage\":\"pt-BR\",\"potentialAction\":[{\"@type\":\"ReadAction\",\"target\":[\"https:\\\/\\\/portaldenoticias.net\\\/ffsantos\\\/messi-quando-ate-os-genios-precisam-saber-a-hora-de-parar\\\/\"]}]},{\"@type\":\"ImageObject\",\"inLanguage\":\"pt-BR\",\"@id\":\"https:\\\/\\\/portaldenoticias.net\\\/ffsantos\\\/messi-quando-ate-os-genios-precisam-saber-a-hora-de-parar\\\/#primaryimage\",\"url\":\"https:\\\/\\\/portaldenoticias.net\\\/ffsantos\\\/wp-content\\\/uploads\\\/2026\\\/08\\\/Meei-3dd6f77f-18eb-4e91-8cdd-6e79965fd0c9.png\",\"contentUrl\":\"https:\\\/\\\/portaldenoticias.net\\\/ffsantos\\\/wp-content\\\/uploads\\\/2026\\\/08\\\/Meei-3dd6f77f-18eb-4e91-8cdd-6e79965fd0c9.png\",\"width\":1024,\"height\":635},{\"@type\":\"BreadcrumbList\",\"@id\":\"https:\\\/\\\/portaldenoticias.net\\\/ffsantos\\\/messi-quando-ate-os-genios-precisam-saber-a-hora-de-parar\\\/#breadcrumb\",\"itemListElement\":[{\"@type\":\"ListItem\",\"position\":1,\"name\":\"In\u00edcio\",\"item\":\"https:\\\/\\\/portaldenoticias.net\\\/ffsantos\\\/\"},{\"@type\":\"ListItem\",\"position\":2,\"name\":\"MESSI: QUANDO AT\u00c9 OS G\u00caNIOS PRECISAM SABER A HORA DE PARAR\"}]},{\"@type\":\"WebSite\",\"@id\":\"https:\\\/\\\/portaldenoticias.net\\\/ffsantos\\\/#website\",\"url\":\"https:\\\/\\\/portaldenoticias.net\\\/ffsantos\\\/\",\"name\":\"Blog do Florisvaldo |\",\"description\":\"Informa\u00e7\u00e3o com imparcialidade\",\"potentialAction\":[{\"@type\":\"SearchAction\",\"target\":{\"@type\":\"EntryPoint\",\"urlTemplate\":\"https:\\\/\\\/portaldenoticias.net\\\/ffsantos\\\/?s={search_term_string}\"},\"query-input\":{\"@type\":\"PropertyValueSpecification\",\"valueRequired\":true,\"valueName\":\"search_term_string\"}}],\"inLanguage\":\"pt-BR\"},{\"@type\":\"Person\",\"@id\":\"https:\\\/\\\/portaldenoticias.net\\\/ffsantos\\\/#\\\/schema\\\/person\\\/709c788ecb22f2378d698c2cd46cecc3\",\"name\":\"Florisvaldo\",\"image\":{\"@type\":\"ImageObject\",\"inLanguage\":\"pt-BR\",\"@id\":\"https:\\\/\\\/secure.gravatar.com\\\/avatar\\\/23c59839b4c874bb227d4916d18ba065e405a73d0e423fa9255ba9436604e628?s=96&d=mm&r=g\",\"url\":\"https:\\\/\\\/secure.gravatar.com\\\/avatar\\\/23c59839b4c874bb227d4916d18ba065e405a73d0e423fa9255ba9436604e628?s=96&d=mm&r=g\",\"contentUrl\":\"https:\\\/\\\/secure.gravatar.com\\\/avatar\\\/23c59839b4c874bb227d4916d18ba065e405a73d0e423fa9255ba9436604e628?s=96&d=mm&r=g\",\"caption\":\"Florisvaldo\"},\"url\":\"https:\\\/\\\/portaldenoticias.net\\\/ffsantos\\\/author\\\/ffsantos\\\/\"}]}<\/script>\n<!-- \/ Yoast SEO plugin. -->","yoast_head_json":{"title":"MESSI: QUANDO AT\u00c9 OS G\u00caNIOS PRECISAM SABER A HORA DE PARAR - Blog do Florisvaldo","robots":{"index":"index","follow":"follow","max-snippet":"max-snippet:-1","max-image-preview":"max-image-preview:large","max-video-preview":"max-video-preview:-1"},"canonical":"https:\/\/portaldenoticias.net\/ffsantos\/messi-quando-ate-os-genios-precisam-saber-a-hora-de-parar\/","og_locale":"pt_BR","og_type":"article","og_title":"MESSI: QUANDO AT\u00c9 OS G\u00caNIOS PRECISAM SABER A HORA DE PARAR - Blog do Florisvaldo","og_description":"\u00a0 \u00a0 \u00a0 \u00a0 \u00a0 \u00a0 \u00a0 \u00a0 \u00a0 \u00a0 \u00a0 \u00a0 \u00a0 \u00a0 \u00a0 \u00a0 \u00a0 \u00a0 \u00a0 \u00a0 \u00a0 \u00a0 \u00a0 \u00a0 \u00a0 \u00a0 \u00a0 \u00a0 \u00a0 \u00a0 \u00a0 \u00a0 \u00a0 \u00a0 \u00a0 \u00a0 \u00a0 \u00a0 \u00a0 \u00a0 \u00a0 \u00a0 \u00a0 \u00a0 \u00a0 \u00a0 \u00a0 \u00a0 \u00a0 \u00a0 \u00a0 \u00a0 \u00a0 \u00a0 \u00a0","og_url":"https:\/\/portaldenoticias.net\/ffsantos\/messi-quando-ate-os-genios-precisam-saber-a-hora-de-parar\/","og_site_name":"Blog do Florisvaldo","article_published_time":"2026-09-01T01:36:06+00:00","article_modified_time":"2026-09-01T01:42:55+00:00","og_image":[{"width":1024,"height":635,"url":"http:\/\/portaldenoticias.net\/ffsantos\/wp-content\/uploads\/2026\/08\/Meei-3dd6f77f-18eb-4e91-8cdd-6e79965fd0c9.png","type":"image\/png"}],"author":"Florisvaldo","twitter_card":"summary_large_image","twitter_misc":{"Escrito por":"Florisvaldo","Est. tempo de leitura":"7 minutos"},"schema":{"@context":"https:\/\/schema.org","@graph":[{"@type":"Article","@id":"https:\/\/portaldenoticias.net\/ffsantos\/messi-quando-ate-os-genios-precisam-saber-a-hora-de-parar\/#article","isPartOf":{"@id":"https:\/\/portaldenoticias.net\/ffsantos\/messi-quando-ate-os-genios-precisam-saber-a-hora-de-parar\/"},"author":{"name":"Florisvaldo","@id":"https:\/\/portaldenoticias.net\/ffsantos\/#\/schema\/person\/709c788ecb22f2378d698c2cd46cecc3"},"headline":"MESSI: QUANDO AT\u00c9 OS G\u00caNIOS PRECISAM SABER A HORA DE PARAR","datePublished":"2026-09-01T01:36:06+00:00","dateModified":"2026-09-01T01:42:55+00:00","mainEntityOfPage":{"@id":"https:\/\/portaldenoticias.net\/ffsantos\/messi-quando-ate-os-genios-precisam-saber-a-hora-de-parar\/"},"wordCount":1157,"commentCount":1,"image":{"@id":"https:\/\/portaldenoticias.net\/ffsantos\/messi-quando-ate-os-genios-precisam-saber-a-hora-de-parar\/#primaryimage"},"thumbnailUrl":"https:\/\/portaldenoticias.net\/ffsantos\/wp-content\/uploads\/2026\/08\/Meei-3dd6f77f-18eb-4e91-8cdd-6e79965fd0c9.png","articleSection":["Destaques"],"inLanguage":"pt-BR","potentialAction":[{"@type":"CommentAction","name":"Comment","target":["https:\/\/portaldenoticias.net\/ffsantos\/messi-quando-ate-os-genios-precisam-saber-a-hora-de-parar\/#respond"]}]},{"@type":"WebPage","@id":"https:\/\/portaldenoticias.net\/ffsantos\/messi-quando-ate-os-genios-precisam-saber-a-hora-de-parar\/","url":"https:\/\/portaldenoticias.net\/ffsantos\/messi-quando-ate-os-genios-precisam-saber-a-hora-de-parar\/","name":"MESSI: QUANDO AT\u00c9 OS G\u00caNIOS PRECISAM SABER A HORA DE PARAR - Blog do Florisvaldo","isPartOf":{"@id":"https:\/\/portaldenoticias.net\/ffsantos\/#website"},"primaryImageOfPage":{"@id":"https:\/\/portaldenoticias.net\/ffsantos\/messi-quando-ate-os-genios-precisam-saber-a-hora-de-parar\/#primaryimage"},"image":{"@id":"https:\/\/portaldenoticias.net\/ffsantos\/messi-quando-ate-os-genios-precisam-saber-a-hora-de-parar\/#primaryimage"},"thumbnailUrl":"https:\/\/portaldenoticias.net\/ffsantos\/wp-content\/uploads\/2026\/08\/Meei-3dd6f77f-18eb-4e91-8cdd-6e79965fd0c9.png","datePublished":"2026-09-01T01:36:06+00:00","dateModified":"2026-09-01T01:42:55+00:00","author":{"@id":"https:\/\/portaldenoticias.net\/ffsantos\/#\/schema\/person\/709c788ecb22f2378d698c2cd46cecc3"},"breadcrumb":{"@id":"https:\/\/portaldenoticias.net\/ffsantos\/messi-quando-ate-os-genios-precisam-saber-a-hora-de-parar\/#breadcrumb"},"inLanguage":"pt-BR","potentialAction":[{"@type":"ReadAction","target":["https:\/\/portaldenoticias.net\/ffsantos\/messi-quando-ate-os-genios-precisam-saber-a-hora-de-parar\/"]}]},{"@type":"ImageObject","inLanguage":"pt-BR","@id":"https:\/\/portaldenoticias.net\/ffsantos\/messi-quando-ate-os-genios-precisam-saber-a-hora-de-parar\/#primaryimage","url":"https:\/\/portaldenoticias.net\/ffsantos\/wp-content\/uploads\/2026\/08\/Meei-3dd6f77f-18eb-4e91-8cdd-6e79965fd0c9.png","contentUrl":"https:\/\/portaldenoticias.net\/ffsantos\/wp-content\/uploads\/2026\/08\/Meei-3dd6f77f-18eb-4e91-8cdd-6e79965fd0c9.png","width":1024,"height":635},{"@type":"BreadcrumbList","@id":"https:\/\/portaldenoticias.net\/ffsantos\/messi-quando-ate-os-genios-precisam-saber-a-hora-de-parar\/#breadcrumb","itemListElement":[{"@type":"ListItem","position":1,"name":"In\u00edcio","item":"https:\/\/portaldenoticias.net\/ffsantos\/"},{"@type":"ListItem","position":2,"name":"MESSI: QUANDO AT\u00c9 OS G\u00caNIOS PRECISAM SABER A HORA DE PARAR"}]},{"@type":"WebSite","@id":"https:\/\/portaldenoticias.net\/ffsantos\/#website","url":"https:\/\/portaldenoticias.net\/ffsantos\/","name":"Blog do Florisvaldo |","description":"Informa\u00e7\u00e3o com imparcialidade","potentialAction":[{"@type":"SearchAction","target":{"@type":"EntryPoint","urlTemplate":"https:\/\/portaldenoticias.net\/ffsantos\/?s={search_term_string}"},"query-input":{"@type":"PropertyValueSpecification","valueRequired":true,"valueName":"search_term_string"}}],"inLanguage":"pt-BR"},{"@type":"Person","@id":"https:\/\/portaldenoticias.net\/ffsantos\/#\/schema\/person\/709c788ecb22f2378d698c2cd46cecc3","name":"Florisvaldo","image":{"@type":"ImageObject","inLanguage":"pt-BR","@id":"https:\/\/secure.gravatar.com\/avatar\/23c59839b4c874bb227d4916d18ba065e405a73d0e423fa9255ba9436604e628?s=96&d=mm&r=g","url":"https:\/\/secure.gravatar.com\/avatar\/23c59839b4c874bb227d4916d18ba065e405a73d0e423fa9255ba9436604e628?s=96&d=mm&r=g","contentUrl":"https:\/\/secure.gravatar.com\/avatar\/23c59839b4c874bb227d4916d18ba065e405a73d0e423fa9255ba9436604e628?s=96&d=mm&r=g","caption":"Florisvaldo"},"url":"https:\/\/portaldenoticias.net\/ffsantos\/author\/ffsantos\/"}]}},"_links":{"self":[{"href":"https:\/\/portaldenoticias.net\/ffsantos\/wp-json\/wp\/v2\/posts\/22799","targetHints":{"allow":["GET"]}}],"collection":[{"href":"https:\/\/portaldenoticias.net\/ffsantos\/wp-json\/wp\/v2\/posts"}],"about":[{"href":"https:\/\/portaldenoticias.net\/ffsantos\/wp-json\/wp\/v2\/types\/post"}],"author":[{"embeddable":true,"href":"https:\/\/portaldenoticias.net\/ffsantos\/wp-json\/wp\/v2\/users\/2"}],"replies":[{"embeddable":true,"href":"https:\/\/portaldenoticias.net\/ffsantos\/wp-json\/wp\/v2\/comments?post=22799"}],"version-history":[{"count":2,"href":"https:\/\/portaldenoticias.net\/ffsantos\/wp-json\/wp\/v2\/posts\/22799\/revisions"}],"predecessor-version":[{"id":22802,"href":"https:\/\/portaldenoticias.net\/ffsantos\/wp-json\/wp\/v2\/posts\/22799\/revisions\/22802"}],"wp:featuredmedia":[{"embeddable":true,"href":"https:\/\/portaldenoticias.net\/ffsantos\/wp-json\/wp\/v2\/media\/22800"}],"wp:attachment":[{"href":"https:\/\/portaldenoticias.net\/ffsantos\/wp-json\/wp\/v2\/media?parent=22799"}],"wp:term":[{"taxonomy":"category","embeddable":true,"href":"https:\/\/portaldenoticias.net\/ffsantos\/wp-json\/wp\/v2\/categories?post=22799"},{"taxonomy":"post_tag","embeddable":true,"href":"https:\/\/portaldenoticias.net\/ffsantos\/wp-json\/wp\/v2\/tags?post=22799"}],"curies":[{"name":"wp","href":"https:\/\/api.w.org\/{rel}","templated":true}]}}