{"id":22355,"date":"2026-05-01T07:00:36","date_gmt":"2026-05-01T10:00:36","guid":{"rendered":"https:\/\/portaldenoticias.net\/ffsantos\/?p=22355"},"modified":"2026-05-01T15:53:17","modified_gmt":"2026-05-01T18:53:17","slug":"editorial-ano-xiv-numero-493-ilhas-de-eficiencia-em-um-mar-de-dificuldades","status":"publish","type":"post","link":"https:\/\/portaldenoticias.net\/ffsantos\/editorial-ano-xiv-numero-493-ilhas-de-eficiencia-em-um-mar-de-dificuldades\/","title":{"rendered":"EDITORIAL ANO XIV N\u00daMERO 493 \u2013 ILHAS DE EFICI\u00caNCIA EM UM MAR DE DIFICULDADES"},"content":{"rendered":"<p style=\"text-align: center\"><a href=\"http:\/\/portaldenoticias.net\/ffsantos\/wp-content\/uploads\/2026\/05\/Agen-Traba-Imagem4.jpg\"><img loading=\"lazy\" decoding=\"async\" class=\"aligncenter size-large wp-image-22356\" src=\"http:\/\/portaldenoticias.net\/ffsantos\/wp-content\/uploads\/2026\/05\/Agen-Traba-Imagem4-1024x630.jpg\" alt=\"\" width=\"749\" height=\"461\" srcset=\"https:\/\/portaldenoticias.net\/ffsantos\/wp-content\/uploads\/2026\/05\/Agen-Traba-Imagem4-1024x630.jpg 1024w, https:\/\/portaldenoticias.net\/ffsantos\/wp-content\/uploads\/2026\/05\/Agen-Traba-Imagem4-300x185.jpg 300w, https:\/\/portaldenoticias.net\/ffsantos\/wp-content\/uploads\/2026\/05\/Agen-Traba-Imagem4-768x473.jpg 768w, https:\/\/portaldenoticias.net\/ffsantos\/wp-content\/uploads\/2026\/05\/Agen-Traba-Imagem4-150x92.jpg 150w, https:\/\/portaldenoticias.net\/ffsantos\/wp-content\/uploads\/2026\/05\/Agen-Traba-Imagem4-450x277.jpg 450w, https:\/\/portaldenoticias.net\/ffsantos\/wp-content\/uploads\/2026\/05\/Agen-Traba-Imagem4-1200x738.jpg 1200w, https:\/\/portaldenoticias.net\/ffsantos\/wp-content\/uploads\/2026\/05\/Agen-Traba-Imagem4.jpg 1336w\" sizes=\"auto, (max-width: 749px) 100vw, 749px\" \/><\/a><\/p>\n<p style=\"text-align: center\"><strong><em>Nota do editor: A pedido do autor, e em justa homenagem ao Dia do Trabalhador, o editorial que tradicionalmente \u00e9 publicado aos domingos est\u00e1 sendo excepcionalmente antecipado para esta sexta-feira.<\/em><\/strong><\/p>\n<p>O Brasil convive com um paradoxo persistente: demonstra capacidade de efici\u00eancia em \u00e1reas espec\u00edficas, mas permanece travado por dificuldades estruturais que limitam seu desenvolvimento. N\u00e3o se trata de incapacidade, mas da dificuldade cr\u00f4nica de dar continuidade, coordenar a\u00e7\u00f5es e transformar boas pr\u00e1ticas em regra, al\u00e9m de enfrentar, com efetividade, distor\u00e7\u00f5es hist\u00f3ricas na gest\u00e3o p\u00fablica. H\u00e1 uma necessidade imperiosa de expurgar a corrup\u00e7\u00e3o dos usos e costumes. Parece que esse tumor maligno j\u00e1 se alastrou por toda a na\u00e7\u00e3o, numa esp\u00e9cie de met\u00e1stase, onde mais NADA se tem a fazer, infelizmente.<\/p>\n<p>A realidade \u00e9 que nem tudo parece fracassar. Existem Munic\u00edpios e Estados que conseguem equilibrar as suas contas sem sacrificar servi\u00e7os essenciais, oferecem melhor atendimento ao cidad\u00e3o e possuem escolas p\u00fablicas que, mesmo em contextos adversos, atingem n\u00edveis elevados de desempenho.<\/p>\n<p>O cidad\u00e3o consciente e s\u00e9rio logo ir\u00e1 questionar: se isso \u00e9 realmente verdadeiro e poss\u00edvel, por que n\u00e3o acontece com toda a administra\u00e7\u00e3o p\u00fablica? \u00c0 primeira vista, a resposta que se vislumbra encontra amparo na assertiva de que se trata de um problema cultural de dif\u00edcil revers\u00e3o.<\/p>\n<p>Enquanto assistia uma reportagem na TV que mostrava a grandeza do sistema de transporte p\u00fablico e a monumental infraestrutura existente nessa \u00e1rea no Jap\u00e3o e na China, analisei que o problema est\u00e1 n\u00e3o apenas na cultura de respeito ao bem p\u00fablico, mas na consist\u00eancia institucional, na previsibilidade das regras e na baixa toler\u00e2ncia a desvios. Sobre isso o povo que \u00e9 o financiador maior, aqui, passa por poucas e boas, num verdadeiro desrespeito com o cidad\u00e3o nas suas necessidades b\u00e1sicas.<\/p>\n<p>Parte relevante do encarecimento das obras p\u00fablicas n\u00e3o decorre apenas de fatores t\u00e9cnicos, mas de fragilidades nos processos de contrata\u00e7\u00e3o, fiscaliza\u00e7\u00e3o insuficiente e uso recorrente de mecanismos como aditivos contratuais, que ampliam custos e abrem espa\u00e7o e distor\u00e7\u00f5es. Digo distor\u00e7\u00f5es, para n\u00e3o dizer aberra\u00e7\u00f5es da pior esp\u00e9cie, aplicadas contra tudo e contra todos. E, diga-se de passagem, quem mais sofre na pele \u00e9 o menos favorecido.<\/p>\n<p>Observa-se que por l\u00e1 os cuidados com a limpeza nas vias p\u00fablicas est\u00e3o incorporados aos h\u00e1bitos e costumes da popula\u00e7\u00e3o, sem que dependa exclusivamente da a\u00e7\u00e3o do Poder P\u00fablico. \u00c9 o resultado do excelente princ\u00edpio educacional institucionalizado. Enquanto isso, distantes milhares de quil\u00f4metros, mas, no mesmo planeta, a desorganiza\u00e7\u00e3o toma conta, com as pessoas utilizando transportes prec\u00e1rios e de m\u00e1 qualidade.<\/p>\n<p>A verdade \u00e9 que a exist\u00eancia dessas importantes ilhas de efici\u00eancia, deveria se constituir por aqui em modelo e n\u00e3o exce\u00e7\u00e3o. Falta no pa\u00eds um ambiente institucional que premie e valorize a compet\u00eancia, e por outro lado penalize a in\u00e9rcia que contribui negativamente para que as boas pr\u00e1ticas n\u00e3o se disseminem. Chega de nivelar por baixo, desestimulando a inova\u00e7\u00e3o e protegendo a mediocridade.<\/p>\n<p>Boas iniciativas frequentemente n\u00e3o se consolidam porque n\u00e3o se alinham aos interesses pol\u00edticos de curto prazo. Em um ambiente onde a l\u00f3gica eleitoral prevalece, pol\u00edticas estruturantes &#8211; que exigem tempo e continuidade &#8211; perdem espa\u00e7o para a\u00e7\u00f5es de efeito imediato, ainda que menos eficientes.<\/p>\n<p>O Brasil n\u00e3o precisa reinventar solu\u00e7\u00f5es do zero. Muitas delas j\u00e1 existem, ainda que fragmentadas. O que falta \u00e9 transformar exce\u00e7\u00f5es em regras.<\/p>\n<p>Enquanto o pa\u00eds insistir em tratar a efici\u00eancia como epis\u00f3dio isolado e n\u00e3o como diretriz permanente, continuar\u00e1 navegando em um mar de dificuldades, celebrando conquistas pontuais como se fossem suficientes.<\/p>\n<p>O verdadeiro avan\u00e7o vir\u00e1 no dia em que essas ilhas de efici\u00eancia deixarem de ser raridade e passarem a formar um continente de boas pr\u00e1ticas. At\u00e9 l\u00e1, o Brasil seguir\u00e1 convivendo com a contradi\u00e7\u00e3o de saber o que funciona e, ainda assim, n\u00e3o fazer disso o padr\u00e3o.<\/p>\n<p><strong><em>SALVE O 1\u00b0 DE MAIO \u2013 DIA DO TRABALHADOR!<\/em><\/strong><\/p>\n<p><strong><em><a href=\"http:\/\/portaldenoticias.net\/ffsantos\/wp-content\/uploads\/2025\/01\/Agenor-Foto-Nova.png\"><img loading=\"lazy\" decoding=\"async\" class=\"alignleft size-thumbnail wp-image-19947\" src=\"http:\/\/portaldenoticias.net\/ffsantos\/wp-content\/uploads\/2025\/01\/Agenor-Foto-Nova-130x150.png\" alt=\"\" width=\"130\" height=\"150\" \/><\/a>Autor: Adm. Agenor Santos, P\u00f3s-Gradua\u00e7\u00e3o Lato Sensu em Controle, Monitoramento e Avalia\u00e7\u00e3o no Setor P\u00fablico (Salvador-BA).<\/em><\/strong><\/p>\n<p><em>\u00a0<\/em><\/p>\n<p style=\"text-align: center\"><strong><em>Blog do Florisvaldo &#8211; Informa\u00e7\u00e3o Com Imparcialidade<\/em><\/strong><\/p>\n","protected":false},"excerpt":{"rendered":"<p>Nota do editor: A pedido do autor, e em justa homenagem ao Dia do Trabalhador, o editorial que tradicionalmente \u00e9 publicado aos domingos est\u00e1 sendo excepcionalmente antecipado para esta sexta-feira. O Brasil convive com um paradoxo persistente: demonstra capacidade de efici\u00eancia em \u00e1reas espec\u00edficas, mas permanece travado por dificuldades estruturais que limitam seu desenvolvimento. N\u00e3o<\/p>\n","protected":false},"author":2,"featured_media":22356,"comment_status":"open","ping_status":"open","sticky":false,"template":"","format":"standard","meta":{"footnotes":""},"categories":[1],"tags":[],"class_list":{"0":"post-22355","1":"post","2":"type-post","3":"status-publish","4":"format-standard","5":"has-post-thumbnail","7":"category-destaques"},"yoast_head":"<!-- This site is optimized with the Yoast SEO plugin v27.4 - https:\/\/yoast.com\/product\/yoast-seo-wordpress\/ -->\n<title>EDITORIAL ANO XIV N\u00daMERO 493 \u2013 ILHAS DE EFICI\u00caNCIA EM UM MAR DE DIFICULDADES - Blog do Florisvaldo<\/title>\n<meta name=\"robots\" content=\"index, follow, max-snippet:-1, max-image-preview:large, max-video-preview:-1\" \/>\n<link rel=\"canonical\" href=\"https:\/\/portaldenoticias.net\/ffsantos\/editorial-ano-xiv-numero-493-ilhas-de-eficiencia-em-um-mar-de-dificuldades\/\" \/>\n<meta property=\"og:locale\" content=\"pt_BR\" \/>\n<meta property=\"og:type\" content=\"article\" \/>\n<meta property=\"og:title\" content=\"EDITORIAL ANO XIV N\u00daMERO 493 \u2013 ILHAS DE EFICI\u00caNCIA EM UM MAR DE DIFICULDADES - Blog do Florisvaldo\" \/>\n<meta property=\"og:description\" content=\"Nota do editor: A pedido do autor, e em justa homenagem ao Dia do Trabalhador, o editorial que tradicionalmente \u00e9 publicado aos domingos est\u00e1 sendo excepcionalmente antecipado para esta sexta-feira. O Brasil convive com um paradoxo persistente: demonstra capacidade de efici\u00eancia em \u00e1reas espec\u00edficas, mas permanece travado por dificuldades estruturais que limitam seu desenvolvimento. N\u00e3o\" \/>\n<meta property=\"og:url\" content=\"https:\/\/portaldenoticias.net\/ffsantos\/editorial-ano-xiv-numero-493-ilhas-de-eficiencia-em-um-mar-de-dificuldades\/\" \/>\n<meta property=\"og:site_name\" content=\"Blog do Florisvaldo\" \/>\n<meta property=\"article:published_time\" content=\"2026-05-01T10:00:36+00:00\" \/>\n<meta property=\"article:modified_time\" content=\"2026-05-01T18:53:17+00:00\" \/>\n<meta property=\"og:image\" content=\"http:\/\/portaldenoticias.net\/ffsantos\/wp-content\/uploads\/2026\/05\/Agen-Traba-Imagem4.jpg\" \/>\n\t<meta property=\"og:image:width\" content=\"1336\" \/>\n\t<meta property=\"og:image:height\" content=\"822\" \/>\n\t<meta property=\"og:image:type\" content=\"image\/jpeg\" \/>\n<meta name=\"author\" content=\"Florisvaldo\" \/>\n<meta name=\"twitter:card\" content=\"summary_large_image\" \/>\n<meta name=\"twitter:label1\" content=\"Escrito por\" \/>\n\t<meta name=\"twitter:data1\" content=\"Florisvaldo\" \/>\n\t<meta name=\"twitter:label2\" content=\"Est. tempo de leitura\" \/>\n\t<meta name=\"twitter:data2\" content=\"5 minutos\" \/>\n<script type=\"application\/ld+json\" class=\"yoast-schema-graph\">{\"@context\":\"https:\\\/\\\/schema.org\",\"@graph\":[{\"@type\":\"Article\",\"@id\":\"https:\\\/\\\/portaldenoticias.net\\\/ffsantos\\\/editorial-ano-xiv-numero-493-ilhas-de-eficiencia-em-um-mar-de-dificuldades\\\/#article\",\"isPartOf\":{\"@id\":\"https:\\\/\\\/portaldenoticias.net\\\/ffsantos\\\/editorial-ano-xiv-numero-493-ilhas-de-eficiencia-em-um-mar-de-dificuldades\\\/\"},\"author\":{\"name\":\"Florisvaldo\",\"@id\":\"https:\\\/\\\/portaldenoticias.net\\\/ffsantos\\\/#\\\/schema\\\/person\\\/709c788ecb22f2378d698c2cd46cecc3\"},\"headline\":\"EDITORIAL ANO XIV N\u00daMERO 493 \u2013 ILHAS DE EFICI\u00caNCIA EM UM MAR DE DIFICULDADES\",\"datePublished\":\"2026-05-01T10:00:36+00:00\",\"dateModified\":\"2026-05-01T18:53:17+00:00\",\"mainEntityOfPage\":{\"@id\":\"https:\\\/\\\/portaldenoticias.net\\\/ffsantos\\\/editorial-ano-xiv-numero-493-ilhas-de-eficiencia-em-um-mar-de-dificuldades\\\/\"},\"wordCount\":749,\"commentCount\":0,\"image\":{\"@id\":\"https:\\\/\\\/portaldenoticias.net\\\/ffsantos\\\/editorial-ano-xiv-numero-493-ilhas-de-eficiencia-em-um-mar-de-dificuldades\\\/#primaryimage\"},\"thumbnailUrl\":\"https:\\\/\\\/portaldenoticias.net\\\/ffsantos\\\/wp-content\\\/uploads\\\/2026\\\/05\\\/Agen-Traba-Imagem4.jpg\",\"articleSection\":[\"Destaques\"],\"inLanguage\":\"pt-BR\",\"potentialAction\":[{\"@type\":\"CommentAction\",\"name\":\"Comment\",\"target\":[\"https:\\\/\\\/portaldenoticias.net\\\/ffsantos\\\/editorial-ano-xiv-numero-493-ilhas-de-eficiencia-em-um-mar-de-dificuldades\\\/#respond\"]}]},{\"@type\":\"WebPage\",\"@id\":\"https:\\\/\\\/portaldenoticias.net\\\/ffsantos\\\/editorial-ano-xiv-numero-493-ilhas-de-eficiencia-em-um-mar-de-dificuldades\\\/\",\"url\":\"https:\\\/\\\/portaldenoticias.net\\\/ffsantos\\\/editorial-ano-xiv-numero-493-ilhas-de-eficiencia-em-um-mar-de-dificuldades\\\/\",\"name\":\"EDITORIAL ANO XIV N\u00daMERO 493 \u2013 ILHAS DE EFICI\u00caNCIA EM UM MAR DE DIFICULDADES - Blog do Florisvaldo\",\"isPartOf\":{\"@id\":\"https:\\\/\\\/portaldenoticias.net\\\/ffsantos\\\/#website\"},\"primaryImageOfPage\":{\"@id\":\"https:\\\/\\\/portaldenoticias.net\\\/ffsantos\\\/editorial-ano-xiv-numero-493-ilhas-de-eficiencia-em-um-mar-de-dificuldades\\\/#primaryimage\"},\"image\":{\"@id\":\"https:\\\/\\\/portaldenoticias.net\\\/ffsantos\\\/editorial-ano-xiv-numero-493-ilhas-de-eficiencia-em-um-mar-de-dificuldades\\\/#primaryimage\"},\"thumbnailUrl\":\"https:\\\/\\\/portaldenoticias.net\\\/ffsantos\\\/wp-content\\\/uploads\\\/2026\\\/05\\\/Agen-Traba-Imagem4.jpg\",\"datePublished\":\"2026-05-01T10:00:36+00:00\",\"dateModified\":\"2026-05-01T18:53:17+00:00\",\"author\":{\"@id\":\"https:\\\/\\\/portaldenoticias.net\\\/ffsantos\\\/#\\\/schema\\\/person\\\/709c788ecb22f2378d698c2cd46cecc3\"},\"breadcrumb\":{\"@id\":\"https:\\\/\\\/portaldenoticias.net\\\/ffsantos\\\/editorial-ano-xiv-numero-493-ilhas-de-eficiencia-em-um-mar-de-dificuldades\\\/#breadcrumb\"},\"inLanguage\":\"pt-BR\",\"potentialAction\":[{\"@type\":\"ReadAction\",\"target\":[\"https:\\\/\\\/portaldenoticias.net\\\/ffsantos\\\/editorial-ano-xiv-numero-493-ilhas-de-eficiencia-em-um-mar-de-dificuldades\\\/\"]}]},{\"@type\":\"ImageObject\",\"inLanguage\":\"pt-BR\",\"@id\":\"https:\\\/\\\/portaldenoticias.net\\\/ffsantos\\\/editorial-ano-xiv-numero-493-ilhas-de-eficiencia-em-um-mar-de-dificuldades\\\/#primaryimage\",\"url\":\"https:\\\/\\\/portaldenoticias.net\\\/ffsantos\\\/wp-content\\\/uploads\\\/2026\\\/05\\\/Agen-Traba-Imagem4.jpg\",\"contentUrl\":\"https:\\\/\\\/portaldenoticias.net\\\/ffsantos\\\/wp-content\\\/uploads\\\/2026\\\/05\\\/Agen-Traba-Imagem4.jpg\",\"width\":1336,\"height\":822},{\"@type\":\"BreadcrumbList\",\"@id\":\"https:\\\/\\\/portaldenoticias.net\\\/ffsantos\\\/editorial-ano-xiv-numero-493-ilhas-de-eficiencia-em-um-mar-de-dificuldades\\\/#breadcrumb\",\"itemListElement\":[{\"@type\":\"ListItem\",\"position\":1,\"name\":\"In\u00edcio\",\"item\":\"https:\\\/\\\/portaldenoticias.net\\\/ffsantos\\\/\"},{\"@type\":\"ListItem\",\"position\":2,\"name\":\"EDITORIAL ANO XIV N\u00daMERO 493 \u2013 ILHAS DE EFICI\u00caNCIA EM UM MAR DE DIFICULDADES\"}]},{\"@type\":\"WebSite\",\"@id\":\"https:\\\/\\\/portaldenoticias.net\\\/ffsantos\\\/#website\",\"url\":\"https:\\\/\\\/portaldenoticias.net\\\/ffsantos\\\/\",\"name\":\"Blog do Florisvaldo |\",\"description\":\"Informa\u00e7\u00e3o com imparcialidade\",\"potentialAction\":[{\"@type\":\"SearchAction\",\"target\":{\"@type\":\"EntryPoint\",\"urlTemplate\":\"https:\\\/\\\/portaldenoticias.net\\\/ffsantos\\\/?s={search_term_string}\"},\"query-input\":{\"@type\":\"PropertyValueSpecification\",\"valueRequired\":true,\"valueName\":\"search_term_string\"}}],\"inLanguage\":\"pt-BR\"},{\"@type\":\"Person\",\"@id\":\"https:\\\/\\\/portaldenoticias.net\\\/ffsantos\\\/#\\\/schema\\\/person\\\/709c788ecb22f2378d698c2cd46cecc3\",\"name\":\"Florisvaldo\",\"image\":{\"@type\":\"ImageObject\",\"inLanguage\":\"pt-BR\",\"@id\":\"https:\\\/\\\/secure.gravatar.com\\\/avatar\\\/23c59839b4c874bb227d4916d18ba065e405a73d0e423fa9255ba9436604e628?s=96&d=mm&r=g\",\"url\":\"https:\\\/\\\/secure.gravatar.com\\\/avatar\\\/23c59839b4c874bb227d4916d18ba065e405a73d0e423fa9255ba9436604e628?s=96&d=mm&r=g\",\"contentUrl\":\"https:\\\/\\\/secure.gravatar.com\\\/avatar\\\/23c59839b4c874bb227d4916d18ba065e405a73d0e423fa9255ba9436604e628?s=96&d=mm&r=g\",\"caption\":\"Florisvaldo\"},\"url\":\"https:\\\/\\\/portaldenoticias.net\\\/ffsantos\\\/author\\\/ffsantos\\\/\"}]}<\/script>\n<!-- \/ Yoast SEO plugin. -->","yoast_head_json":{"title":"EDITORIAL ANO XIV N\u00daMERO 493 \u2013 ILHAS DE EFICI\u00caNCIA EM UM MAR DE DIFICULDADES - Blog do Florisvaldo","robots":{"index":"index","follow":"follow","max-snippet":"max-snippet:-1","max-image-preview":"max-image-preview:large","max-video-preview":"max-video-preview:-1"},"canonical":"https:\/\/portaldenoticias.net\/ffsantos\/editorial-ano-xiv-numero-493-ilhas-de-eficiencia-em-um-mar-de-dificuldades\/","og_locale":"pt_BR","og_type":"article","og_title":"EDITORIAL ANO XIV N\u00daMERO 493 \u2013 ILHAS DE EFICI\u00caNCIA EM UM MAR DE DIFICULDADES - Blog do Florisvaldo","og_description":"Nota do editor: A pedido do autor, e em justa homenagem ao Dia do Trabalhador, o editorial que tradicionalmente \u00e9 publicado aos domingos est\u00e1 sendo excepcionalmente antecipado para esta sexta-feira. O Brasil convive com um paradoxo persistente: demonstra capacidade de efici\u00eancia em \u00e1reas espec\u00edficas, mas permanece travado por dificuldades estruturais que limitam seu desenvolvimento. N\u00e3o","og_url":"https:\/\/portaldenoticias.net\/ffsantos\/editorial-ano-xiv-numero-493-ilhas-de-eficiencia-em-um-mar-de-dificuldades\/","og_site_name":"Blog do Florisvaldo","article_published_time":"2026-05-01T10:00:36+00:00","article_modified_time":"2026-05-01T18:53:17+00:00","og_image":[{"width":1336,"height":822,"url":"http:\/\/portaldenoticias.net\/ffsantos\/wp-content\/uploads\/2026\/05\/Agen-Traba-Imagem4.jpg","type":"image\/jpeg"}],"author":"Florisvaldo","twitter_card":"summary_large_image","twitter_misc":{"Escrito por":"Florisvaldo","Est. tempo de leitura":"5 minutos"},"schema":{"@context":"https:\/\/schema.org","@graph":[{"@type":"Article","@id":"https:\/\/portaldenoticias.net\/ffsantos\/editorial-ano-xiv-numero-493-ilhas-de-eficiencia-em-um-mar-de-dificuldades\/#article","isPartOf":{"@id":"https:\/\/portaldenoticias.net\/ffsantos\/editorial-ano-xiv-numero-493-ilhas-de-eficiencia-em-um-mar-de-dificuldades\/"},"author":{"name":"Florisvaldo","@id":"https:\/\/portaldenoticias.net\/ffsantos\/#\/schema\/person\/709c788ecb22f2378d698c2cd46cecc3"},"headline":"EDITORIAL ANO XIV N\u00daMERO 493 \u2013 ILHAS DE EFICI\u00caNCIA EM UM MAR DE DIFICULDADES","datePublished":"2026-05-01T10:00:36+00:00","dateModified":"2026-05-01T18:53:17+00:00","mainEntityOfPage":{"@id":"https:\/\/portaldenoticias.net\/ffsantos\/editorial-ano-xiv-numero-493-ilhas-de-eficiencia-em-um-mar-de-dificuldades\/"},"wordCount":749,"commentCount":0,"image":{"@id":"https:\/\/portaldenoticias.net\/ffsantos\/editorial-ano-xiv-numero-493-ilhas-de-eficiencia-em-um-mar-de-dificuldades\/#primaryimage"},"thumbnailUrl":"https:\/\/portaldenoticias.net\/ffsantos\/wp-content\/uploads\/2026\/05\/Agen-Traba-Imagem4.jpg","articleSection":["Destaques"],"inLanguage":"pt-BR","potentialAction":[{"@type":"CommentAction","name":"Comment","target":["https:\/\/portaldenoticias.net\/ffsantos\/editorial-ano-xiv-numero-493-ilhas-de-eficiencia-em-um-mar-de-dificuldades\/#respond"]}]},{"@type":"WebPage","@id":"https:\/\/portaldenoticias.net\/ffsantos\/editorial-ano-xiv-numero-493-ilhas-de-eficiencia-em-um-mar-de-dificuldades\/","url":"https:\/\/portaldenoticias.net\/ffsantos\/editorial-ano-xiv-numero-493-ilhas-de-eficiencia-em-um-mar-de-dificuldades\/","name":"EDITORIAL ANO XIV N\u00daMERO 493 \u2013 ILHAS DE EFICI\u00caNCIA EM UM MAR DE DIFICULDADES - Blog do Florisvaldo","isPartOf":{"@id":"https:\/\/portaldenoticias.net\/ffsantos\/#website"},"primaryImageOfPage":{"@id":"https:\/\/portaldenoticias.net\/ffsantos\/editorial-ano-xiv-numero-493-ilhas-de-eficiencia-em-um-mar-de-dificuldades\/#primaryimage"},"image":{"@id":"https:\/\/portaldenoticias.net\/ffsantos\/editorial-ano-xiv-numero-493-ilhas-de-eficiencia-em-um-mar-de-dificuldades\/#primaryimage"},"thumbnailUrl":"https:\/\/portaldenoticias.net\/ffsantos\/wp-content\/uploads\/2026\/05\/Agen-Traba-Imagem4.jpg","datePublished":"2026-05-01T10:00:36+00:00","dateModified":"2026-05-01T18:53:17+00:00","author":{"@id":"https:\/\/portaldenoticias.net\/ffsantos\/#\/schema\/person\/709c788ecb22f2378d698c2cd46cecc3"},"breadcrumb":{"@id":"https:\/\/portaldenoticias.net\/ffsantos\/editorial-ano-xiv-numero-493-ilhas-de-eficiencia-em-um-mar-de-dificuldades\/#breadcrumb"},"inLanguage":"pt-BR","potentialAction":[{"@type":"ReadAction","target":["https:\/\/portaldenoticias.net\/ffsantos\/editorial-ano-xiv-numero-493-ilhas-de-eficiencia-em-um-mar-de-dificuldades\/"]}]},{"@type":"ImageObject","inLanguage":"pt-BR","@id":"https:\/\/portaldenoticias.net\/ffsantos\/editorial-ano-xiv-numero-493-ilhas-de-eficiencia-em-um-mar-de-dificuldades\/#primaryimage","url":"https:\/\/portaldenoticias.net\/ffsantos\/wp-content\/uploads\/2026\/05\/Agen-Traba-Imagem4.jpg","contentUrl":"https:\/\/portaldenoticias.net\/ffsantos\/wp-content\/uploads\/2026\/05\/Agen-Traba-Imagem4.jpg","width":1336,"height":822},{"@type":"BreadcrumbList","@id":"https:\/\/portaldenoticias.net\/ffsantos\/editorial-ano-xiv-numero-493-ilhas-de-eficiencia-em-um-mar-de-dificuldades\/#breadcrumb","itemListElement":[{"@type":"ListItem","position":1,"name":"In\u00edcio","item":"https:\/\/portaldenoticias.net\/ffsantos\/"},{"@type":"ListItem","position":2,"name":"EDITORIAL ANO XIV N\u00daMERO 493 \u2013 ILHAS DE EFICI\u00caNCIA EM UM MAR DE DIFICULDADES"}]},{"@type":"WebSite","@id":"https:\/\/portaldenoticias.net\/ffsantos\/#website","url":"https:\/\/portaldenoticias.net\/ffsantos\/","name":"Blog do Florisvaldo |","description":"Informa\u00e7\u00e3o com imparcialidade","potentialAction":[{"@type":"SearchAction","target":{"@type":"EntryPoint","urlTemplate":"https:\/\/portaldenoticias.net\/ffsantos\/?s={search_term_string}"},"query-input":{"@type":"PropertyValueSpecification","valueRequired":true,"valueName":"search_term_string"}}],"inLanguage":"pt-BR"},{"@type":"Person","@id":"https:\/\/portaldenoticias.net\/ffsantos\/#\/schema\/person\/709c788ecb22f2378d698c2cd46cecc3","name":"Florisvaldo","image":{"@type":"ImageObject","inLanguage":"pt-BR","@id":"https:\/\/secure.gravatar.com\/avatar\/23c59839b4c874bb227d4916d18ba065e405a73d0e423fa9255ba9436604e628?s=96&d=mm&r=g","url":"https:\/\/secure.gravatar.com\/avatar\/23c59839b4c874bb227d4916d18ba065e405a73d0e423fa9255ba9436604e628?s=96&d=mm&r=g","contentUrl":"https:\/\/secure.gravatar.com\/avatar\/23c59839b4c874bb227d4916d18ba065e405a73d0e423fa9255ba9436604e628?s=96&d=mm&r=g","caption":"Florisvaldo"},"url":"https:\/\/portaldenoticias.net\/ffsantos\/author\/ffsantos\/"}]}},"_links":{"self":[{"href":"https:\/\/portaldenoticias.net\/ffsantos\/wp-json\/wp\/v2\/posts\/22355","targetHints":{"allow":["GET"]}}],"collection":[{"href":"https:\/\/portaldenoticias.net\/ffsantos\/wp-json\/wp\/v2\/posts"}],"about":[{"href":"https:\/\/portaldenoticias.net\/ffsantos\/wp-json\/wp\/v2\/types\/post"}],"author":[{"embeddable":true,"href":"https:\/\/portaldenoticias.net\/ffsantos\/wp-json\/wp\/v2\/users\/2"}],"replies":[{"embeddable":true,"href":"https:\/\/portaldenoticias.net\/ffsantos\/wp-json\/wp\/v2\/comments?post=22355"}],"version-history":[{"count":3,"href":"https:\/\/portaldenoticias.net\/ffsantos\/wp-json\/wp\/v2\/posts\/22355\/revisions"}],"predecessor-version":[{"id":22359,"href":"https:\/\/portaldenoticias.net\/ffsantos\/wp-json\/wp\/v2\/posts\/22355\/revisions\/22359"}],"wp:featuredmedia":[{"embeddable":true,"href":"https:\/\/portaldenoticias.net\/ffsantos\/wp-json\/wp\/v2\/media\/22356"}],"wp:attachment":[{"href":"https:\/\/portaldenoticias.net\/ffsantos\/wp-json\/wp\/v2\/media?parent=22355"}],"wp:term":[{"taxonomy":"category","embeddable":true,"href":"https:\/\/portaldenoticias.net\/ffsantos\/wp-json\/wp\/v2\/categories?post=22355"},{"taxonomy":"post_tag","embeddable":true,"href":"https:\/\/portaldenoticias.net\/ffsantos\/wp-json\/wp\/v2\/tags?post=22355"}],"curies":[{"name":"wp","href":"https:\/\/api.w.org\/{rel}","templated":true}]}}