{"id":22345,"date":"2026-05-01T10:04:59","date_gmt":"2026-05-01T13:04:59","guid":{"rendered":"https:\/\/portaldenoticias.net\/ffsantos\/?p=22345"},"modified":"2026-05-01T10:05:10","modified_gmt":"2026-05-01T13:05:10","slug":"cicloturismo-ganha-forca-e-queimadas-e-mobiliza-poder-publico-e-comunidade","status":"publish","type":"post","link":"https:\/\/portaldenoticias.net\/ffsantos\/cicloturismo-ganha-forca-e-queimadas-e-mobiliza-poder-publico-e-comunidade\/","title":{"rendered":"CICLOTURISMO GANHA FOR\u00c7A E QUEIMADAS E MOBILIZA PODER P\u00daBLICO E COMUNIDADE"},"content":{"rendered":"<figure id=\"attachment_22346\" aria-describedby=\"caption-attachment-22346\" style=\"width: 749px\" class=\"wp-caption aligncenter\"><a href=\"http:\/\/portaldenoticias.net\/ffsantos\/wp-content\/uploads\/2026\/05\/Serio-1-683163492_18582873430015657_3804321066267062867_n.jpg\"><img loading=\"lazy\" decoding=\"async\" class=\"size-large wp-image-22346\" src=\"http:\/\/portaldenoticias.net\/ffsantos\/wp-content\/uploads\/2026\/05\/Serio-1-683163492_18582873430015657_3804321066267062867_n-1024x575.jpg\" alt=\"\" width=\"749\" height=\"421\" srcset=\"https:\/\/portaldenoticias.net\/ffsantos\/wp-content\/uploads\/2026\/05\/Serio-1-683163492_18582873430015657_3804321066267062867_n-1024x575.jpg 1024w, https:\/\/portaldenoticias.net\/ffsantos\/wp-content\/uploads\/2026\/05\/Serio-1-683163492_18582873430015657_3804321066267062867_n-300x169.jpg 300w, https:\/\/portaldenoticias.net\/ffsantos\/wp-content\/uploads\/2026\/05\/Serio-1-683163492_18582873430015657_3804321066267062867_n-768x431.jpg 768w, https:\/\/portaldenoticias.net\/ffsantos\/wp-content\/uploads\/2026\/05\/Serio-1-683163492_18582873430015657_3804321066267062867_n-150x84.jpg 150w, https:\/\/portaldenoticias.net\/ffsantos\/wp-content\/uploads\/2026\/05\/Serio-1-683163492_18582873430015657_3804321066267062867_n-450x253.jpg 450w, https:\/\/portaldenoticias.net\/ffsantos\/wp-content\/uploads\/2026\/05\/Serio-1-683163492_18582873430015657_3804321066267062867_n-1200x674.jpg 1200w, https:\/\/portaldenoticias.net\/ffsantos\/wp-content\/uploads\/2026\/05\/Serio-1-683163492_18582873430015657_3804321066267062867_n.jpg 1440w\" sizes=\"auto, (max-width: 749px) 100vw, 749px\" \/><\/a><figcaption id=\"caption-attachment-22346\" class=\"wp-caption-text\">Prefeito Ricardo Lopes e Professor Sergio<\/figcaption><\/figure>\n<p>O munic\u00edpio de Queimadas, Sert\u00e3o da Bahia se prepara para mais um importante cap\u00edtulo no fortalecimento do esporte, do turismo e da integra\u00e7\u00e3o regional. O <strong><em>V Cicloturismo de Queimadas<\/em><\/strong>, marcado para o dia 16 de agosto, j\u00e1 come\u00e7a a ganhar forma com uma articula\u00e7\u00e3o que demonstra organiza\u00e7\u00e3o, compromisso e vis\u00e3o de futuro.<\/p>\n<p>A agenda recente envolvendo representantes do projeto e a gest\u00e3o municipal evidencia o empenho coletivo para a realiza\u00e7\u00e3o de um evento que promete ir al\u00e9m do esporte. Em reuni\u00e3o no gabinete do prefeito <strong><em>Ricardo Lopes<\/em><\/strong>, foram apresentados os detalhes da iniciativa, refor\u00e7ando a import\u00e2ncia do cicloturismo como ferramenta de promo\u00e7\u00e3o da sa\u00fade, do lazer e da economia local.<\/p>\n<p>O di\u00e1logo tamb\u00e9m se estendeu a setores estrat\u00e9gicos da administra\u00e7\u00e3o p\u00fablica, como infraestrutura, sa\u00fade, eventos e chefia de gabinete. Essa integra\u00e7\u00e3o entre diferentes \u00e1reas demonstra que o projeto est\u00e1 sendo conduzido com planejamento e responsabilidade, buscando oferecer n\u00e3o apenas um evento, mas uma experi\u00eancia segura e bem estruturada para participantes e visitantes.<\/p>\n<p>O envolvimento da Prefeitura Municipal \u00e9 um dos pilares para o sucesso da iniciativa. A disposi\u00e7\u00e3o em apoiar e contribuir com recursos humanos e log\u00edsticos refor\u00e7a o compromisso com a\u00e7\u00f5es que valorizam o munic\u00edpio e estimulam pr\u00e1ticas saud\u00e1veis.<\/p>\n<p>Al\u00e9m disso, merece destaque o trabalho dedicado do grupo organizador, que tem conduzido o projeto com entusiasmo e perseveran\u00e7a. A lideran\u00e7a do professor S\u00e9rgio, \u00e0 frente da mobiliza\u00e7\u00e3o, traduz o esp\u00edrito coletivo que move o cicloturismo: <strong><em>uni\u00e3o, supera\u00e7\u00e3o e valoriza\u00e7\u00e3o do territ\u00f3rio<\/em><\/strong>.<\/p>\n<p>A expectativa \u00e9 de que o evento re\u00fana ciclistas de diversas cidades, fortalecendo o interc\u00e2mbio cultural e impulsionando o com\u00e9rcio local. Mais do que pedalar, o encontro simboliza o movimento de uma comunidade que acredita no potencial transformador do esporte.<\/p>\n<p>Como bem destacou o professor S\u00e9rgio, <strong><em>\u201ca roda voltou a girar\u201d<\/em><\/strong>. E, ao que tudo indica, ela segue em movimento firme, impulsionando Queimadas rumo a novos horizontes.<\/p>\n<p style=\"text-align: center\"><em><strong>Vejam algumas fotos do Agendamento<\/strong><\/em><\/p>\n<p><a href=\"http:\/\/portaldenoticias.net\/ffsantos\/wp-content\/uploads\/2026\/05\/Sergio-2-684111073_18582873421015657_1365771126545163786_n.jpg\"><img loading=\"lazy\" decoding=\"async\" class=\"aligncenter size-large wp-image-22347\" src=\"http:\/\/portaldenoticias.net\/ffsantos\/wp-content\/uploads\/2026\/05\/Sergio-2-684111073_18582873421015657_1365771126545163786_n-1024x1024.jpg\" alt=\"\" width=\"749\" height=\"749\" srcset=\"https:\/\/portaldenoticias.net\/ffsantos\/wp-content\/uploads\/2026\/05\/Sergio-2-684111073_18582873421015657_1365771126545163786_n-1024x1024.jpg 1024w, https:\/\/portaldenoticias.net\/ffsantos\/wp-content\/uploads\/2026\/05\/Sergio-2-684111073_18582873421015657_1365771126545163786_n-300x300.jpg 300w, https:\/\/portaldenoticias.net\/ffsantos\/wp-content\/uploads\/2026\/05\/Sergio-2-684111073_18582873421015657_1365771126545163786_n-150x150.jpg 150w, https:\/\/portaldenoticias.net\/ffsantos\/wp-content\/uploads\/2026\/05\/Sergio-2-684111073_18582873421015657_1365771126545163786_n-768x768.jpg 768w, https:\/\/portaldenoticias.net\/ffsantos\/wp-content\/uploads\/2026\/05\/Sergio-2-684111073_18582873421015657_1365771126545163786_n-450x450.jpg 450w, https:\/\/portaldenoticias.net\/ffsantos\/wp-content\/uploads\/2026\/05\/Sergio-2-684111073_18582873421015657_1365771126545163786_n-1200x1200.jpg 1200w, https:\/\/portaldenoticias.net\/ffsantos\/wp-content\/uploads\/2026\/05\/Sergio-2-684111073_18582873421015657_1365771126545163786_n.jpg 1440w\" sizes=\"auto, (max-width: 749px) 100vw, 749px\" \/><\/a> <a href=\"http:\/\/portaldenoticias.net\/ffsantos\/wp-content\/uploads\/2026\/05\/Sergio-3-84120156_18582873439015657_7163023089367036838_n.jpg\"><img loading=\"lazy\" decoding=\"async\" class=\"aligncenter size-large wp-image-22348\" src=\"http:\/\/portaldenoticias.net\/ffsantos\/wp-content\/uploads\/2026\/05\/Sergio-3-84120156_18582873439015657_7163023089367036838_n-1024x1024.jpg\" alt=\"\" width=\"749\" height=\"749\" srcset=\"https:\/\/portaldenoticias.net\/ffsantos\/wp-content\/uploads\/2026\/05\/Sergio-3-84120156_18582873439015657_7163023089367036838_n-1024x1024.jpg 1024w, https:\/\/portaldenoticias.net\/ffsantos\/wp-content\/uploads\/2026\/05\/Sergio-3-84120156_18582873439015657_7163023089367036838_n-300x300.jpg 300w, https:\/\/portaldenoticias.net\/ffsantos\/wp-content\/uploads\/2026\/05\/Sergio-3-84120156_18582873439015657_7163023089367036838_n-150x150.jpg 150w, https:\/\/portaldenoticias.net\/ffsantos\/wp-content\/uploads\/2026\/05\/Sergio-3-84120156_18582873439015657_7163023089367036838_n-768x768.jpg 768w, https:\/\/portaldenoticias.net\/ffsantos\/wp-content\/uploads\/2026\/05\/Sergio-3-84120156_18582873439015657_7163023089367036838_n-450x450.jpg 450w, https:\/\/portaldenoticias.net\/ffsantos\/wp-content\/uploads\/2026\/05\/Sergio-3-84120156_18582873439015657_7163023089367036838_n-1200x1200.jpg 1200w, https:\/\/portaldenoticias.net\/ffsantos\/wp-content\/uploads\/2026\/05\/Sergio-3-84120156_18582873439015657_7163023089367036838_n.jpg 1440w\" sizes=\"auto, (max-width: 749px) 100vw, 749px\" \/><\/a> <a href=\"http:\/\/portaldenoticias.net\/ffsantos\/wp-content\/uploads\/2026\/05\/Sergio-4-of-683946029_18582873457015657_1189845250973113885_n.jpg\"><img loading=\"lazy\" decoding=\"async\" class=\"aligncenter size-large wp-image-22350\" src=\"http:\/\/portaldenoticias.net\/ffsantos\/wp-content\/uploads\/2026\/05\/Sergio-4-of-683946029_18582873457015657_1189845250973113885_n-768x1024.jpg\" alt=\"\" width=\"749\" height=\"999\" srcset=\"https:\/\/portaldenoticias.net\/ffsantos\/wp-content\/uploads\/2026\/05\/Sergio-4-of-683946029_18582873457015657_1189845250973113885_n-768x1024.jpg 768w, https:\/\/portaldenoticias.net\/ffsantos\/wp-content\/uploads\/2026\/05\/Sergio-4-of-683946029_18582873457015657_1189845250973113885_n-225x300.jpg 225w, https:\/\/portaldenoticias.net\/ffsantos\/wp-content\/uploads\/2026\/05\/Sergio-4-of-683946029_18582873457015657_1189845250973113885_n-1152x1536.jpg 1152w, https:\/\/portaldenoticias.net\/ffsantos\/wp-content\/uploads\/2026\/05\/Sergio-4-of-683946029_18582873457015657_1189845250973113885_n-150x200.jpg 150w, https:\/\/portaldenoticias.net\/ffsantos\/wp-content\/uploads\/2026\/05\/Sergio-4-of-683946029_18582873457015657_1189845250973113885_n-450x600.jpg 450w, https:\/\/portaldenoticias.net\/ffsantos\/wp-content\/uploads\/2026\/05\/Sergio-4-of-683946029_18582873457015657_1189845250973113885_n-1200x1600.jpg 1200w, https:\/\/portaldenoticias.net\/ffsantos\/wp-content\/uploads\/2026\/05\/Sergio-4-of-683946029_18582873457015657_1189845250973113885_n.jpg 1440w\" sizes=\"auto, (max-width: 749px) 100vw, 749px\" \/><\/a> <a href=\"http:\/\/portaldenoticias.net\/ffsantos\/wp-content\/uploads\/2026\/05\/Sergio-5-683777588_18582873466015657_7936901647608802775_n.jpg\"><img loading=\"lazy\" decoding=\"async\" class=\"aligncenter size-large wp-image-22351\" src=\"http:\/\/portaldenoticias.net\/ffsantos\/wp-content\/uploads\/2026\/05\/Sergio-5-683777588_18582873466015657_7936901647608802775_n-1024x1024.jpg\" alt=\"\" width=\"749\" height=\"749\" srcset=\"https:\/\/portaldenoticias.net\/ffsantos\/wp-content\/uploads\/2026\/05\/Sergio-5-683777588_18582873466015657_7936901647608802775_n-1024x1024.jpg 1024w, https:\/\/portaldenoticias.net\/ffsantos\/wp-content\/uploads\/2026\/05\/Sergio-5-683777588_18582873466015657_7936901647608802775_n-300x300.jpg 300w, https:\/\/portaldenoticias.net\/ffsantos\/wp-content\/uploads\/2026\/05\/Sergio-5-683777588_18582873466015657_7936901647608802775_n-150x150.jpg 150w, https:\/\/portaldenoticias.net\/ffsantos\/wp-content\/uploads\/2026\/05\/Sergio-5-683777588_18582873466015657_7936901647608802775_n-768x768.jpg 768w, https:\/\/portaldenoticias.net\/ffsantos\/wp-content\/uploads\/2026\/05\/Sergio-5-683777588_18582873466015657_7936901647608802775_n-450x450.jpg 450w, https:\/\/portaldenoticias.net\/ffsantos\/wp-content\/uploads\/2026\/05\/Sergio-5-683777588_18582873466015657_7936901647608802775_n-1200x1200.jpg 1200w, https:\/\/portaldenoticias.net\/ffsantos\/wp-content\/uploads\/2026\/05\/Sergio-5-683777588_18582873466015657_7936901647608802775_n.jpg 1440w\" sizes=\"auto, (max-width: 749px) 100vw, 749px\" \/><\/a><\/p>\n<p><strong><em>Fotos:<\/em><\/strong> Prof. Sergio de Mainar<\/p>\n<p><strong><em>\u00a0<\/em><\/strong><\/p>\n<p style=\"text-align: center\"><strong><em>Blog do Florisvaldo &#8211; Informa\u00e7\u00e3o Com Imparcialidade<\/em><\/strong><\/p>\n","protected":false},"excerpt":{"rendered":"<p>O munic\u00edpio de Queimadas, Sert\u00e3o da Bahia se prepara para mais um importante cap\u00edtulo no fortalecimento do esporte, do turismo e da integra\u00e7\u00e3o regional. O V Cicloturismo de Queimadas, marcado para o dia 16 de agosto, j\u00e1 come\u00e7a a ganhar forma com uma articula\u00e7\u00e3o que demonstra organiza\u00e7\u00e3o, compromisso e vis\u00e3o de futuro. A agenda recente<\/p>\n","protected":false},"author":2,"featured_media":22346,"comment_status":"open","ping_status":"open","sticky":false,"template":"","format":"standard","meta":{"footnotes":""},"categories":[10],"tags":[],"class_list":{"0":"post-22345","1":"post","2":"type-post","3":"status-publish","4":"format-standard","5":"has-post-thumbnail","7":"category-esportes"},"yoast_head":"<!-- This site is optimized with the Yoast SEO plugin v27.4 - https:\/\/yoast.com\/product\/yoast-seo-wordpress\/ -->\n<title>CICLOTURISMO GANHA FOR\u00c7A E QUEIMADAS E MOBILIZA PODER P\u00daBLICO E COMUNIDADE - Blog do Florisvaldo<\/title>\n<meta name=\"robots\" content=\"index, follow, max-snippet:-1, max-image-preview:large, max-video-preview:-1\" \/>\n<link rel=\"canonical\" href=\"https:\/\/portaldenoticias.net\/ffsantos\/cicloturismo-ganha-forca-e-queimadas-e-mobiliza-poder-publico-e-comunidade\/\" \/>\n<meta property=\"og:locale\" content=\"pt_BR\" \/>\n<meta property=\"og:type\" content=\"article\" \/>\n<meta property=\"og:title\" content=\"CICLOTURISMO GANHA FOR\u00c7A E QUEIMADAS E MOBILIZA PODER P\u00daBLICO E COMUNIDADE - Blog do Florisvaldo\" \/>\n<meta property=\"og:description\" content=\"O munic\u00edpio de Queimadas, Sert\u00e3o da Bahia se prepara para mais um importante cap\u00edtulo no fortalecimento do esporte, do turismo e da integra\u00e7\u00e3o regional. O V Cicloturismo de Queimadas, marcado para o dia 16 de agosto, j\u00e1 come\u00e7a a ganhar forma com uma articula\u00e7\u00e3o que demonstra organiza\u00e7\u00e3o, compromisso e vis\u00e3o de futuro. A agenda recente\" \/>\n<meta property=\"og:url\" content=\"https:\/\/portaldenoticias.net\/ffsantos\/cicloturismo-ganha-forca-e-queimadas-e-mobiliza-poder-publico-e-comunidade\/\" \/>\n<meta property=\"og:site_name\" content=\"Blog do Florisvaldo\" \/>\n<meta property=\"article:published_time\" content=\"2026-05-01T13:04:59+00:00\" \/>\n<meta property=\"article:modified_time\" content=\"2026-05-01T13:05:10+00:00\" \/>\n<meta property=\"og:image\" content=\"http:\/\/portaldenoticias.net\/ffsantos\/wp-content\/uploads\/2026\/05\/Serio-1-683163492_18582873430015657_3804321066267062867_n.jpg\" \/>\n\t<meta property=\"og:image:width\" content=\"1440\" \/>\n\t<meta property=\"og:image:height\" content=\"809\" \/>\n\t<meta property=\"og:image:type\" content=\"image\/jpeg\" \/>\n<meta name=\"author\" content=\"Florisvaldo\" \/>\n<meta name=\"twitter:card\" content=\"summary_large_image\" \/>\n<meta name=\"twitter:label1\" content=\"Escrito por\" \/>\n\t<meta name=\"twitter:data1\" content=\"Florisvaldo\" \/>\n\t<meta name=\"twitter:label2\" content=\"Est. tempo de leitura\" \/>\n\t<meta name=\"twitter:data2\" content=\"4 minutos\" \/>\n<script type=\"application\/ld+json\" class=\"yoast-schema-graph\">{\"@context\":\"https:\\\/\\\/schema.org\",\"@graph\":[{\"@type\":\"Article\",\"@id\":\"https:\\\/\\\/portaldenoticias.net\\\/ffsantos\\\/cicloturismo-ganha-forca-e-queimadas-e-mobiliza-poder-publico-e-comunidade\\\/#article\",\"isPartOf\":{\"@id\":\"https:\\\/\\\/portaldenoticias.net\\\/ffsantos\\\/cicloturismo-ganha-forca-e-queimadas-e-mobiliza-poder-publico-e-comunidade\\\/\"},\"author\":{\"name\":\"Florisvaldo\",\"@id\":\"https:\\\/\\\/portaldenoticias.net\\\/ffsantos\\\/#\\\/schema\\\/person\\\/709c788ecb22f2378d698c2cd46cecc3\"},\"headline\":\"CICLOTURISMO GANHA FOR\u00c7A E QUEIMADAS E MOBILIZA PODER P\u00daBLICO E COMUNIDADE\",\"datePublished\":\"2026-05-01T13:04:59+00:00\",\"dateModified\":\"2026-05-01T13:05:10+00:00\",\"mainEntityOfPage\":{\"@id\":\"https:\\\/\\\/portaldenoticias.net\\\/ffsantos\\\/cicloturismo-ganha-forca-e-queimadas-e-mobiliza-poder-publico-e-comunidade\\\/\"},\"wordCount\":395,\"commentCount\":0,\"image\":{\"@id\":\"https:\\\/\\\/portaldenoticias.net\\\/ffsantos\\\/cicloturismo-ganha-forca-e-queimadas-e-mobiliza-poder-publico-e-comunidade\\\/#primaryimage\"},\"thumbnailUrl\":\"https:\\\/\\\/portaldenoticias.net\\\/ffsantos\\\/wp-content\\\/uploads\\\/2026\\\/05\\\/Serio-1-683163492_18582873430015657_3804321066267062867_n.jpg\",\"articleSection\":[\"Esportes\"],\"inLanguage\":\"pt-BR\",\"potentialAction\":[{\"@type\":\"CommentAction\",\"name\":\"Comment\",\"target\":[\"https:\\\/\\\/portaldenoticias.net\\\/ffsantos\\\/cicloturismo-ganha-forca-e-queimadas-e-mobiliza-poder-publico-e-comunidade\\\/#respond\"]}]},{\"@type\":\"WebPage\",\"@id\":\"https:\\\/\\\/portaldenoticias.net\\\/ffsantos\\\/cicloturismo-ganha-forca-e-queimadas-e-mobiliza-poder-publico-e-comunidade\\\/\",\"url\":\"https:\\\/\\\/portaldenoticias.net\\\/ffsantos\\\/cicloturismo-ganha-forca-e-queimadas-e-mobiliza-poder-publico-e-comunidade\\\/\",\"name\":\"CICLOTURISMO GANHA FOR\u00c7A E QUEIMADAS E MOBILIZA PODER P\u00daBLICO E COMUNIDADE - Blog do Florisvaldo\",\"isPartOf\":{\"@id\":\"https:\\\/\\\/portaldenoticias.net\\\/ffsantos\\\/#website\"},\"primaryImageOfPage\":{\"@id\":\"https:\\\/\\\/portaldenoticias.net\\\/ffsantos\\\/cicloturismo-ganha-forca-e-queimadas-e-mobiliza-poder-publico-e-comunidade\\\/#primaryimage\"},\"image\":{\"@id\":\"https:\\\/\\\/portaldenoticias.net\\\/ffsantos\\\/cicloturismo-ganha-forca-e-queimadas-e-mobiliza-poder-publico-e-comunidade\\\/#primaryimage\"},\"thumbnailUrl\":\"https:\\\/\\\/portaldenoticias.net\\\/ffsantos\\\/wp-content\\\/uploads\\\/2026\\\/05\\\/Serio-1-683163492_18582873430015657_3804321066267062867_n.jpg\",\"datePublished\":\"2026-05-01T13:04:59+00:00\",\"dateModified\":\"2026-05-01T13:05:10+00:00\",\"author\":{\"@id\":\"https:\\\/\\\/portaldenoticias.net\\\/ffsantos\\\/#\\\/schema\\\/person\\\/709c788ecb22f2378d698c2cd46cecc3\"},\"breadcrumb\":{\"@id\":\"https:\\\/\\\/portaldenoticias.net\\\/ffsantos\\\/cicloturismo-ganha-forca-e-queimadas-e-mobiliza-poder-publico-e-comunidade\\\/#breadcrumb\"},\"inLanguage\":\"pt-BR\",\"potentialAction\":[{\"@type\":\"ReadAction\",\"target\":[\"https:\\\/\\\/portaldenoticias.net\\\/ffsantos\\\/cicloturismo-ganha-forca-e-queimadas-e-mobiliza-poder-publico-e-comunidade\\\/\"]}]},{\"@type\":\"ImageObject\",\"inLanguage\":\"pt-BR\",\"@id\":\"https:\\\/\\\/portaldenoticias.net\\\/ffsantos\\\/cicloturismo-ganha-forca-e-queimadas-e-mobiliza-poder-publico-e-comunidade\\\/#primaryimage\",\"url\":\"https:\\\/\\\/portaldenoticias.net\\\/ffsantos\\\/wp-content\\\/uploads\\\/2026\\\/05\\\/Serio-1-683163492_18582873430015657_3804321066267062867_n.jpg\",\"contentUrl\":\"https:\\\/\\\/portaldenoticias.net\\\/ffsantos\\\/wp-content\\\/uploads\\\/2026\\\/05\\\/Serio-1-683163492_18582873430015657_3804321066267062867_n.jpg\",\"width\":1440,\"height\":809,\"caption\":\"Prefeito Ricardo Lopes e Professor Sergio\"},{\"@type\":\"BreadcrumbList\",\"@id\":\"https:\\\/\\\/portaldenoticias.net\\\/ffsantos\\\/cicloturismo-ganha-forca-e-queimadas-e-mobiliza-poder-publico-e-comunidade\\\/#breadcrumb\",\"itemListElement\":[{\"@type\":\"ListItem\",\"position\":1,\"name\":\"In\u00edcio\",\"item\":\"https:\\\/\\\/portaldenoticias.net\\\/ffsantos\\\/\"},{\"@type\":\"ListItem\",\"position\":2,\"name\":\"CICLOTURISMO GANHA FOR\u00c7A E QUEIMADAS E MOBILIZA PODER P\u00daBLICO E COMUNIDADE\"}]},{\"@type\":\"WebSite\",\"@id\":\"https:\\\/\\\/portaldenoticias.net\\\/ffsantos\\\/#website\",\"url\":\"https:\\\/\\\/portaldenoticias.net\\\/ffsantos\\\/\",\"name\":\"Blog do Florisvaldo |\",\"description\":\"Informa\u00e7\u00e3o com imparcialidade\",\"potentialAction\":[{\"@type\":\"SearchAction\",\"target\":{\"@type\":\"EntryPoint\",\"urlTemplate\":\"https:\\\/\\\/portaldenoticias.net\\\/ffsantos\\\/?s={search_term_string}\"},\"query-input\":{\"@type\":\"PropertyValueSpecification\",\"valueRequired\":true,\"valueName\":\"search_term_string\"}}],\"inLanguage\":\"pt-BR\"},{\"@type\":\"Person\",\"@id\":\"https:\\\/\\\/portaldenoticias.net\\\/ffsantos\\\/#\\\/schema\\\/person\\\/709c788ecb22f2378d698c2cd46cecc3\",\"name\":\"Florisvaldo\",\"image\":{\"@type\":\"ImageObject\",\"inLanguage\":\"pt-BR\",\"@id\":\"https:\\\/\\\/secure.gravatar.com\\\/avatar\\\/23c59839b4c874bb227d4916d18ba065e405a73d0e423fa9255ba9436604e628?s=96&d=mm&r=g\",\"url\":\"https:\\\/\\\/secure.gravatar.com\\\/avatar\\\/23c59839b4c874bb227d4916d18ba065e405a73d0e423fa9255ba9436604e628?s=96&d=mm&r=g\",\"contentUrl\":\"https:\\\/\\\/secure.gravatar.com\\\/avatar\\\/23c59839b4c874bb227d4916d18ba065e405a73d0e423fa9255ba9436604e628?s=96&d=mm&r=g\",\"caption\":\"Florisvaldo\"},\"url\":\"https:\\\/\\\/portaldenoticias.net\\\/ffsantos\\\/author\\\/ffsantos\\\/\"}]}<\/script>\n<!-- \/ Yoast SEO plugin. -->","yoast_head_json":{"title":"CICLOTURISMO GANHA FOR\u00c7A E QUEIMADAS E MOBILIZA PODER P\u00daBLICO E COMUNIDADE - Blog do Florisvaldo","robots":{"index":"index","follow":"follow","max-snippet":"max-snippet:-1","max-image-preview":"max-image-preview:large","max-video-preview":"max-video-preview:-1"},"canonical":"https:\/\/portaldenoticias.net\/ffsantos\/cicloturismo-ganha-forca-e-queimadas-e-mobiliza-poder-publico-e-comunidade\/","og_locale":"pt_BR","og_type":"article","og_title":"CICLOTURISMO GANHA FOR\u00c7A E QUEIMADAS E MOBILIZA PODER P\u00daBLICO E COMUNIDADE - Blog do Florisvaldo","og_description":"O munic\u00edpio de Queimadas, Sert\u00e3o da Bahia se prepara para mais um importante cap\u00edtulo no fortalecimento do esporte, do turismo e da integra\u00e7\u00e3o regional. O V Cicloturismo de Queimadas, marcado para o dia 16 de agosto, j\u00e1 come\u00e7a a ganhar forma com uma articula\u00e7\u00e3o que demonstra organiza\u00e7\u00e3o, compromisso e vis\u00e3o de futuro. A agenda recente","og_url":"https:\/\/portaldenoticias.net\/ffsantos\/cicloturismo-ganha-forca-e-queimadas-e-mobiliza-poder-publico-e-comunidade\/","og_site_name":"Blog do Florisvaldo","article_published_time":"2026-05-01T13:04:59+00:00","article_modified_time":"2026-05-01T13:05:10+00:00","og_image":[{"width":1440,"height":809,"url":"http:\/\/portaldenoticias.net\/ffsantos\/wp-content\/uploads\/2026\/05\/Serio-1-683163492_18582873430015657_3804321066267062867_n.jpg","type":"image\/jpeg"}],"author":"Florisvaldo","twitter_card":"summary_large_image","twitter_misc":{"Escrito por":"Florisvaldo","Est. tempo de leitura":"4 minutos"},"schema":{"@context":"https:\/\/schema.org","@graph":[{"@type":"Article","@id":"https:\/\/portaldenoticias.net\/ffsantos\/cicloturismo-ganha-forca-e-queimadas-e-mobiliza-poder-publico-e-comunidade\/#article","isPartOf":{"@id":"https:\/\/portaldenoticias.net\/ffsantos\/cicloturismo-ganha-forca-e-queimadas-e-mobiliza-poder-publico-e-comunidade\/"},"author":{"name":"Florisvaldo","@id":"https:\/\/portaldenoticias.net\/ffsantos\/#\/schema\/person\/709c788ecb22f2378d698c2cd46cecc3"},"headline":"CICLOTURISMO GANHA FOR\u00c7A E QUEIMADAS E MOBILIZA PODER P\u00daBLICO E COMUNIDADE","datePublished":"2026-05-01T13:04:59+00:00","dateModified":"2026-05-01T13:05:10+00:00","mainEntityOfPage":{"@id":"https:\/\/portaldenoticias.net\/ffsantos\/cicloturismo-ganha-forca-e-queimadas-e-mobiliza-poder-publico-e-comunidade\/"},"wordCount":395,"commentCount":0,"image":{"@id":"https:\/\/portaldenoticias.net\/ffsantos\/cicloturismo-ganha-forca-e-queimadas-e-mobiliza-poder-publico-e-comunidade\/#primaryimage"},"thumbnailUrl":"https:\/\/portaldenoticias.net\/ffsantos\/wp-content\/uploads\/2026\/05\/Serio-1-683163492_18582873430015657_3804321066267062867_n.jpg","articleSection":["Esportes"],"inLanguage":"pt-BR","potentialAction":[{"@type":"CommentAction","name":"Comment","target":["https:\/\/portaldenoticias.net\/ffsantos\/cicloturismo-ganha-forca-e-queimadas-e-mobiliza-poder-publico-e-comunidade\/#respond"]}]},{"@type":"WebPage","@id":"https:\/\/portaldenoticias.net\/ffsantos\/cicloturismo-ganha-forca-e-queimadas-e-mobiliza-poder-publico-e-comunidade\/","url":"https:\/\/portaldenoticias.net\/ffsantos\/cicloturismo-ganha-forca-e-queimadas-e-mobiliza-poder-publico-e-comunidade\/","name":"CICLOTURISMO GANHA FOR\u00c7A E QUEIMADAS E MOBILIZA PODER P\u00daBLICO E COMUNIDADE - Blog do Florisvaldo","isPartOf":{"@id":"https:\/\/portaldenoticias.net\/ffsantos\/#website"},"primaryImageOfPage":{"@id":"https:\/\/portaldenoticias.net\/ffsantos\/cicloturismo-ganha-forca-e-queimadas-e-mobiliza-poder-publico-e-comunidade\/#primaryimage"},"image":{"@id":"https:\/\/portaldenoticias.net\/ffsantos\/cicloturismo-ganha-forca-e-queimadas-e-mobiliza-poder-publico-e-comunidade\/#primaryimage"},"thumbnailUrl":"https:\/\/portaldenoticias.net\/ffsantos\/wp-content\/uploads\/2026\/05\/Serio-1-683163492_18582873430015657_3804321066267062867_n.jpg","datePublished":"2026-05-01T13:04:59+00:00","dateModified":"2026-05-01T13:05:10+00:00","author":{"@id":"https:\/\/portaldenoticias.net\/ffsantos\/#\/schema\/person\/709c788ecb22f2378d698c2cd46cecc3"},"breadcrumb":{"@id":"https:\/\/portaldenoticias.net\/ffsantos\/cicloturismo-ganha-forca-e-queimadas-e-mobiliza-poder-publico-e-comunidade\/#breadcrumb"},"inLanguage":"pt-BR","potentialAction":[{"@type":"ReadAction","target":["https:\/\/portaldenoticias.net\/ffsantos\/cicloturismo-ganha-forca-e-queimadas-e-mobiliza-poder-publico-e-comunidade\/"]}]},{"@type":"ImageObject","inLanguage":"pt-BR","@id":"https:\/\/portaldenoticias.net\/ffsantos\/cicloturismo-ganha-forca-e-queimadas-e-mobiliza-poder-publico-e-comunidade\/#primaryimage","url":"https:\/\/portaldenoticias.net\/ffsantos\/wp-content\/uploads\/2026\/05\/Serio-1-683163492_18582873430015657_3804321066267062867_n.jpg","contentUrl":"https:\/\/portaldenoticias.net\/ffsantos\/wp-content\/uploads\/2026\/05\/Serio-1-683163492_18582873430015657_3804321066267062867_n.jpg","width":1440,"height":809,"caption":"Prefeito Ricardo Lopes e Professor Sergio"},{"@type":"BreadcrumbList","@id":"https:\/\/portaldenoticias.net\/ffsantos\/cicloturismo-ganha-forca-e-queimadas-e-mobiliza-poder-publico-e-comunidade\/#breadcrumb","itemListElement":[{"@type":"ListItem","position":1,"name":"In\u00edcio","item":"https:\/\/portaldenoticias.net\/ffsantos\/"},{"@type":"ListItem","position":2,"name":"CICLOTURISMO GANHA FOR\u00c7A E QUEIMADAS E MOBILIZA PODER P\u00daBLICO E COMUNIDADE"}]},{"@type":"WebSite","@id":"https:\/\/portaldenoticias.net\/ffsantos\/#website","url":"https:\/\/portaldenoticias.net\/ffsantos\/","name":"Blog do Florisvaldo |","description":"Informa\u00e7\u00e3o com imparcialidade","potentialAction":[{"@type":"SearchAction","target":{"@type":"EntryPoint","urlTemplate":"https:\/\/portaldenoticias.net\/ffsantos\/?s={search_term_string}"},"query-input":{"@type":"PropertyValueSpecification","valueRequired":true,"valueName":"search_term_string"}}],"inLanguage":"pt-BR"},{"@type":"Person","@id":"https:\/\/portaldenoticias.net\/ffsantos\/#\/schema\/person\/709c788ecb22f2378d698c2cd46cecc3","name":"Florisvaldo","image":{"@type":"ImageObject","inLanguage":"pt-BR","@id":"https:\/\/secure.gravatar.com\/avatar\/23c59839b4c874bb227d4916d18ba065e405a73d0e423fa9255ba9436604e628?s=96&d=mm&r=g","url":"https:\/\/secure.gravatar.com\/avatar\/23c59839b4c874bb227d4916d18ba065e405a73d0e423fa9255ba9436604e628?s=96&d=mm&r=g","contentUrl":"https:\/\/secure.gravatar.com\/avatar\/23c59839b4c874bb227d4916d18ba065e405a73d0e423fa9255ba9436604e628?s=96&d=mm&r=g","caption":"Florisvaldo"},"url":"https:\/\/portaldenoticias.net\/ffsantos\/author\/ffsantos\/"}]}},"_links":{"self":[{"href":"https:\/\/portaldenoticias.net\/ffsantos\/wp-json\/wp\/v2\/posts\/22345","targetHints":{"allow":["GET"]}}],"collection":[{"href":"https:\/\/portaldenoticias.net\/ffsantos\/wp-json\/wp\/v2\/posts"}],"about":[{"href":"https:\/\/portaldenoticias.net\/ffsantos\/wp-json\/wp\/v2\/types\/post"}],"author":[{"embeddable":true,"href":"https:\/\/portaldenoticias.net\/ffsantos\/wp-json\/wp\/v2\/users\/2"}],"replies":[{"embeddable":true,"href":"https:\/\/portaldenoticias.net\/ffsantos\/wp-json\/wp\/v2\/comments?post=22345"}],"version-history":[{"count":1,"href":"https:\/\/portaldenoticias.net\/ffsantos\/wp-json\/wp\/v2\/posts\/22345\/revisions"}],"predecessor-version":[{"id":22352,"href":"https:\/\/portaldenoticias.net\/ffsantos\/wp-json\/wp\/v2\/posts\/22345\/revisions\/22352"}],"wp:featuredmedia":[{"embeddable":true,"href":"https:\/\/portaldenoticias.net\/ffsantos\/wp-json\/wp\/v2\/media\/22346"}],"wp:attachment":[{"href":"https:\/\/portaldenoticias.net\/ffsantos\/wp-json\/wp\/v2\/media?parent=22345"}],"wp:term":[{"taxonomy":"category","embeddable":true,"href":"https:\/\/portaldenoticias.net\/ffsantos\/wp-json\/wp\/v2\/categories?post=22345"},{"taxonomy":"post_tag","embeddable":true,"href":"https:\/\/portaldenoticias.net\/ffsantos\/wp-json\/wp\/v2\/tags?post=22345"}],"curies":[{"name":"wp","href":"https:\/\/api.w.org\/{rel}","templated":true}]}}