{"id":22340,"date":"2026-04-27T23:55:16","date_gmt":"2026-04-28T02:55:16","guid":{"rendered":"https:\/\/portaldenoticias.net\/ffsantos\/?p=22340"},"modified":"2026-05-01T09:06:01","modified_gmt":"2026-05-01T12:06:01","slug":"28-abril-dia-nacional-da-caatinga-do-esquecimento-a-vanguarda-climatica","status":"publish","type":"post","link":"https:\/\/portaldenoticias.net\/ffsantos\/28-abril-dia-nacional-da-caatinga-do-esquecimento-a-vanguarda-climatica\/","title":{"rendered":"28 ABRIL &#8211; DIA NACIONAL DA CAATINGA: DO ESQUECIMENTO \u00c1 VANGUARDA CLIM\u00c1TICA"},"content":{"rendered":"<figure id=\"attachment_22341\" aria-describedby=\"caption-attachment-22341\" style=\"width: 749px\" class=\"wp-caption aligncenter\"><a href=\"http:\/\/portaldenoticias.net\/ffsantos\/wp-content\/uploads\/2026\/05\/Caatinga-Lajedo-Imagem3.png\"><img loading=\"lazy\" decoding=\"async\" class=\"size-large wp-image-22341\" src=\"http:\/\/portaldenoticias.net\/ffsantos\/wp-content\/uploads\/2026\/05\/Caatinga-Lajedo-Imagem3-1024x683.png\" alt=\"\" width=\"749\" height=\"500\" srcset=\"https:\/\/portaldenoticias.net\/ffsantos\/wp-content\/uploads\/2026\/05\/Caatinga-Lajedo-Imagem3-1024x683.png 1024w, https:\/\/portaldenoticias.net\/ffsantos\/wp-content\/uploads\/2026\/05\/Caatinga-Lajedo-Imagem3-300x200.png 300w, https:\/\/portaldenoticias.net\/ffsantos\/wp-content\/uploads\/2026\/05\/Caatinga-Lajedo-Imagem3-768x512.png 768w, https:\/\/portaldenoticias.net\/ffsantos\/wp-content\/uploads\/2026\/05\/Caatinga-Lajedo-Imagem3-1536x1025.png 1536w, https:\/\/portaldenoticias.net\/ffsantos\/wp-content\/uploads\/2026\/05\/Caatinga-Lajedo-Imagem3-150x100.png 150w, https:\/\/portaldenoticias.net\/ffsantos\/wp-content\/uploads\/2026\/05\/Caatinga-Lajedo-Imagem3-450x300.png 450w, https:\/\/portaldenoticias.net\/ffsantos\/wp-content\/uploads\/2026\/05\/Caatinga-Lajedo-Imagem3-1200x800.png 1200w, https:\/\/portaldenoticias.net\/ffsantos\/wp-content\/uploads\/2026\/05\/Caatinga-Lajedo-Imagem3.png 2048w\" sizes=\"auto, (max-width: 749px) 100vw, 749px\" \/><\/a><figcaption id=\"caption-attachment-22341\" class=\"wp-caption-text\">Bioma \u00e9 o tipo de conhecimento que o mundo precisa e que o Brasil insiste em ignorar; n\u00e3o \u00e9 s\u00f3 sobre meio ambiente, mas economia e desenvolvimento.<\/figcaption><\/figure>\n<p>O Dia Nacional da Caatinga \u00e9 celebrado em 28 de abril, institu\u00eddo para conscientizar sobre a preserva\u00e7\u00e3o do \u00fanico bioma 100% brasileiro. A data homenageia o ec\u00f3logo Jo\u00e3o Vasconcelos Sobrinho e destaca a rica biodiversidade do semi\u00e1rido, que ocupa 11% do territ\u00f3rio nacional e enfrenta amea\u00e7as como desmatamento e mudan\u00e7as clim\u00e1ticas.<\/p>\n<p>Com este tema, o \u00a0Centro de Desenvolvimento Agroecol\u00f3gico Sabi\u00e1 e idealizador da Caatinga Climate Week fez uma materia, o qual reproduzimos na integra:<\/p>\n<p>Fa\u00e7a um teste r\u00e1pido: abra o Google, pesquise \u201csert\u00e3o nordestino\u201d e olhe as primeiras imagens por vinte segundos. Depois troque por \u201clitoral nordestino\u201d e repita. Onde voc\u00ea escolheria passar f\u00e9rias? A resposta \u00e9 \u00f3bvia e \u00e9 exatamente a\u00ed que est\u00e1 o problema. Uma regi\u00e3o com quase 30 milh\u00f5es de pessoas, a maior zona semi\u00e1rida populosa do mundo, continua sendo representada por terra rachada, crian\u00e7as com fome e mulheres carregando latas d\u2019\u00e1gua na cabe\u00e7a. Pe\u00e7a a qualquer provedor de intelig\u00eancia artificial para gerar uma imagem do sert\u00e3o e outra do litoral: o resultado ser\u00e1 o mesmo. A estrat\u00e9gia da \u201chist\u00f3ria \u00fanica\u201d, da escritora nigeriana Chimamanda Adichie, continua povoando nossas mentes e, claro, esse lugar chamado internet.<\/p>\n<p>Mas hoje, 28 de abril, Dia Nacional da Caatinga, o Brasil precisa trocar as lentes e olhar melhor esse lugar. A Caatinga n\u00e3o \u00e9 o bioma do atraso, mas o bioma que o Brasil vai precisar entender quando a crise clim\u00e1tica \u201cderrubar \u201ca nossa porta.<\/p>\n<p>A Caatinga, em tupi \u201cmata branca\u201d pela colora\u00e7\u00e3o cinza das \u00e1rvores que perdem as folhas na seca, \u00e9 o \u00fanico bioma exclusivamente brasileiro. Ela cobre cerca de 11% do territ\u00f3rio nacional e \u00e9 habitat de esp\u00e9cies \u00fanicas no mundo. Plantas que hibernam durante a estiagem e guardam \u00e1gua nas ra\u00edzes. Dezenas de esp\u00e9cies de abelhas nativas que coevolu\u00edram com a flora local ao longo de mil\u00eanios. Um patrim\u00f4nio biol\u00f3gico que, em plena era de aquecimento global, \u00e9 precisamente o tipo de conhecimento que o mundo est\u00e1 desesperadamente procurando e que o Brasil insiste em ignorar.<\/p>\n<figure id=\"attachment_22343\" aria-describedby=\"caption-attachment-22343\" style=\"width: 749px\" class=\"wp-caption aligncenter\"><a href=\"http:\/\/portaldenoticias.net\/ffsantos\/wp-content\/uploads\/2026\/05\/Caatinga-Milho-Imagem2.png\"><img loading=\"lazy\" decoding=\"async\" class=\"size-large wp-image-22343\" src=\"http:\/\/portaldenoticias.net\/ffsantos\/wp-content\/uploads\/2026\/05\/Caatinga-Milho-Imagem2-1024x683.png\" alt=\"\" width=\"749\" height=\"500\" srcset=\"https:\/\/portaldenoticias.net\/ffsantos\/wp-content\/uploads\/2026\/05\/Caatinga-Milho-Imagem2-1024x683.png 1024w, https:\/\/portaldenoticias.net\/ffsantos\/wp-content\/uploads\/2026\/05\/Caatinga-Milho-Imagem2-300x200.png 300w, https:\/\/portaldenoticias.net\/ffsantos\/wp-content\/uploads\/2026\/05\/Caatinga-Milho-Imagem2-768x512.png 768w, https:\/\/portaldenoticias.net\/ffsantos\/wp-content\/uploads\/2026\/05\/Caatinga-Milho-Imagem2-1536x1024.png 1536w, https:\/\/portaldenoticias.net\/ffsantos\/wp-content\/uploads\/2026\/05\/Caatinga-Milho-Imagem2-150x100.png 150w, https:\/\/portaldenoticias.net\/ffsantos\/wp-content\/uploads\/2026\/05\/Caatinga-Milho-Imagem2-450x300.png 450w, https:\/\/portaldenoticias.net\/ffsantos\/wp-content\/uploads\/2026\/05\/Caatinga-Milho-Imagem2-1200x800.png 1200w, https:\/\/portaldenoticias.net\/ffsantos\/wp-content\/uploads\/2026\/05\/Caatinga-Milho-Imagem2.png 2048w\" sizes=\"auto, (max-width: 749px) 100vw, 749px\" \/><\/a><figcaption id=\"caption-attachment-22343\" class=\"wp-caption-text\">Metade da agricultura familiar do pa\u00eds est\u00e1 no Nordeste, segundo o \u00faltimo Censo Agropecu\u00e1rio.<\/figcaption><\/figure>\n<p>Essa invisibilidade tem custo. Em novembro de 2023 o Cemaden identificou a primeira zona \u00e1rida entre Bahia e Pernambuco, \u00e9 a primeira \u00e1rea des\u00e9rtica no Brasil. E o impacto n\u00e3o \u00e9 apenas ambiental. Metade da agricultura familiar do pa\u00eds est\u00e1 no Nordeste, segundo o \u00faltimo Censo Agropecu\u00e1rio. S\u00e3o estas fam\u00edlias respons\u00e1veis pela produ\u00e7\u00e3o de alimentos na regi\u00e3o. Degradar a Caatinga \u00e9 degradar a seguran\u00e7a alimentar de um povo inteiro.<\/p>\n<p style=\"text-align: center\"><strong><em>Mas h\u00e1 outras hist\u00f3rias para contar. Uma delas come\u00e7a com a chuva.<\/em><\/strong><\/p>\n<figure id=\"attachment_22342\" aria-describedby=\"caption-attachment-22342\" style=\"width: 749px\" class=\"wp-caption aligncenter\"><a href=\"http:\/\/portaldenoticias.net\/ffsantos\/wp-content\/uploads\/2026\/05\/CAATINGA-CISTERNA.png\"><img loading=\"lazy\" decoding=\"async\" class=\"size-large wp-image-22342\" src=\"http:\/\/portaldenoticias.net\/ffsantos\/wp-content\/uploads\/2026\/05\/CAATINGA-CISTERNA-1024x683.png\" alt=\"\" width=\"749\" height=\"500\" srcset=\"https:\/\/portaldenoticias.net\/ffsantos\/wp-content\/uploads\/2026\/05\/CAATINGA-CISTERNA-1024x683.png 1024w, https:\/\/portaldenoticias.net\/ffsantos\/wp-content\/uploads\/2026\/05\/CAATINGA-CISTERNA-300x200.png 300w, https:\/\/portaldenoticias.net\/ffsantos\/wp-content\/uploads\/2026\/05\/CAATINGA-CISTERNA-768x512.png 768w, https:\/\/portaldenoticias.net\/ffsantos\/wp-content\/uploads\/2026\/05\/CAATINGA-CISTERNA-1536x1024.png 1536w, https:\/\/portaldenoticias.net\/ffsantos\/wp-content\/uploads\/2026\/05\/CAATINGA-CISTERNA-150x100.png 150w, https:\/\/portaldenoticias.net\/ffsantos\/wp-content\/uploads\/2026\/05\/CAATINGA-CISTERNA-450x300.png 450w, https:\/\/portaldenoticias.net\/ffsantos\/wp-content\/uploads\/2026\/05\/CAATINGA-CISTERNA-1200x800.png 1200w, https:\/\/portaldenoticias.net\/ffsantos\/wp-content\/uploads\/2026\/05\/CAATINGA-CISTERNA.png 2048w\" sizes=\"auto, (max-width: 749px) 100vw, 749px\" \/><\/a><figcaption id=\"caption-attachment-22342\" class=\"wp-caption-text\">Programa Um Milh\u00e3o de Cisternas em pol\u00edtica p\u00fablica.<\/figcaption><\/figure>\n<p>No in\u00edcio dos anos 2000, a Articula\u00e7\u00e3o do Semi\u00e1rido Brasileiro (ASA) prop\u00f4s algo simples e revolucion\u00e1rio: captar \u00e1gua de chuva do teto das casas na zona rural e armazen\u00e1-las\u00a0 em cisternas. N\u00e3o teve m\u00e1gica, foi um pedreiro sergipano que, ao migrar para S\u00e3o Paulo para construir piscinas, resolveu fazer cisternas redondas que eram mais simples. Esse conhecimento foi testado, sistematizado e escalado. O governo federal, pressionado pela sociedade civil, transformou o Programa Um Milh\u00e3o de Cisternas em pol\u00edtica p\u00fablica. Hoje, mais de 1,3 milh\u00e3o de cisternas foram constru\u00eddas, levando \u00e1gua pot\u00e1vel para mais de 5 milh\u00f5es de pessoas de forma cont\u00ednua. \u00c9 um dos maiores programas de adapta\u00e7\u00e3o clim\u00e1tica em terras secas do mundo.<\/p>\n<p>Por d\u00e9cadas, o semi\u00e1rido foi tratado como regi\u00e3o-problema. O que as comunidades sertanejas constru\u00edram, com pouco e em condi\u00e7\u00f5es adversas, prova que \u00e9 regi\u00e3o-solu\u00e7\u00e3o em tempos de crise clim\u00e1tica. Uma oportunidade de conhecer melhor \u00e9 atrav\u00e9s da Caatinga Climate Week. onde o protagonismo \u00e9 de quem vive e produz no semi\u00e1rido, n\u00e3o de quem apenas fala sobre ele. Restaurar 1 milh\u00e3o de hectares de Caatinga geraria quase 466 mil empregos e produziria mais de 7 milh\u00f5es de toneladas de alimentos, com retorno financeiro de quase o dobro do investimento, segundo o Instituto Escolha. N\u00e3o \u00e9 apenas sobre o meio ambiente, \u00e9 sobre economia e desenvolvimento.<\/p>\n<p>A Caatinga acumula s\u00e9culos de experi\u00eancia com o que a crise clim\u00e1tica est\u00e1 impondo agora ao planeta inteiro: calor, seca e irregularidade h\u00eddrica. Segundo a Conven\u00e7\u00e3o das Na\u00e7\u00f5es Unidas de Combate \u00e0 Desertifica\u00e7\u00e3o (UNCCD), 40% das terras do planeta j\u00e1 s\u00e3o consideradas secas, colocando bilh\u00f5es de pessoas diante da escassez de \u00e1gua nas pr\u00f3ximas d\u00e9cadas. Quem estaria mais preparado para enfrentar esse futuro do que os povos que h\u00e1 s\u00e9culos j\u00e1 cultivam vida, cultura e alimento nessas regi\u00f5es?<\/p>\n<p>A Caatinga j\u00e1 respondeu \u00e0 seca por s\u00e9culos. Agora, precisa responder \u00e0 invisibilidade.<\/p>\n<p><strong><em>Fonte:<\/em><\/strong> <a href=\"https:\/\/centrosabia.org.br\">https:\/\/centrosabia.org.br<\/a> &#8211; Por Carlos Magno de Medeiros Morais:\u00a0Coordenador do Centro de Desenvolvimento Agroecol\u00f3gico Sabi\u00e1 e idealizador da Caatinga Climate Week &#8211; \u00a0Reprodu\u00e7\u00e3o da Folha de S\u00e3o Paulo.<\/p>\n<p>&nbsp;<\/p>\n<p style=\"text-align: center\"><strong><em>Blog do Florisvaldo \u2013 Informa\u00e7\u00e3o Com Imparcialidade <\/em><\/strong><\/p>\n","protected":false},"excerpt":{"rendered":"<p>O Dia Nacional da Caatinga \u00e9 celebrado em 28 de abril, institu\u00eddo para conscientizar sobre a preserva\u00e7\u00e3o do \u00fanico bioma 100% brasileiro. A data homenageia o ec\u00f3logo Jo\u00e3o Vasconcelos Sobrinho e destaca a rica biodiversidade do semi\u00e1rido, que ocupa 11% do territ\u00f3rio nacional e enfrenta amea\u00e7as como desmatamento e mudan\u00e7as clim\u00e1ticas. Com este tema, o<\/p>\n","protected":false},"author":2,"featured_media":22341,"comment_status":"open","ping_status":"open","sticky":false,"template":"","format":"standard","meta":{"footnotes":""},"categories":[2],"tags":[],"class_list":{"0":"post-22340","1":"post","2":"type-post","3":"status-publish","4":"format-standard","5":"has-post-thumbnail","7":"category-brasil"},"yoast_head":"<!-- This site is optimized with the Yoast SEO plugin v27.4 - https:\/\/yoast.com\/product\/yoast-seo-wordpress\/ -->\n<title>28 ABRIL - DIA NACIONAL DA CAATINGA: DO ESQUECIMENTO \u00c1 VANGUARDA CLIM\u00c1TICA - Blog do Florisvaldo<\/title>\n<meta name=\"robots\" content=\"index, follow, max-snippet:-1, max-image-preview:large, max-video-preview:-1\" \/>\n<link rel=\"canonical\" href=\"https:\/\/portaldenoticias.net\/ffsantos\/28-abril-dia-nacional-da-caatinga-do-esquecimento-a-vanguarda-climatica\/\" \/>\n<meta property=\"og:locale\" content=\"pt_BR\" \/>\n<meta property=\"og:type\" content=\"article\" \/>\n<meta property=\"og:title\" content=\"28 ABRIL - DIA NACIONAL DA CAATINGA: DO ESQUECIMENTO \u00c1 VANGUARDA CLIM\u00c1TICA - Blog do Florisvaldo\" \/>\n<meta property=\"og:description\" content=\"O Dia Nacional da Caatinga \u00e9 celebrado em 28 de abril, institu\u00eddo para conscientizar sobre a preserva\u00e7\u00e3o do \u00fanico bioma 100% brasileiro. A data homenageia o ec\u00f3logo Jo\u00e3o Vasconcelos Sobrinho e destaca a rica biodiversidade do semi\u00e1rido, que ocupa 11% do territ\u00f3rio nacional e enfrenta amea\u00e7as como desmatamento e mudan\u00e7as clim\u00e1ticas. Com este tema, o\" \/>\n<meta property=\"og:url\" content=\"https:\/\/portaldenoticias.net\/ffsantos\/28-abril-dia-nacional-da-caatinga-do-esquecimento-a-vanguarda-climatica\/\" \/>\n<meta property=\"og:site_name\" content=\"Blog do Florisvaldo\" \/>\n<meta property=\"article:published_time\" content=\"2026-04-28T02:55:16+00:00\" \/>\n<meta property=\"article:modified_time\" content=\"2026-05-01T12:06:01+00:00\" \/>\n<meta property=\"og:image\" content=\"http:\/\/portaldenoticias.net\/ffsantos\/wp-content\/uploads\/2026\/05\/Caatinga-Lajedo-Imagem3-1024x683.png\" \/>\n\t<meta property=\"og:image:width\" content=\"1024\" \/>\n\t<meta property=\"og:image:height\" content=\"683\" \/>\n\t<meta property=\"og:image:type\" content=\"image\/png\" \/>\n<meta name=\"author\" content=\"Florisvaldo\" \/>\n<meta name=\"twitter:card\" content=\"summary_large_image\" \/>\n<meta name=\"twitter:label1\" content=\"Escrito por\" \/>\n\t<meta name=\"twitter:data1\" content=\"Florisvaldo\" \/>\n\t<meta name=\"twitter:label2\" content=\"Est. tempo de leitura\" \/>\n\t<meta name=\"twitter:data2\" content=\"6 minutos\" \/>\n<script type=\"application\/ld+json\" class=\"yoast-schema-graph\">{\"@context\":\"https:\\\/\\\/schema.org\",\"@graph\":[{\"@type\":\"Article\",\"@id\":\"https:\\\/\\\/portaldenoticias.net\\\/ffsantos\\\/28-abril-dia-nacional-da-caatinga-do-esquecimento-a-vanguarda-climatica\\\/#article\",\"isPartOf\":{\"@id\":\"https:\\\/\\\/portaldenoticias.net\\\/ffsantos\\\/28-abril-dia-nacional-da-caatinga-do-esquecimento-a-vanguarda-climatica\\\/\"},\"author\":{\"name\":\"Florisvaldo\",\"@id\":\"https:\\\/\\\/portaldenoticias.net\\\/ffsantos\\\/#\\\/schema\\\/person\\\/709c788ecb22f2378d698c2cd46cecc3\"},\"headline\":\"28 ABRIL &#8211; DIA NACIONAL DA CAATINGA: DO ESQUECIMENTO \u00c1 VANGUARDA CLIM\u00c1TICA\",\"datePublished\":\"2026-04-28T02:55:16+00:00\",\"dateModified\":\"2026-05-01T12:06:01+00:00\",\"mainEntityOfPage\":{\"@id\":\"https:\\\/\\\/portaldenoticias.net\\\/ffsantos\\\/28-abril-dia-nacional-da-caatinga-do-esquecimento-a-vanguarda-climatica\\\/\"},\"wordCount\":910,\"commentCount\":0,\"image\":{\"@id\":\"https:\\\/\\\/portaldenoticias.net\\\/ffsantos\\\/28-abril-dia-nacional-da-caatinga-do-esquecimento-a-vanguarda-climatica\\\/#primaryimage\"},\"thumbnailUrl\":\"https:\\\/\\\/portaldenoticias.net\\\/ffsantos\\\/wp-content\\\/uploads\\\/2026\\\/05\\\/Caatinga-Lajedo-Imagem3.png\",\"articleSection\":[\"Brasil\"],\"inLanguage\":\"pt-BR\",\"potentialAction\":[{\"@type\":\"CommentAction\",\"name\":\"Comment\",\"target\":[\"https:\\\/\\\/portaldenoticias.net\\\/ffsantos\\\/28-abril-dia-nacional-da-caatinga-do-esquecimento-a-vanguarda-climatica\\\/#respond\"]}]},{\"@type\":\"WebPage\",\"@id\":\"https:\\\/\\\/portaldenoticias.net\\\/ffsantos\\\/28-abril-dia-nacional-da-caatinga-do-esquecimento-a-vanguarda-climatica\\\/\",\"url\":\"https:\\\/\\\/portaldenoticias.net\\\/ffsantos\\\/28-abril-dia-nacional-da-caatinga-do-esquecimento-a-vanguarda-climatica\\\/\",\"name\":\"28 ABRIL - DIA NACIONAL DA CAATINGA: DO ESQUECIMENTO \u00c1 VANGUARDA CLIM\u00c1TICA - Blog do Florisvaldo\",\"isPartOf\":{\"@id\":\"https:\\\/\\\/portaldenoticias.net\\\/ffsantos\\\/#website\"},\"primaryImageOfPage\":{\"@id\":\"https:\\\/\\\/portaldenoticias.net\\\/ffsantos\\\/28-abril-dia-nacional-da-caatinga-do-esquecimento-a-vanguarda-climatica\\\/#primaryimage\"},\"image\":{\"@id\":\"https:\\\/\\\/portaldenoticias.net\\\/ffsantos\\\/28-abril-dia-nacional-da-caatinga-do-esquecimento-a-vanguarda-climatica\\\/#primaryimage\"},\"thumbnailUrl\":\"https:\\\/\\\/portaldenoticias.net\\\/ffsantos\\\/wp-content\\\/uploads\\\/2026\\\/05\\\/Caatinga-Lajedo-Imagem3.png\",\"datePublished\":\"2026-04-28T02:55:16+00:00\",\"dateModified\":\"2026-05-01T12:06:01+00:00\",\"author\":{\"@id\":\"https:\\\/\\\/portaldenoticias.net\\\/ffsantos\\\/#\\\/schema\\\/person\\\/709c788ecb22f2378d698c2cd46cecc3\"},\"breadcrumb\":{\"@id\":\"https:\\\/\\\/portaldenoticias.net\\\/ffsantos\\\/28-abril-dia-nacional-da-caatinga-do-esquecimento-a-vanguarda-climatica\\\/#breadcrumb\"},\"inLanguage\":\"pt-BR\",\"potentialAction\":[{\"@type\":\"ReadAction\",\"target\":[\"https:\\\/\\\/portaldenoticias.net\\\/ffsantos\\\/28-abril-dia-nacional-da-caatinga-do-esquecimento-a-vanguarda-climatica\\\/\"]}]},{\"@type\":\"ImageObject\",\"inLanguage\":\"pt-BR\",\"@id\":\"https:\\\/\\\/portaldenoticias.net\\\/ffsantos\\\/28-abril-dia-nacional-da-caatinga-do-esquecimento-a-vanguarda-climatica\\\/#primaryimage\",\"url\":\"https:\\\/\\\/portaldenoticias.net\\\/ffsantos\\\/wp-content\\\/uploads\\\/2026\\\/05\\\/Caatinga-Lajedo-Imagem3.png\",\"contentUrl\":\"https:\\\/\\\/portaldenoticias.net\\\/ffsantos\\\/wp-content\\\/uploads\\\/2026\\\/05\\\/Caatinga-Lajedo-Imagem3.png\",\"width\":2048,\"height\":1366,\"caption\":\"Bioma \u00e9 o tipo de conhecimento que o mundo precisa e que o Brasil insiste em ignorar; n\u00e3o \u00e9 s\u00f3 sobre meio ambiente, mas economia e desenvolvimento.\"},{\"@type\":\"BreadcrumbList\",\"@id\":\"https:\\\/\\\/portaldenoticias.net\\\/ffsantos\\\/28-abril-dia-nacional-da-caatinga-do-esquecimento-a-vanguarda-climatica\\\/#breadcrumb\",\"itemListElement\":[{\"@type\":\"ListItem\",\"position\":1,\"name\":\"In\u00edcio\",\"item\":\"https:\\\/\\\/portaldenoticias.net\\\/ffsantos\\\/\"},{\"@type\":\"ListItem\",\"position\":2,\"name\":\"28 ABRIL &#8211; DIA NACIONAL DA CAATINGA: DO ESQUECIMENTO \u00c1 VANGUARDA CLIM\u00c1TICA\"}]},{\"@type\":\"WebSite\",\"@id\":\"https:\\\/\\\/portaldenoticias.net\\\/ffsantos\\\/#website\",\"url\":\"https:\\\/\\\/portaldenoticias.net\\\/ffsantos\\\/\",\"name\":\"Blog do Florisvaldo |\",\"description\":\"Informa\u00e7\u00e3o com imparcialidade\",\"potentialAction\":[{\"@type\":\"SearchAction\",\"target\":{\"@type\":\"EntryPoint\",\"urlTemplate\":\"https:\\\/\\\/portaldenoticias.net\\\/ffsantos\\\/?s={search_term_string}\"},\"query-input\":{\"@type\":\"PropertyValueSpecification\",\"valueRequired\":true,\"valueName\":\"search_term_string\"}}],\"inLanguage\":\"pt-BR\"},{\"@type\":\"Person\",\"@id\":\"https:\\\/\\\/portaldenoticias.net\\\/ffsantos\\\/#\\\/schema\\\/person\\\/709c788ecb22f2378d698c2cd46cecc3\",\"name\":\"Florisvaldo\",\"image\":{\"@type\":\"ImageObject\",\"inLanguage\":\"pt-BR\",\"@id\":\"https:\\\/\\\/secure.gravatar.com\\\/avatar\\\/23c59839b4c874bb227d4916d18ba065e405a73d0e423fa9255ba9436604e628?s=96&d=mm&r=g\",\"url\":\"https:\\\/\\\/secure.gravatar.com\\\/avatar\\\/23c59839b4c874bb227d4916d18ba065e405a73d0e423fa9255ba9436604e628?s=96&d=mm&r=g\",\"contentUrl\":\"https:\\\/\\\/secure.gravatar.com\\\/avatar\\\/23c59839b4c874bb227d4916d18ba065e405a73d0e423fa9255ba9436604e628?s=96&d=mm&r=g\",\"caption\":\"Florisvaldo\"},\"url\":\"https:\\\/\\\/portaldenoticias.net\\\/ffsantos\\\/author\\\/ffsantos\\\/\"}]}<\/script>\n<!-- \/ Yoast SEO plugin. -->","yoast_head_json":{"title":"28 ABRIL - DIA NACIONAL DA CAATINGA: DO ESQUECIMENTO \u00c1 VANGUARDA CLIM\u00c1TICA - Blog do Florisvaldo","robots":{"index":"index","follow":"follow","max-snippet":"max-snippet:-1","max-image-preview":"max-image-preview:large","max-video-preview":"max-video-preview:-1"},"canonical":"https:\/\/portaldenoticias.net\/ffsantos\/28-abril-dia-nacional-da-caatinga-do-esquecimento-a-vanguarda-climatica\/","og_locale":"pt_BR","og_type":"article","og_title":"28 ABRIL - DIA NACIONAL DA CAATINGA: DO ESQUECIMENTO \u00c1 VANGUARDA CLIM\u00c1TICA - Blog do Florisvaldo","og_description":"O Dia Nacional da Caatinga \u00e9 celebrado em 28 de abril, institu\u00eddo para conscientizar sobre a preserva\u00e7\u00e3o do \u00fanico bioma 100% brasileiro. A data homenageia o ec\u00f3logo Jo\u00e3o Vasconcelos Sobrinho e destaca a rica biodiversidade do semi\u00e1rido, que ocupa 11% do territ\u00f3rio nacional e enfrenta amea\u00e7as como desmatamento e mudan\u00e7as clim\u00e1ticas. Com este tema, o","og_url":"https:\/\/portaldenoticias.net\/ffsantos\/28-abril-dia-nacional-da-caatinga-do-esquecimento-a-vanguarda-climatica\/","og_site_name":"Blog do Florisvaldo","article_published_time":"2026-04-28T02:55:16+00:00","article_modified_time":"2026-05-01T12:06:01+00:00","og_image":[{"width":1024,"height":683,"url":"http:\/\/portaldenoticias.net\/ffsantos\/wp-content\/uploads\/2026\/05\/Caatinga-Lajedo-Imagem3-1024x683.png","type":"image\/png"}],"author":"Florisvaldo","twitter_card":"summary_large_image","twitter_misc":{"Escrito por":"Florisvaldo","Est. tempo de leitura":"6 minutos"},"schema":{"@context":"https:\/\/schema.org","@graph":[{"@type":"Article","@id":"https:\/\/portaldenoticias.net\/ffsantos\/28-abril-dia-nacional-da-caatinga-do-esquecimento-a-vanguarda-climatica\/#article","isPartOf":{"@id":"https:\/\/portaldenoticias.net\/ffsantos\/28-abril-dia-nacional-da-caatinga-do-esquecimento-a-vanguarda-climatica\/"},"author":{"name":"Florisvaldo","@id":"https:\/\/portaldenoticias.net\/ffsantos\/#\/schema\/person\/709c788ecb22f2378d698c2cd46cecc3"},"headline":"28 ABRIL &#8211; DIA NACIONAL DA CAATINGA: DO ESQUECIMENTO \u00c1 VANGUARDA CLIM\u00c1TICA","datePublished":"2026-04-28T02:55:16+00:00","dateModified":"2026-05-01T12:06:01+00:00","mainEntityOfPage":{"@id":"https:\/\/portaldenoticias.net\/ffsantos\/28-abril-dia-nacional-da-caatinga-do-esquecimento-a-vanguarda-climatica\/"},"wordCount":910,"commentCount":0,"image":{"@id":"https:\/\/portaldenoticias.net\/ffsantos\/28-abril-dia-nacional-da-caatinga-do-esquecimento-a-vanguarda-climatica\/#primaryimage"},"thumbnailUrl":"https:\/\/portaldenoticias.net\/ffsantos\/wp-content\/uploads\/2026\/05\/Caatinga-Lajedo-Imagem3.png","articleSection":["Brasil"],"inLanguage":"pt-BR","potentialAction":[{"@type":"CommentAction","name":"Comment","target":["https:\/\/portaldenoticias.net\/ffsantos\/28-abril-dia-nacional-da-caatinga-do-esquecimento-a-vanguarda-climatica\/#respond"]}]},{"@type":"WebPage","@id":"https:\/\/portaldenoticias.net\/ffsantos\/28-abril-dia-nacional-da-caatinga-do-esquecimento-a-vanguarda-climatica\/","url":"https:\/\/portaldenoticias.net\/ffsantos\/28-abril-dia-nacional-da-caatinga-do-esquecimento-a-vanguarda-climatica\/","name":"28 ABRIL - DIA NACIONAL DA CAATINGA: DO ESQUECIMENTO \u00c1 VANGUARDA CLIM\u00c1TICA - Blog do Florisvaldo","isPartOf":{"@id":"https:\/\/portaldenoticias.net\/ffsantos\/#website"},"primaryImageOfPage":{"@id":"https:\/\/portaldenoticias.net\/ffsantos\/28-abril-dia-nacional-da-caatinga-do-esquecimento-a-vanguarda-climatica\/#primaryimage"},"image":{"@id":"https:\/\/portaldenoticias.net\/ffsantos\/28-abril-dia-nacional-da-caatinga-do-esquecimento-a-vanguarda-climatica\/#primaryimage"},"thumbnailUrl":"https:\/\/portaldenoticias.net\/ffsantos\/wp-content\/uploads\/2026\/05\/Caatinga-Lajedo-Imagem3.png","datePublished":"2026-04-28T02:55:16+00:00","dateModified":"2026-05-01T12:06:01+00:00","author":{"@id":"https:\/\/portaldenoticias.net\/ffsantos\/#\/schema\/person\/709c788ecb22f2378d698c2cd46cecc3"},"breadcrumb":{"@id":"https:\/\/portaldenoticias.net\/ffsantos\/28-abril-dia-nacional-da-caatinga-do-esquecimento-a-vanguarda-climatica\/#breadcrumb"},"inLanguage":"pt-BR","potentialAction":[{"@type":"ReadAction","target":["https:\/\/portaldenoticias.net\/ffsantos\/28-abril-dia-nacional-da-caatinga-do-esquecimento-a-vanguarda-climatica\/"]}]},{"@type":"ImageObject","inLanguage":"pt-BR","@id":"https:\/\/portaldenoticias.net\/ffsantos\/28-abril-dia-nacional-da-caatinga-do-esquecimento-a-vanguarda-climatica\/#primaryimage","url":"https:\/\/portaldenoticias.net\/ffsantos\/wp-content\/uploads\/2026\/05\/Caatinga-Lajedo-Imagem3.png","contentUrl":"https:\/\/portaldenoticias.net\/ffsantos\/wp-content\/uploads\/2026\/05\/Caatinga-Lajedo-Imagem3.png","width":2048,"height":1366,"caption":"Bioma \u00e9 o tipo de conhecimento que o mundo precisa e que o Brasil insiste em ignorar; n\u00e3o \u00e9 s\u00f3 sobre meio ambiente, mas economia e desenvolvimento."},{"@type":"BreadcrumbList","@id":"https:\/\/portaldenoticias.net\/ffsantos\/28-abril-dia-nacional-da-caatinga-do-esquecimento-a-vanguarda-climatica\/#breadcrumb","itemListElement":[{"@type":"ListItem","position":1,"name":"In\u00edcio","item":"https:\/\/portaldenoticias.net\/ffsantos\/"},{"@type":"ListItem","position":2,"name":"28 ABRIL &#8211; DIA NACIONAL DA CAATINGA: DO ESQUECIMENTO \u00c1 VANGUARDA CLIM\u00c1TICA"}]},{"@type":"WebSite","@id":"https:\/\/portaldenoticias.net\/ffsantos\/#website","url":"https:\/\/portaldenoticias.net\/ffsantos\/","name":"Blog do Florisvaldo |","description":"Informa\u00e7\u00e3o com imparcialidade","potentialAction":[{"@type":"SearchAction","target":{"@type":"EntryPoint","urlTemplate":"https:\/\/portaldenoticias.net\/ffsantos\/?s={search_term_string}"},"query-input":{"@type":"PropertyValueSpecification","valueRequired":true,"valueName":"search_term_string"}}],"inLanguage":"pt-BR"},{"@type":"Person","@id":"https:\/\/portaldenoticias.net\/ffsantos\/#\/schema\/person\/709c788ecb22f2378d698c2cd46cecc3","name":"Florisvaldo","image":{"@type":"ImageObject","inLanguage":"pt-BR","@id":"https:\/\/secure.gravatar.com\/avatar\/23c59839b4c874bb227d4916d18ba065e405a73d0e423fa9255ba9436604e628?s=96&d=mm&r=g","url":"https:\/\/secure.gravatar.com\/avatar\/23c59839b4c874bb227d4916d18ba065e405a73d0e423fa9255ba9436604e628?s=96&d=mm&r=g","contentUrl":"https:\/\/secure.gravatar.com\/avatar\/23c59839b4c874bb227d4916d18ba065e405a73d0e423fa9255ba9436604e628?s=96&d=mm&r=g","caption":"Florisvaldo"},"url":"https:\/\/portaldenoticias.net\/ffsantos\/author\/ffsantos\/"}]}},"_links":{"self":[{"href":"https:\/\/portaldenoticias.net\/ffsantos\/wp-json\/wp\/v2\/posts\/22340","targetHints":{"allow":["GET"]}}],"collection":[{"href":"https:\/\/portaldenoticias.net\/ffsantos\/wp-json\/wp\/v2\/posts"}],"about":[{"href":"https:\/\/portaldenoticias.net\/ffsantos\/wp-json\/wp\/v2\/types\/post"}],"author":[{"embeddable":true,"href":"https:\/\/portaldenoticias.net\/ffsantos\/wp-json\/wp\/v2\/users\/2"}],"replies":[{"embeddable":true,"href":"https:\/\/portaldenoticias.net\/ffsantos\/wp-json\/wp\/v2\/comments?post=22340"}],"version-history":[{"count":1,"href":"https:\/\/portaldenoticias.net\/ffsantos\/wp-json\/wp\/v2\/posts\/22340\/revisions"}],"predecessor-version":[{"id":22344,"href":"https:\/\/portaldenoticias.net\/ffsantos\/wp-json\/wp\/v2\/posts\/22340\/revisions\/22344"}],"wp:featuredmedia":[{"embeddable":true,"href":"https:\/\/portaldenoticias.net\/ffsantos\/wp-json\/wp\/v2\/media\/22341"}],"wp:attachment":[{"href":"https:\/\/portaldenoticias.net\/ffsantos\/wp-json\/wp\/v2\/media?parent=22340"}],"wp:term":[{"taxonomy":"category","embeddable":true,"href":"https:\/\/portaldenoticias.net\/ffsantos\/wp-json\/wp\/v2\/categories?post=22340"},{"taxonomy":"post_tag","embeddable":true,"href":"https:\/\/portaldenoticias.net\/ffsantos\/wp-json\/wp\/v2\/tags?post=22340"}],"curies":[{"name":"wp","href":"https:\/\/api.w.org\/{rel}","templated":true}]}}