{"id":22330,"date":"2026-04-26T07:00:43","date_gmt":"2026-04-26T10:00:43","guid":{"rendered":"https:\/\/portaldenoticias.net\/ffsantos\/?p=22330"},"modified":"2026-04-26T18:30:58","modified_gmt":"2026-04-26T21:30:58","slug":"editorial-ano-xiv-numero-492-pensar-o-futuro-ou-reagir-ao-presente","status":"publish","type":"post","link":"https:\/\/portaldenoticias.net\/ffsantos\/editorial-ano-xiv-numero-492-pensar-o-futuro-ou-reagir-ao-presente\/","title":{"rendered":"EDITORIAL ANO XIV N\u00daMERO 492 &#8211; PENSAR O FUTURO OU REAGIR AO PRESENTE?"},"content":{"rendered":"<p><a href=\"http:\/\/portaldenoticias.net\/ffsantos\/wp-content\/uploads\/2026\/04\/Agenor-presente-Imagem1.png\"><img loading=\"lazy\" decoding=\"async\" class=\"aligncenter size-full wp-image-22331\" src=\"http:\/\/portaldenoticias.net\/ffsantos\/wp-content\/uploads\/2026\/04\/Agenor-presente-Imagem1.png\" alt=\"\" width=\"561\" height=\"354\" srcset=\"https:\/\/portaldenoticias.net\/ffsantos\/wp-content\/uploads\/2026\/04\/Agenor-presente-Imagem1.png 561w, https:\/\/portaldenoticias.net\/ffsantos\/wp-content\/uploads\/2026\/04\/Agenor-presente-Imagem1-300x189.png 300w, https:\/\/portaldenoticias.net\/ffsantos\/wp-content\/uploads\/2026\/04\/Agenor-presente-Imagem1-150x95.png 150w, https:\/\/portaldenoticias.net\/ffsantos\/wp-content\/uploads\/2026\/04\/Agenor-presente-Imagem1-450x284.png 450w\" sizes=\"auto, (max-width: 561px) 100vw, 561px\" \/><\/a>Diante das frequentes tens\u00f5es do cotidiano pol\u00edtico e das incertezas provocadas pelas oscila\u00e7\u00f5es econ\u00f4micas, o brasileiro n\u00e3o vive apenas um cen\u00e1rio de preocupa\u00e7\u00e3o, vive sob press\u00e3o constante. Entre crises que se sucedem e expectativas que n\u00e3o se consolidam, instala-se uma sensa\u00e7\u00e3o persistente de instabilidade. Assistimos diariamente, na verdade, a muito bl\u00e1, bl\u00e1, bl\u00e1, em todas as esferas de governo e poucas entregas. E, nesse contexto, uma pergunta se imp\u00f5e com crescente urg\u00eancia: estamos, de fato, construindo o futuro ou apenas reagindo ao presente?<\/p>\n<p>A din\u00e2mica pol\u00edtica brasileira, especialmente em per\u00edodos de maior turbul\u00eancia, tem refor\u00e7ado uma l\u00f3gica preocupante: a da rea\u00e7\u00e3o cont\u00ednua. Governos operam pressionados por entregar respostas imediatas, o Congresso se movimenta ao ritmo das urg\u00eancias do momento, e o debate p\u00fablico se limita, muitas vezes, \u00e0 superf\u00edcie dos acontecimentos. Com uma ressalva: s\u00f3 debatem e aprovam, inclusive com urg\u00eancia urgent\u00edssima aquilo que \u00e9 do estrito interesse deles.<\/p>\n<p>Nesse ambiente, o planejamento de longo prazo perde espa\u00e7o para medidas emergenciais. S\u00e3o a\u00e7\u00f5es necess\u00e1rias, muitas vezes inevit\u00e1veis, mas que, isoladas, n\u00e3o corrigem distor\u00e7\u00f5es hist\u00f3ricas nem reposicionam o pa\u00eds em uma trajet\u00f3ria consistente de desenvolvimento. Da\u00ed fica para tr\u00e1s tudo que for de essencial e estruturante.<\/p>\n<p>As decis\u00f5es direcionadas para conter as crises imediatas, embora necess\u00e1rias n\u00e3o substituem as estrat\u00e9gias imprescind\u00edveis para estabelecer as regras do desenvolvimento. Programas s\u00e3o interrompidos, prioridades s\u00e3o redefinidas a cada ciclo pol\u00edtico e pol\u00edticas p\u00fablicas deixam de ser projetos de Estado para se tornarem iniciativas circunstanciais. O pa\u00eds passa a administrar crises recorrentes sem alterar, de forma estrutural, as bases que as produzem.<\/p>\n<p>Os efeitos recaem diretamente sobre a popula\u00e7\u00e3o, sobretudo as camadas mais vulner\u00e1veis. A aus\u00eancia de continuidade fragiliza resultados, a instabilidade compromete a confian\u00e7a e a percep\u00e7\u00e3o de futuro se enfraquece. Ou seja, nada se enxerga de positivo sobre o adiante do agora. Nada al\u00e9m se vislumbra, e uma in\u00e9rcia termina tomando conta do sistema, de tudo e de todos, infelizmente.<\/p>\n<p>Governar \u00e9, inevitavelmente, lidar com o presente. Crises existem e exigem respostas. O problema n\u00e3o est\u00e1 na urg\u00eancia, mas na sua transforma\u00e7\u00e3o em m\u00e9todo permanente de gest\u00e3o. Quando o imediato se torna regra, o estrat\u00e9gico deixa de existir.<\/p>\n<p>Ao mesmo tempo em que enfrenta os desafios do presente, \u00e9 impositivo estar conectado com a constru\u00e7\u00e3o das bases para o desenvolvimento num futuro que chega sempre veloz, e que n\u00e3o admitir\u00e1 os improvisos do passado.<\/p>\n<p>Pensar o futuro exige mais do que inten\u00e7\u00e3o. Exige capacidade de sustentar pol\u00edticas, atravessar ciclos pol\u00edticos e reconhecer que transforma\u00e7\u00f5es estruturais &#8211; como na educa\u00e7\u00e3o, na infraestrutura e na produtividade &#8211; n\u00e3o produzem efeitos imediatos, mas definem o destino de uma na\u00e7\u00e3o.<\/p>\n<p>O Brasil j\u00e1 demonstrou, em diferentes momentos, capacidade de avan\u00e7ar. O que tem faltado n\u00e3o \u00e9 impulso, mas continuidade. Entre avan\u00e7os e recuos, consolidou-se uma cultura de curto prazo que limita conquistas e perpetua instabilidades.<\/p>\n<p>Um detalhe importante, por\u00e9m, jamais poder\u00e1 ser esquecido. N\u00e3o se pode priorizar o combate \u00e0s crises do momento, deixando de lado a defini\u00e7\u00e3o da trajet\u00f3ria que deseja construir para o pa\u00eds do futuro. Porque, como consequ\u00eancia, na aus\u00eancia de um projeto de futuro, o presente deixa de ser ponto de partida e passa a ser o pr\u00f3prio destino.<\/p>\n<p>\u00c9 nesse ponto que se imp\u00f5e uma escolha silenciosa, mas decisiva: priorizar apenas o combate \u00e0s crises do presente ou definir, com clareza, a trajet\u00f3ria que se deseja construir. Porque, na aus\u00eancia de um projeto de futuro, o presente deixa de ser ponto de partida e se transforma em limite. E um pa\u00eds que transforma o presente em limite, abdica, silenciosamente, do pr\u00f3prio futuro.<\/p>\n<p><strong><em><a href=\"http:\/\/portaldenoticias.net\/ffsantos\/wp-content\/uploads\/2025\/01\/Agenor-Foto-Nova.png\"><img loading=\"lazy\" decoding=\"async\" class=\"alignleft size-thumbnail wp-image-19947\" src=\"http:\/\/portaldenoticias.net\/ffsantos\/wp-content\/uploads\/2025\/01\/Agenor-Foto-Nova-130x150.png\" alt=\"\" width=\"130\" height=\"150\" \/><\/a>Adm. Agenor Santos, P\u00f3s-Gradua\u00e7\u00e3o Lato Sensu em Controle, Monitoramento e Avalia\u00e7\u00e3o no Setor P\u00fablico (Salvador-BA).<\/em><\/strong><\/p>\n<p><em>\u00a0<\/em><\/p>\n<p style=\"text-align: center\"><strong><em>Blog do Florisvaldo &#8211; Informa\u00e7\u00e3o Com Imparcialidade<\/em><\/strong><\/p>\n","protected":false},"excerpt":{"rendered":"<p>Diante das frequentes tens\u00f5es do cotidiano pol\u00edtico e das incertezas provocadas pelas oscila\u00e7\u00f5es econ\u00f4micas, o brasileiro n\u00e3o vive apenas um cen\u00e1rio de preocupa\u00e7\u00e3o, vive sob press\u00e3o constante. Entre crises que se sucedem e expectativas que n\u00e3o se consolidam, instala-se uma sensa\u00e7\u00e3o persistente de instabilidade. Assistimos diariamente, na verdade, a muito bl\u00e1, bl\u00e1, bl\u00e1, em todas<\/p>\n","protected":false},"author":2,"featured_media":22331,"comment_status":"open","ping_status":"open","sticky":false,"template":"","format":"standard","meta":{"footnotes":""},"categories":[5],"tags":[],"class_list":{"0":"post-22330","1":"post","2":"type-post","3":"status-publish","4":"format-standard","5":"has-post-thumbnail","7":"category-politica"},"yoast_head":"<!-- This site is optimized with the Yoast SEO plugin v27.4 - https:\/\/yoast.com\/product\/yoast-seo-wordpress\/ -->\n<title>EDITORIAL ANO XIV N\u00daMERO 492 - PENSAR O FUTURO OU REAGIR AO PRESENTE? - Blog do Florisvaldo<\/title>\n<meta name=\"robots\" content=\"index, follow, max-snippet:-1, max-image-preview:large, max-video-preview:-1\" \/>\n<link rel=\"canonical\" href=\"https:\/\/portaldenoticias.net\/ffsantos\/editorial-ano-xiv-numero-492-pensar-o-futuro-ou-reagir-ao-presente\/\" \/>\n<meta property=\"og:locale\" content=\"pt_BR\" \/>\n<meta property=\"og:type\" content=\"article\" \/>\n<meta property=\"og:title\" content=\"EDITORIAL ANO XIV N\u00daMERO 492 - PENSAR O FUTURO OU REAGIR AO PRESENTE? - Blog do Florisvaldo\" \/>\n<meta property=\"og:description\" content=\"Diante das frequentes tens\u00f5es do cotidiano pol\u00edtico e das incertezas provocadas pelas oscila\u00e7\u00f5es econ\u00f4micas, o brasileiro n\u00e3o vive apenas um cen\u00e1rio de preocupa\u00e7\u00e3o, vive sob press\u00e3o constante. Entre crises que se sucedem e expectativas que n\u00e3o se consolidam, instala-se uma sensa\u00e7\u00e3o persistente de instabilidade. Assistimos diariamente, na verdade, a muito bl\u00e1, bl\u00e1, bl\u00e1, em todas\" \/>\n<meta property=\"og:url\" content=\"https:\/\/portaldenoticias.net\/ffsantos\/editorial-ano-xiv-numero-492-pensar-o-futuro-ou-reagir-ao-presente\/\" \/>\n<meta property=\"og:site_name\" content=\"Blog do Florisvaldo\" \/>\n<meta property=\"article:published_time\" content=\"2026-04-26T10:00:43+00:00\" \/>\n<meta property=\"article:modified_time\" content=\"2026-04-26T21:30:58+00:00\" \/>\n<meta property=\"og:image\" content=\"http:\/\/portaldenoticias.net\/ffsantos\/wp-content\/uploads\/2026\/04\/Agenor-presente-Imagem1.png\" \/>\n\t<meta property=\"og:image:width\" content=\"561\" \/>\n\t<meta property=\"og:image:height\" content=\"354\" \/>\n\t<meta property=\"og:image:type\" content=\"image\/png\" \/>\n<meta name=\"author\" content=\"Florisvaldo\" \/>\n<meta name=\"twitter:card\" content=\"summary_large_image\" \/>\n<meta name=\"twitter:label1\" content=\"Escrito por\" \/>\n\t<meta name=\"twitter:data1\" content=\"Florisvaldo\" \/>\n\t<meta name=\"twitter:label2\" content=\"Est. tempo de leitura\" \/>\n\t<meta name=\"twitter:data2\" content=\"4 minutos\" \/>\n<script type=\"application\/ld+json\" class=\"yoast-schema-graph\">{\"@context\":\"https:\\\/\\\/schema.org\",\"@graph\":[{\"@type\":\"Article\",\"@id\":\"https:\\\/\\\/portaldenoticias.net\\\/ffsantos\\\/editorial-ano-xiv-numero-492-pensar-o-futuro-ou-reagir-ao-presente\\\/#article\",\"isPartOf\":{\"@id\":\"https:\\\/\\\/portaldenoticias.net\\\/ffsantos\\\/editorial-ano-xiv-numero-492-pensar-o-futuro-ou-reagir-ao-presente\\\/\"},\"author\":{\"name\":\"Florisvaldo\",\"@id\":\"https:\\\/\\\/portaldenoticias.net\\\/ffsantos\\\/#\\\/schema\\\/person\\\/709c788ecb22f2378d698c2cd46cecc3\"},\"headline\":\"EDITORIAL ANO XIV N\u00daMERO 492 &#8211; PENSAR O FUTURO OU REAGIR AO PRESENTE?\",\"datePublished\":\"2026-04-26T10:00:43+00:00\",\"dateModified\":\"2026-04-26T21:30:58+00:00\",\"mainEntityOfPage\":{\"@id\":\"https:\\\/\\\/portaldenoticias.net\\\/ffsantos\\\/editorial-ano-xiv-numero-492-pensar-o-futuro-ou-reagir-ao-presente\\\/\"},\"wordCount\":709,\"commentCount\":2,\"image\":{\"@id\":\"https:\\\/\\\/portaldenoticias.net\\\/ffsantos\\\/editorial-ano-xiv-numero-492-pensar-o-futuro-ou-reagir-ao-presente\\\/#primaryimage\"},\"thumbnailUrl\":\"https:\\\/\\\/portaldenoticias.net\\\/ffsantos\\\/wp-content\\\/uploads\\\/2026\\\/04\\\/Agenor-presente-Imagem1.png\",\"articleSection\":[\"Pol\u00edtica\"],\"inLanguage\":\"pt-BR\",\"potentialAction\":[{\"@type\":\"CommentAction\",\"name\":\"Comment\",\"target\":[\"https:\\\/\\\/portaldenoticias.net\\\/ffsantos\\\/editorial-ano-xiv-numero-492-pensar-o-futuro-ou-reagir-ao-presente\\\/#respond\"]}]},{\"@type\":\"WebPage\",\"@id\":\"https:\\\/\\\/portaldenoticias.net\\\/ffsantos\\\/editorial-ano-xiv-numero-492-pensar-o-futuro-ou-reagir-ao-presente\\\/\",\"url\":\"https:\\\/\\\/portaldenoticias.net\\\/ffsantos\\\/editorial-ano-xiv-numero-492-pensar-o-futuro-ou-reagir-ao-presente\\\/\",\"name\":\"EDITORIAL ANO XIV N\u00daMERO 492 - PENSAR O FUTURO OU REAGIR AO PRESENTE? - Blog do Florisvaldo\",\"isPartOf\":{\"@id\":\"https:\\\/\\\/portaldenoticias.net\\\/ffsantos\\\/#website\"},\"primaryImageOfPage\":{\"@id\":\"https:\\\/\\\/portaldenoticias.net\\\/ffsantos\\\/editorial-ano-xiv-numero-492-pensar-o-futuro-ou-reagir-ao-presente\\\/#primaryimage\"},\"image\":{\"@id\":\"https:\\\/\\\/portaldenoticias.net\\\/ffsantos\\\/editorial-ano-xiv-numero-492-pensar-o-futuro-ou-reagir-ao-presente\\\/#primaryimage\"},\"thumbnailUrl\":\"https:\\\/\\\/portaldenoticias.net\\\/ffsantos\\\/wp-content\\\/uploads\\\/2026\\\/04\\\/Agenor-presente-Imagem1.png\",\"datePublished\":\"2026-04-26T10:00:43+00:00\",\"dateModified\":\"2026-04-26T21:30:58+00:00\",\"author\":{\"@id\":\"https:\\\/\\\/portaldenoticias.net\\\/ffsantos\\\/#\\\/schema\\\/person\\\/709c788ecb22f2378d698c2cd46cecc3\"},\"breadcrumb\":{\"@id\":\"https:\\\/\\\/portaldenoticias.net\\\/ffsantos\\\/editorial-ano-xiv-numero-492-pensar-o-futuro-ou-reagir-ao-presente\\\/#breadcrumb\"},\"inLanguage\":\"pt-BR\",\"potentialAction\":[{\"@type\":\"ReadAction\",\"target\":[\"https:\\\/\\\/portaldenoticias.net\\\/ffsantos\\\/editorial-ano-xiv-numero-492-pensar-o-futuro-ou-reagir-ao-presente\\\/\"]}]},{\"@type\":\"ImageObject\",\"inLanguage\":\"pt-BR\",\"@id\":\"https:\\\/\\\/portaldenoticias.net\\\/ffsantos\\\/editorial-ano-xiv-numero-492-pensar-o-futuro-ou-reagir-ao-presente\\\/#primaryimage\",\"url\":\"https:\\\/\\\/portaldenoticias.net\\\/ffsantos\\\/wp-content\\\/uploads\\\/2026\\\/04\\\/Agenor-presente-Imagem1.png\",\"contentUrl\":\"https:\\\/\\\/portaldenoticias.net\\\/ffsantos\\\/wp-content\\\/uploads\\\/2026\\\/04\\\/Agenor-presente-Imagem1.png\",\"width\":561,\"height\":354},{\"@type\":\"BreadcrumbList\",\"@id\":\"https:\\\/\\\/portaldenoticias.net\\\/ffsantos\\\/editorial-ano-xiv-numero-492-pensar-o-futuro-ou-reagir-ao-presente\\\/#breadcrumb\",\"itemListElement\":[{\"@type\":\"ListItem\",\"position\":1,\"name\":\"In\u00edcio\",\"item\":\"https:\\\/\\\/portaldenoticias.net\\\/ffsantos\\\/\"},{\"@type\":\"ListItem\",\"position\":2,\"name\":\"EDITORIAL ANO XIV N\u00daMERO 492 &#8211; PENSAR O FUTURO OU REAGIR AO PRESENTE?\"}]},{\"@type\":\"WebSite\",\"@id\":\"https:\\\/\\\/portaldenoticias.net\\\/ffsantos\\\/#website\",\"url\":\"https:\\\/\\\/portaldenoticias.net\\\/ffsantos\\\/\",\"name\":\"Blog do Florisvaldo |\",\"description\":\"Informa\u00e7\u00e3o com imparcialidade\",\"potentialAction\":[{\"@type\":\"SearchAction\",\"target\":{\"@type\":\"EntryPoint\",\"urlTemplate\":\"https:\\\/\\\/portaldenoticias.net\\\/ffsantos\\\/?s={search_term_string}\"},\"query-input\":{\"@type\":\"PropertyValueSpecification\",\"valueRequired\":true,\"valueName\":\"search_term_string\"}}],\"inLanguage\":\"pt-BR\"},{\"@type\":\"Person\",\"@id\":\"https:\\\/\\\/portaldenoticias.net\\\/ffsantos\\\/#\\\/schema\\\/person\\\/709c788ecb22f2378d698c2cd46cecc3\",\"name\":\"Florisvaldo\",\"image\":{\"@type\":\"ImageObject\",\"inLanguage\":\"pt-BR\",\"@id\":\"https:\\\/\\\/secure.gravatar.com\\\/avatar\\\/23c59839b4c874bb227d4916d18ba065e405a73d0e423fa9255ba9436604e628?s=96&d=mm&r=g\",\"url\":\"https:\\\/\\\/secure.gravatar.com\\\/avatar\\\/23c59839b4c874bb227d4916d18ba065e405a73d0e423fa9255ba9436604e628?s=96&d=mm&r=g\",\"contentUrl\":\"https:\\\/\\\/secure.gravatar.com\\\/avatar\\\/23c59839b4c874bb227d4916d18ba065e405a73d0e423fa9255ba9436604e628?s=96&d=mm&r=g\",\"caption\":\"Florisvaldo\"},\"url\":\"https:\\\/\\\/portaldenoticias.net\\\/ffsantos\\\/author\\\/ffsantos\\\/\"}]}<\/script>\n<!-- \/ Yoast SEO plugin. -->","yoast_head_json":{"title":"EDITORIAL ANO XIV N\u00daMERO 492 - PENSAR O FUTURO OU REAGIR AO PRESENTE? - Blog do Florisvaldo","robots":{"index":"index","follow":"follow","max-snippet":"max-snippet:-1","max-image-preview":"max-image-preview:large","max-video-preview":"max-video-preview:-1"},"canonical":"https:\/\/portaldenoticias.net\/ffsantos\/editorial-ano-xiv-numero-492-pensar-o-futuro-ou-reagir-ao-presente\/","og_locale":"pt_BR","og_type":"article","og_title":"EDITORIAL ANO XIV N\u00daMERO 492 - PENSAR O FUTURO OU REAGIR AO PRESENTE? - Blog do Florisvaldo","og_description":"Diante das frequentes tens\u00f5es do cotidiano pol\u00edtico e das incertezas provocadas pelas oscila\u00e7\u00f5es econ\u00f4micas, o brasileiro n\u00e3o vive apenas um cen\u00e1rio de preocupa\u00e7\u00e3o, vive sob press\u00e3o constante. Entre crises que se sucedem e expectativas que n\u00e3o se consolidam, instala-se uma sensa\u00e7\u00e3o persistente de instabilidade. Assistimos diariamente, na verdade, a muito bl\u00e1, bl\u00e1, bl\u00e1, em todas","og_url":"https:\/\/portaldenoticias.net\/ffsantos\/editorial-ano-xiv-numero-492-pensar-o-futuro-ou-reagir-ao-presente\/","og_site_name":"Blog do Florisvaldo","article_published_time":"2026-04-26T10:00:43+00:00","article_modified_time":"2026-04-26T21:30:58+00:00","og_image":[{"width":561,"height":354,"url":"http:\/\/portaldenoticias.net\/ffsantos\/wp-content\/uploads\/2026\/04\/Agenor-presente-Imagem1.png","type":"image\/png"}],"author":"Florisvaldo","twitter_card":"summary_large_image","twitter_misc":{"Escrito por":"Florisvaldo","Est. tempo de leitura":"4 minutos"},"schema":{"@context":"https:\/\/schema.org","@graph":[{"@type":"Article","@id":"https:\/\/portaldenoticias.net\/ffsantos\/editorial-ano-xiv-numero-492-pensar-o-futuro-ou-reagir-ao-presente\/#article","isPartOf":{"@id":"https:\/\/portaldenoticias.net\/ffsantos\/editorial-ano-xiv-numero-492-pensar-o-futuro-ou-reagir-ao-presente\/"},"author":{"name":"Florisvaldo","@id":"https:\/\/portaldenoticias.net\/ffsantos\/#\/schema\/person\/709c788ecb22f2378d698c2cd46cecc3"},"headline":"EDITORIAL ANO XIV N\u00daMERO 492 &#8211; PENSAR O FUTURO OU REAGIR AO PRESENTE?","datePublished":"2026-04-26T10:00:43+00:00","dateModified":"2026-04-26T21:30:58+00:00","mainEntityOfPage":{"@id":"https:\/\/portaldenoticias.net\/ffsantos\/editorial-ano-xiv-numero-492-pensar-o-futuro-ou-reagir-ao-presente\/"},"wordCount":709,"commentCount":2,"image":{"@id":"https:\/\/portaldenoticias.net\/ffsantos\/editorial-ano-xiv-numero-492-pensar-o-futuro-ou-reagir-ao-presente\/#primaryimage"},"thumbnailUrl":"https:\/\/portaldenoticias.net\/ffsantos\/wp-content\/uploads\/2026\/04\/Agenor-presente-Imagem1.png","articleSection":["Pol\u00edtica"],"inLanguage":"pt-BR","potentialAction":[{"@type":"CommentAction","name":"Comment","target":["https:\/\/portaldenoticias.net\/ffsantos\/editorial-ano-xiv-numero-492-pensar-o-futuro-ou-reagir-ao-presente\/#respond"]}]},{"@type":"WebPage","@id":"https:\/\/portaldenoticias.net\/ffsantos\/editorial-ano-xiv-numero-492-pensar-o-futuro-ou-reagir-ao-presente\/","url":"https:\/\/portaldenoticias.net\/ffsantos\/editorial-ano-xiv-numero-492-pensar-o-futuro-ou-reagir-ao-presente\/","name":"EDITORIAL ANO XIV N\u00daMERO 492 - PENSAR O FUTURO OU REAGIR AO PRESENTE? - Blog do Florisvaldo","isPartOf":{"@id":"https:\/\/portaldenoticias.net\/ffsantos\/#website"},"primaryImageOfPage":{"@id":"https:\/\/portaldenoticias.net\/ffsantos\/editorial-ano-xiv-numero-492-pensar-o-futuro-ou-reagir-ao-presente\/#primaryimage"},"image":{"@id":"https:\/\/portaldenoticias.net\/ffsantos\/editorial-ano-xiv-numero-492-pensar-o-futuro-ou-reagir-ao-presente\/#primaryimage"},"thumbnailUrl":"https:\/\/portaldenoticias.net\/ffsantos\/wp-content\/uploads\/2026\/04\/Agenor-presente-Imagem1.png","datePublished":"2026-04-26T10:00:43+00:00","dateModified":"2026-04-26T21:30:58+00:00","author":{"@id":"https:\/\/portaldenoticias.net\/ffsantos\/#\/schema\/person\/709c788ecb22f2378d698c2cd46cecc3"},"breadcrumb":{"@id":"https:\/\/portaldenoticias.net\/ffsantos\/editorial-ano-xiv-numero-492-pensar-o-futuro-ou-reagir-ao-presente\/#breadcrumb"},"inLanguage":"pt-BR","potentialAction":[{"@type":"ReadAction","target":["https:\/\/portaldenoticias.net\/ffsantos\/editorial-ano-xiv-numero-492-pensar-o-futuro-ou-reagir-ao-presente\/"]}]},{"@type":"ImageObject","inLanguage":"pt-BR","@id":"https:\/\/portaldenoticias.net\/ffsantos\/editorial-ano-xiv-numero-492-pensar-o-futuro-ou-reagir-ao-presente\/#primaryimage","url":"https:\/\/portaldenoticias.net\/ffsantos\/wp-content\/uploads\/2026\/04\/Agenor-presente-Imagem1.png","contentUrl":"https:\/\/portaldenoticias.net\/ffsantos\/wp-content\/uploads\/2026\/04\/Agenor-presente-Imagem1.png","width":561,"height":354},{"@type":"BreadcrumbList","@id":"https:\/\/portaldenoticias.net\/ffsantos\/editorial-ano-xiv-numero-492-pensar-o-futuro-ou-reagir-ao-presente\/#breadcrumb","itemListElement":[{"@type":"ListItem","position":1,"name":"In\u00edcio","item":"https:\/\/portaldenoticias.net\/ffsantos\/"},{"@type":"ListItem","position":2,"name":"EDITORIAL ANO XIV N\u00daMERO 492 &#8211; PENSAR O FUTURO OU REAGIR AO PRESENTE?"}]},{"@type":"WebSite","@id":"https:\/\/portaldenoticias.net\/ffsantos\/#website","url":"https:\/\/portaldenoticias.net\/ffsantos\/","name":"Blog do Florisvaldo |","description":"Informa\u00e7\u00e3o com imparcialidade","potentialAction":[{"@type":"SearchAction","target":{"@type":"EntryPoint","urlTemplate":"https:\/\/portaldenoticias.net\/ffsantos\/?s={search_term_string}"},"query-input":{"@type":"PropertyValueSpecification","valueRequired":true,"valueName":"search_term_string"}}],"inLanguage":"pt-BR"},{"@type":"Person","@id":"https:\/\/portaldenoticias.net\/ffsantos\/#\/schema\/person\/709c788ecb22f2378d698c2cd46cecc3","name":"Florisvaldo","image":{"@type":"ImageObject","inLanguage":"pt-BR","@id":"https:\/\/secure.gravatar.com\/avatar\/23c59839b4c874bb227d4916d18ba065e405a73d0e423fa9255ba9436604e628?s=96&d=mm&r=g","url":"https:\/\/secure.gravatar.com\/avatar\/23c59839b4c874bb227d4916d18ba065e405a73d0e423fa9255ba9436604e628?s=96&d=mm&r=g","contentUrl":"https:\/\/secure.gravatar.com\/avatar\/23c59839b4c874bb227d4916d18ba065e405a73d0e423fa9255ba9436604e628?s=96&d=mm&r=g","caption":"Florisvaldo"},"url":"https:\/\/portaldenoticias.net\/ffsantos\/author\/ffsantos\/"}]}},"_links":{"self":[{"href":"https:\/\/portaldenoticias.net\/ffsantos\/wp-json\/wp\/v2\/posts\/22330","targetHints":{"allow":["GET"]}}],"collection":[{"href":"https:\/\/portaldenoticias.net\/ffsantos\/wp-json\/wp\/v2\/posts"}],"about":[{"href":"https:\/\/portaldenoticias.net\/ffsantos\/wp-json\/wp\/v2\/types\/post"}],"author":[{"embeddable":true,"href":"https:\/\/portaldenoticias.net\/ffsantos\/wp-json\/wp\/v2\/users\/2"}],"replies":[{"embeddable":true,"href":"https:\/\/portaldenoticias.net\/ffsantos\/wp-json\/wp\/v2\/comments?post=22330"}],"version-history":[{"count":2,"href":"https:\/\/portaldenoticias.net\/ffsantos\/wp-json\/wp\/v2\/posts\/22330\/revisions"}],"predecessor-version":[{"id":22333,"href":"https:\/\/portaldenoticias.net\/ffsantos\/wp-json\/wp\/v2\/posts\/22330\/revisions\/22333"}],"wp:featuredmedia":[{"embeddable":true,"href":"https:\/\/portaldenoticias.net\/ffsantos\/wp-json\/wp\/v2\/media\/22331"}],"wp:attachment":[{"href":"https:\/\/portaldenoticias.net\/ffsantos\/wp-json\/wp\/v2\/media?parent=22330"}],"wp:term":[{"taxonomy":"category","embeddable":true,"href":"https:\/\/portaldenoticias.net\/ffsantos\/wp-json\/wp\/v2\/categories?post=22330"},{"taxonomy":"post_tag","embeddable":true,"href":"https:\/\/portaldenoticias.net\/ffsantos\/wp-json\/wp\/v2\/tags?post=22330"}],"curies":[{"name":"wp","href":"https:\/\/api.w.org\/{rel}","templated":true}]}}