{"id":22151,"date":"2026-03-16T20:31:56","date_gmt":"2026-03-16T23:31:56","guid":{"rendered":"https:\/\/portaldenoticias.net\/ffsantos\/?p=22151"},"modified":"2026-03-16T21:08:51","modified_gmt":"2026-03-17T00:08:51","slug":"no-almoco-do-cc-sp-ceo-da-porto-seguro-fala-sobre-momento-de-expansao-e-do-compromisso-com-os-corretores","status":"publish","type":"post","link":"https:\/\/portaldenoticias.net\/ffsantos\/no-almoco-do-cc-sp-ceo-da-porto-seguro-fala-sobre-momento-de-expansao-e-do-compromisso-com-os-corretores\/","title":{"rendered":"NO ALMO\u00c7O DO CCS-SP, CEO DA PORTO SEGURO FALA SOBRE MOMENTO DE EXPANS\u00c3O E DO COMPROMISSO COM OS CORRETORES"},"content":{"rendered":"<figure id=\"attachment_22153\" aria-describedby=\"caption-attachment-22153\" style=\"width: 871px\" class=\"wp-caption aligncenter\"><a href=\"http:\/\/portaldenoticias.net\/ffsantos\/wp-content\/uploads\/2026\/03\/Almo-04_Salao-do-almoco_CCS-SP_10mar26.jpg\"><img loading=\"lazy\" decoding=\"async\" class=\"size-full wp-image-22153\" src=\"http:\/\/portaldenoticias.net\/ffsantos\/wp-content\/uploads\/2026\/03\/Almo-04_Salao-do-almoco_CCS-SP_10mar26.jpg\" alt=\"\" width=\"871\" height=\"505\" \/><\/a><figcaption id=\"caption-attachment-22153\" class=\"wp-caption-text\">Sal\u00e3o do Almo\u00e7o<\/figcaption><\/figure>\n<figure id=\"attachment_22152\" aria-describedby=\"caption-attachment-22152\" style=\"width: 749px\" class=\"wp-caption aligncenter\"><a href=\"http:\/\/portaldenoticias.net\/ffsantos\/wp-content\/uploads\/2026\/03\/Almo-01-mesa_Almoco-CCS-SP_10mar26.jpg\"><img loading=\"lazy\" decoding=\"async\" class=\"size-large wp-image-22152\" src=\"http:\/\/portaldenoticias.net\/ffsantos\/wp-content\/uploads\/2026\/03\/Almo-01-mesa_Almoco-CCS-SP_10mar26-1024x682.jpg\" alt=\"\" width=\"749\" height=\"499\" srcset=\"https:\/\/portaldenoticias.net\/ffsantos\/wp-content\/uploads\/2026\/03\/Almo-01-mesa_Almoco-CCS-SP_10mar26-1024x682.jpg 1024w, https:\/\/portaldenoticias.net\/ffsantos\/wp-content\/uploads\/2026\/03\/Almo-01-mesa_Almoco-CCS-SP_10mar26-300x200.jpg 300w, https:\/\/portaldenoticias.net\/ffsantos\/wp-content\/uploads\/2026\/03\/Almo-01-mesa_Almoco-CCS-SP_10mar26-768x511.jpg 768w, https:\/\/portaldenoticias.net\/ffsantos\/wp-content\/uploads\/2026\/03\/Almo-01-mesa_Almoco-CCS-SP_10mar26-150x100.jpg 150w, https:\/\/portaldenoticias.net\/ffsantos\/wp-content\/uploads\/2026\/03\/Almo-01-mesa_Almoco-CCS-SP_10mar26-450x300.jpg 450w, https:\/\/portaldenoticias.net\/ffsantos\/wp-content\/uploads\/2026\/03\/Almo-01-mesa_Almoco-CCS-SP_10mar26-1200x799.jpg 1200w, https:\/\/portaldenoticias.net\/ffsantos\/wp-content\/uploads\/2026\/03\/Almo-01-mesa_Almoco-CCS-SP_10mar26.jpg 1232w\" sizes=\"auto, (max-width: 749px) 100vw, 749px\" \/><\/a><figcaption id=\"caption-attachment-22152\" class=\"wp-caption-text\">Composi\u00e7\u00e3o da Mesa: Gilberto Janu\u00e1rio, Emerson Valentim, Patricia Chacon, \u00c1lvaro Fonseca, Luiz Arruda, Rodrigo Vasconcellos e Ivone Arello<\/figcaption><\/figure>\n<p>A seguradora Porto Seguro foi recebida pelo Clube dos Corretores de Seguros de S\u00e3o Paulo (CCS-SP) no seu primeiro almo\u00e7o do ano aberto a convidados, realizado no dia 10 de mar\u00e7o, no Terra\u00e7o It\u00e1lia, em S\u00e3o Paulo. A CEO da Porto Seguro, Patricia Chacon, que veio ao encontro acompanhada dos executivos do Grupo Porto \u2013 Luiz Arruda, VP Comercial e Marketing, Emerson Valentim, diretor Comercial Brasil, e Rodrigo Vasconcellos, diretor Comercial Capital e Metropolitana \u2013, falou sobre o bom momento da companhia e do desejo de crescer ainda mais no mercado paulista, no qual j\u00e1 possui a lideran\u00e7a.<\/p>\n<p style=\"text-align: center\"><strong><em>Portf\u00f3lio em expans\u00e3o<\/em><\/strong><\/p>\n<p>A Porto Seguro, que \u00e9 uma das quatro verticais do Grupo Porto, segundo Patricia Chacon, atingiu o faturamento de R$ 21,4 bilh\u00f5es no \u00faltimo ano e 17 milh\u00f5es de clientes, alcan\u00e7ando a participa\u00e7\u00e3o de 38% no mercado de seguro paulista e 50% na regi\u00e3o metropolitana de S\u00e3o Paulo. <strong><em>\u201cA Porto Seguro vive um momento de muito impulso e posi\u00e7\u00e3o de forte lideran\u00e7a no Brasil, gra\u00e7as ao apoio de voc\u00eas, corretores\u201d<\/em><\/strong>, disse. Ela destacou, ainda, a lideran\u00e7a da companhia em S\u00e3o Paulo nos ramos auto (38%), residencial (39%) e empresarial (33%).<\/p>\n<figure id=\"attachment_22156\" aria-describedby=\"caption-attachment-22156\" style=\"width: 200px\" class=\"wp-caption alignleft\"><a href=\"http:\/\/portaldenoticias.net\/ffsantos\/wp-content\/uploads\/2026\/03\/Almo-02_Patricia-Chacon_Almoco-CCS-SP_10mar26.jpg\"><img loading=\"lazy\" decoding=\"async\" class=\"size-medium wp-image-22156\" src=\"http:\/\/portaldenoticias.net\/ffsantos\/wp-content\/uploads\/2026\/03\/Almo-02_Patricia-Chacon_Almoco-CCS-SP_10mar26-200x300.jpg\" alt=\"\" width=\"200\" height=\"300\" srcset=\"https:\/\/portaldenoticias.net\/ffsantos\/wp-content\/uploads\/2026\/03\/Almo-02_Patricia-Chacon_Almoco-CCS-SP_10mar26-200x300.jpg 200w, https:\/\/portaldenoticias.net\/ffsantos\/wp-content\/uploads\/2026\/03\/Almo-02_Patricia-Chacon_Almoco-CCS-SP_10mar26-681x1024.jpg 681w, https:\/\/portaldenoticias.net\/ffsantos\/wp-content\/uploads\/2026\/03\/Almo-02_Patricia-Chacon_Almoco-CCS-SP_10mar26-150x225.jpg 150w, https:\/\/portaldenoticias.net\/ffsantos\/wp-content\/uploads\/2026\/03\/Almo-02_Patricia-Chacon_Almoco-CCS-SP_10mar26-450x676.jpg 450w, https:\/\/portaldenoticias.net\/ffsantos\/wp-content\/uploads\/2026\/03\/Almo-02_Patricia-Chacon_Almoco-CCS-SP_10mar26.jpg 718w\" sizes=\"auto, (max-width: 200px) 100vw, 200px\" \/><\/a><figcaption id=\"caption-attachment-22156\" class=\"wp-caption-text\">Patricia Chacon &#8211; CEO da Porto Seguro<\/figcaption><\/figure>\n<p>Apesar da posi\u00e7\u00e3o de lideran\u00e7a no mercado paulista, a Porto Seguro ainda quer expandir sua atua\u00e7\u00e3o no estado. <strong><em>\u201cTemos apetite para crescer em S\u00e3o Paulo e enxergamos muita oportunidade. Para isso, estamos trabalhando na expans\u00e3o do portf\u00f3lio\u201d<\/em><\/strong>, disse. A CEO da Porto Seguro mencionou o lan\u00e7amento de diversos produtos em 2025, com destaque para os seguros auto e residencial da linha Premium, al\u00e9m da Prote\u00e7\u00e3o Combinada, que permite ao cliente escolher entre duas op\u00e7\u00f5es: Auto + Residencial ou Auto + Residencial + Celular.<\/p>\n<p>Patricia Chacon relata que, diante do compromisso de oferecer a melhor experi\u00eancia ao cliente, reuniu sua diretoria, no ano passado, para discutir novos produtos e servi\u00e7os. <strong><em>\u201cO que mais poder\u00edamos fazer pelos clientes que gostam e confiam na Porto?\u201d<\/em><\/strong>. Foi assim, segundo ela, que surgiu o in\u00e9dito servi\u00e7o \u201c15min!\u201d, que prev\u00ea a assist\u00eancia aos segurados de autom\u00f3vel, entre 22h e 5h, em at\u00e9 15 minutos. O novo servi\u00e7o, que come\u00e7ou como projeto-piloto, realizou mais de 2 mil atendimentos at\u00e9 agora e j\u00e1 foi implantando em Campinas.<\/p>\n<p><strong><em>Incentivo aos corretores<\/em><\/strong><\/p>\n<p>Patricia Chacon reservou parte de sua apresenta\u00e7\u00e3o para interagir com os corretores de seguros associados do CCS-SP. <strong><em>\u201cPara a Porto, corretor \u00e9 para sempre\u201d<\/em><\/strong>, disse, ressaltando que <strong><em>\u201cescutar o corretor faz parte do DNA da empresa\u201d<\/em><\/strong>. Tanto que, segundo ela, a Porto Seguro criou internamente <strong><em>\u201cA voz do corretor\u201d<\/em><\/strong>, que consiste na escuta ativa de corretores, seja na rua, seja em eventos ou por outros canais. <strong><em>\u201cAnotamos tudo e lan\u00e7amos em um sistema online para acompanhamento e garantia de que aquilo que escutamos ser\u00e1 executado\u201d<\/em><\/strong>, disse.<\/p>\n<p>Perguntada sobre as campanhas de incentivo \u00e0s vendas, Patricia Chacon respondeu que a <strong><em>\u201cAcelera Seguro Vida\u201d<\/em><\/strong>, em vigor em mar\u00e7o, foi desenhada para oferecer os melhores benef\u00edcios, com descontos que podem chegar a 35% para novas contrata\u00e7\u00f5es. <strong><em>\u201cA Porto cresceu dois d\u00edgitos no ramo vida e tem o prop\u00f3sito de crescer ainda mais\u201d<\/em><\/strong>, disse. Em seguida, o mentor o CCS-SP, \u00c1lvaro Fonseca, aproveitou para elogiar a campanha <strong><em>\u201cAcelera Auto Day\u201d<\/em><\/strong>. A executiva destacou que \u201cpara a Porto, o auto \u00e9 uma paix\u00e3o, est\u00e1 em seu DNA\u201d e, por isso, a companhia oferece incentivos aos corretores.<\/p>\n<p>Em rela\u00e7\u00e3o \u00e0 campanha <strong><em>\u201cFecha com a Porto\u201d<\/em><\/strong>, o associado J\u00falio Mendes relatou que obteve bons resultados, alavancando, inclusive, outros produtos que n\u00e3o faziam parte do portf\u00f3lio da sua corretora. Patricia Chacon confirmou a boa performance da campanha, que tem foco no cross-selling. <strong><em>\u201cPara terem ideia, em 2020 cada cliente Porto tinha em m\u00e9dia 1.4 produtos, hoje, est\u00e1 pr\u00f3ximo de 2 produtos. O cliente que tem mais produtos \u00e9 mais fiel \u00e0 seguradora e ao corretor, porque acaba tendo sua vida inteira coberta pelo seguro\u201d<\/em><\/strong>, disse.<\/p>\n<p style=\"text-align: center\"><strong><em>Dia da Mulher<\/em><\/strong><\/p>\n<figure id=\"attachment_22159\" aria-describedby=\"caption-attachment-22159\" style=\"width: 300px\" class=\"wp-caption alignright\"><a href=\"http:\/\/portaldenoticias.net\/ffsantos\/wp-content\/uploads\/2026\/03\/Almo-03_Alvaro-Fonseca-e-Patricia-Chacon_Almoco-CCS-SP_10mar26.jpg\"><img loading=\"lazy\" decoding=\"async\" class=\"size-medium wp-image-22159\" src=\"http:\/\/portaldenoticias.net\/ffsantos\/wp-content\/uploads\/2026\/03\/Almo-03_Alvaro-Fonseca-e-Patricia-Chacon_Almoco-CCS-SP_10mar26-300x200.jpg\" alt=\"\" width=\"300\" height=\"200\" srcset=\"https:\/\/portaldenoticias.net\/ffsantos\/wp-content\/uploads\/2026\/03\/Almo-03_Alvaro-Fonseca-e-Patricia-Chacon_Almoco-CCS-SP_10mar26-300x200.jpg 300w, https:\/\/portaldenoticias.net\/ffsantos\/wp-content\/uploads\/2026\/03\/Almo-03_Alvaro-Fonseca-e-Patricia-Chacon_Almoco-CCS-SP_10mar26-1024x682.jpg 1024w, https:\/\/portaldenoticias.net\/ffsantos\/wp-content\/uploads\/2026\/03\/Almo-03_Alvaro-Fonseca-e-Patricia-Chacon_Almoco-CCS-SP_10mar26-768x511.jpg 768w, https:\/\/portaldenoticias.net\/ffsantos\/wp-content\/uploads\/2026\/03\/Almo-03_Alvaro-Fonseca-e-Patricia-Chacon_Almoco-CCS-SP_10mar26-150x100.jpg 150w, https:\/\/portaldenoticias.net\/ffsantos\/wp-content\/uploads\/2026\/03\/Almo-03_Alvaro-Fonseca-e-Patricia-Chacon_Almoco-CCS-SP_10mar26-450x300.jpg 450w, https:\/\/portaldenoticias.net\/ffsantos\/wp-content\/uploads\/2026\/03\/Almo-03_Alvaro-Fonseca-e-Patricia-Chacon_Almoco-CCS-SP_10mar26.jpg 1122w\" sizes=\"auto, (max-width: 300px) 100vw, 300px\" \/><\/a><figcaption id=\"caption-attachment-22159\" class=\"wp-caption-text\">\u00c1lvaro Fonseca e Patricia Chacon<\/figcaption><\/figure>\n<p>O mentor do CCS-SP, \u00c1lvaro Fonseca, manifestou sua satisfa\u00e7\u00e3o de contar com a participa\u00e7\u00e3o da Porto Seguro no encontro e, ainda mais, por ser representada por uma mulher. No mesmo dia, mais cedo, o CCS-SP celebrou o Dia da Mulher com um caf\u00e9 especial para as suas associadas. O secret\u00e1rio do CCS-SP, Gilberto Janu\u00e1rio, aproveitou a ocasi\u00e3o para ler um texto em homenagem \u00e0s mulheres, registrando um alerta contra o aumento dos casos de feminic\u00eddios no pa\u00eds. <strong><em>\u201cN\u00e3o \u00e0 viol\u00eancia contra as mulheres!\u201d<\/em><\/strong>, disse, ressaltando que todas as mulheres merecem respeito e prote\u00e7\u00e3o.<\/p>\n<p><strong><em><a href=\"http:\/\/portaldenoticias.net\/ffsantos\/wp-content\/uploads\/2021\/04\/Marcia-Alves.jpg\"><img loading=\"lazy\" decoding=\"async\" class=\"alignleft size-full wp-image-13741\" src=\"http:\/\/portaldenoticias.net\/ffsantos\/wp-content\/uploads\/2021\/04\/Marcia-Alves.jpg\" alt=\"\" width=\"90\" height=\"90\" \/><\/a>Fonte<\/em><\/strong> e <strong><em>Texto<\/em><\/strong>: M\u00e1rcia Alves &#8211; Assessora de Imprensa CCS-SP \u2013 <strong><em>Fotos: <\/em><\/strong>Cr\u00e9dito Antranik Photos.<\/p>\n<p>&nbsp;<\/p>\n<p style=\"text-align: center\"><strong><em>Blog do Florisvaldo &#8211; Informa\u00e7\u00e3o Com Imparcialidade<\/em><\/strong><\/p>\n","protected":false},"excerpt":{"rendered":"<p>A seguradora Porto Seguro foi recebida pelo Clube dos Corretores de Seguros de S\u00e3o Paulo (CCS-SP) no seu primeiro almo\u00e7o do ano aberto a convidados, realizado no dia 10 de mar\u00e7o, no Terra\u00e7o It\u00e1lia, em S\u00e3o Paulo. A CEO da Porto Seguro, Patricia Chacon, que veio ao encontro acompanhada dos executivos do Grupo Porto \u2013<\/p>\n","protected":false},"author":2,"featured_media":22154,"comment_status":"open","ping_status":"open","sticky":false,"template":"","format":"standard","meta":{"footnotes":""},"categories":[1,6],"tags":[],"class_list":{"0":"post-22151","1":"post","2":"type-post","3":"status-publish","4":"format-standard","5":"has-post-thumbnail","7":"category-destaques","8":"category-economia"},"yoast_head":"<!-- This site is optimized with the Yoast SEO plugin v27.4 - https:\/\/yoast.com\/product\/yoast-seo-wordpress\/ -->\n<title>NO ALMO\u00c7O DO CCS-SP, CEO DA PORTO SEGURO FALA SOBRE MOMENTO DE EXPANS\u00c3O E DO COMPROMISSO COM OS CORRETORES - Blog do Florisvaldo<\/title>\n<meta name=\"robots\" content=\"index, follow, max-snippet:-1, max-image-preview:large, max-video-preview:-1\" \/>\n<link rel=\"canonical\" href=\"https:\/\/portaldenoticias.net\/ffsantos\/no-almoco-do-cc-sp-ceo-da-porto-seguro-fala-sobre-momento-de-expansao-e-do-compromisso-com-os-corretores\/\" \/>\n<meta property=\"og:locale\" content=\"pt_BR\" \/>\n<meta property=\"og:type\" content=\"article\" \/>\n<meta property=\"og:title\" content=\"NO ALMO\u00c7O DO CCS-SP, CEO DA PORTO SEGURO FALA SOBRE MOMENTO DE EXPANS\u00c3O E DO COMPROMISSO COM OS CORRETORES - Blog do Florisvaldo\" \/>\n<meta property=\"og:description\" content=\"A seguradora Porto Seguro foi recebida pelo Clube dos Corretores de Seguros de S\u00e3o Paulo (CCS-SP) no seu primeiro almo\u00e7o do ano aberto a convidados, realizado no dia 10 de mar\u00e7o, no Terra\u00e7o It\u00e1lia, em S\u00e3o Paulo. A CEO da Porto Seguro, Patricia Chacon, que veio ao encontro acompanhada dos executivos do Grupo Porto \u2013\" \/>\n<meta property=\"og:url\" content=\"https:\/\/portaldenoticias.net\/ffsantos\/no-almoco-do-cc-sp-ceo-da-porto-seguro-fala-sobre-momento-de-expansao-e-do-compromisso-com-os-corretores\/\" \/>\n<meta property=\"og:site_name\" content=\"Blog do Florisvaldo\" \/>\n<meta property=\"article:published_time\" content=\"2026-03-16T23:31:56+00:00\" \/>\n<meta property=\"article:modified_time\" content=\"2026-03-17T00:08:51+00:00\" \/>\n<meta property=\"og:image\" content=\"http:\/\/portaldenoticias.net\/ffsantos\/wp-content\/uploads\/2026\/03\/Mesa-2-01-mesa_Almoco-CCS-SP_10mar26-1.jpg\" \/>\n\t<meta property=\"og:image:width\" content=\"1232\" \/>\n\t<meta property=\"og:image:height\" content=\"820\" \/>\n\t<meta property=\"og:image:type\" content=\"image\/jpeg\" \/>\n<meta name=\"author\" content=\"Florisvaldo\" \/>\n<meta name=\"twitter:card\" content=\"summary_large_image\" \/>\n<meta name=\"twitter:label1\" content=\"Escrito por\" \/>\n\t<meta name=\"twitter:data1\" content=\"Florisvaldo\" \/>\n\t<meta name=\"twitter:label2\" content=\"Est. tempo de leitura\" \/>\n\t<meta name=\"twitter:data2\" content=\"6 minutos\" \/>\n<script type=\"application\/ld+json\" class=\"yoast-schema-graph\">{\"@context\":\"https:\\\/\\\/schema.org\",\"@graph\":[{\"@type\":\"Article\",\"@id\":\"https:\\\/\\\/portaldenoticias.net\\\/ffsantos\\\/no-almoco-do-cc-sp-ceo-da-porto-seguro-fala-sobre-momento-de-expansao-e-do-compromisso-com-os-corretores\\\/#article\",\"isPartOf\":{\"@id\":\"https:\\\/\\\/portaldenoticias.net\\\/ffsantos\\\/no-almoco-do-cc-sp-ceo-da-porto-seguro-fala-sobre-momento-de-expansao-e-do-compromisso-com-os-corretores\\\/\"},\"author\":{\"name\":\"Florisvaldo\",\"@id\":\"https:\\\/\\\/portaldenoticias.net\\\/ffsantos\\\/#\\\/schema\\\/person\\\/709c788ecb22f2378d698c2cd46cecc3\"},\"headline\":\"NO ALMO\u00c7O DO CCS-SP, CEO DA PORTO SEGURO FALA SOBRE MOMENTO DE EXPANS\u00c3O E DO COMPROMISSO COM OS CORRETORES\",\"datePublished\":\"2026-03-16T23:31:56+00:00\",\"dateModified\":\"2026-03-17T00:08:51+00:00\",\"mainEntityOfPage\":{\"@id\":\"https:\\\/\\\/portaldenoticias.net\\\/ffsantos\\\/no-almoco-do-cc-sp-ceo-da-porto-seguro-fala-sobre-momento-de-expansao-e-do-compromisso-com-os-corretores\\\/\"},\"wordCount\":874,\"commentCount\":0,\"image\":{\"@id\":\"https:\\\/\\\/portaldenoticias.net\\\/ffsantos\\\/no-almoco-do-cc-sp-ceo-da-porto-seguro-fala-sobre-momento-de-expansao-e-do-compromisso-com-os-corretores\\\/#primaryimage\"},\"thumbnailUrl\":\"https:\\\/\\\/portaldenoticias.net\\\/ffsantos\\\/wp-content\\\/uploads\\\/2026\\\/03\\\/Mesa-2-01-mesa_Almoco-CCS-SP_10mar26-1.jpg\",\"articleSection\":[\"Destaques\",\"Economia\"],\"inLanguage\":\"pt-BR\",\"potentialAction\":[{\"@type\":\"CommentAction\",\"name\":\"Comment\",\"target\":[\"https:\\\/\\\/portaldenoticias.net\\\/ffsantos\\\/no-almoco-do-cc-sp-ceo-da-porto-seguro-fala-sobre-momento-de-expansao-e-do-compromisso-com-os-corretores\\\/#respond\"]}]},{\"@type\":\"WebPage\",\"@id\":\"https:\\\/\\\/portaldenoticias.net\\\/ffsantos\\\/no-almoco-do-cc-sp-ceo-da-porto-seguro-fala-sobre-momento-de-expansao-e-do-compromisso-com-os-corretores\\\/\",\"url\":\"https:\\\/\\\/portaldenoticias.net\\\/ffsantos\\\/no-almoco-do-cc-sp-ceo-da-porto-seguro-fala-sobre-momento-de-expansao-e-do-compromisso-com-os-corretores\\\/\",\"name\":\"NO ALMO\u00c7O DO CCS-SP, CEO DA PORTO SEGURO FALA SOBRE MOMENTO DE EXPANS\u00c3O E DO COMPROMISSO COM OS CORRETORES - Blog do Florisvaldo\",\"isPartOf\":{\"@id\":\"https:\\\/\\\/portaldenoticias.net\\\/ffsantos\\\/#website\"},\"primaryImageOfPage\":{\"@id\":\"https:\\\/\\\/portaldenoticias.net\\\/ffsantos\\\/no-almoco-do-cc-sp-ceo-da-porto-seguro-fala-sobre-momento-de-expansao-e-do-compromisso-com-os-corretores\\\/#primaryimage\"},\"image\":{\"@id\":\"https:\\\/\\\/portaldenoticias.net\\\/ffsantos\\\/no-almoco-do-cc-sp-ceo-da-porto-seguro-fala-sobre-momento-de-expansao-e-do-compromisso-com-os-corretores\\\/#primaryimage\"},\"thumbnailUrl\":\"https:\\\/\\\/portaldenoticias.net\\\/ffsantos\\\/wp-content\\\/uploads\\\/2026\\\/03\\\/Mesa-2-01-mesa_Almoco-CCS-SP_10mar26-1.jpg\",\"datePublished\":\"2026-03-16T23:31:56+00:00\",\"dateModified\":\"2026-03-17T00:08:51+00:00\",\"author\":{\"@id\":\"https:\\\/\\\/portaldenoticias.net\\\/ffsantos\\\/#\\\/schema\\\/person\\\/709c788ecb22f2378d698c2cd46cecc3\"},\"breadcrumb\":{\"@id\":\"https:\\\/\\\/portaldenoticias.net\\\/ffsantos\\\/no-almoco-do-cc-sp-ceo-da-porto-seguro-fala-sobre-momento-de-expansao-e-do-compromisso-com-os-corretores\\\/#breadcrumb\"},\"inLanguage\":\"pt-BR\",\"potentialAction\":[{\"@type\":\"ReadAction\",\"target\":[\"https:\\\/\\\/portaldenoticias.net\\\/ffsantos\\\/no-almoco-do-cc-sp-ceo-da-porto-seguro-fala-sobre-momento-de-expansao-e-do-compromisso-com-os-corretores\\\/\"]}]},{\"@type\":\"ImageObject\",\"inLanguage\":\"pt-BR\",\"@id\":\"https:\\\/\\\/portaldenoticias.net\\\/ffsantos\\\/no-almoco-do-cc-sp-ceo-da-porto-seguro-fala-sobre-momento-de-expansao-e-do-compromisso-com-os-corretores\\\/#primaryimage\",\"url\":\"https:\\\/\\\/portaldenoticias.net\\\/ffsantos\\\/wp-content\\\/uploads\\\/2026\\\/03\\\/Mesa-2-01-mesa_Almoco-CCS-SP_10mar26-1.jpg\",\"contentUrl\":\"https:\\\/\\\/portaldenoticias.net\\\/ffsantos\\\/wp-content\\\/uploads\\\/2026\\\/03\\\/Mesa-2-01-mesa_Almoco-CCS-SP_10mar26-1.jpg\",\"width\":1232,\"height\":820},{\"@type\":\"BreadcrumbList\",\"@id\":\"https:\\\/\\\/portaldenoticias.net\\\/ffsantos\\\/no-almoco-do-cc-sp-ceo-da-porto-seguro-fala-sobre-momento-de-expansao-e-do-compromisso-com-os-corretores\\\/#breadcrumb\",\"itemListElement\":[{\"@type\":\"ListItem\",\"position\":1,\"name\":\"In\u00edcio\",\"item\":\"https:\\\/\\\/portaldenoticias.net\\\/ffsantos\\\/\"},{\"@type\":\"ListItem\",\"position\":2,\"name\":\"NO ALMO\u00c7O DO CCS-SP, CEO DA PORTO SEGURO FALA SOBRE MOMENTO DE EXPANS\u00c3O E DO COMPROMISSO COM OS CORRETORES\"}]},{\"@type\":\"WebSite\",\"@id\":\"https:\\\/\\\/portaldenoticias.net\\\/ffsantos\\\/#website\",\"url\":\"https:\\\/\\\/portaldenoticias.net\\\/ffsantos\\\/\",\"name\":\"Blog do Florisvaldo |\",\"description\":\"Informa\u00e7\u00e3o com imparcialidade\",\"potentialAction\":[{\"@type\":\"SearchAction\",\"target\":{\"@type\":\"EntryPoint\",\"urlTemplate\":\"https:\\\/\\\/portaldenoticias.net\\\/ffsantos\\\/?s={search_term_string}\"},\"query-input\":{\"@type\":\"PropertyValueSpecification\",\"valueRequired\":true,\"valueName\":\"search_term_string\"}}],\"inLanguage\":\"pt-BR\"},{\"@type\":\"Person\",\"@id\":\"https:\\\/\\\/portaldenoticias.net\\\/ffsantos\\\/#\\\/schema\\\/person\\\/709c788ecb22f2378d698c2cd46cecc3\",\"name\":\"Florisvaldo\",\"image\":{\"@type\":\"ImageObject\",\"inLanguage\":\"pt-BR\",\"@id\":\"https:\\\/\\\/secure.gravatar.com\\\/avatar\\\/23c59839b4c874bb227d4916d18ba065e405a73d0e423fa9255ba9436604e628?s=96&d=mm&r=g\",\"url\":\"https:\\\/\\\/secure.gravatar.com\\\/avatar\\\/23c59839b4c874bb227d4916d18ba065e405a73d0e423fa9255ba9436604e628?s=96&d=mm&r=g\",\"contentUrl\":\"https:\\\/\\\/secure.gravatar.com\\\/avatar\\\/23c59839b4c874bb227d4916d18ba065e405a73d0e423fa9255ba9436604e628?s=96&d=mm&r=g\",\"caption\":\"Florisvaldo\"},\"url\":\"https:\\\/\\\/portaldenoticias.net\\\/ffsantos\\\/author\\\/ffsantos\\\/\"}]}<\/script>\n<!-- \/ Yoast SEO plugin. -->","yoast_head_json":{"title":"NO ALMO\u00c7O DO CCS-SP, CEO DA PORTO SEGURO FALA SOBRE MOMENTO DE EXPANS\u00c3O E DO COMPROMISSO COM OS CORRETORES - Blog do Florisvaldo","robots":{"index":"index","follow":"follow","max-snippet":"max-snippet:-1","max-image-preview":"max-image-preview:large","max-video-preview":"max-video-preview:-1"},"canonical":"https:\/\/portaldenoticias.net\/ffsantos\/no-almoco-do-cc-sp-ceo-da-porto-seguro-fala-sobre-momento-de-expansao-e-do-compromisso-com-os-corretores\/","og_locale":"pt_BR","og_type":"article","og_title":"NO ALMO\u00c7O DO CCS-SP, CEO DA PORTO SEGURO FALA SOBRE MOMENTO DE EXPANS\u00c3O E DO COMPROMISSO COM OS CORRETORES - Blog do Florisvaldo","og_description":"A seguradora Porto Seguro foi recebida pelo Clube dos Corretores de Seguros de S\u00e3o Paulo (CCS-SP) no seu primeiro almo\u00e7o do ano aberto a convidados, realizado no dia 10 de mar\u00e7o, no Terra\u00e7o It\u00e1lia, em S\u00e3o Paulo. A CEO da Porto Seguro, Patricia Chacon, que veio ao encontro acompanhada dos executivos do Grupo Porto \u2013","og_url":"https:\/\/portaldenoticias.net\/ffsantos\/no-almoco-do-cc-sp-ceo-da-porto-seguro-fala-sobre-momento-de-expansao-e-do-compromisso-com-os-corretores\/","og_site_name":"Blog do Florisvaldo","article_published_time":"2026-03-16T23:31:56+00:00","article_modified_time":"2026-03-17T00:08:51+00:00","og_image":[{"width":1232,"height":820,"url":"http:\/\/portaldenoticias.net\/ffsantos\/wp-content\/uploads\/2026\/03\/Mesa-2-01-mesa_Almoco-CCS-SP_10mar26-1.jpg","type":"image\/jpeg"}],"author":"Florisvaldo","twitter_card":"summary_large_image","twitter_misc":{"Escrito por":"Florisvaldo","Est. tempo de leitura":"6 minutos"},"schema":{"@context":"https:\/\/schema.org","@graph":[{"@type":"Article","@id":"https:\/\/portaldenoticias.net\/ffsantos\/no-almoco-do-cc-sp-ceo-da-porto-seguro-fala-sobre-momento-de-expansao-e-do-compromisso-com-os-corretores\/#article","isPartOf":{"@id":"https:\/\/portaldenoticias.net\/ffsantos\/no-almoco-do-cc-sp-ceo-da-porto-seguro-fala-sobre-momento-de-expansao-e-do-compromisso-com-os-corretores\/"},"author":{"name":"Florisvaldo","@id":"https:\/\/portaldenoticias.net\/ffsantos\/#\/schema\/person\/709c788ecb22f2378d698c2cd46cecc3"},"headline":"NO ALMO\u00c7O DO CCS-SP, CEO DA PORTO SEGURO FALA SOBRE MOMENTO DE EXPANS\u00c3O E DO COMPROMISSO COM OS CORRETORES","datePublished":"2026-03-16T23:31:56+00:00","dateModified":"2026-03-17T00:08:51+00:00","mainEntityOfPage":{"@id":"https:\/\/portaldenoticias.net\/ffsantos\/no-almoco-do-cc-sp-ceo-da-porto-seguro-fala-sobre-momento-de-expansao-e-do-compromisso-com-os-corretores\/"},"wordCount":874,"commentCount":0,"image":{"@id":"https:\/\/portaldenoticias.net\/ffsantos\/no-almoco-do-cc-sp-ceo-da-porto-seguro-fala-sobre-momento-de-expansao-e-do-compromisso-com-os-corretores\/#primaryimage"},"thumbnailUrl":"https:\/\/portaldenoticias.net\/ffsantos\/wp-content\/uploads\/2026\/03\/Mesa-2-01-mesa_Almoco-CCS-SP_10mar26-1.jpg","articleSection":["Destaques","Economia"],"inLanguage":"pt-BR","potentialAction":[{"@type":"CommentAction","name":"Comment","target":["https:\/\/portaldenoticias.net\/ffsantos\/no-almoco-do-cc-sp-ceo-da-porto-seguro-fala-sobre-momento-de-expansao-e-do-compromisso-com-os-corretores\/#respond"]}]},{"@type":"WebPage","@id":"https:\/\/portaldenoticias.net\/ffsantos\/no-almoco-do-cc-sp-ceo-da-porto-seguro-fala-sobre-momento-de-expansao-e-do-compromisso-com-os-corretores\/","url":"https:\/\/portaldenoticias.net\/ffsantos\/no-almoco-do-cc-sp-ceo-da-porto-seguro-fala-sobre-momento-de-expansao-e-do-compromisso-com-os-corretores\/","name":"NO ALMO\u00c7O DO CCS-SP, CEO DA PORTO SEGURO FALA SOBRE MOMENTO DE EXPANS\u00c3O E DO COMPROMISSO COM OS CORRETORES - Blog do Florisvaldo","isPartOf":{"@id":"https:\/\/portaldenoticias.net\/ffsantos\/#website"},"primaryImageOfPage":{"@id":"https:\/\/portaldenoticias.net\/ffsantos\/no-almoco-do-cc-sp-ceo-da-porto-seguro-fala-sobre-momento-de-expansao-e-do-compromisso-com-os-corretores\/#primaryimage"},"image":{"@id":"https:\/\/portaldenoticias.net\/ffsantos\/no-almoco-do-cc-sp-ceo-da-porto-seguro-fala-sobre-momento-de-expansao-e-do-compromisso-com-os-corretores\/#primaryimage"},"thumbnailUrl":"https:\/\/portaldenoticias.net\/ffsantos\/wp-content\/uploads\/2026\/03\/Mesa-2-01-mesa_Almoco-CCS-SP_10mar26-1.jpg","datePublished":"2026-03-16T23:31:56+00:00","dateModified":"2026-03-17T00:08:51+00:00","author":{"@id":"https:\/\/portaldenoticias.net\/ffsantos\/#\/schema\/person\/709c788ecb22f2378d698c2cd46cecc3"},"breadcrumb":{"@id":"https:\/\/portaldenoticias.net\/ffsantos\/no-almoco-do-cc-sp-ceo-da-porto-seguro-fala-sobre-momento-de-expansao-e-do-compromisso-com-os-corretores\/#breadcrumb"},"inLanguage":"pt-BR","potentialAction":[{"@type":"ReadAction","target":["https:\/\/portaldenoticias.net\/ffsantos\/no-almoco-do-cc-sp-ceo-da-porto-seguro-fala-sobre-momento-de-expansao-e-do-compromisso-com-os-corretores\/"]}]},{"@type":"ImageObject","inLanguage":"pt-BR","@id":"https:\/\/portaldenoticias.net\/ffsantos\/no-almoco-do-cc-sp-ceo-da-porto-seguro-fala-sobre-momento-de-expansao-e-do-compromisso-com-os-corretores\/#primaryimage","url":"https:\/\/portaldenoticias.net\/ffsantos\/wp-content\/uploads\/2026\/03\/Mesa-2-01-mesa_Almoco-CCS-SP_10mar26-1.jpg","contentUrl":"https:\/\/portaldenoticias.net\/ffsantos\/wp-content\/uploads\/2026\/03\/Mesa-2-01-mesa_Almoco-CCS-SP_10mar26-1.jpg","width":1232,"height":820},{"@type":"BreadcrumbList","@id":"https:\/\/portaldenoticias.net\/ffsantos\/no-almoco-do-cc-sp-ceo-da-porto-seguro-fala-sobre-momento-de-expansao-e-do-compromisso-com-os-corretores\/#breadcrumb","itemListElement":[{"@type":"ListItem","position":1,"name":"In\u00edcio","item":"https:\/\/portaldenoticias.net\/ffsantos\/"},{"@type":"ListItem","position":2,"name":"NO ALMO\u00c7O DO CCS-SP, CEO DA PORTO SEGURO FALA SOBRE MOMENTO DE EXPANS\u00c3O E DO COMPROMISSO COM OS CORRETORES"}]},{"@type":"WebSite","@id":"https:\/\/portaldenoticias.net\/ffsantos\/#website","url":"https:\/\/portaldenoticias.net\/ffsantos\/","name":"Blog do Florisvaldo |","description":"Informa\u00e7\u00e3o com imparcialidade","potentialAction":[{"@type":"SearchAction","target":{"@type":"EntryPoint","urlTemplate":"https:\/\/portaldenoticias.net\/ffsantos\/?s={search_term_string}"},"query-input":{"@type":"PropertyValueSpecification","valueRequired":true,"valueName":"search_term_string"}}],"inLanguage":"pt-BR"},{"@type":"Person","@id":"https:\/\/portaldenoticias.net\/ffsantos\/#\/schema\/person\/709c788ecb22f2378d698c2cd46cecc3","name":"Florisvaldo","image":{"@type":"ImageObject","inLanguage":"pt-BR","@id":"https:\/\/secure.gravatar.com\/avatar\/23c59839b4c874bb227d4916d18ba065e405a73d0e423fa9255ba9436604e628?s=96&d=mm&r=g","url":"https:\/\/secure.gravatar.com\/avatar\/23c59839b4c874bb227d4916d18ba065e405a73d0e423fa9255ba9436604e628?s=96&d=mm&r=g","contentUrl":"https:\/\/secure.gravatar.com\/avatar\/23c59839b4c874bb227d4916d18ba065e405a73d0e423fa9255ba9436604e628?s=96&d=mm&r=g","caption":"Florisvaldo"},"url":"https:\/\/portaldenoticias.net\/ffsantos\/author\/ffsantos\/"}]}},"_links":{"self":[{"href":"https:\/\/portaldenoticias.net\/ffsantos\/wp-json\/wp\/v2\/posts\/22151","targetHints":{"allow":["GET"]}}],"collection":[{"href":"https:\/\/portaldenoticias.net\/ffsantos\/wp-json\/wp\/v2\/posts"}],"about":[{"href":"https:\/\/portaldenoticias.net\/ffsantos\/wp-json\/wp\/v2\/types\/post"}],"author":[{"embeddable":true,"href":"https:\/\/portaldenoticias.net\/ffsantos\/wp-json\/wp\/v2\/users\/2"}],"replies":[{"embeddable":true,"href":"https:\/\/portaldenoticias.net\/ffsantos\/wp-json\/wp\/v2\/comments?post=22151"}],"version-history":[{"count":5,"href":"https:\/\/portaldenoticias.net\/ffsantos\/wp-json\/wp\/v2\/posts\/22151\/revisions"}],"predecessor-version":[{"id":22163,"href":"https:\/\/portaldenoticias.net\/ffsantos\/wp-json\/wp\/v2\/posts\/22151\/revisions\/22163"}],"wp:featuredmedia":[{"embeddable":true,"href":"https:\/\/portaldenoticias.net\/ffsantos\/wp-json\/wp\/v2\/media\/22154"}],"wp:attachment":[{"href":"https:\/\/portaldenoticias.net\/ffsantos\/wp-json\/wp\/v2\/media?parent=22151"}],"wp:term":[{"taxonomy":"category","embeddable":true,"href":"https:\/\/portaldenoticias.net\/ffsantos\/wp-json\/wp\/v2\/categories?post=22151"},{"taxonomy":"post_tag","embeddable":true,"href":"https:\/\/portaldenoticias.net\/ffsantos\/wp-json\/wp\/v2\/tags?post=22151"}],"curies":[{"name":"wp","href":"https:\/\/api.w.org\/{rel}","templated":true}]}}