{"id":22140,"date":"2026-03-15T07:00:46","date_gmt":"2026-03-15T10:00:46","guid":{"rendered":"https:\/\/portaldenoticias.net\/ffsantos\/?p=22140"},"modified":"2026-03-14T21:50:14","modified_gmt":"2026-03-15T00:50:14","slug":"editorial-ano-xiv-numero-486-miami-e-o-caribe-em-harmonia-mas-nao-iguais","status":"publish","type":"post","link":"https:\/\/portaldenoticias.net\/ffsantos\/editorial-ano-xiv-numero-486-miami-e-o-caribe-em-harmonia-mas-nao-iguais\/","title":{"rendered":"EDITORIAL ANO XIV N\u00daMERO 486 &#8211; MIAMI E O CARIBE EM HARMONIA,  MAS N\u00c3O IGUAIS"},"content":{"rendered":"<p><strong><em>\u00a0 \u00a0 \u00a0 \u00a0 \u00a0 \u00a0 \u00a0 \u00a0 \u00a0 \u00a0 \u00a0 \u00a0 \u00a0 \u00a0 \u00a0 \u00a0 \u00a0 \u00a0 \u00a0 \u00a0 \u00a0 \u00a0 \u00a0 \u00a0 \u00a0 \u00a0 \u00a0 \u00a0 \u00a0 \u00a0 \u00a0 \u00a0 \u00a0 \u00a0 \u00a0 \u00a0 \u00a0 \u00a0 \u00a0 \u00a0 \u00a0 \u00a0 \u00a0 \u00a0 \u00a0 <a href=\"http:\/\/portaldenoticias.net\/ffsantos\/wp-content\/uploads\/2026\/03\/Agenor-Miami-Imagem1.jpg\"><img loading=\"lazy\" decoding=\"async\" class=\"aligncenter size-large wp-image-22141\" src=\"http:\/\/portaldenoticias.net\/ffsantos\/wp-content\/uploads\/2026\/03\/Agenor-Miami-Imagem1-1024x683.jpg\" alt=\"\" width=\"749\" height=\"500\" srcset=\"https:\/\/portaldenoticias.net\/ffsantos\/wp-content\/uploads\/2026\/03\/Agenor-Miami-Imagem1-1024x683.jpg 1024w, https:\/\/portaldenoticias.net\/ffsantos\/wp-content\/uploads\/2026\/03\/Agenor-Miami-Imagem1-300x200.jpg 300w, https:\/\/portaldenoticias.net\/ffsantos\/wp-content\/uploads\/2026\/03\/Agenor-Miami-Imagem1-768x512.jpg 768w, https:\/\/portaldenoticias.net\/ffsantos\/wp-content\/uploads\/2026\/03\/Agenor-Miami-Imagem1-150x100.jpg 150w, https:\/\/portaldenoticias.net\/ffsantos\/wp-content\/uploads\/2026\/03\/Agenor-Miami-Imagem1-450x300.jpg 450w, https:\/\/portaldenoticias.net\/ffsantos\/wp-content\/uploads\/2026\/03\/Agenor-Miami-Imagem1.jpg 1096w\" sizes=\"auto, (max-width: 749px) 100vw, 749px\" \/><\/a>\u00a0 \u00a0 \u00a0 \u00a0 <\/em><\/strong><strong style=\"font-size: 14px\"><em>\u00a0 \u00a0 \u00a0 \u00a0 \u00a0 \u00a0 \u00a0 \u00a0 \u00a0 \u00a0 \u00a0 \u00a0 \u00a0 \u00a0 \u00a0 \u00a0 \u00a0 \u00a0 \u00a0 \u00a0 \u00a0 \u00a0 \u00a0 \u00a0 \u00a0 \u00a0 \u00a0 \u00a0 \u00a0 \u00a0 \u00a0 \u00a0 \u00a0 \u00a0 \u00a0 \u00a0 \u00a0 \u00a0 \u00a0 \u00a0 \u00a0 \u00a0 \u00a0 \u00a0 \u00a0 \u00a0 \u00a0 \u00a0 \u00a0 Por Agenor Santos &#8211; Das Bahamas &#8211; CARIBE.<\/em><\/strong><\/p>\n<p>Conforme revelei na cr\u00f4nica anterior, uma viagem ao exterior representa muito mais do que um giro tur\u00edstico, e sim a oportunidade de conviver com fant\u00e1sticas experi\u00eancias que consolidam um novo aprendizado. Imposs\u00edvel n\u00e3o absorver informa\u00e7\u00f5es que fortalecem o perfil cultural do viajante.<\/p>\n<p>No s\u00e1bado partimos de Miami para um Cruzeiro pela regi\u00e3o caribenha, no luxuoso e confort\u00e1vel navio Royal Caribbean, visitando as praias de Costa Maya e Cozumel, no M\u00e9xico, a Praia de Roat\u00e1n, em Honduras e nas Bahamas. Da\u00ed para a frente, as conclus\u00f5es individuais dependem do campo de vis\u00e3o aplicado por cada viajante. Eu, por exemplo, procuro exercitar a \u00e1rea de avalia\u00e7\u00f5es comparativas, e obter li\u00e7\u00f5es, com o fim de dividir os conhecimentos com os meus leitores, semanalmente, o que \u00e9 objetivo atrav\u00e9s de nossos Artigos.<\/p>\n<p>A impress\u00e3o natural de quem observa o mapa da regi\u00e3o com rapidez, \u00e9 a de que Miami e o Caribe formam quase uma mesma paisagem geogr\u00e1fica. Separados por poucas horas de navega\u00e7\u00e3o ou de voo, compartilham o mesmo mar azul-turquesa, o clima tropical e a forte presen\u00e7a cultural latina. Contudo, basta atravessar essas \u00e1guas para perceber que, apesar da proximidade f\u00edsica, trata-se de realidades profundamente distintas.<\/p>\n<p>Miami tornou-se, ao longo das \u00faltimas d\u00e9cadas, uma das cidades mais din\u00e2micas do hemisf\u00e9rio ocidental. N\u00e3o apenas pelo turismo ou pelas praias mundialmente conhecidas, mas, sobretudo, pela solidez institucional que sustenta seu desenvolvimento urbano e econ\u00f4mico. Ruas organizadas, infraestrutura eficiente, servi\u00e7os p\u00fablicos funcionando e um ambiente favor\u00e1vel ao investimento comp\u00f5em um cen\u00e1rio que transmite previsibilidade, elemento essencial para qualquer sociedade que pretende prosperar.<\/p>\n<p>J\u00e1 o Caribe &#8211; formado por diversas ilhas e pequenos Estados soberanos -, apresenta um universo muito mais complexo. Embora possua destinos tur\u00edsticos de grande beleza natural e forte voca\u00e7\u00e3o para o lazer internacional, muitas dessas na\u00e7\u00f5es convivem com desafios estruturais significativos: economias altamente dependentes do turismo, limita\u00e7\u00f5es institucionais, fragilidades fiscais e, em alguns casos, instabilidade pol\u00edtica.<\/p>\n<p>A proximidade geogr\u00e1fica entre Miami e o Caribe revela, portanto, um contraste que vai muito al\u00e9m da paisagem. De um lado, um territ\u00f3rio inserido no sistema institucional e econ\u00f4mico dos Estados Unidos, com regras est\u00e1veis, seguran\u00e7a jur\u00eddica e forte integra\u00e7\u00e3o aos mercados globais. De outro, pa\u00edses que, embora ricos em natureza e cultura, ainda enfrentam obst\u00e1culos hist\u00f3ricos para consolidar estruturas econ\u00f4micas mais diversificadas e sustent\u00e1veis.<\/p>\n<p>Esse contraste ajuda a explicar por que Miami se tornou, paradoxalmente, uma esp\u00e9cie de capital informal do pr\u00f3prio Caribe. Empres\u00e1rios, investidores e at\u00e9 governos caribenhos utilizam a cidade como base log\u00edstica, financeira e comercial. \u00c9 ali que se concentram escrit\u00f3rios, bancos, companhias a\u00e9reas, centros de conven\u00e7\u00f5es e conex\u00f5es internacionais que articulam grande parte das atividades econ\u00f4micas da regi\u00e3o. A diferen\u00e7a, portanto, n\u00e3o est\u00e1 no mar que os separa, mas nas institui\u00e7\u00f5es que moldam seus caminhos.<\/p>\n<p>A ascend\u00eancia americana \u00e9 t\u00e3o acentuada, que come\u00e7a com o predom\u00ednio do idioma ingl\u00eas, presente tanto nos shows, como usado pelos atendentes de pontos tur\u00edsticos e os guias, os quais priorizam falar o ingl\u00eas, mesmo tendo turistas latinos presentes nos grupos.<\/p>\n<p>N\u00e3o por acaso, muitos produtos que circulam nas ilhas caribenhas passam primeiro pelos portos e aeroportos de Miami. A cidade funciona como um grande entreposto regional, conectando economias menores ao fluxo global de mercadorias, servi\u00e7os e capitais.<\/p>\n<p>Al\u00e9m disso, h\u00e1 tamb\u00e9m uma dimens\u00e3o humana nessa rela\u00e7\u00e3o. Comunidades oriundas de diversos pa\u00edses caribenhos vivem hoje em Miami, contribuindo para formar um ambiente multicultural vibrante. Cubanos, haitianos, dominicanos e jamaicanos, entre outros, trouxeram consigo tradi\u00e7\u00f5es, gastronomia, m\u00fasica e modos de vida que enriquecem a identidade da cidade.<\/p>\n<p>E talvez essa seja a principal li\u00e7\u00e3o que emerge dessa vizinhan\u00e7a t\u00e3o pr\u00f3xima quanto desigual: geografia pode aproximar territ\u00f3rios, mas s\u00e3o as escolhas pol\u00edticas, econ\u00f4micas e institucionais que, ao longo do tempo, definem destinos muito diferentes. Essa \u00e9 minha vis\u00e3o, de algu\u00e9m que est\u00e1 vendo e vivenciando tudo isso t\u00e3o de perto, e poder compartilhar de forma plena e em tempo real.<\/p>\n<p><strong><em><a href=\"http:\/\/portaldenoticias.net\/ffsantos\/wp-content\/uploads\/2025\/01\/Agenor-Foto-Nova.png\"><img loading=\"lazy\" decoding=\"async\" class=\"alignleft size-thumbnail wp-image-19947\" src=\"http:\/\/portaldenoticias.net\/ffsantos\/wp-content\/uploads\/2025\/01\/Agenor-Foto-Nova-130x150.png\" alt=\"\" width=\"130\" height=\"150\" \/><\/a>Autor: Adm. Agenor Santos, P\u00f3s-Gradua\u00e7\u00e3o Lato Sensu em Controle, Monitoramento e Avalia\u00e7\u00e3o no Setor P\u00fablico &#8211; <\/em><\/strong><strong><em>Aposentado do Banco do Brasil.<\/em><\/strong><\/p>\n<p><strong><em>\u00a0<\/em><\/strong><\/p>\n<p style=\"text-align: center\"><strong><em>Blog do Florisvaldo &#8211; Informa\u00e7\u00e3o Com Imparcialidade<\/em><\/strong><\/p>\n","protected":false},"excerpt":{"rendered":"<p>\u00a0 \u00a0 \u00a0 \u00a0 \u00a0 \u00a0 \u00a0 \u00a0 \u00a0 \u00a0 \u00a0 \u00a0 \u00a0 \u00a0 \u00a0 \u00a0 \u00a0 \u00a0 \u00a0 \u00a0 \u00a0 \u00a0 \u00a0 \u00a0 \u00a0 \u00a0 \u00a0 \u00a0 \u00a0 \u00a0 \u00a0 \u00a0 \u00a0 \u00a0 \u00a0 \u00a0 \u00a0 \u00a0 \u00a0 \u00a0 \u00a0 \u00a0 \u00a0 \u00a0 \u00a0 \u00a0 \u00a0 \u00a0 \u00a0 \u00a0 \u00a0 \u00a0 \u00a0 \u00a0 \u00a0<\/p>\n","protected":false},"author":2,"featured_media":22141,"comment_status":"open","ping_status":"open","sticky":false,"template":"","format":"standard","meta":{"footnotes":""},"categories":[1],"tags":[],"class_list":{"0":"post-22140","1":"post","2":"type-post","3":"status-publish","4":"format-standard","5":"has-post-thumbnail","7":"category-destaques"},"yoast_head":"<!-- This site is optimized with the Yoast SEO plugin v27.4 - https:\/\/yoast.com\/product\/yoast-seo-wordpress\/ -->\n<title>EDITORIAL ANO XIV N\u00daMERO 486 - MIAMI E O CARIBE EM HARMONIA, MAS N\u00c3O IGUAIS - Blog do Florisvaldo<\/title>\n<meta name=\"robots\" content=\"index, follow, max-snippet:-1, max-image-preview:large, max-video-preview:-1\" \/>\n<link rel=\"canonical\" href=\"https:\/\/portaldenoticias.net\/ffsantos\/editorial-ano-xiv-numero-486-miami-e-o-caribe-em-harmonia-mas-nao-iguais\/\" \/>\n<meta property=\"og:locale\" content=\"pt_BR\" \/>\n<meta property=\"og:type\" content=\"article\" \/>\n<meta property=\"og:title\" content=\"EDITORIAL ANO XIV N\u00daMERO 486 - MIAMI E O CARIBE EM HARMONIA, MAS N\u00c3O IGUAIS - Blog do Florisvaldo\" \/>\n<meta property=\"og:description\" content=\"\u00a0 \u00a0 \u00a0 \u00a0 \u00a0 \u00a0 \u00a0 \u00a0 \u00a0 \u00a0 \u00a0 \u00a0 \u00a0 \u00a0 \u00a0 \u00a0 \u00a0 \u00a0 \u00a0 \u00a0 \u00a0 \u00a0 \u00a0 \u00a0 \u00a0 \u00a0 \u00a0 \u00a0 \u00a0 \u00a0 \u00a0 \u00a0 \u00a0 \u00a0 \u00a0 \u00a0 \u00a0 \u00a0 \u00a0 \u00a0 \u00a0 \u00a0 \u00a0 \u00a0 \u00a0 \u00a0 \u00a0 \u00a0 \u00a0 \u00a0 \u00a0 \u00a0 \u00a0 \u00a0 \u00a0\" \/>\n<meta property=\"og:url\" content=\"https:\/\/portaldenoticias.net\/ffsantos\/editorial-ano-xiv-numero-486-miami-e-o-caribe-em-harmonia-mas-nao-iguais\/\" \/>\n<meta property=\"og:site_name\" content=\"Blog do Florisvaldo\" \/>\n<meta property=\"article:published_time\" content=\"2026-03-15T10:00:46+00:00\" \/>\n<meta property=\"og:image\" content=\"https:\/\/portaldenoticias.net\/ffsantos\/wp-content\/uploads\/2026\/03\/Agenor-Miami-Imagem1.jpg\" \/>\n\t<meta property=\"og:image:width\" content=\"1096\" \/>\n\t<meta property=\"og:image:height\" content=\"731\" \/>\n\t<meta property=\"og:image:type\" content=\"image\/jpeg\" \/>\n<meta name=\"author\" content=\"Florisvaldo\" \/>\n<meta name=\"twitter:card\" content=\"summary_large_image\" \/>\n<meta name=\"twitter:label1\" content=\"Escrito por\" \/>\n\t<meta name=\"twitter:data1\" content=\"Florisvaldo\" \/>\n\t<meta name=\"twitter:label2\" content=\"Est. tempo de leitura\" \/>\n\t<meta name=\"twitter:data2\" content=\"5 minutos\" \/>\n<script type=\"application\/ld+json\" class=\"yoast-schema-graph\">{\"@context\":\"https:\\\/\\\/schema.org\",\"@graph\":[{\"@type\":\"Article\",\"@id\":\"https:\\\/\\\/portaldenoticias.net\\\/ffsantos\\\/editorial-ano-xiv-numero-486-miami-e-o-caribe-em-harmonia-mas-nao-iguais\\\/#article\",\"isPartOf\":{\"@id\":\"https:\\\/\\\/portaldenoticias.net\\\/ffsantos\\\/editorial-ano-xiv-numero-486-miami-e-o-caribe-em-harmonia-mas-nao-iguais\\\/\"},\"author\":{\"name\":\"Florisvaldo\",\"@id\":\"https:\\\/\\\/portaldenoticias.net\\\/ffsantos\\\/#\\\/schema\\\/person\\\/709c788ecb22f2378d698c2cd46cecc3\"},\"headline\":\"EDITORIAL ANO XIV N\u00daMERO 486 &#8211; MIAMI E O CARIBE EM HARMONIA, MAS N\u00c3O IGUAIS\",\"datePublished\":\"2026-03-15T10:00:46+00:00\",\"mainEntityOfPage\":{\"@id\":\"https:\\\/\\\/portaldenoticias.net\\\/ffsantos\\\/editorial-ano-xiv-numero-486-miami-e-o-caribe-em-harmonia-mas-nao-iguais\\\/\"},\"wordCount\":785,\"commentCount\":1,\"image\":{\"@id\":\"https:\\\/\\\/portaldenoticias.net\\\/ffsantos\\\/editorial-ano-xiv-numero-486-miami-e-o-caribe-em-harmonia-mas-nao-iguais\\\/#primaryimage\"},\"thumbnailUrl\":\"https:\\\/\\\/portaldenoticias.net\\\/ffsantos\\\/wp-content\\\/uploads\\\/2026\\\/03\\\/Agenor-Miami-Imagem1.jpg\",\"articleSection\":[\"Destaques\"],\"inLanguage\":\"pt-BR\",\"potentialAction\":[{\"@type\":\"CommentAction\",\"name\":\"Comment\",\"target\":[\"https:\\\/\\\/portaldenoticias.net\\\/ffsantos\\\/editorial-ano-xiv-numero-486-miami-e-o-caribe-em-harmonia-mas-nao-iguais\\\/#respond\"]}]},{\"@type\":\"WebPage\",\"@id\":\"https:\\\/\\\/portaldenoticias.net\\\/ffsantos\\\/editorial-ano-xiv-numero-486-miami-e-o-caribe-em-harmonia-mas-nao-iguais\\\/\",\"url\":\"https:\\\/\\\/portaldenoticias.net\\\/ffsantos\\\/editorial-ano-xiv-numero-486-miami-e-o-caribe-em-harmonia-mas-nao-iguais\\\/\",\"name\":\"EDITORIAL ANO XIV N\u00daMERO 486 - MIAMI E O CARIBE EM HARMONIA, MAS N\u00c3O IGUAIS - Blog do Florisvaldo\",\"isPartOf\":{\"@id\":\"https:\\\/\\\/portaldenoticias.net\\\/ffsantos\\\/#website\"},\"primaryImageOfPage\":{\"@id\":\"https:\\\/\\\/portaldenoticias.net\\\/ffsantos\\\/editorial-ano-xiv-numero-486-miami-e-o-caribe-em-harmonia-mas-nao-iguais\\\/#primaryimage\"},\"image\":{\"@id\":\"https:\\\/\\\/portaldenoticias.net\\\/ffsantos\\\/editorial-ano-xiv-numero-486-miami-e-o-caribe-em-harmonia-mas-nao-iguais\\\/#primaryimage\"},\"thumbnailUrl\":\"https:\\\/\\\/portaldenoticias.net\\\/ffsantos\\\/wp-content\\\/uploads\\\/2026\\\/03\\\/Agenor-Miami-Imagem1.jpg\",\"datePublished\":\"2026-03-15T10:00:46+00:00\",\"author\":{\"@id\":\"https:\\\/\\\/portaldenoticias.net\\\/ffsantos\\\/#\\\/schema\\\/person\\\/709c788ecb22f2378d698c2cd46cecc3\"},\"breadcrumb\":{\"@id\":\"https:\\\/\\\/portaldenoticias.net\\\/ffsantos\\\/editorial-ano-xiv-numero-486-miami-e-o-caribe-em-harmonia-mas-nao-iguais\\\/#breadcrumb\"},\"inLanguage\":\"pt-BR\",\"potentialAction\":[{\"@type\":\"ReadAction\",\"target\":[\"https:\\\/\\\/portaldenoticias.net\\\/ffsantos\\\/editorial-ano-xiv-numero-486-miami-e-o-caribe-em-harmonia-mas-nao-iguais\\\/\"]}]},{\"@type\":\"ImageObject\",\"inLanguage\":\"pt-BR\",\"@id\":\"https:\\\/\\\/portaldenoticias.net\\\/ffsantos\\\/editorial-ano-xiv-numero-486-miami-e-o-caribe-em-harmonia-mas-nao-iguais\\\/#primaryimage\",\"url\":\"https:\\\/\\\/portaldenoticias.net\\\/ffsantos\\\/wp-content\\\/uploads\\\/2026\\\/03\\\/Agenor-Miami-Imagem1.jpg\",\"contentUrl\":\"https:\\\/\\\/portaldenoticias.net\\\/ffsantos\\\/wp-content\\\/uploads\\\/2026\\\/03\\\/Agenor-Miami-Imagem1.jpg\",\"width\":1096,\"height\":731},{\"@type\":\"BreadcrumbList\",\"@id\":\"https:\\\/\\\/portaldenoticias.net\\\/ffsantos\\\/editorial-ano-xiv-numero-486-miami-e-o-caribe-em-harmonia-mas-nao-iguais\\\/#breadcrumb\",\"itemListElement\":[{\"@type\":\"ListItem\",\"position\":1,\"name\":\"In\u00edcio\",\"item\":\"https:\\\/\\\/portaldenoticias.net\\\/ffsantos\\\/\"},{\"@type\":\"ListItem\",\"position\":2,\"name\":\"EDITORIAL ANO XIV N\u00daMERO 486 &#8211; MIAMI E O CARIBE EM HARMONIA, MAS N\u00c3O IGUAIS\"}]},{\"@type\":\"WebSite\",\"@id\":\"https:\\\/\\\/portaldenoticias.net\\\/ffsantos\\\/#website\",\"url\":\"https:\\\/\\\/portaldenoticias.net\\\/ffsantos\\\/\",\"name\":\"Blog do Florisvaldo |\",\"description\":\"Informa\u00e7\u00e3o com imparcialidade\",\"potentialAction\":[{\"@type\":\"SearchAction\",\"target\":{\"@type\":\"EntryPoint\",\"urlTemplate\":\"https:\\\/\\\/portaldenoticias.net\\\/ffsantos\\\/?s={search_term_string}\"},\"query-input\":{\"@type\":\"PropertyValueSpecification\",\"valueRequired\":true,\"valueName\":\"search_term_string\"}}],\"inLanguage\":\"pt-BR\"},{\"@type\":\"Person\",\"@id\":\"https:\\\/\\\/portaldenoticias.net\\\/ffsantos\\\/#\\\/schema\\\/person\\\/709c788ecb22f2378d698c2cd46cecc3\",\"name\":\"Florisvaldo\",\"image\":{\"@type\":\"ImageObject\",\"inLanguage\":\"pt-BR\",\"@id\":\"https:\\\/\\\/secure.gravatar.com\\\/avatar\\\/23c59839b4c874bb227d4916d18ba065e405a73d0e423fa9255ba9436604e628?s=96&d=mm&r=g\",\"url\":\"https:\\\/\\\/secure.gravatar.com\\\/avatar\\\/23c59839b4c874bb227d4916d18ba065e405a73d0e423fa9255ba9436604e628?s=96&d=mm&r=g\",\"contentUrl\":\"https:\\\/\\\/secure.gravatar.com\\\/avatar\\\/23c59839b4c874bb227d4916d18ba065e405a73d0e423fa9255ba9436604e628?s=96&d=mm&r=g\",\"caption\":\"Florisvaldo\"},\"url\":\"https:\\\/\\\/portaldenoticias.net\\\/ffsantos\\\/author\\\/ffsantos\\\/\"}]}<\/script>\n<!-- \/ Yoast SEO plugin. -->","yoast_head_json":{"title":"EDITORIAL ANO XIV N\u00daMERO 486 - MIAMI E O CARIBE EM HARMONIA, MAS N\u00c3O IGUAIS - Blog do Florisvaldo","robots":{"index":"index","follow":"follow","max-snippet":"max-snippet:-1","max-image-preview":"max-image-preview:large","max-video-preview":"max-video-preview:-1"},"canonical":"https:\/\/portaldenoticias.net\/ffsantos\/editorial-ano-xiv-numero-486-miami-e-o-caribe-em-harmonia-mas-nao-iguais\/","og_locale":"pt_BR","og_type":"article","og_title":"EDITORIAL ANO XIV N\u00daMERO 486 - MIAMI E O CARIBE EM HARMONIA, MAS N\u00c3O IGUAIS - Blog do Florisvaldo","og_description":"\u00a0 \u00a0 \u00a0 \u00a0 \u00a0 \u00a0 \u00a0 \u00a0 \u00a0 \u00a0 \u00a0 \u00a0 \u00a0 \u00a0 \u00a0 \u00a0 \u00a0 \u00a0 \u00a0 \u00a0 \u00a0 \u00a0 \u00a0 \u00a0 \u00a0 \u00a0 \u00a0 \u00a0 \u00a0 \u00a0 \u00a0 \u00a0 \u00a0 \u00a0 \u00a0 \u00a0 \u00a0 \u00a0 \u00a0 \u00a0 \u00a0 \u00a0 \u00a0 \u00a0 \u00a0 \u00a0 \u00a0 \u00a0 \u00a0 \u00a0 \u00a0 \u00a0 \u00a0 \u00a0 \u00a0","og_url":"https:\/\/portaldenoticias.net\/ffsantos\/editorial-ano-xiv-numero-486-miami-e-o-caribe-em-harmonia-mas-nao-iguais\/","og_site_name":"Blog do Florisvaldo","article_published_time":"2026-03-15T10:00:46+00:00","og_image":[{"width":1096,"height":731,"url":"https:\/\/portaldenoticias.net\/ffsantos\/wp-content\/uploads\/2026\/03\/Agenor-Miami-Imagem1.jpg","type":"image\/jpeg"}],"author":"Florisvaldo","twitter_card":"summary_large_image","twitter_misc":{"Escrito por":"Florisvaldo","Est. tempo de leitura":"5 minutos"},"schema":{"@context":"https:\/\/schema.org","@graph":[{"@type":"Article","@id":"https:\/\/portaldenoticias.net\/ffsantos\/editorial-ano-xiv-numero-486-miami-e-o-caribe-em-harmonia-mas-nao-iguais\/#article","isPartOf":{"@id":"https:\/\/portaldenoticias.net\/ffsantos\/editorial-ano-xiv-numero-486-miami-e-o-caribe-em-harmonia-mas-nao-iguais\/"},"author":{"name":"Florisvaldo","@id":"https:\/\/portaldenoticias.net\/ffsantos\/#\/schema\/person\/709c788ecb22f2378d698c2cd46cecc3"},"headline":"EDITORIAL ANO XIV N\u00daMERO 486 &#8211; MIAMI E O CARIBE EM HARMONIA, MAS N\u00c3O IGUAIS","datePublished":"2026-03-15T10:00:46+00:00","mainEntityOfPage":{"@id":"https:\/\/portaldenoticias.net\/ffsantos\/editorial-ano-xiv-numero-486-miami-e-o-caribe-em-harmonia-mas-nao-iguais\/"},"wordCount":785,"commentCount":1,"image":{"@id":"https:\/\/portaldenoticias.net\/ffsantos\/editorial-ano-xiv-numero-486-miami-e-o-caribe-em-harmonia-mas-nao-iguais\/#primaryimage"},"thumbnailUrl":"https:\/\/portaldenoticias.net\/ffsantos\/wp-content\/uploads\/2026\/03\/Agenor-Miami-Imagem1.jpg","articleSection":["Destaques"],"inLanguage":"pt-BR","potentialAction":[{"@type":"CommentAction","name":"Comment","target":["https:\/\/portaldenoticias.net\/ffsantos\/editorial-ano-xiv-numero-486-miami-e-o-caribe-em-harmonia-mas-nao-iguais\/#respond"]}]},{"@type":"WebPage","@id":"https:\/\/portaldenoticias.net\/ffsantos\/editorial-ano-xiv-numero-486-miami-e-o-caribe-em-harmonia-mas-nao-iguais\/","url":"https:\/\/portaldenoticias.net\/ffsantos\/editorial-ano-xiv-numero-486-miami-e-o-caribe-em-harmonia-mas-nao-iguais\/","name":"EDITORIAL ANO XIV N\u00daMERO 486 - MIAMI E O CARIBE EM HARMONIA, MAS N\u00c3O IGUAIS - Blog do Florisvaldo","isPartOf":{"@id":"https:\/\/portaldenoticias.net\/ffsantos\/#website"},"primaryImageOfPage":{"@id":"https:\/\/portaldenoticias.net\/ffsantos\/editorial-ano-xiv-numero-486-miami-e-o-caribe-em-harmonia-mas-nao-iguais\/#primaryimage"},"image":{"@id":"https:\/\/portaldenoticias.net\/ffsantos\/editorial-ano-xiv-numero-486-miami-e-o-caribe-em-harmonia-mas-nao-iguais\/#primaryimage"},"thumbnailUrl":"https:\/\/portaldenoticias.net\/ffsantos\/wp-content\/uploads\/2026\/03\/Agenor-Miami-Imagem1.jpg","datePublished":"2026-03-15T10:00:46+00:00","author":{"@id":"https:\/\/portaldenoticias.net\/ffsantos\/#\/schema\/person\/709c788ecb22f2378d698c2cd46cecc3"},"breadcrumb":{"@id":"https:\/\/portaldenoticias.net\/ffsantos\/editorial-ano-xiv-numero-486-miami-e-o-caribe-em-harmonia-mas-nao-iguais\/#breadcrumb"},"inLanguage":"pt-BR","potentialAction":[{"@type":"ReadAction","target":["https:\/\/portaldenoticias.net\/ffsantos\/editorial-ano-xiv-numero-486-miami-e-o-caribe-em-harmonia-mas-nao-iguais\/"]}]},{"@type":"ImageObject","inLanguage":"pt-BR","@id":"https:\/\/portaldenoticias.net\/ffsantos\/editorial-ano-xiv-numero-486-miami-e-o-caribe-em-harmonia-mas-nao-iguais\/#primaryimage","url":"https:\/\/portaldenoticias.net\/ffsantos\/wp-content\/uploads\/2026\/03\/Agenor-Miami-Imagem1.jpg","contentUrl":"https:\/\/portaldenoticias.net\/ffsantos\/wp-content\/uploads\/2026\/03\/Agenor-Miami-Imagem1.jpg","width":1096,"height":731},{"@type":"BreadcrumbList","@id":"https:\/\/portaldenoticias.net\/ffsantos\/editorial-ano-xiv-numero-486-miami-e-o-caribe-em-harmonia-mas-nao-iguais\/#breadcrumb","itemListElement":[{"@type":"ListItem","position":1,"name":"In\u00edcio","item":"https:\/\/portaldenoticias.net\/ffsantos\/"},{"@type":"ListItem","position":2,"name":"EDITORIAL ANO XIV N\u00daMERO 486 &#8211; MIAMI E O CARIBE EM HARMONIA, MAS N\u00c3O IGUAIS"}]},{"@type":"WebSite","@id":"https:\/\/portaldenoticias.net\/ffsantos\/#website","url":"https:\/\/portaldenoticias.net\/ffsantos\/","name":"Blog do Florisvaldo |","description":"Informa\u00e7\u00e3o com imparcialidade","potentialAction":[{"@type":"SearchAction","target":{"@type":"EntryPoint","urlTemplate":"https:\/\/portaldenoticias.net\/ffsantos\/?s={search_term_string}"},"query-input":{"@type":"PropertyValueSpecification","valueRequired":true,"valueName":"search_term_string"}}],"inLanguage":"pt-BR"},{"@type":"Person","@id":"https:\/\/portaldenoticias.net\/ffsantos\/#\/schema\/person\/709c788ecb22f2378d698c2cd46cecc3","name":"Florisvaldo","image":{"@type":"ImageObject","inLanguage":"pt-BR","@id":"https:\/\/secure.gravatar.com\/avatar\/23c59839b4c874bb227d4916d18ba065e405a73d0e423fa9255ba9436604e628?s=96&d=mm&r=g","url":"https:\/\/secure.gravatar.com\/avatar\/23c59839b4c874bb227d4916d18ba065e405a73d0e423fa9255ba9436604e628?s=96&d=mm&r=g","contentUrl":"https:\/\/secure.gravatar.com\/avatar\/23c59839b4c874bb227d4916d18ba065e405a73d0e423fa9255ba9436604e628?s=96&d=mm&r=g","caption":"Florisvaldo"},"url":"https:\/\/portaldenoticias.net\/ffsantos\/author\/ffsantos\/"}]}},"_links":{"self":[{"href":"https:\/\/portaldenoticias.net\/ffsantos\/wp-json\/wp\/v2\/posts\/22140","targetHints":{"allow":["GET"]}}],"collection":[{"href":"https:\/\/portaldenoticias.net\/ffsantos\/wp-json\/wp\/v2\/posts"}],"about":[{"href":"https:\/\/portaldenoticias.net\/ffsantos\/wp-json\/wp\/v2\/types\/post"}],"author":[{"embeddable":true,"href":"https:\/\/portaldenoticias.net\/ffsantos\/wp-json\/wp\/v2\/users\/2"}],"replies":[{"embeddable":true,"href":"https:\/\/portaldenoticias.net\/ffsantos\/wp-json\/wp\/v2\/comments?post=22140"}],"version-history":[{"count":2,"href":"https:\/\/portaldenoticias.net\/ffsantos\/wp-json\/wp\/v2\/posts\/22140\/revisions"}],"predecessor-version":[{"id":22143,"href":"https:\/\/portaldenoticias.net\/ffsantos\/wp-json\/wp\/v2\/posts\/22140\/revisions\/22143"}],"wp:featuredmedia":[{"embeddable":true,"href":"https:\/\/portaldenoticias.net\/ffsantos\/wp-json\/wp\/v2\/media\/22141"}],"wp:attachment":[{"href":"https:\/\/portaldenoticias.net\/ffsantos\/wp-json\/wp\/v2\/media?parent=22140"}],"wp:term":[{"taxonomy":"category","embeddable":true,"href":"https:\/\/portaldenoticias.net\/ffsantos\/wp-json\/wp\/v2\/categories?post=22140"},{"taxonomy":"post_tag","embeddable":true,"href":"https:\/\/portaldenoticias.net\/ffsantos\/wp-json\/wp\/v2\/tags?post=22140"}],"curies":[{"name":"wp","href":"https:\/\/api.w.org\/{rel}","templated":true}]}}