{"id":22120,"date":"2026-03-13T10:27:40","date_gmt":"2026-03-13T13:27:40","guid":{"rendered":"https:\/\/portaldenoticias.net\/ffsantos\/?p=22120"},"modified":"2026-03-16T20:40:30","modified_gmt":"2026-03-16T23:40:30","slug":"ccs-sp-homenageia-associadas-com-cafe-da-manha-especial","status":"publish","type":"post","link":"https:\/\/portaldenoticias.net\/ffsantos\/ccs-sp-homenageia-associadas-com-cafe-da-manha-especial\/","title":{"rendered":"CCS-SP HOMENAGEIA ASSOCIADAS COM CAF\u00c9 DA MANH\u00c3 ESPECIAL"},"content":{"rendered":"<figure id=\"attachment_22123\" aria-describedby=\"caption-attachment-22123\" style=\"width: 749px\" class=\"wp-caption aligncenter\"><a href=\"http:\/\/portaldenoticias.net\/ffsantos\/wp-content\/uploads\/2026\/03\/CCS-03-Cafe-da-Manha_CCS-SP.jpg\"><img loading=\"lazy\" decoding=\"async\" class=\"size-large wp-image-22123\" src=\"http:\/\/portaldenoticias.net\/ffsantos\/wp-content\/uploads\/2026\/03\/CCS-03-Cafe-da-Manha_CCS-SP-1024x681.jpg\" alt=\"\" width=\"749\" height=\"498\" srcset=\"https:\/\/portaldenoticias.net\/ffsantos\/wp-content\/uploads\/2026\/03\/CCS-03-Cafe-da-Manha_CCS-SP-1024x681.jpg 1024w, https:\/\/portaldenoticias.net\/ffsantos\/wp-content\/uploads\/2026\/03\/CCS-03-Cafe-da-Manha_CCS-SP-300x200.jpg 300w, https:\/\/portaldenoticias.net\/ffsantos\/wp-content\/uploads\/2026\/03\/CCS-03-Cafe-da-Manha_CCS-SP-768x511.jpg 768w, https:\/\/portaldenoticias.net\/ffsantos\/wp-content\/uploads\/2026\/03\/CCS-03-Cafe-da-Manha_CCS-SP-1536x1022.jpg 1536w, https:\/\/portaldenoticias.net\/ffsantos\/wp-content\/uploads\/2026\/03\/CCS-03-Cafe-da-Manha_CCS-SP-150x100.jpg 150w, https:\/\/portaldenoticias.net\/ffsantos\/wp-content\/uploads\/2026\/03\/CCS-03-Cafe-da-Manha_CCS-SP-450x299.jpg 450w, https:\/\/portaldenoticias.net\/ffsantos\/wp-content\/uploads\/2026\/03\/CCS-03-Cafe-da-Manha_CCS-SP-1200x798.jpg 1200w, https:\/\/portaldenoticias.net\/ffsantos\/wp-content\/uploads\/2026\/03\/CCS-03-Cafe-da-Manha_CCS-SP.jpg 1814w\" sizes=\"auto, (max-width: 749px) 100vw, 749px\" \/><\/a><figcaption id=\"caption-attachment-22123\" class=\"wp-caption-text\">Caf\u00e9 da manh\u00e3 promovido pelo CCS-SP &#8211; No evento em comemora\u00e7\u00e3o ao Dia Internacional da Mulher, Clube presenteou corretoras com semijoias, al\u00e9m de promover palestra sobre prote\u00e7\u00e3o de dados.<\/figcaption><\/figure>\n<p>O Clube dos Corretores de Seguros de S\u00e3o Paulo (CCS-SP) celebrou o Dia Internacional da Mulher com suas associadas em um caf\u00e9 da manh\u00e3 especial, no dia 10 de mar\u00e7o, no Terra\u00e7o It\u00e1lia. <strong><em>\u201cEstamos felizes em prestar essa homenagem porque voc\u00eas merecem, s\u00e3o todas mulheres empreendedoras\u201d<\/em><\/strong>, disse o mentor do CCS-SP, \u00c1lvaro Fonseca, na abertura do encontro.<\/p>\n<p>Uma das atra\u00e7\u00f5es do evento foi a palestra sobre Direito Digital apresentada pela advogada especialista Ludmylla Grizzo Franck Sanches, especialmente convidada pelo mentor \u00c1lvaro Fonseca para orientar sobre prote\u00e7\u00e3o de dados. <strong><em>\u201cOs corretores que coletam e armazenam dados de seus clientes devem tomar cuidados porque em caso de vazamento poder\u00e3o ser responsabilizados\u201d<\/em><\/strong>, disse.<\/p>\n<figure id=\"attachment_22122\" aria-describedby=\"caption-attachment-22122\" style=\"width: 300px\" class=\"wp-caption alignright\"><a href=\"http:\/\/portaldenoticias.net\/ffsantos\/wp-content\/uploads\/2026\/03\/CCS-02-Ludmylla-Grizzo-Franck-Sanches-e-Alvaro-Fonseca.jpg\"><img loading=\"lazy\" decoding=\"async\" class=\"size-medium wp-image-22122\" src=\"http:\/\/portaldenoticias.net\/ffsantos\/wp-content\/uploads\/2026\/03\/CCS-02-Ludmylla-Grizzo-Franck-Sanches-e-Alvaro-Fonseca-300x200.jpg\" alt=\"\" width=\"300\" height=\"200\" srcset=\"https:\/\/portaldenoticias.net\/ffsantos\/wp-content\/uploads\/2026\/03\/CCS-02-Ludmylla-Grizzo-Franck-Sanches-e-Alvaro-Fonseca-300x200.jpg 300w, https:\/\/portaldenoticias.net\/ffsantos\/wp-content\/uploads\/2026\/03\/CCS-02-Ludmylla-Grizzo-Franck-Sanches-e-Alvaro-Fonseca-1024x681.jpg 1024w, https:\/\/portaldenoticias.net\/ffsantos\/wp-content\/uploads\/2026\/03\/CCS-02-Ludmylla-Grizzo-Franck-Sanches-e-Alvaro-Fonseca-768x511.jpg 768w, https:\/\/portaldenoticias.net\/ffsantos\/wp-content\/uploads\/2026\/03\/CCS-02-Ludmylla-Grizzo-Franck-Sanches-e-Alvaro-Fonseca-1536x1021.jpg 1536w, https:\/\/portaldenoticias.net\/ffsantos\/wp-content\/uploads\/2026\/03\/CCS-02-Ludmylla-Grizzo-Franck-Sanches-e-Alvaro-Fonseca-150x100.jpg 150w, https:\/\/portaldenoticias.net\/ffsantos\/wp-content\/uploads\/2026\/03\/CCS-02-Ludmylla-Grizzo-Franck-Sanches-e-Alvaro-Fonseca-450x299.jpg 450w, https:\/\/portaldenoticias.net\/ffsantos\/wp-content\/uploads\/2026\/03\/CCS-02-Ludmylla-Grizzo-Franck-Sanches-e-Alvaro-Fonseca-1200x798.jpg 1200w, https:\/\/portaldenoticias.net\/ffsantos\/wp-content\/uploads\/2026\/03\/CCS-02-Ludmylla-Grizzo-Franck-Sanches-e-Alvaro-Fonseca.jpg 1603w\" sizes=\"auto, (max-width: 300px) 100vw, 300px\" \/><\/a><figcaption id=\"caption-attachment-22122\" class=\"wp-caption-text\">Ludmylla Grizzo Franck Sanches e \u00c1lvaro Fonseca<\/figcaption><\/figure>\n<p>Ao saber que a maioria das corretoras presentes costumava coletar dados de clientes pelo whatsapp, Ludmylla alertou sobre os riscos. <strong><em>\u201cQuando o sistema falha cria um vazamento de dados\u201d<\/em><\/strong>, disse. Ela explicou que dados <strong><em>\u201cs\u00e3o as informa\u00e7\u00f5es que qualificam o cliente\u201d<\/em><\/strong>, j\u00e1 os dados sens\u00edveis, de acordo com a LGPD, <strong><em>\u201cs\u00e3o informa\u00e7\u00f5es pessoais que podem causar discrimina\u00e7\u00e3o\u201d<\/em><\/strong>. S\u00e3o eles: origem racial\/\u00e9tnica, religi\u00e3o, opini\u00e3o pol\u00edtica, filia\u00e7\u00e3o sindical, sa\u00fade, vida sexual, dados gen\u00e9ticos ou biom\u00e9tricos.<\/p>\n<p><strong><em>\u201cO Marco Civil da Internet expressa que quem coleta e armazena dado sens\u00edvel tem responsabilidade civil e administrativa\u201d<\/em><\/strong>, disse. Pela lei, segundo a especialista, os dados podem ser armazenados por at\u00e9 cinco anos. <strong><em>\u201cMas, e se o celular for para o conserto ou roubado e voc\u00eas n\u00e3o tiverem colocado senha?\u201d<\/em><\/strong> Nestes casos, ela alertou que os dados poder\u00e3o ser acessados.<\/p>\n<p>Para garantir maior seguran\u00e7a \u00e0 coleta de dados, Ludmylla orientou as corretoras a trocarem o whatsapp pela vers\u00e3o whatsapp business, que tem maior criptografia. Outra provid\u00eancia, que ela mesma adota, \u00e9 armazenar os dados na nuvem. Uma dica importante \u00e9 solicitar aos clientes a assinatura do termo de consentimento. <strong><em>\u201cEsta medida evita sermos penalizadas pela atividade que exercemos\u201d<\/em><\/strong>, disse. Inclusive, ela ofereceu \u00e0s corretoras, na ocasi\u00e3o, modelos de textos para termo de consentimento.<\/p>\n<p style=\"text-align: center\"><strong><em>Em caso de vazamento<\/em><\/strong><\/p>\n<p>A especialista citou casos em que golpistas utilizam dados vazados para acessar contas banc\u00e1rias e roubar valores. Uma das primeiras provid\u00eancias, segundo ela, \u00e9 utilizar o MED (Mecanismo Especial de Devolu\u00e7\u00e3o), ferramenta do Banco Central criada para facilitar a recupera\u00e7\u00e3o de dinheiro em casos de golpes, fraudes ou erros operacionais no Pix, que permite o bloqueio r\u00e1pido dos valores na conta do recebedor.<\/p>\n<p>Mas, para usar o MED, antes \u00e9 preciso fazer o Boletim de Ocorr\u00eancia, preferencialmente por meio eletr\u00f4nico, que \u00e9 mais r\u00e1pido. <strong><em>\u201cLigue para o banco e pe\u00e7a para acionar o MED, informe o n\u00famero do B.O. e, imediatamente, o banco bloquear\u00e1 o pagamento\u201d<\/em><\/strong>. Outra dica \u00e9 a ferramenta gratuita do Banco Central <strong><em>\u201cProtege\u201d<\/em><\/strong>, que permite bloquear, via CPF ou CNPJ, a abertura de novas contas banc\u00e1rias.<\/p>\n<p>Ludmylla contou que tem atuado na defesa de clientes que s\u00e3o v\u00edtimas de golpes por vazamento de dados, obtendo sucesso nas demandas. <strong><em>\u201c\u00c0s vezes, a pessoa digitou a senha, mas foi induzida a fazer isso. O consumidor n\u00e3o pode ser responsabilizado, o banco \u00e9 o lado mais forte dessa rela\u00e7\u00e3o jur\u00eddica\u201d<\/em><\/strong>, disse, acrescentando que, por enquanto, ainda prevalece no Judici\u00e1rio a s\u00famula que permite reverter decis\u00f5es em favor do consumidor.<\/p>\n<p>Por fim, ela agradeceu a oportunidade e exaltou o papel das mulheres no mundo corporativo. <strong><em>\u201cSomos mais fortes quando nos incentivamos. Juntas, as mulheres s\u00e3o imbat\u00edveis\u201d<\/em><\/strong>. A frase da tenista Serena Williams foi citada pela advogada para estimular a uni\u00e3o entre as mulheres. <strong><em>\u201cN\u00e3o somos concorrentes, por isso devemos nos ajudar\u201d<\/em><\/strong>, disse.<\/p>\n<p style=\"text-align: center\"><strong><em>Presentes<\/em><\/strong><\/p>\n<figure id=\"attachment_22121\" aria-describedby=\"caption-attachment-22121\" style=\"width: 749px\" class=\"wp-caption aligncenter\"><a href=\"http:\/\/portaldenoticias.net\/ffsantos\/wp-content\/uploads\/2026\/03\/CCS-01-Associadas-do-CCS-SP-1.jpg\"><img loading=\"lazy\" decoding=\"async\" class=\"size-large wp-image-22121\" src=\"http:\/\/portaldenoticias.net\/ffsantos\/wp-content\/uploads\/2026\/03\/CCS-01-Associadas-do-CCS-SP-1-1024x681.jpg\" alt=\"\" width=\"749\" height=\"498\" srcset=\"https:\/\/portaldenoticias.net\/ffsantos\/wp-content\/uploads\/2026\/03\/CCS-01-Associadas-do-CCS-SP-1-1024x681.jpg 1024w, https:\/\/portaldenoticias.net\/ffsantos\/wp-content\/uploads\/2026\/03\/CCS-01-Associadas-do-CCS-SP-1-300x200.jpg 300w, https:\/\/portaldenoticias.net\/ffsantos\/wp-content\/uploads\/2026\/03\/CCS-01-Associadas-do-CCS-SP-1-768x511.jpg 768w, https:\/\/portaldenoticias.net\/ffsantos\/wp-content\/uploads\/2026\/03\/CCS-01-Associadas-do-CCS-SP-1-1536x1022.jpg 1536w, https:\/\/portaldenoticias.net\/ffsantos\/wp-content\/uploads\/2026\/03\/CCS-01-Associadas-do-CCS-SP-1-150x100.jpg 150w, https:\/\/portaldenoticias.net\/ffsantos\/wp-content\/uploads\/2026\/03\/CCS-01-Associadas-do-CCS-SP-1-450x299.jpg 450w, https:\/\/portaldenoticias.net\/ffsantos\/wp-content\/uploads\/2026\/03\/CCS-01-Associadas-do-CCS-SP-1-1200x798.jpg 1200w, https:\/\/portaldenoticias.net\/ffsantos\/wp-content\/uploads\/2026\/03\/CCS-01-Associadas-do-CCS-SP-1.jpg 1756w\" sizes=\"auto, (max-width: 749px) 100vw, 749px\" \/><\/a><figcaption id=\"caption-attachment-22121\" class=\"wp-caption-text\">Associadas do CCS-SP presentes no caf\u00e9 da manh\u00e3<\/figcaption><\/figure>\n<p><span style=\"font-size: 14px\">No final do encontro, o mentor \u00c1lvaro Fonseca distribuiu vouchers a todas as convidadas para a aquisi\u00e7\u00e3o, no local, de semijoias \u2013 brincos, an\u00e9is pulseiras e colares &#8211; da marca Brilho de Sofie. <\/span><strong style=\"font-size: 14px\"><em>\u201cTenho certeza de que todas gostaram desse encontro, que abordou um tema importante e terminou com um presente. Parab\u00e9ns \u00e0s mulheres\u201d<\/em><\/strong><span style=\"font-size: 14px\">, disse.<\/span><\/p>\n<div class=\"mceTemp\">\n<p><strong><em>Fonte<\/em><\/strong> e <strong><em>Texto<\/em><\/strong>: M\u00e1rcia Alves &#8211; Assessora de Imprensa CCS-SP &#8211; <strong><em>Fotos<\/em><\/strong>: Cr\u00e9dito: Antranik Photos.<\/p>\n<p style=\"text-align: center\"><strong><em>Blog do Florisvaldo &#8211; Informa\u00e7\u00e3o Com Imparcialidade<\/em><\/strong><\/p>\n<\/div>\n<p><a href=\"http:\/\/portaldenoticias.net\/ffsantos\/wp-content\/uploads\/2021\/04\/Marcia-Alves.jpg\"><img loading=\"lazy\" decoding=\"async\" class=\"alignleft size-full wp-image-13741\" src=\"http:\/\/portaldenoticias.net\/ffsantos\/wp-content\/uploads\/2021\/04\/Marcia-Alves.jpg\" alt=\"\" width=\"90\" height=\"90\" \/><\/a><\/p>\n","protected":false},"excerpt":{"rendered":"<p>O Clube dos Corretores de Seguros de S\u00e3o Paulo (CCS-SP) celebrou o Dia Internacional da Mulher com suas associadas em um caf\u00e9 da manh\u00e3 especial, no dia 10 de mar\u00e7o, no Terra\u00e7o It\u00e1lia. \u201cEstamos felizes em prestar essa homenagem porque voc\u00eas merecem, s\u00e3o todas mulheres empreendedoras\u201d, disse o mentor do CCS-SP, \u00c1lvaro Fonseca, na abertura<\/p>\n","protected":false},"author":2,"featured_media":22123,"comment_status":"open","ping_status":"open","sticky":false,"template":"","format":"standard","meta":{"footnotes":""},"categories":[1],"tags":[],"class_list":{"0":"post-22120","1":"post","2":"type-post","3":"status-publish","4":"format-standard","5":"has-post-thumbnail","7":"category-destaques"},"yoast_head":"<!-- This site is optimized with the Yoast SEO plugin v27.4 - https:\/\/yoast.com\/product\/yoast-seo-wordpress\/ -->\n<title>CCS-SP HOMENAGEIA ASSOCIADAS COM CAF\u00c9 DA MANH\u00c3 ESPECIAL - Blog do Florisvaldo<\/title>\n<meta name=\"robots\" content=\"index, follow, max-snippet:-1, max-image-preview:large, max-video-preview:-1\" \/>\n<link rel=\"canonical\" href=\"https:\/\/portaldenoticias.net\/ffsantos\/ccs-sp-homenageia-associadas-com-cafe-da-manha-especial\/\" \/>\n<meta property=\"og:locale\" content=\"pt_BR\" \/>\n<meta property=\"og:type\" content=\"article\" \/>\n<meta property=\"og:title\" content=\"CCS-SP HOMENAGEIA ASSOCIADAS COM CAF\u00c9 DA MANH\u00c3 ESPECIAL - Blog do Florisvaldo\" \/>\n<meta property=\"og:description\" content=\"O Clube dos Corretores de Seguros de S\u00e3o Paulo (CCS-SP) celebrou o Dia Internacional da Mulher com suas associadas em um caf\u00e9 da manh\u00e3 especial, no dia 10 de mar\u00e7o, no Terra\u00e7o It\u00e1lia. \u201cEstamos felizes em prestar essa homenagem porque voc\u00eas merecem, s\u00e3o todas mulheres empreendedoras\u201d, disse o mentor do CCS-SP, \u00c1lvaro Fonseca, na abertura\" \/>\n<meta property=\"og:url\" content=\"https:\/\/portaldenoticias.net\/ffsantos\/ccs-sp-homenageia-associadas-com-cafe-da-manha-especial\/\" \/>\n<meta property=\"og:site_name\" content=\"Blog do Florisvaldo\" \/>\n<meta property=\"article:published_time\" content=\"2026-03-13T13:27:40+00:00\" \/>\n<meta property=\"article:modified_time\" content=\"2026-03-16T23:40:30+00:00\" \/>\n<meta property=\"og:image\" content=\"http:\/\/portaldenoticias.net\/ffsantos\/wp-content\/uploads\/2026\/03\/CCS-03-Cafe-da-Manha_CCS-SP.jpg\" \/>\n\t<meta property=\"og:image:width\" content=\"1814\" \/>\n\t<meta property=\"og:image:height\" content=\"1207\" \/>\n\t<meta property=\"og:image:type\" content=\"image\/jpeg\" \/>\n<meta name=\"author\" content=\"Florisvaldo\" \/>\n<meta name=\"twitter:card\" content=\"summary_large_image\" \/>\n<meta name=\"twitter:label1\" content=\"Escrito por\" \/>\n\t<meta name=\"twitter:data1\" content=\"Florisvaldo\" \/>\n\t<meta name=\"twitter:label2\" content=\"Est. tempo de leitura\" \/>\n\t<meta name=\"twitter:data2\" content=\"5 minutos\" \/>\n<script type=\"application\/ld+json\" class=\"yoast-schema-graph\">{\"@context\":\"https:\\\/\\\/schema.org\",\"@graph\":[{\"@type\":\"Article\",\"@id\":\"https:\\\/\\\/portaldenoticias.net\\\/ffsantos\\\/ccs-sp-homenageia-associadas-com-cafe-da-manha-especial\\\/#article\",\"isPartOf\":{\"@id\":\"https:\\\/\\\/portaldenoticias.net\\\/ffsantos\\\/ccs-sp-homenageia-associadas-com-cafe-da-manha-especial\\\/\"},\"author\":{\"name\":\"Florisvaldo\",\"@id\":\"https:\\\/\\\/portaldenoticias.net\\\/ffsantos\\\/#\\\/schema\\\/person\\\/709c788ecb22f2378d698c2cd46cecc3\"},\"headline\":\"CCS-SP HOMENAGEIA ASSOCIADAS COM CAF\u00c9 DA MANH\u00c3 ESPECIAL\",\"datePublished\":\"2026-03-13T13:27:40+00:00\",\"dateModified\":\"2026-03-16T23:40:30+00:00\",\"mainEntityOfPage\":{\"@id\":\"https:\\\/\\\/portaldenoticias.net\\\/ffsantos\\\/ccs-sp-homenageia-associadas-com-cafe-da-manha-especial\\\/\"},\"wordCount\":777,\"commentCount\":0,\"image\":{\"@id\":\"https:\\\/\\\/portaldenoticias.net\\\/ffsantos\\\/ccs-sp-homenageia-associadas-com-cafe-da-manha-especial\\\/#primaryimage\"},\"thumbnailUrl\":\"https:\\\/\\\/portaldenoticias.net\\\/ffsantos\\\/wp-content\\\/uploads\\\/2026\\\/03\\\/CCS-03-Cafe-da-Manha_CCS-SP.jpg\",\"articleSection\":[\"Destaques\"],\"inLanguage\":\"pt-BR\",\"potentialAction\":[{\"@type\":\"CommentAction\",\"name\":\"Comment\",\"target\":[\"https:\\\/\\\/portaldenoticias.net\\\/ffsantos\\\/ccs-sp-homenageia-associadas-com-cafe-da-manha-especial\\\/#respond\"]}]},{\"@type\":\"WebPage\",\"@id\":\"https:\\\/\\\/portaldenoticias.net\\\/ffsantos\\\/ccs-sp-homenageia-associadas-com-cafe-da-manha-especial\\\/\",\"url\":\"https:\\\/\\\/portaldenoticias.net\\\/ffsantos\\\/ccs-sp-homenageia-associadas-com-cafe-da-manha-especial\\\/\",\"name\":\"CCS-SP HOMENAGEIA ASSOCIADAS COM CAF\u00c9 DA MANH\u00c3 ESPECIAL - Blog do Florisvaldo\",\"isPartOf\":{\"@id\":\"https:\\\/\\\/portaldenoticias.net\\\/ffsantos\\\/#website\"},\"primaryImageOfPage\":{\"@id\":\"https:\\\/\\\/portaldenoticias.net\\\/ffsantos\\\/ccs-sp-homenageia-associadas-com-cafe-da-manha-especial\\\/#primaryimage\"},\"image\":{\"@id\":\"https:\\\/\\\/portaldenoticias.net\\\/ffsantos\\\/ccs-sp-homenageia-associadas-com-cafe-da-manha-especial\\\/#primaryimage\"},\"thumbnailUrl\":\"https:\\\/\\\/portaldenoticias.net\\\/ffsantos\\\/wp-content\\\/uploads\\\/2026\\\/03\\\/CCS-03-Cafe-da-Manha_CCS-SP.jpg\",\"datePublished\":\"2026-03-13T13:27:40+00:00\",\"dateModified\":\"2026-03-16T23:40:30+00:00\",\"author\":{\"@id\":\"https:\\\/\\\/portaldenoticias.net\\\/ffsantos\\\/#\\\/schema\\\/person\\\/709c788ecb22f2378d698c2cd46cecc3\"},\"breadcrumb\":{\"@id\":\"https:\\\/\\\/portaldenoticias.net\\\/ffsantos\\\/ccs-sp-homenageia-associadas-com-cafe-da-manha-especial\\\/#breadcrumb\"},\"inLanguage\":\"pt-BR\",\"potentialAction\":[{\"@type\":\"ReadAction\",\"target\":[\"https:\\\/\\\/portaldenoticias.net\\\/ffsantos\\\/ccs-sp-homenageia-associadas-com-cafe-da-manha-especial\\\/\"]}]},{\"@type\":\"ImageObject\",\"inLanguage\":\"pt-BR\",\"@id\":\"https:\\\/\\\/portaldenoticias.net\\\/ffsantos\\\/ccs-sp-homenageia-associadas-com-cafe-da-manha-especial\\\/#primaryimage\",\"url\":\"https:\\\/\\\/portaldenoticias.net\\\/ffsantos\\\/wp-content\\\/uploads\\\/2026\\\/03\\\/CCS-03-Cafe-da-Manha_CCS-SP.jpg\",\"contentUrl\":\"https:\\\/\\\/portaldenoticias.net\\\/ffsantos\\\/wp-content\\\/uploads\\\/2026\\\/03\\\/CCS-03-Cafe-da-Manha_CCS-SP.jpg\",\"width\":1814,\"height\":1207,\"caption\":\"Caf\u00e9 da manh\u00e3 promovido pelo CCS-SP - No evento em comemora\u00e7\u00e3o ao Dia Internacional da Mulher, Clube presenteou corretoras com semijoias, al\u00e9m de promover palestra sobre prote\u00e7\u00e3o de dados.\"},{\"@type\":\"BreadcrumbList\",\"@id\":\"https:\\\/\\\/portaldenoticias.net\\\/ffsantos\\\/ccs-sp-homenageia-associadas-com-cafe-da-manha-especial\\\/#breadcrumb\",\"itemListElement\":[{\"@type\":\"ListItem\",\"position\":1,\"name\":\"In\u00edcio\",\"item\":\"https:\\\/\\\/portaldenoticias.net\\\/ffsantos\\\/\"},{\"@type\":\"ListItem\",\"position\":2,\"name\":\"CCS-SP HOMENAGEIA ASSOCIADAS COM CAF\u00c9 DA MANH\u00c3 ESPECIAL\"}]},{\"@type\":\"WebSite\",\"@id\":\"https:\\\/\\\/portaldenoticias.net\\\/ffsantos\\\/#website\",\"url\":\"https:\\\/\\\/portaldenoticias.net\\\/ffsantos\\\/\",\"name\":\"Blog do Florisvaldo |\",\"description\":\"Informa\u00e7\u00e3o com imparcialidade\",\"potentialAction\":[{\"@type\":\"SearchAction\",\"target\":{\"@type\":\"EntryPoint\",\"urlTemplate\":\"https:\\\/\\\/portaldenoticias.net\\\/ffsantos\\\/?s={search_term_string}\"},\"query-input\":{\"@type\":\"PropertyValueSpecification\",\"valueRequired\":true,\"valueName\":\"search_term_string\"}}],\"inLanguage\":\"pt-BR\"},{\"@type\":\"Person\",\"@id\":\"https:\\\/\\\/portaldenoticias.net\\\/ffsantos\\\/#\\\/schema\\\/person\\\/709c788ecb22f2378d698c2cd46cecc3\",\"name\":\"Florisvaldo\",\"image\":{\"@type\":\"ImageObject\",\"inLanguage\":\"pt-BR\",\"@id\":\"https:\\\/\\\/secure.gravatar.com\\\/avatar\\\/23c59839b4c874bb227d4916d18ba065e405a73d0e423fa9255ba9436604e628?s=96&d=mm&r=g\",\"url\":\"https:\\\/\\\/secure.gravatar.com\\\/avatar\\\/23c59839b4c874bb227d4916d18ba065e405a73d0e423fa9255ba9436604e628?s=96&d=mm&r=g\",\"contentUrl\":\"https:\\\/\\\/secure.gravatar.com\\\/avatar\\\/23c59839b4c874bb227d4916d18ba065e405a73d0e423fa9255ba9436604e628?s=96&d=mm&r=g\",\"caption\":\"Florisvaldo\"},\"url\":\"https:\\\/\\\/portaldenoticias.net\\\/ffsantos\\\/author\\\/ffsantos\\\/\"}]}<\/script>\n<!-- \/ Yoast SEO plugin. -->","yoast_head_json":{"title":"CCS-SP HOMENAGEIA ASSOCIADAS COM CAF\u00c9 DA MANH\u00c3 ESPECIAL - Blog do Florisvaldo","robots":{"index":"index","follow":"follow","max-snippet":"max-snippet:-1","max-image-preview":"max-image-preview:large","max-video-preview":"max-video-preview:-1"},"canonical":"https:\/\/portaldenoticias.net\/ffsantos\/ccs-sp-homenageia-associadas-com-cafe-da-manha-especial\/","og_locale":"pt_BR","og_type":"article","og_title":"CCS-SP HOMENAGEIA ASSOCIADAS COM CAF\u00c9 DA MANH\u00c3 ESPECIAL - Blog do Florisvaldo","og_description":"O Clube dos Corretores de Seguros de S\u00e3o Paulo (CCS-SP) celebrou o Dia Internacional da Mulher com suas associadas em um caf\u00e9 da manh\u00e3 especial, no dia 10 de mar\u00e7o, no Terra\u00e7o It\u00e1lia. \u201cEstamos felizes em prestar essa homenagem porque voc\u00eas merecem, s\u00e3o todas mulheres empreendedoras\u201d, disse o mentor do CCS-SP, \u00c1lvaro Fonseca, na abertura","og_url":"https:\/\/portaldenoticias.net\/ffsantos\/ccs-sp-homenageia-associadas-com-cafe-da-manha-especial\/","og_site_name":"Blog do Florisvaldo","article_published_time":"2026-03-13T13:27:40+00:00","article_modified_time":"2026-03-16T23:40:30+00:00","og_image":[{"width":1814,"height":1207,"url":"http:\/\/portaldenoticias.net\/ffsantos\/wp-content\/uploads\/2026\/03\/CCS-03-Cafe-da-Manha_CCS-SP.jpg","type":"image\/jpeg"}],"author":"Florisvaldo","twitter_card":"summary_large_image","twitter_misc":{"Escrito por":"Florisvaldo","Est. tempo de leitura":"5 minutos"},"schema":{"@context":"https:\/\/schema.org","@graph":[{"@type":"Article","@id":"https:\/\/portaldenoticias.net\/ffsantos\/ccs-sp-homenageia-associadas-com-cafe-da-manha-especial\/#article","isPartOf":{"@id":"https:\/\/portaldenoticias.net\/ffsantos\/ccs-sp-homenageia-associadas-com-cafe-da-manha-especial\/"},"author":{"name":"Florisvaldo","@id":"https:\/\/portaldenoticias.net\/ffsantos\/#\/schema\/person\/709c788ecb22f2378d698c2cd46cecc3"},"headline":"CCS-SP HOMENAGEIA ASSOCIADAS COM CAF\u00c9 DA MANH\u00c3 ESPECIAL","datePublished":"2026-03-13T13:27:40+00:00","dateModified":"2026-03-16T23:40:30+00:00","mainEntityOfPage":{"@id":"https:\/\/portaldenoticias.net\/ffsantos\/ccs-sp-homenageia-associadas-com-cafe-da-manha-especial\/"},"wordCount":777,"commentCount":0,"image":{"@id":"https:\/\/portaldenoticias.net\/ffsantos\/ccs-sp-homenageia-associadas-com-cafe-da-manha-especial\/#primaryimage"},"thumbnailUrl":"https:\/\/portaldenoticias.net\/ffsantos\/wp-content\/uploads\/2026\/03\/CCS-03-Cafe-da-Manha_CCS-SP.jpg","articleSection":["Destaques"],"inLanguage":"pt-BR","potentialAction":[{"@type":"CommentAction","name":"Comment","target":["https:\/\/portaldenoticias.net\/ffsantos\/ccs-sp-homenageia-associadas-com-cafe-da-manha-especial\/#respond"]}]},{"@type":"WebPage","@id":"https:\/\/portaldenoticias.net\/ffsantos\/ccs-sp-homenageia-associadas-com-cafe-da-manha-especial\/","url":"https:\/\/portaldenoticias.net\/ffsantos\/ccs-sp-homenageia-associadas-com-cafe-da-manha-especial\/","name":"CCS-SP HOMENAGEIA ASSOCIADAS COM CAF\u00c9 DA MANH\u00c3 ESPECIAL - Blog do Florisvaldo","isPartOf":{"@id":"https:\/\/portaldenoticias.net\/ffsantos\/#website"},"primaryImageOfPage":{"@id":"https:\/\/portaldenoticias.net\/ffsantos\/ccs-sp-homenageia-associadas-com-cafe-da-manha-especial\/#primaryimage"},"image":{"@id":"https:\/\/portaldenoticias.net\/ffsantos\/ccs-sp-homenageia-associadas-com-cafe-da-manha-especial\/#primaryimage"},"thumbnailUrl":"https:\/\/portaldenoticias.net\/ffsantos\/wp-content\/uploads\/2026\/03\/CCS-03-Cafe-da-Manha_CCS-SP.jpg","datePublished":"2026-03-13T13:27:40+00:00","dateModified":"2026-03-16T23:40:30+00:00","author":{"@id":"https:\/\/portaldenoticias.net\/ffsantos\/#\/schema\/person\/709c788ecb22f2378d698c2cd46cecc3"},"breadcrumb":{"@id":"https:\/\/portaldenoticias.net\/ffsantos\/ccs-sp-homenageia-associadas-com-cafe-da-manha-especial\/#breadcrumb"},"inLanguage":"pt-BR","potentialAction":[{"@type":"ReadAction","target":["https:\/\/portaldenoticias.net\/ffsantos\/ccs-sp-homenageia-associadas-com-cafe-da-manha-especial\/"]}]},{"@type":"ImageObject","inLanguage":"pt-BR","@id":"https:\/\/portaldenoticias.net\/ffsantos\/ccs-sp-homenageia-associadas-com-cafe-da-manha-especial\/#primaryimage","url":"https:\/\/portaldenoticias.net\/ffsantos\/wp-content\/uploads\/2026\/03\/CCS-03-Cafe-da-Manha_CCS-SP.jpg","contentUrl":"https:\/\/portaldenoticias.net\/ffsantos\/wp-content\/uploads\/2026\/03\/CCS-03-Cafe-da-Manha_CCS-SP.jpg","width":1814,"height":1207,"caption":"Caf\u00e9 da manh\u00e3 promovido pelo CCS-SP - No evento em comemora\u00e7\u00e3o ao Dia Internacional da Mulher, Clube presenteou corretoras com semijoias, al\u00e9m de promover palestra sobre prote\u00e7\u00e3o de dados."},{"@type":"BreadcrumbList","@id":"https:\/\/portaldenoticias.net\/ffsantos\/ccs-sp-homenageia-associadas-com-cafe-da-manha-especial\/#breadcrumb","itemListElement":[{"@type":"ListItem","position":1,"name":"In\u00edcio","item":"https:\/\/portaldenoticias.net\/ffsantos\/"},{"@type":"ListItem","position":2,"name":"CCS-SP HOMENAGEIA ASSOCIADAS COM CAF\u00c9 DA MANH\u00c3 ESPECIAL"}]},{"@type":"WebSite","@id":"https:\/\/portaldenoticias.net\/ffsantos\/#website","url":"https:\/\/portaldenoticias.net\/ffsantos\/","name":"Blog do Florisvaldo |","description":"Informa\u00e7\u00e3o com imparcialidade","potentialAction":[{"@type":"SearchAction","target":{"@type":"EntryPoint","urlTemplate":"https:\/\/portaldenoticias.net\/ffsantos\/?s={search_term_string}"},"query-input":{"@type":"PropertyValueSpecification","valueRequired":true,"valueName":"search_term_string"}}],"inLanguage":"pt-BR"},{"@type":"Person","@id":"https:\/\/portaldenoticias.net\/ffsantos\/#\/schema\/person\/709c788ecb22f2378d698c2cd46cecc3","name":"Florisvaldo","image":{"@type":"ImageObject","inLanguage":"pt-BR","@id":"https:\/\/secure.gravatar.com\/avatar\/23c59839b4c874bb227d4916d18ba065e405a73d0e423fa9255ba9436604e628?s=96&d=mm&r=g","url":"https:\/\/secure.gravatar.com\/avatar\/23c59839b4c874bb227d4916d18ba065e405a73d0e423fa9255ba9436604e628?s=96&d=mm&r=g","contentUrl":"https:\/\/secure.gravatar.com\/avatar\/23c59839b4c874bb227d4916d18ba065e405a73d0e423fa9255ba9436604e628?s=96&d=mm&r=g","caption":"Florisvaldo"},"url":"https:\/\/portaldenoticias.net\/ffsantos\/author\/ffsantos\/"}]}},"_links":{"self":[{"href":"https:\/\/portaldenoticias.net\/ffsantos\/wp-json\/wp\/v2\/posts\/22120","targetHints":{"allow":["GET"]}}],"collection":[{"href":"https:\/\/portaldenoticias.net\/ffsantos\/wp-json\/wp\/v2\/posts"}],"about":[{"href":"https:\/\/portaldenoticias.net\/ffsantos\/wp-json\/wp\/v2\/types\/post"}],"author":[{"embeddable":true,"href":"https:\/\/portaldenoticias.net\/ffsantos\/wp-json\/wp\/v2\/users\/2"}],"replies":[{"embeddable":true,"href":"https:\/\/portaldenoticias.net\/ffsantos\/wp-json\/wp\/v2\/comments?post=22120"}],"version-history":[{"count":4,"href":"https:\/\/portaldenoticias.net\/ffsantos\/wp-json\/wp\/v2\/posts\/22120\/revisions"}],"predecessor-version":[{"id":22162,"href":"https:\/\/portaldenoticias.net\/ffsantos\/wp-json\/wp\/v2\/posts\/22120\/revisions\/22162"}],"wp:featuredmedia":[{"embeddable":true,"href":"https:\/\/portaldenoticias.net\/ffsantos\/wp-json\/wp\/v2\/media\/22123"}],"wp:attachment":[{"href":"https:\/\/portaldenoticias.net\/ffsantos\/wp-json\/wp\/v2\/media?parent=22120"}],"wp:term":[{"taxonomy":"category","embeddable":true,"href":"https:\/\/portaldenoticias.net\/ffsantos\/wp-json\/wp\/v2\/categories?post=22120"},{"taxonomy":"post_tag","embeddable":true,"href":"https:\/\/portaldenoticias.net\/ffsantos\/wp-json\/wp\/v2\/tags?post=22120"}],"curies":[{"name":"wp","href":"https:\/\/api.w.org\/{rel}","templated":true}]}}