{"id":22112,"date":"2026-03-09T21:30:36","date_gmt":"2026-03-10T00:30:36","guid":{"rendered":"https:\/\/portaldenoticias.net\/ffsantos\/?p=22112"},"modified":"2026-03-14T20:30:34","modified_gmt":"2026-03-14T23:30:34","slug":"florisvaldo-f-dos-santos-a-trajetoria-de-quem-comecou-como-office-boy-e-construiu-uma-vida-dedicada-a-protecao","status":"publish","type":"post","link":"https:\/\/portaldenoticias.net\/ffsantos\/florisvaldo-f-dos-santos-a-trajetoria-de-quem-comecou-como-office-boy-e-construiu-uma-vida-dedicada-a-protecao\/","title":{"rendered":"FLORISVALDO F. DOS SANTOS: A TRAJET\u00d3RIA DE QUEM COME\u00c7OU COMO OFFICE BOY E CONSTRUIU UMA VIDA DEDICADA A PROTE\u00c7\u00c3O"},"content":{"rendered":"<figure id=\"attachment_22113\" aria-describedby=\"caption-attachment-22113\" style=\"width: 300px\" class=\"wp-caption aligncenter\"><a href=\"http:\/\/portaldenoticias.net\/ffsantos\/wp-content\/uploads\/2026\/03\/FFSa-Imagem1.jpg\"><img loading=\"lazy\" decoding=\"async\" class=\"size-medium wp-image-22113\" src=\"http:\/\/portaldenoticias.net\/ffsantos\/wp-content\/uploads\/2026\/03\/FFSa-Imagem1-300x291.jpg\" alt=\"\" width=\"300\" height=\"291\" srcset=\"https:\/\/portaldenoticias.net\/ffsantos\/wp-content\/uploads\/2026\/03\/FFSa-Imagem1-300x291.jpg 300w, https:\/\/portaldenoticias.net\/ffsantos\/wp-content\/uploads\/2026\/03\/FFSa-Imagem1-768x745.jpg 768w, https:\/\/portaldenoticias.net\/ffsantos\/wp-content\/uploads\/2026\/03\/FFSa-Imagem1-150x146.jpg 150w, https:\/\/portaldenoticias.net\/ffsantos\/wp-content\/uploads\/2026\/03\/FFSa-Imagem1-450x437.jpg 450w, https:\/\/portaldenoticias.net\/ffsantos\/wp-content\/uploads\/2026\/03\/FFSa-Imagem1.jpg 900w\" sizes=\"auto, (max-width: 300px) 100vw, 300px\" \/><\/a><figcaption id=\"caption-attachment-22113\" class=\"wp-caption-text\">Florisvaldo F. dos Santos &#8211; Diretor Presidente da FFSantos Consultoria de Seguros e Benef\u00edcios<\/figcaption><\/figure>\n<p><em><strong>\u00a0 \u00a0 \u00a0 \u00a0 \u00a0 \u00a0 \u00a0 \u00a0 \u00a0 \u00a0 \u00a0 \u00a0 \u00a0 \u00a0 \u00a0 \u00a0 \u00a0 \u00a0 \u00a0 \u00a0 \u00a0 \u00a0 \u00a0 \u00a0 \u00a0 \u00a0 \u00a0 \u00a0 \u00a0 \u00a0 \u00a0 \u00a0 \u00a0 \u00a0 \u00a0 \u00a0 \u00a0 \u00a0 \u00a0 \u00a0 \u00a0 \u00a0 \u00a0 \u00a0 \u00a0 \u00a0 \u00a0 \u00a0 \u00a0 \u00a0 \u00a0 \u00a0 \u00a0 \u00a0 \u00a0 \u00a0 \u00a0 \u00a0 \u00a0 \u00a0 \u00a0 Por: Airton da NetArtsSEGS.com.br<\/strong><\/em><\/p>\n<p>Ao longo das \u00faltimas d\u00e9cadas, o\u00a0<strong><em>mercado de seguros no Brasil<\/em><\/strong>\u00a0passou por profundas transforma\u00e7\u00f5es. Mudan\u00e7as na regulamenta\u00e7\u00e3o, per\u00edodos de alta infla\u00e7\u00e3o, evolu\u00e7\u00e3o das seguradoras e novas formas de prote\u00e7\u00e3o financeira moldaram um setor que hoje \u00e9 fundamental para a\u00a0<strong><em>seguran\u00e7a patrimonial e pessoal de milh\u00f5es de brasileiros<\/em><\/strong>.<\/p>\n<p>Entre os profissionais que viveram de perto essas mudan\u00e7as est\u00e1\u00a0<strong><em>Florisvaldo F. dos Santos<\/em><\/strong>, cuja trajet\u00f3ria profissional come\u00e7ou em\u00a0<strong><em>1969<\/em><\/strong>, quando ingressou no setor como\u00a0<strong><em>office boy na Companhia Internacional de Seguros<\/em><\/strong>.<\/p>\n<p>Naquele per\u00edodo, o mercado segurador brasileiro ainda estava em processo de organiza\u00e7\u00e3o e desenvolvimento. A regulamenta\u00e7\u00e3o come\u00e7ava a se consolidar e muitas empresas atuavam em um ambiente que ainda buscava maior estrutura e padroniza\u00e7\u00e3o.<\/p>\n<p>Foi nesse cen\u00e1rio que Florisvaldo iniciou sua caminhada, aprendendo desde cedo a din\u00e2mica do setor e construindo uma carreira baseada em\u00a0<strong><em>dedica\u00e7\u00e3o, disciplina e respeito ao cliente<\/em><\/strong>.<\/p>\n<p>Com o passar dos anos, sua atua\u00e7\u00e3o se expandiu e ele passou a assumir responsabilidades cada vez maiores dentro do mercado segurador. Durante sua trajet\u00f3ria profissional, teve participa\u00e7\u00e3o em diferentes momentos do setor, acompanhando mudan\u00e7as importantes que impactaram diretamente a forma como\u00a0<strong><em>seguros s\u00e3o contratados, administrados e utilizados no pa\u00eds<\/em><\/strong>.<\/p>\n<p>Um dos grandes desafios enfrentados pelo mercado ao longo das d\u00e9cadas foi a\u00a0<strong><em>infla\u00e7\u00e3o<\/em><\/strong>, que por muito tempo afetou contratos, import\u00e2ncias seguradas e pr\u00eamios. Esse cen\u00e1rio exigia constante adapta\u00e7\u00e3o das seguradoras e dos profissionais que atuavam no setor.<\/p>\n<p>Ao longo de sua carreira, Florisvaldo tamb\u00e9m teve passagens por importantes empresas do mercado, ampliando sua experi\u00eancia e consolidando sua vis\u00e3o sobre a import\u00e2ncia da\u00a0<strong><em>prote\u00e7\u00e3o e da confian\u00e7a nas rela\u00e7\u00f5es entre seguradoras, corretores e clientes<\/em><\/strong>.<\/p>\n<p>Depois de d\u00e9cadas de atua\u00e7\u00e3o no setor, decidiu iniciar um novo cap\u00edtulo profissional. Assim nasceu a\u00a0<strong><em>FFSantos Consultoria de Seguros e Benef\u00edcios<\/em><\/strong>, uma iniciativa voltada para oferecer orienta\u00e7\u00e3o e solu\u00e7\u00f5es em seguros de\u00a0<strong><em>vida, autom\u00f3vel e sa\u00fade<\/em><\/strong>, sempre com foco na qualidade do atendimento e no respeito \u00e0s normas do mercado segurador.<\/p>\n<p>Ao completar\u00a0<strong><em>57 anos de atua\u00e7\u00e3o no setor de seguros<\/em><\/strong>, sua trajet\u00f3ria representa mais do que uma carreira profissional. Representa tamb\u00e9m a evolu\u00e7\u00e3o de um mercado que cresceu, se regulamentou e se tornou cada vez mais essencial para a\u00a0<strong><em>prote\u00e7\u00e3o de pessoas, fam\u00edlias e empresas<\/em><\/strong>.<\/p>\n<p>Hist\u00f3rias como essa ajudam a compreender o valor da experi\u00eancia acumulada ao longo do tempo e a import\u00e2ncia de profissionais que dedicaram sua vida a construir\u00a0<strong><em>rela\u00e7\u00f5es de confian\u00e7a dentro do mercado segurador<\/em><\/strong>.<\/p>\n<p style=\"text-align: center\"><strong><em>Conhe\u00e7a a hist\u00f3ria completa<\/em><\/strong><\/p>\n<p>Se voc\u00ea deseja conhecer mais detalhes dessa trajet\u00f3ria e ouvir o pr\u00f3prio relato de Florisvaldo sobre sua carreira,\u00a0<strong><em>assista ao v\u00eddeo completo em seu canal no YouTube<\/em><\/strong>: <a href=\"https:\/\/www.youtube.com\/shorts\/sUXTN-3erf4\">https:\/\/www.youtube.com\/shorts\/sUXTN-3erf4<\/a><\/p>\n<p><strong><em>Fonte: <a href=\"https:\/\/www.segs.com.br\">https:\/\/www.segs.com.br<\/a> &#8211; <\/em><\/strong>Escrito por\u00a0 Airton da NetArtsSEGS.com.br<\/p>\n<p><strong><em>\u00a0<\/em><\/strong><\/p>\n<p style=\"text-align: center\"><strong><em>Blog do Florisvaldo &#8211; Informa\u00e7\u00e3o Com Imparcialidade<\/em><\/strong><\/p>\n","protected":false},"excerpt":{"rendered":"<p>\u00a0 \u00a0 \u00a0 \u00a0 \u00a0 \u00a0 \u00a0 \u00a0 \u00a0 \u00a0 \u00a0 \u00a0 \u00a0 \u00a0 \u00a0 \u00a0 \u00a0 \u00a0 \u00a0 \u00a0 \u00a0 \u00a0 \u00a0 \u00a0 \u00a0 \u00a0 \u00a0 \u00a0 \u00a0 \u00a0 \u00a0 \u00a0 \u00a0 \u00a0 \u00a0 \u00a0 \u00a0 \u00a0 \u00a0 \u00a0 \u00a0 \u00a0 \u00a0 \u00a0 \u00a0 \u00a0 \u00a0 \u00a0 \u00a0 \u00a0 \u00a0 \u00a0 \u00a0 \u00a0 \u00a0<\/p>\n","protected":false},"author":2,"featured_media":22113,"comment_status":"open","ping_status":"open","sticky":false,"template":"","format":"standard","meta":{"footnotes":""},"categories":[2,1],"tags":[],"class_list":{"0":"post-22112","1":"post","2":"type-post","3":"status-publish","4":"format-standard","5":"has-post-thumbnail","7":"category-brasil","8":"category-destaques"},"yoast_head":"<!-- This site is optimized with the Yoast SEO plugin v27.4 - https:\/\/yoast.com\/product\/yoast-seo-wordpress\/ -->\n<title>FLORISVALDO F. DOS SANTOS: A TRAJET\u00d3RIA DE QUEM COME\u00c7OU COMO OFFICE BOY E CONSTRUIU UMA VIDA DEDICADA A PROTE\u00c7\u00c3O - Blog do Florisvaldo<\/title>\n<meta name=\"robots\" content=\"index, follow, max-snippet:-1, max-image-preview:large, max-video-preview:-1\" \/>\n<link rel=\"canonical\" href=\"https:\/\/portaldenoticias.net\/ffsantos\/florisvaldo-f-dos-santos-a-trajetoria-de-quem-comecou-como-office-boy-e-construiu-uma-vida-dedicada-a-protecao\/\" \/>\n<meta property=\"og:locale\" content=\"pt_BR\" \/>\n<meta property=\"og:type\" content=\"article\" \/>\n<meta property=\"og:title\" content=\"FLORISVALDO F. DOS SANTOS: A TRAJET\u00d3RIA DE QUEM COME\u00c7OU COMO OFFICE BOY E CONSTRUIU UMA VIDA DEDICADA A PROTE\u00c7\u00c3O - Blog do Florisvaldo\" \/>\n<meta property=\"og:description\" content=\"\u00a0 \u00a0 \u00a0 \u00a0 \u00a0 \u00a0 \u00a0 \u00a0 \u00a0 \u00a0 \u00a0 \u00a0 \u00a0 \u00a0 \u00a0 \u00a0 \u00a0 \u00a0 \u00a0 \u00a0 \u00a0 \u00a0 \u00a0 \u00a0 \u00a0 \u00a0 \u00a0 \u00a0 \u00a0 \u00a0 \u00a0 \u00a0 \u00a0 \u00a0 \u00a0 \u00a0 \u00a0 \u00a0 \u00a0 \u00a0 \u00a0 \u00a0 \u00a0 \u00a0 \u00a0 \u00a0 \u00a0 \u00a0 \u00a0 \u00a0 \u00a0 \u00a0 \u00a0 \u00a0 \u00a0\" \/>\n<meta property=\"og:url\" content=\"https:\/\/portaldenoticias.net\/ffsantos\/florisvaldo-f-dos-santos-a-trajetoria-de-quem-comecou-como-office-boy-e-construiu-uma-vida-dedicada-a-protecao\/\" \/>\n<meta property=\"og:site_name\" content=\"Blog do Florisvaldo\" \/>\n<meta property=\"article:published_time\" content=\"2026-03-10T00:30:36+00:00\" \/>\n<meta property=\"article:modified_time\" content=\"2026-03-14T23:30:34+00:00\" \/>\n<meta property=\"og:image\" content=\"http:\/\/portaldenoticias.net\/ffsantos\/wp-content\/uploads\/2026\/03\/FFSa-Imagem1.jpg\" \/>\n\t<meta property=\"og:image:width\" content=\"900\" \/>\n\t<meta property=\"og:image:height\" content=\"873\" \/>\n\t<meta property=\"og:image:type\" content=\"image\/jpeg\" \/>\n<meta name=\"author\" content=\"Florisvaldo\" \/>\n<meta name=\"twitter:card\" content=\"summary_large_image\" \/>\n<meta name=\"twitter:label1\" content=\"Escrito por\" \/>\n\t<meta name=\"twitter:data1\" content=\"Florisvaldo\" \/>\n\t<meta name=\"twitter:label2\" content=\"Est. tempo de leitura\" \/>\n\t<meta name=\"twitter:data2\" content=\"3 minutos\" \/>\n<script type=\"application\/ld+json\" class=\"yoast-schema-graph\">{\"@context\":\"https:\\\/\\\/schema.org\",\"@graph\":[{\"@type\":\"Article\",\"@id\":\"https:\\\/\\\/portaldenoticias.net\\\/ffsantos\\\/florisvaldo-f-dos-santos-a-trajetoria-de-quem-comecou-como-office-boy-e-construiu-uma-vida-dedicada-a-protecao\\\/#article\",\"isPartOf\":{\"@id\":\"https:\\\/\\\/portaldenoticias.net\\\/ffsantos\\\/florisvaldo-f-dos-santos-a-trajetoria-de-quem-comecou-como-office-boy-e-construiu-uma-vida-dedicada-a-protecao\\\/\"},\"author\":{\"name\":\"Florisvaldo\",\"@id\":\"https:\\\/\\\/portaldenoticias.net\\\/ffsantos\\\/#\\\/schema\\\/person\\\/709c788ecb22f2378d698c2cd46cecc3\"},\"headline\":\"FLORISVALDO F. DOS SANTOS: A TRAJET\u00d3RIA DE QUEM COME\u00c7OU COMO OFFICE BOY E CONSTRUIU UMA VIDA DEDICADA A PROTE\u00c7\u00c3O\",\"datePublished\":\"2026-03-10T00:30:36+00:00\",\"dateModified\":\"2026-03-14T23:30:34+00:00\",\"mainEntityOfPage\":{\"@id\":\"https:\\\/\\\/portaldenoticias.net\\\/ffsantos\\\/florisvaldo-f-dos-santos-a-trajetoria-de-quem-comecou-como-office-boy-e-construiu-uma-vida-dedicada-a-protecao\\\/\"},\"wordCount\":566,\"commentCount\":13,\"image\":{\"@id\":\"https:\\\/\\\/portaldenoticias.net\\\/ffsantos\\\/florisvaldo-f-dos-santos-a-trajetoria-de-quem-comecou-como-office-boy-e-construiu-uma-vida-dedicada-a-protecao\\\/#primaryimage\"},\"thumbnailUrl\":\"https:\\\/\\\/portaldenoticias.net\\\/ffsantos\\\/wp-content\\\/uploads\\\/2026\\\/03\\\/FFSa-Imagem1.jpg\",\"articleSection\":[\"Brasil\",\"Destaques\"],\"inLanguage\":\"pt-BR\",\"potentialAction\":[{\"@type\":\"CommentAction\",\"name\":\"Comment\",\"target\":[\"https:\\\/\\\/portaldenoticias.net\\\/ffsantos\\\/florisvaldo-f-dos-santos-a-trajetoria-de-quem-comecou-como-office-boy-e-construiu-uma-vida-dedicada-a-protecao\\\/#respond\"]}]},{\"@type\":\"WebPage\",\"@id\":\"https:\\\/\\\/portaldenoticias.net\\\/ffsantos\\\/florisvaldo-f-dos-santos-a-trajetoria-de-quem-comecou-como-office-boy-e-construiu-uma-vida-dedicada-a-protecao\\\/\",\"url\":\"https:\\\/\\\/portaldenoticias.net\\\/ffsantos\\\/florisvaldo-f-dos-santos-a-trajetoria-de-quem-comecou-como-office-boy-e-construiu-uma-vida-dedicada-a-protecao\\\/\",\"name\":\"FLORISVALDO F. DOS SANTOS: A TRAJET\u00d3RIA DE QUEM COME\u00c7OU COMO OFFICE BOY E CONSTRUIU UMA VIDA DEDICADA A PROTE\u00c7\u00c3O - Blog do Florisvaldo\",\"isPartOf\":{\"@id\":\"https:\\\/\\\/portaldenoticias.net\\\/ffsantos\\\/#website\"},\"primaryImageOfPage\":{\"@id\":\"https:\\\/\\\/portaldenoticias.net\\\/ffsantos\\\/florisvaldo-f-dos-santos-a-trajetoria-de-quem-comecou-como-office-boy-e-construiu-uma-vida-dedicada-a-protecao\\\/#primaryimage\"},\"image\":{\"@id\":\"https:\\\/\\\/portaldenoticias.net\\\/ffsantos\\\/florisvaldo-f-dos-santos-a-trajetoria-de-quem-comecou-como-office-boy-e-construiu-uma-vida-dedicada-a-protecao\\\/#primaryimage\"},\"thumbnailUrl\":\"https:\\\/\\\/portaldenoticias.net\\\/ffsantos\\\/wp-content\\\/uploads\\\/2026\\\/03\\\/FFSa-Imagem1.jpg\",\"datePublished\":\"2026-03-10T00:30:36+00:00\",\"dateModified\":\"2026-03-14T23:30:34+00:00\",\"author\":{\"@id\":\"https:\\\/\\\/portaldenoticias.net\\\/ffsantos\\\/#\\\/schema\\\/person\\\/709c788ecb22f2378d698c2cd46cecc3\"},\"breadcrumb\":{\"@id\":\"https:\\\/\\\/portaldenoticias.net\\\/ffsantos\\\/florisvaldo-f-dos-santos-a-trajetoria-de-quem-comecou-como-office-boy-e-construiu-uma-vida-dedicada-a-protecao\\\/#breadcrumb\"},\"inLanguage\":\"pt-BR\",\"potentialAction\":[{\"@type\":\"ReadAction\",\"target\":[\"https:\\\/\\\/portaldenoticias.net\\\/ffsantos\\\/florisvaldo-f-dos-santos-a-trajetoria-de-quem-comecou-como-office-boy-e-construiu-uma-vida-dedicada-a-protecao\\\/\"]}]},{\"@type\":\"ImageObject\",\"inLanguage\":\"pt-BR\",\"@id\":\"https:\\\/\\\/portaldenoticias.net\\\/ffsantos\\\/florisvaldo-f-dos-santos-a-trajetoria-de-quem-comecou-como-office-boy-e-construiu-uma-vida-dedicada-a-protecao\\\/#primaryimage\",\"url\":\"https:\\\/\\\/portaldenoticias.net\\\/ffsantos\\\/wp-content\\\/uploads\\\/2026\\\/03\\\/FFSa-Imagem1.jpg\",\"contentUrl\":\"https:\\\/\\\/portaldenoticias.net\\\/ffsantos\\\/wp-content\\\/uploads\\\/2026\\\/03\\\/FFSa-Imagem1.jpg\",\"width\":900,\"height\":873,\"caption\":\"Florisvaldo F. dos Santos - Diretor Presidente da FFSantos Consultoria de Seguros e Benef\u00edcios\"},{\"@type\":\"BreadcrumbList\",\"@id\":\"https:\\\/\\\/portaldenoticias.net\\\/ffsantos\\\/florisvaldo-f-dos-santos-a-trajetoria-de-quem-comecou-como-office-boy-e-construiu-uma-vida-dedicada-a-protecao\\\/#breadcrumb\",\"itemListElement\":[{\"@type\":\"ListItem\",\"position\":1,\"name\":\"In\u00edcio\",\"item\":\"https:\\\/\\\/portaldenoticias.net\\\/ffsantos\\\/\"},{\"@type\":\"ListItem\",\"position\":2,\"name\":\"FLORISVALDO F. DOS SANTOS: A TRAJET\u00d3RIA DE QUEM COME\u00c7OU COMO OFFICE BOY E CONSTRUIU UMA VIDA DEDICADA A PROTE\u00c7\u00c3O\"}]},{\"@type\":\"WebSite\",\"@id\":\"https:\\\/\\\/portaldenoticias.net\\\/ffsantos\\\/#website\",\"url\":\"https:\\\/\\\/portaldenoticias.net\\\/ffsantos\\\/\",\"name\":\"Blog do Florisvaldo |\",\"description\":\"Informa\u00e7\u00e3o com imparcialidade\",\"potentialAction\":[{\"@type\":\"SearchAction\",\"target\":{\"@type\":\"EntryPoint\",\"urlTemplate\":\"https:\\\/\\\/portaldenoticias.net\\\/ffsantos\\\/?s={search_term_string}\"},\"query-input\":{\"@type\":\"PropertyValueSpecification\",\"valueRequired\":true,\"valueName\":\"search_term_string\"}}],\"inLanguage\":\"pt-BR\"},{\"@type\":\"Person\",\"@id\":\"https:\\\/\\\/portaldenoticias.net\\\/ffsantos\\\/#\\\/schema\\\/person\\\/709c788ecb22f2378d698c2cd46cecc3\",\"name\":\"Florisvaldo\",\"image\":{\"@type\":\"ImageObject\",\"inLanguage\":\"pt-BR\",\"@id\":\"https:\\\/\\\/secure.gravatar.com\\\/avatar\\\/23c59839b4c874bb227d4916d18ba065e405a73d0e423fa9255ba9436604e628?s=96&d=mm&r=g\",\"url\":\"https:\\\/\\\/secure.gravatar.com\\\/avatar\\\/23c59839b4c874bb227d4916d18ba065e405a73d0e423fa9255ba9436604e628?s=96&d=mm&r=g\",\"contentUrl\":\"https:\\\/\\\/secure.gravatar.com\\\/avatar\\\/23c59839b4c874bb227d4916d18ba065e405a73d0e423fa9255ba9436604e628?s=96&d=mm&r=g\",\"caption\":\"Florisvaldo\"},\"url\":\"https:\\\/\\\/portaldenoticias.net\\\/ffsantos\\\/author\\\/ffsantos\\\/\"}]}<\/script>\n<!-- \/ Yoast SEO plugin. -->","yoast_head_json":{"title":"FLORISVALDO F. DOS SANTOS: A TRAJET\u00d3RIA DE QUEM COME\u00c7OU COMO OFFICE BOY E CONSTRUIU UMA VIDA DEDICADA A PROTE\u00c7\u00c3O - Blog do Florisvaldo","robots":{"index":"index","follow":"follow","max-snippet":"max-snippet:-1","max-image-preview":"max-image-preview:large","max-video-preview":"max-video-preview:-1"},"canonical":"https:\/\/portaldenoticias.net\/ffsantos\/florisvaldo-f-dos-santos-a-trajetoria-de-quem-comecou-como-office-boy-e-construiu-uma-vida-dedicada-a-protecao\/","og_locale":"pt_BR","og_type":"article","og_title":"FLORISVALDO F. DOS SANTOS: A TRAJET\u00d3RIA DE QUEM COME\u00c7OU COMO OFFICE BOY E CONSTRUIU UMA VIDA DEDICADA A PROTE\u00c7\u00c3O - Blog do Florisvaldo","og_description":"\u00a0 \u00a0 \u00a0 \u00a0 \u00a0 \u00a0 \u00a0 \u00a0 \u00a0 \u00a0 \u00a0 \u00a0 \u00a0 \u00a0 \u00a0 \u00a0 \u00a0 \u00a0 \u00a0 \u00a0 \u00a0 \u00a0 \u00a0 \u00a0 \u00a0 \u00a0 \u00a0 \u00a0 \u00a0 \u00a0 \u00a0 \u00a0 \u00a0 \u00a0 \u00a0 \u00a0 \u00a0 \u00a0 \u00a0 \u00a0 \u00a0 \u00a0 \u00a0 \u00a0 \u00a0 \u00a0 \u00a0 \u00a0 \u00a0 \u00a0 \u00a0 \u00a0 \u00a0 \u00a0 \u00a0","og_url":"https:\/\/portaldenoticias.net\/ffsantos\/florisvaldo-f-dos-santos-a-trajetoria-de-quem-comecou-como-office-boy-e-construiu-uma-vida-dedicada-a-protecao\/","og_site_name":"Blog do Florisvaldo","article_published_time":"2026-03-10T00:30:36+00:00","article_modified_time":"2026-03-14T23:30:34+00:00","og_image":[{"width":900,"height":873,"url":"http:\/\/portaldenoticias.net\/ffsantos\/wp-content\/uploads\/2026\/03\/FFSa-Imagem1.jpg","type":"image\/jpeg"}],"author":"Florisvaldo","twitter_card":"summary_large_image","twitter_misc":{"Escrito por":"Florisvaldo","Est. tempo de leitura":"3 minutos"},"schema":{"@context":"https:\/\/schema.org","@graph":[{"@type":"Article","@id":"https:\/\/portaldenoticias.net\/ffsantos\/florisvaldo-f-dos-santos-a-trajetoria-de-quem-comecou-como-office-boy-e-construiu-uma-vida-dedicada-a-protecao\/#article","isPartOf":{"@id":"https:\/\/portaldenoticias.net\/ffsantos\/florisvaldo-f-dos-santos-a-trajetoria-de-quem-comecou-como-office-boy-e-construiu-uma-vida-dedicada-a-protecao\/"},"author":{"name":"Florisvaldo","@id":"https:\/\/portaldenoticias.net\/ffsantos\/#\/schema\/person\/709c788ecb22f2378d698c2cd46cecc3"},"headline":"FLORISVALDO F. DOS SANTOS: A TRAJET\u00d3RIA DE QUEM COME\u00c7OU COMO OFFICE BOY E CONSTRUIU UMA VIDA DEDICADA A PROTE\u00c7\u00c3O","datePublished":"2026-03-10T00:30:36+00:00","dateModified":"2026-03-14T23:30:34+00:00","mainEntityOfPage":{"@id":"https:\/\/portaldenoticias.net\/ffsantos\/florisvaldo-f-dos-santos-a-trajetoria-de-quem-comecou-como-office-boy-e-construiu-uma-vida-dedicada-a-protecao\/"},"wordCount":566,"commentCount":13,"image":{"@id":"https:\/\/portaldenoticias.net\/ffsantos\/florisvaldo-f-dos-santos-a-trajetoria-de-quem-comecou-como-office-boy-e-construiu-uma-vida-dedicada-a-protecao\/#primaryimage"},"thumbnailUrl":"https:\/\/portaldenoticias.net\/ffsantos\/wp-content\/uploads\/2026\/03\/FFSa-Imagem1.jpg","articleSection":["Brasil","Destaques"],"inLanguage":"pt-BR","potentialAction":[{"@type":"CommentAction","name":"Comment","target":["https:\/\/portaldenoticias.net\/ffsantos\/florisvaldo-f-dos-santos-a-trajetoria-de-quem-comecou-como-office-boy-e-construiu-uma-vida-dedicada-a-protecao\/#respond"]}]},{"@type":"WebPage","@id":"https:\/\/portaldenoticias.net\/ffsantos\/florisvaldo-f-dos-santos-a-trajetoria-de-quem-comecou-como-office-boy-e-construiu-uma-vida-dedicada-a-protecao\/","url":"https:\/\/portaldenoticias.net\/ffsantos\/florisvaldo-f-dos-santos-a-trajetoria-de-quem-comecou-como-office-boy-e-construiu-uma-vida-dedicada-a-protecao\/","name":"FLORISVALDO F. DOS SANTOS: A TRAJET\u00d3RIA DE QUEM COME\u00c7OU COMO OFFICE BOY E CONSTRUIU UMA VIDA DEDICADA A PROTE\u00c7\u00c3O - Blog do Florisvaldo","isPartOf":{"@id":"https:\/\/portaldenoticias.net\/ffsantos\/#website"},"primaryImageOfPage":{"@id":"https:\/\/portaldenoticias.net\/ffsantos\/florisvaldo-f-dos-santos-a-trajetoria-de-quem-comecou-como-office-boy-e-construiu-uma-vida-dedicada-a-protecao\/#primaryimage"},"image":{"@id":"https:\/\/portaldenoticias.net\/ffsantos\/florisvaldo-f-dos-santos-a-trajetoria-de-quem-comecou-como-office-boy-e-construiu-uma-vida-dedicada-a-protecao\/#primaryimage"},"thumbnailUrl":"https:\/\/portaldenoticias.net\/ffsantos\/wp-content\/uploads\/2026\/03\/FFSa-Imagem1.jpg","datePublished":"2026-03-10T00:30:36+00:00","dateModified":"2026-03-14T23:30:34+00:00","author":{"@id":"https:\/\/portaldenoticias.net\/ffsantos\/#\/schema\/person\/709c788ecb22f2378d698c2cd46cecc3"},"breadcrumb":{"@id":"https:\/\/portaldenoticias.net\/ffsantos\/florisvaldo-f-dos-santos-a-trajetoria-de-quem-comecou-como-office-boy-e-construiu-uma-vida-dedicada-a-protecao\/#breadcrumb"},"inLanguage":"pt-BR","potentialAction":[{"@type":"ReadAction","target":["https:\/\/portaldenoticias.net\/ffsantos\/florisvaldo-f-dos-santos-a-trajetoria-de-quem-comecou-como-office-boy-e-construiu-uma-vida-dedicada-a-protecao\/"]}]},{"@type":"ImageObject","inLanguage":"pt-BR","@id":"https:\/\/portaldenoticias.net\/ffsantos\/florisvaldo-f-dos-santos-a-trajetoria-de-quem-comecou-como-office-boy-e-construiu-uma-vida-dedicada-a-protecao\/#primaryimage","url":"https:\/\/portaldenoticias.net\/ffsantos\/wp-content\/uploads\/2026\/03\/FFSa-Imagem1.jpg","contentUrl":"https:\/\/portaldenoticias.net\/ffsantos\/wp-content\/uploads\/2026\/03\/FFSa-Imagem1.jpg","width":900,"height":873,"caption":"Florisvaldo F. dos Santos - Diretor Presidente da FFSantos Consultoria de Seguros e Benef\u00edcios"},{"@type":"BreadcrumbList","@id":"https:\/\/portaldenoticias.net\/ffsantos\/florisvaldo-f-dos-santos-a-trajetoria-de-quem-comecou-como-office-boy-e-construiu-uma-vida-dedicada-a-protecao\/#breadcrumb","itemListElement":[{"@type":"ListItem","position":1,"name":"In\u00edcio","item":"https:\/\/portaldenoticias.net\/ffsantos\/"},{"@type":"ListItem","position":2,"name":"FLORISVALDO F. DOS SANTOS: A TRAJET\u00d3RIA DE QUEM COME\u00c7OU COMO OFFICE BOY E CONSTRUIU UMA VIDA DEDICADA A PROTE\u00c7\u00c3O"}]},{"@type":"WebSite","@id":"https:\/\/portaldenoticias.net\/ffsantos\/#website","url":"https:\/\/portaldenoticias.net\/ffsantos\/","name":"Blog do Florisvaldo |","description":"Informa\u00e7\u00e3o com imparcialidade","potentialAction":[{"@type":"SearchAction","target":{"@type":"EntryPoint","urlTemplate":"https:\/\/portaldenoticias.net\/ffsantos\/?s={search_term_string}"},"query-input":{"@type":"PropertyValueSpecification","valueRequired":true,"valueName":"search_term_string"}}],"inLanguage":"pt-BR"},{"@type":"Person","@id":"https:\/\/portaldenoticias.net\/ffsantos\/#\/schema\/person\/709c788ecb22f2378d698c2cd46cecc3","name":"Florisvaldo","image":{"@type":"ImageObject","inLanguage":"pt-BR","@id":"https:\/\/secure.gravatar.com\/avatar\/23c59839b4c874bb227d4916d18ba065e405a73d0e423fa9255ba9436604e628?s=96&d=mm&r=g","url":"https:\/\/secure.gravatar.com\/avatar\/23c59839b4c874bb227d4916d18ba065e405a73d0e423fa9255ba9436604e628?s=96&d=mm&r=g","contentUrl":"https:\/\/secure.gravatar.com\/avatar\/23c59839b4c874bb227d4916d18ba065e405a73d0e423fa9255ba9436604e628?s=96&d=mm&r=g","caption":"Florisvaldo"},"url":"https:\/\/portaldenoticias.net\/ffsantos\/author\/ffsantos\/"}]}},"_links":{"self":[{"href":"https:\/\/portaldenoticias.net\/ffsantos\/wp-json\/wp\/v2\/posts\/22112","targetHints":{"allow":["GET"]}}],"collection":[{"href":"https:\/\/portaldenoticias.net\/ffsantos\/wp-json\/wp\/v2\/posts"}],"about":[{"href":"https:\/\/portaldenoticias.net\/ffsantos\/wp-json\/wp\/v2\/types\/post"}],"author":[{"embeddable":true,"href":"https:\/\/portaldenoticias.net\/ffsantos\/wp-json\/wp\/v2\/users\/2"}],"replies":[{"embeddable":true,"href":"https:\/\/portaldenoticias.net\/ffsantos\/wp-json\/wp\/v2\/comments?post=22112"}],"version-history":[{"count":3,"href":"https:\/\/portaldenoticias.net\/ffsantos\/wp-json\/wp\/v2\/posts\/22112\/revisions"}],"predecessor-version":[{"id":22116,"href":"https:\/\/portaldenoticias.net\/ffsantos\/wp-json\/wp\/v2\/posts\/22112\/revisions\/22116"}],"wp:featuredmedia":[{"embeddable":true,"href":"https:\/\/portaldenoticias.net\/ffsantos\/wp-json\/wp\/v2\/media\/22113"}],"wp:attachment":[{"href":"https:\/\/portaldenoticias.net\/ffsantos\/wp-json\/wp\/v2\/media?parent=22112"}],"wp:term":[{"taxonomy":"category","embeddable":true,"href":"https:\/\/portaldenoticias.net\/ffsantos\/wp-json\/wp\/v2\/categories?post=22112"},{"taxonomy":"post_tag","embeddable":true,"href":"https:\/\/portaldenoticias.net\/ffsantos\/wp-json\/wp\/v2\/tags?post=22112"}],"curies":[{"name":"wp","href":"https:\/\/api.w.org\/{rel}","templated":true}]}}