{"id":22101,"date":"2026-03-07T21:53:01","date_gmt":"2026-03-08T00:53:01","guid":{"rendered":"https:\/\/portaldenoticias.net\/ffsantos\/?p=22101"},"modified":"2026-03-07T22:20:35","modified_gmt":"2026-03-08T01:20:35","slug":"22101-2","status":"publish","type":"post","link":"https:\/\/portaldenoticias.net\/ffsantos\/22101-2\/","title":{"rendered":"TRANSTORNO DO ESPECTRO AUTISTA \u2013 CONHECER PARA INCLUIR"},"content":{"rendered":"<p><strong><em><a href=\"http:\/\/portaldenoticias.net\/ffsantos\/wp-content\/uploads\/2026\/03\/Palestra-11-Imagem2.png\"><img loading=\"lazy\" decoding=\"async\" class=\"aligncenter size-large wp-image-22102\" src=\"http:\/\/portaldenoticias.net\/ffsantos\/wp-content\/uploads\/2026\/03\/Palestra-11-Imagem2-819x1024.png\" alt=\"\" width=\"749\" height=\"936\" srcset=\"https:\/\/portaldenoticias.net\/ffsantos\/wp-content\/uploads\/2026\/03\/Palestra-11-Imagem2-819x1024.png 819w, https:\/\/portaldenoticias.net\/ffsantos\/wp-content\/uploads\/2026\/03\/Palestra-11-Imagem2-240x300.png 240w, https:\/\/portaldenoticias.net\/ffsantos\/wp-content\/uploads\/2026\/03\/Palestra-11-Imagem2-768x960.png 768w, https:\/\/portaldenoticias.net\/ffsantos\/wp-content\/uploads\/2026\/03\/Palestra-11-Imagem2-150x188.png 150w, https:\/\/portaldenoticias.net\/ffsantos\/wp-content\/uploads\/2026\/03\/Palestra-11-Imagem2-450x563.png 450w, https:\/\/portaldenoticias.net\/ffsantos\/wp-content\/uploads\/2026\/03\/Palestra-11-Imagem2.png 1080w\" sizes=\"auto, (max-width: 749px) 100vw, 749px\" \/><\/a>\u00a0 \u00a0 \u00a0 \u00a0 \u00a0 \u00a0 \u00a0 \u00a0 \u00a0 \u00a0 \u00a0 \u00a0 \u00a0 \u00a0 \u00a0 \u00a0 \u00a0 \u00a0 \u00a0 \u00a0 \u00a0 \u00a0 \u00a0 \u00a0 \u00a0 \u00a0 \u00a0 \u00a0 \u00a0 \u00a0 \u00a0 \u00a0 \u00a0 \u00a0 \u00a0 \u00a0 \u00a0 \u00a0 \u00a0 \u00a0 \u00a0 \u00a0 \u00a0 \u00a0 \u00a0 \u00a0 \u00a0 \u00a0 \u00a0 \u00a0 \u00a0 \u00a0 \u00a0 \u00a0 \u00a0 \u00a0 \u00a0 \u00a0 \u00a0<\/em><\/strong><strong><em>\u00a0 \u00a0 \u00a0 \u00a0 \u00a0 \u00a0 \u00a0 \u00a0 \u00a0 \u00a0 \u00a0 \u00a0 \u00a0 \u00a0 \u00a0 \u00a0 \u00a0 \u00a0 \u00a0 \u00a0 \u00a0 \u00a0 \u00a0 \u00a0 \u00a0 \u00a0 \u00a0 \u00a0 \u00a0 \u00a0 \u00a0 \u00a0 \u00a0 \u00a0 \u00a0 \u00a0 \u00a0 \u00a0 \u00a0 \u00a0 \u00a0 \u00a0 \u00a0 \u00a0 \u00a0 \u00a0 \u00a0 \u00a0 \u00a0 \u00a0 \u00a0 \u00a0 \u00a0 \u00a0 \u00a0 \u00a0 \u00a0 \u00a0 \u00a0 \u00a0 \u00a0 \u00a0 \u00a0 \u00a0 \u00a0 \u00a0 \u00a0 \u00a0 \u00a0 \u00a0 \u00a0 \u00a0 \u00a0 \u00a0 \u00a0 \u00a0 \u00a0 \u00a0 \u00a0 \u00a0 \u00a0 \u00a0 \u00a0 \u00a0 \u00a0 \u00a0 \u00a0 \u00a0 \u00a0 \u00a0 \u00a0 \u00a0 \u00a0 \u00a0 \u00a0 \u00a0 \u00a0 \u00a0 \u00a0 \u00a0 \u00a0Por: Florisvaldo dos Santos<\/em><\/strong><\/p>\n<p>A convite do Instituto Pol\u00edtica de Grupo, presidido por Fernando Alfredo, o Blog do Florisvaldo, representado por Florisvaldo dos Santos, esteve presente \u00e0 palestra &#8211; que se transformou em uma verdadeira aula &#8211; ministrada pela Dra. Adriana Gledys Zink.<\/p>\n<p>O convite feito por Fernando Alfredo j\u00e1 sintetizava a import\u00e2ncia do encontro ao afirmar:<\/p>\n<p>\u201cNesta sexta-feira (06\/03\/2026) teremos uma palestra com minha amiga Dra. Adriana Zink, que falar\u00e1 sobre o Transtorno do Espectro Autista (TEA) no Brasil, condi\u00e7\u00e3o que atinge cerca de 1,2% da popula\u00e7\u00e3o brasileira. O conhecimento diminui o preconceito.\u201d<\/p>\n<p>E, de fato, foi exatamente isso que o p\u00fablico p\u00f4de vivenciar.<\/p>\n<p style=\"text-align: center\"><strong><em>Mas afinal, quem \u00e9 Adriana Gledys Zink?<\/em><\/strong><\/p>\n<p>Em s\u00edntese, a Dra. Adriana Gledys Zink \u00e9 cirurgi\u00e3-dentista, mestre e doutora em Odontologia, amplamente reconhecida por sua atua\u00e7\u00e3o no atendimento a pacientes com necessidades especiais, especialmente pessoas no espectro autista. Conhecida por muitos como uma verdadeira \u201cencantadora de autistas\u201d, \u00e9 pioneira no Brasil no desenvolvimento de pesquisas e t\u00e9cnicas de manejo comportamental e acolhimento para esse p\u00fablico, atuando tamb\u00e9m como docente e palestrante em diversas institui\u00e7\u00f5es.<\/p>\n<p>Durante aproximadamente duas horas, diante de um p\u00fablico de cerca de 60 pessoas, a Dra. Adriana compartilhou conhecimentos profundos, baseados em d\u00e9cadas de pesquisa e experi\u00eancia profissional. Com did\u00e1tica clara e envolvente, apresentou informa\u00e7\u00f5es te\u00f3ricas e pr\u00e1ticas, abordando desde aspectos gen\u00e9ticos at\u00e9 a identifica\u00e7\u00e3o da condi\u00e7\u00e3o.<\/p>\n<p>Em diversos momentos, ela fez quest\u00e3o de refor\u00e7ar um ponto fundamental: <strong><em>\u201cautismo n\u00e3o \u00e9 doen\u00e7a, \u00e9 uma condi\u00e7\u00e3o\u201d<\/em><\/strong> &#8211; uma afirma\u00e7\u00e3o que, por si s\u00f3, ajuda a romper preconceitos e ampliar a compreens\u00e3o sobre o tema.<\/p>\n<p>Mais do que transmitir conhecimento, a Dra. Adriana demonstrou sensibilidade, empatia e um profundo compromisso com a dignidade e a inclus\u00e3o das pessoas no espectro. Sua capacidade de comunica\u00e7\u00e3o, aliada \u00e0 generosidade em acolher perguntas e dialogar com o p\u00fablico, foi marcante. Com respeito, clareza e dedica\u00e7\u00e3o, respondeu a todos os questionamentos apresentados, tornando o encontro ainda mais enriquecedor.<\/p>\n<p>Os participantes sa\u00edram do evento visivelmente gratos pela oportunidade de aprender e refletir sobre um tema t\u00e3o relevante para a constru\u00e7\u00e3o de uma sociedade mais consciente e inclusiva.<\/p>\n<p>N\u00e3o apenas como representante do Blog do Florisvaldo, mas tamb\u00e9m como integrante do grupo presente, senti-me privilegiado por participar de uma palestra &#8211; ou melhor, de uma verdadeira aula &#8211; de tamanha import\u00e2ncia e qualidade.<\/p>\n<p><a href=\"http:\/\/portaldenoticias.net\/ffsantos\/wp-content\/uploads\/2026\/03\/Palestra-111-Imagem3.jpg\"><img loading=\"lazy\" decoding=\"async\" class=\"aligncenter size-full wp-image-22104\" src=\"http:\/\/portaldenoticias.net\/ffsantos\/wp-content\/uploads\/2026\/03\/Palestra-111-Imagem3.jpg\" alt=\"\" width=\"405\" height=\"892\" srcset=\"https:\/\/portaldenoticias.net\/ffsantos\/wp-content\/uploads\/2026\/03\/Palestra-111-Imagem3.jpg 405w, https:\/\/portaldenoticias.net\/ffsantos\/wp-content\/uploads\/2026\/03\/Palestra-111-Imagem3-136x300.jpg 136w, https:\/\/portaldenoticias.net\/ffsantos\/wp-content\/uploads\/2026\/03\/Palestra-111-Imagem3-150x330.jpg 150w\" sizes=\"auto, (max-width: 405px) 100vw, 405px\" \/><\/a><\/p>\n<p><a href=\"http:\/\/portaldenoticias.net\/ffsantos\/wp-content\/uploads\/2026\/03\/Paletra-1.jpeg\"><img loading=\"lazy\" decoding=\"async\" class=\"aligncenter size-large wp-image-22103\" src=\"http:\/\/portaldenoticias.net\/ffsantos\/wp-content\/uploads\/2026\/03\/Paletra-1-576x1024.jpeg\" alt=\"\" width=\"576\" height=\"1024\" srcset=\"https:\/\/portaldenoticias.net\/ffsantos\/wp-content\/uploads\/2026\/03\/Paletra-1-576x1024.jpeg 576w, https:\/\/portaldenoticias.net\/ffsantos\/wp-content\/uploads\/2026\/03\/Paletra-1-169x300.jpeg 169w, https:\/\/portaldenoticias.net\/ffsantos\/wp-content\/uploads\/2026\/03\/Paletra-1-150x267.jpeg 150w, https:\/\/portaldenoticias.net\/ffsantos\/wp-content\/uploads\/2026\/03\/Paletra-1-450x800.jpeg 450w, https:\/\/portaldenoticias.net\/ffsantos\/wp-content\/uploads\/2026\/03\/Paletra-1.jpeg 720w\" sizes=\"auto, (max-width: 576px) 100vw, 576px\" \/><\/a><\/p>\n<p><a href=\"http:\/\/portaldenoticias.net\/ffsantos\/wp-content\/uploads\/2026\/03\/Palestra-222-Imagem4.jpg\"><img loading=\"lazy\" decoding=\"async\" class=\"aligncenter size-full wp-image-22105\" src=\"http:\/\/portaldenoticias.net\/ffsantos\/wp-content\/uploads\/2026\/03\/Palestra-222-Imagem4.jpg\" alt=\"\" width=\"680\" height=\"383\" srcset=\"https:\/\/portaldenoticias.net\/ffsantos\/wp-content\/uploads\/2026\/03\/Palestra-222-Imagem4.jpg 680w, https:\/\/portaldenoticias.net\/ffsantos\/wp-content\/uploads\/2026\/03\/Palestra-222-Imagem4-300x169.jpg 300w, https:\/\/portaldenoticias.net\/ffsantos\/wp-content\/uploads\/2026\/03\/Palestra-222-Imagem4-150x84.jpg 150w, https:\/\/portaldenoticias.net\/ffsantos\/wp-content\/uploads\/2026\/03\/Palestra-222-Imagem4-450x253.jpg 450w\" sizes=\"auto, (max-width: 680px) 100vw, 680px\" \/><\/a><\/p>\n<p style=\"text-align: center\"><strong><em>Blog do Florisvaldo &#8211; Informa\u00e7\u00e3o com Imparcialidade<\/em><\/strong><\/p>\n","protected":false},"excerpt":{"rendered":"<p>\u00a0 \u00a0 \u00a0 \u00a0 \u00a0 \u00a0 \u00a0 \u00a0 \u00a0 \u00a0 \u00a0 \u00a0 \u00a0 \u00a0 \u00a0 \u00a0 \u00a0 \u00a0 \u00a0 \u00a0 \u00a0 \u00a0 \u00a0 \u00a0 \u00a0 \u00a0 \u00a0 \u00a0 \u00a0 \u00a0 \u00a0 \u00a0 \u00a0 \u00a0 \u00a0 \u00a0 \u00a0 \u00a0 \u00a0 \u00a0 \u00a0 \u00a0 \u00a0 \u00a0 \u00a0 \u00a0 \u00a0 \u00a0 \u00a0 \u00a0 \u00a0 \u00a0 \u00a0 \u00a0 \u00a0<\/p>\n","protected":false},"author":2,"featured_media":22102,"comment_status":"open","ping_status":"open","sticky":false,"template":"","format":"standard","meta":{"footnotes":""},"categories":[1],"tags":[],"class_list":{"0":"post-22101","1":"post","2":"type-post","3":"status-publish","4":"format-standard","5":"has-post-thumbnail","7":"category-destaques"},"yoast_head":"<!-- This site is optimized with the Yoast SEO plugin v27.4 - https:\/\/yoast.com\/product\/yoast-seo-wordpress\/ -->\n<title>TRANSTORNO DO ESPECTRO AUTISTA \u2013 CONHECER PARA INCLUIR - Blog do Florisvaldo<\/title>\n<meta name=\"robots\" content=\"index, follow, max-snippet:-1, max-image-preview:large, max-video-preview:-1\" \/>\n<link rel=\"canonical\" href=\"https:\/\/portaldenoticias.net\/ffsantos\/22101-2\/\" \/>\n<meta property=\"og:locale\" content=\"pt_BR\" \/>\n<meta property=\"og:type\" content=\"article\" \/>\n<meta property=\"og:title\" content=\"TRANSTORNO DO ESPECTRO AUTISTA \u2013 CONHECER PARA INCLUIR - Blog do Florisvaldo\" \/>\n<meta property=\"og:description\" content=\"\u00a0 \u00a0 \u00a0 \u00a0 \u00a0 \u00a0 \u00a0 \u00a0 \u00a0 \u00a0 \u00a0 \u00a0 \u00a0 \u00a0 \u00a0 \u00a0 \u00a0 \u00a0 \u00a0 \u00a0 \u00a0 \u00a0 \u00a0 \u00a0 \u00a0 \u00a0 \u00a0 \u00a0 \u00a0 \u00a0 \u00a0 \u00a0 \u00a0 \u00a0 \u00a0 \u00a0 \u00a0 \u00a0 \u00a0 \u00a0 \u00a0 \u00a0 \u00a0 \u00a0 \u00a0 \u00a0 \u00a0 \u00a0 \u00a0 \u00a0 \u00a0 \u00a0 \u00a0 \u00a0 \u00a0\" \/>\n<meta property=\"og:url\" content=\"https:\/\/portaldenoticias.net\/ffsantos\/22101-2\/\" \/>\n<meta property=\"og:site_name\" content=\"Blog do Florisvaldo\" \/>\n<meta property=\"article:published_time\" content=\"2026-03-08T00:53:01+00:00\" \/>\n<meta property=\"article:modified_time\" content=\"2026-03-08T01:20:35+00:00\" \/>\n<meta property=\"og:image\" content=\"http:\/\/portaldenoticias.net\/ffsantos\/wp-content\/uploads\/2026\/03\/Palestra-11-Imagem2.png\" \/>\n\t<meta property=\"og:image:width\" content=\"1080\" \/>\n\t<meta property=\"og:image:height\" content=\"1350\" \/>\n\t<meta property=\"og:image:type\" content=\"image\/png\" \/>\n<meta name=\"author\" content=\"Florisvaldo\" \/>\n<meta name=\"twitter:card\" content=\"summary_large_image\" \/>\n<meta name=\"twitter:label1\" content=\"Escrito por\" \/>\n\t<meta name=\"twitter:data1\" content=\"Florisvaldo\" \/>\n\t<meta name=\"twitter:label2\" content=\"Est. tempo de leitura\" \/>\n\t<meta name=\"twitter:data2\" content=\"4 minutos\" \/>\n<script type=\"application\/ld+json\" class=\"yoast-schema-graph\">{\"@context\":\"https:\\\/\\\/schema.org\",\"@graph\":[{\"@type\":\"Article\",\"@id\":\"https:\\\/\\\/portaldenoticias.net\\\/ffsantos\\\/22101-2\\\/#article\",\"isPartOf\":{\"@id\":\"https:\\\/\\\/portaldenoticias.net\\\/ffsantos\\\/22101-2\\\/\"},\"author\":{\"name\":\"Florisvaldo\",\"@id\":\"https:\\\/\\\/portaldenoticias.net\\\/ffsantos\\\/#\\\/schema\\\/person\\\/709c788ecb22f2378d698c2cd46cecc3\"},\"headline\":\"TRANSTORNO DO ESPECTRO AUTISTA \u2013 CONHECER PARA INCLUIR\",\"datePublished\":\"2026-03-08T00:53:01+00:00\",\"dateModified\":\"2026-03-08T01:20:35+00:00\",\"mainEntityOfPage\":{\"@id\":\"https:\\\/\\\/portaldenoticias.net\\\/ffsantos\\\/22101-2\\\/\"},\"wordCount\":428,\"commentCount\":0,\"image\":{\"@id\":\"https:\\\/\\\/portaldenoticias.net\\\/ffsantos\\\/22101-2\\\/#primaryimage\"},\"thumbnailUrl\":\"https:\\\/\\\/portaldenoticias.net\\\/ffsantos\\\/wp-content\\\/uploads\\\/2026\\\/03\\\/Palestra-11-Imagem2.png\",\"articleSection\":[\"Destaques\"],\"inLanguage\":\"pt-BR\",\"potentialAction\":[{\"@type\":\"CommentAction\",\"name\":\"Comment\",\"target\":[\"https:\\\/\\\/portaldenoticias.net\\\/ffsantos\\\/22101-2\\\/#respond\"]}]},{\"@type\":\"WebPage\",\"@id\":\"https:\\\/\\\/portaldenoticias.net\\\/ffsantos\\\/22101-2\\\/\",\"url\":\"https:\\\/\\\/portaldenoticias.net\\\/ffsantos\\\/22101-2\\\/\",\"name\":\"TRANSTORNO DO ESPECTRO AUTISTA \u2013 CONHECER PARA INCLUIR - Blog do Florisvaldo\",\"isPartOf\":{\"@id\":\"https:\\\/\\\/portaldenoticias.net\\\/ffsantos\\\/#website\"},\"primaryImageOfPage\":{\"@id\":\"https:\\\/\\\/portaldenoticias.net\\\/ffsantos\\\/22101-2\\\/#primaryimage\"},\"image\":{\"@id\":\"https:\\\/\\\/portaldenoticias.net\\\/ffsantos\\\/22101-2\\\/#primaryimage\"},\"thumbnailUrl\":\"https:\\\/\\\/portaldenoticias.net\\\/ffsantos\\\/wp-content\\\/uploads\\\/2026\\\/03\\\/Palestra-11-Imagem2.png\",\"datePublished\":\"2026-03-08T00:53:01+00:00\",\"dateModified\":\"2026-03-08T01:20:35+00:00\",\"author\":{\"@id\":\"https:\\\/\\\/portaldenoticias.net\\\/ffsantos\\\/#\\\/schema\\\/person\\\/709c788ecb22f2378d698c2cd46cecc3\"},\"breadcrumb\":{\"@id\":\"https:\\\/\\\/portaldenoticias.net\\\/ffsantos\\\/22101-2\\\/#breadcrumb\"},\"inLanguage\":\"pt-BR\",\"potentialAction\":[{\"@type\":\"ReadAction\",\"target\":[\"https:\\\/\\\/portaldenoticias.net\\\/ffsantos\\\/22101-2\\\/\"]}]},{\"@type\":\"ImageObject\",\"inLanguage\":\"pt-BR\",\"@id\":\"https:\\\/\\\/portaldenoticias.net\\\/ffsantos\\\/22101-2\\\/#primaryimage\",\"url\":\"https:\\\/\\\/portaldenoticias.net\\\/ffsantos\\\/wp-content\\\/uploads\\\/2026\\\/03\\\/Palestra-11-Imagem2.png\",\"contentUrl\":\"https:\\\/\\\/portaldenoticias.net\\\/ffsantos\\\/wp-content\\\/uploads\\\/2026\\\/03\\\/Palestra-11-Imagem2.png\",\"width\":1080,\"height\":1350},{\"@type\":\"BreadcrumbList\",\"@id\":\"https:\\\/\\\/portaldenoticias.net\\\/ffsantos\\\/22101-2\\\/#breadcrumb\",\"itemListElement\":[{\"@type\":\"ListItem\",\"position\":1,\"name\":\"In\u00edcio\",\"item\":\"https:\\\/\\\/portaldenoticias.net\\\/ffsantos\\\/\"},{\"@type\":\"ListItem\",\"position\":2,\"name\":\"TRANSTORNO DO ESPECTRO AUTISTA \u2013 CONHECER PARA INCLUIR\"}]},{\"@type\":\"WebSite\",\"@id\":\"https:\\\/\\\/portaldenoticias.net\\\/ffsantos\\\/#website\",\"url\":\"https:\\\/\\\/portaldenoticias.net\\\/ffsantos\\\/\",\"name\":\"Blog do Florisvaldo |\",\"description\":\"Informa\u00e7\u00e3o com imparcialidade\",\"potentialAction\":[{\"@type\":\"SearchAction\",\"target\":{\"@type\":\"EntryPoint\",\"urlTemplate\":\"https:\\\/\\\/portaldenoticias.net\\\/ffsantos\\\/?s={search_term_string}\"},\"query-input\":{\"@type\":\"PropertyValueSpecification\",\"valueRequired\":true,\"valueName\":\"search_term_string\"}}],\"inLanguage\":\"pt-BR\"},{\"@type\":\"Person\",\"@id\":\"https:\\\/\\\/portaldenoticias.net\\\/ffsantos\\\/#\\\/schema\\\/person\\\/709c788ecb22f2378d698c2cd46cecc3\",\"name\":\"Florisvaldo\",\"image\":{\"@type\":\"ImageObject\",\"inLanguage\":\"pt-BR\",\"@id\":\"https:\\\/\\\/secure.gravatar.com\\\/avatar\\\/23c59839b4c874bb227d4916d18ba065e405a73d0e423fa9255ba9436604e628?s=96&d=mm&r=g\",\"url\":\"https:\\\/\\\/secure.gravatar.com\\\/avatar\\\/23c59839b4c874bb227d4916d18ba065e405a73d0e423fa9255ba9436604e628?s=96&d=mm&r=g\",\"contentUrl\":\"https:\\\/\\\/secure.gravatar.com\\\/avatar\\\/23c59839b4c874bb227d4916d18ba065e405a73d0e423fa9255ba9436604e628?s=96&d=mm&r=g\",\"caption\":\"Florisvaldo\"},\"url\":\"https:\\\/\\\/portaldenoticias.net\\\/ffsantos\\\/author\\\/ffsantos\\\/\"}]}<\/script>\n<!-- \/ Yoast SEO plugin. -->","yoast_head_json":{"title":"TRANSTORNO DO ESPECTRO AUTISTA \u2013 CONHECER PARA INCLUIR - Blog do Florisvaldo","robots":{"index":"index","follow":"follow","max-snippet":"max-snippet:-1","max-image-preview":"max-image-preview:large","max-video-preview":"max-video-preview:-1"},"canonical":"https:\/\/portaldenoticias.net\/ffsantos\/22101-2\/","og_locale":"pt_BR","og_type":"article","og_title":"TRANSTORNO DO ESPECTRO AUTISTA \u2013 CONHECER PARA INCLUIR - Blog do Florisvaldo","og_description":"\u00a0 \u00a0 \u00a0 \u00a0 \u00a0 \u00a0 \u00a0 \u00a0 \u00a0 \u00a0 \u00a0 \u00a0 \u00a0 \u00a0 \u00a0 \u00a0 \u00a0 \u00a0 \u00a0 \u00a0 \u00a0 \u00a0 \u00a0 \u00a0 \u00a0 \u00a0 \u00a0 \u00a0 \u00a0 \u00a0 \u00a0 \u00a0 \u00a0 \u00a0 \u00a0 \u00a0 \u00a0 \u00a0 \u00a0 \u00a0 \u00a0 \u00a0 \u00a0 \u00a0 \u00a0 \u00a0 \u00a0 \u00a0 \u00a0 \u00a0 \u00a0 \u00a0 \u00a0 \u00a0 \u00a0","og_url":"https:\/\/portaldenoticias.net\/ffsantos\/22101-2\/","og_site_name":"Blog do Florisvaldo","article_published_time":"2026-03-08T00:53:01+00:00","article_modified_time":"2026-03-08T01:20:35+00:00","og_image":[{"width":1080,"height":1350,"url":"http:\/\/portaldenoticias.net\/ffsantos\/wp-content\/uploads\/2026\/03\/Palestra-11-Imagem2.png","type":"image\/png"}],"author":"Florisvaldo","twitter_card":"summary_large_image","twitter_misc":{"Escrito por":"Florisvaldo","Est. tempo de leitura":"4 minutos"},"schema":{"@context":"https:\/\/schema.org","@graph":[{"@type":"Article","@id":"https:\/\/portaldenoticias.net\/ffsantos\/22101-2\/#article","isPartOf":{"@id":"https:\/\/portaldenoticias.net\/ffsantos\/22101-2\/"},"author":{"name":"Florisvaldo","@id":"https:\/\/portaldenoticias.net\/ffsantos\/#\/schema\/person\/709c788ecb22f2378d698c2cd46cecc3"},"headline":"TRANSTORNO DO ESPECTRO AUTISTA \u2013 CONHECER PARA INCLUIR","datePublished":"2026-03-08T00:53:01+00:00","dateModified":"2026-03-08T01:20:35+00:00","mainEntityOfPage":{"@id":"https:\/\/portaldenoticias.net\/ffsantos\/22101-2\/"},"wordCount":428,"commentCount":0,"image":{"@id":"https:\/\/portaldenoticias.net\/ffsantos\/22101-2\/#primaryimage"},"thumbnailUrl":"https:\/\/portaldenoticias.net\/ffsantos\/wp-content\/uploads\/2026\/03\/Palestra-11-Imagem2.png","articleSection":["Destaques"],"inLanguage":"pt-BR","potentialAction":[{"@type":"CommentAction","name":"Comment","target":["https:\/\/portaldenoticias.net\/ffsantos\/22101-2\/#respond"]}]},{"@type":"WebPage","@id":"https:\/\/portaldenoticias.net\/ffsantos\/22101-2\/","url":"https:\/\/portaldenoticias.net\/ffsantos\/22101-2\/","name":"TRANSTORNO DO ESPECTRO AUTISTA \u2013 CONHECER PARA INCLUIR - Blog do Florisvaldo","isPartOf":{"@id":"https:\/\/portaldenoticias.net\/ffsantos\/#website"},"primaryImageOfPage":{"@id":"https:\/\/portaldenoticias.net\/ffsantos\/22101-2\/#primaryimage"},"image":{"@id":"https:\/\/portaldenoticias.net\/ffsantos\/22101-2\/#primaryimage"},"thumbnailUrl":"https:\/\/portaldenoticias.net\/ffsantos\/wp-content\/uploads\/2026\/03\/Palestra-11-Imagem2.png","datePublished":"2026-03-08T00:53:01+00:00","dateModified":"2026-03-08T01:20:35+00:00","author":{"@id":"https:\/\/portaldenoticias.net\/ffsantos\/#\/schema\/person\/709c788ecb22f2378d698c2cd46cecc3"},"breadcrumb":{"@id":"https:\/\/portaldenoticias.net\/ffsantos\/22101-2\/#breadcrumb"},"inLanguage":"pt-BR","potentialAction":[{"@type":"ReadAction","target":["https:\/\/portaldenoticias.net\/ffsantos\/22101-2\/"]}]},{"@type":"ImageObject","inLanguage":"pt-BR","@id":"https:\/\/portaldenoticias.net\/ffsantos\/22101-2\/#primaryimage","url":"https:\/\/portaldenoticias.net\/ffsantos\/wp-content\/uploads\/2026\/03\/Palestra-11-Imagem2.png","contentUrl":"https:\/\/portaldenoticias.net\/ffsantos\/wp-content\/uploads\/2026\/03\/Palestra-11-Imagem2.png","width":1080,"height":1350},{"@type":"BreadcrumbList","@id":"https:\/\/portaldenoticias.net\/ffsantos\/22101-2\/#breadcrumb","itemListElement":[{"@type":"ListItem","position":1,"name":"In\u00edcio","item":"https:\/\/portaldenoticias.net\/ffsantos\/"},{"@type":"ListItem","position":2,"name":"TRANSTORNO DO ESPECTRO AUTISTA \u2013 CONHECER PARA INCLUIR"}]},{"@type":"WebSite","@id":"https:\/\/portaldenoticias.net\/ffsantos\/#website","url":"https:\/\/portaldenoticias.net\/ffsantos\/","name":"Blog do Florisvaldo |","description":"Informa\u00e7\u00e3o com imparcialidade","potentialAction":[{"@type":"SearchAction","target":{"@type":"EntryPoint","urlTemplate":"https:\/\/portaldenoticias.net\/ffsantos\/?s={search_term_string}"},"query-input":{"@type":"PropertyValueSpecification","valueRequired":true,"valueName":"search_term_string"}}],"inLanguage":"pt-BR"},{"@type":"Person","@id":"https:\/\/portaldenoticias.net\/ffsantos\/#\/schema\/person\/709c788ecb22f2378d698c2cd46cecc3","name":"Florisvaldo","image":{"@type":"ImageObject","inLanguage":"pt-BR","@id":"https:\/\/secure.gravatar.com\/avatar\/23c59839b4c874bb227d4916d18ba065e405a73d0e423fa9255ba9436604e628?s=96&d=mm&r=g","url":"https:\/\/secure.gravatar.com\/avatar\/23c59839b4c874bb227d4916d18ba065e405a73d0e423fa9255ba9436604e628?s=96&d=mm&r=g","contentUrl":"https:\/\/secure.gravatar.com\/avatar\/23c59839b4c874bb227d4916d18ba065e405a73d0e423fa9255ba9436604e628?s=96&d=mm&r=g","caption":"Florisvaldo"},"url":"https:\/\/portaldenoticias.net\/ffsantos\/author\/ffsantos\/"}]}},"_links":{"self":[{"href":"https:\/\/portaldenoticias.net\/ffsantos\/wp-json\/wp\/v2\/posts\/22101","targetHints":{"allow":["GET"]}}],"collection":[{"href":"https:\/\/portaldenoticias.net\/ffsantos\/wp-json\/wp\/v2\/posts"}],"about":[{"href":"https:\/\/portaldenoticias.net\/ffsantos\/wp-json\/wp\/v2\/types\/post"}],"author":[{"embeddable":true,"href":"https:\/\/portaldenoticias.net\/ffsantos\/wp-json\/wp\/v2\/users\/2"}],"replies":[{"embeddable":true,"href":"https:\/\/portaldenoticias.net\/ffsantos\/wp-json\/wp\/v2\/comments?post=22101"}],"version-history":[{"count":4,"href":"https:\/\/portaldenoticias.net\/ffsantos\/wp-json\/wp\/v2\/posts\/22101\/revisions"}],"predecessor-version":[{"id":22110,"href":"https:\/\/portaldenoticias.net\/ffsantos\/wp-json\/wp\/v2\/posts\/22101\/revisions\/22110"}],"wp:featuredmedia":[{"embeddable":true,"href":"https:\/\/portaldenoticias.net\/ffsantos\/wp-json\/wp\/v2\/media\/22102"}],"wp:attachment":[{"href":"https:\/\/portaldenoticias.net\/ffsantos\/wp-json\/wp\/v2\/media?parent=22101"}],"wp:term":[{"taxonomy":"category","embeddable":true,"href":"https:\/\/portaldenoticias.net\/ffsantos\/wp-json\/wp\/v2\/categories?post=22101"},{"taxonomy":"post_tag","embeddable":true,"href":"https:\/\/portaldenoticias.net\/ffsantos\/wp-json\/wp\/v2\/tags?post=22101"}],"curies":[{"name":"wp","href":"https:\/\/api.w.org\/{rel}","templated":true}]}}