{"id":22097,"date":"2026-03-08T07:00:12","date_gmt":"2026-03-08T10:00:12","guid":{"rendered":"https:\/\/portaldenoticias.net\/ffsantos\/?p=22097"},"modified":"2026-03-08T17:54:30","modified_gmt":"2026-03-08T20:54:30","slug":"editorial-ano-xiv-numero-485-miami-e-a-licao-da-ordem-urbana","status":"publish","type":"post","link":"https:\/\/portaldenoticias.net\/ffsantos\/editorial-ano-xiv-numero-485-miami-e-a-licao-da-ordem-urbana\/","title":{"rendered":"EDITORIAL ANO XIV N\u00daMERO 485 &#8211; MIAMI E A LI\u00c7\u00c3O DA ORDEM URBANA"},"content":{"rendered":"<p style=\"text-align: center\"><strong><em><a href=\"http:\/\/portaldenoticias.net\/ffsantos\/wp-content\/uploads\/2026\/03\/Miami-Imagem1.jpg\"><img loading=\"lazy\" decoding=\"async\" class=\"aligncenter size-large wp-image-22098\" src=\"http:\/\/portaldenoticias.net\/ffsantos\/wp-content\/uploads\/2026\/03\/Miami-Imagem1-726x1024.jpg\" alt=\"\" width=\"726\" height=\"1024\" srcset=\"https:\/\/portaldenoticias.net\/ffsantos\/wp-content\/uploads\/2026\/03\/Miami-Imagem1-726x1024.jpg 726w, https:\/\/portaldenoticias.net\/ffsantos\/wp-content\/uploads\/2026\/03\/Miami-Imagem1-213x300.jpg 213w, https:\/\/portaldenoticias.net\/ffsantos\/wp-content\/uploads\/2026\/03\/Miami-Imagem1-768x1083.jpg 768w, https:\/\/portaldenoticias.net\/ffsantos\/wp-content\/uploads\/2026\/03\/Miami-Imagem1-150x212.jpg 150w, https:\/\/portaldenoticias.net\/ffsantos\/wp-content\/uploads\/2026\/03\/Miami-Imagem1-450x635.jpg 450w, https:\/\/portaldenoticias.net\/ffsantos\/wp-content\/uploads\/2026\/03\/Miami-Imagem1.jpg 796w\" sizes=\"auto, (max-width: 726px) 100vw, 726px\" \/><\/a>Um p\u00f4r do sol na praia de Miami<\/em><\/strong><\/p>\n<p>\u00a0 \u00a0 \u00a0 \u00a0 \u00a0 \u00a0 \u00a0 \u00a0 \u00a0 \u00a0 \u00a0 \u00a0 \u00a0 \u00a0 \u00a0 \u00a0 \u00a0 \u00a0 \u00a0 \u00a0 \u00a0 \u00a0 \u00a0 \u00a0 \u00a0 \u00a0 \u00a0 \u00a0 \u00a0 \u00a0 \u00a0 \u00a0 \u00a0 \u00a0 \u00a0 \u00a0 \u00a0 \u00a0 \u00a0 \u00a0 \u00a0 \u00a0 \u00a0 \u00a0 \u00a0 \u00a0 \u00a0 \u00a0 \u00a0 \u00a0 \u00a0 \u00a0 \u00a0 \u00a0 \u00a0 \u00a0 \u00a0 \u00a0 \u00a0<em><strong>Por: Agenor Santos &#8211; De Miami (EUA).<\/strong><\/em><\/p>\n<p>Viajar ao exterior raramente \u00e9 apenas turismo. \u00c9, tamb\u00e9m, um exerc\u00edcio de observa\u00e7\u00e3o c\u00edvica. A viagem vale pela grandeza do aprendizado, quanto \u00e0s pr\u00e1ticas e costumes de uma cultura diferenciada, e cujo exemplo positivo deve ser obviamente assimilado.<\/p>\n<p>As cidades n\u00e3o impressionam apenas pelas praias ou pelas modernidades. O que chama a aten\u00e7\u00e3o, sobretudo, \u00e9 a l\u00f3gica de funcionamento do espa\u00e7o p\u00fablico: organizado, limpo, sinalizado e, acima de tudo, respeitado. \u00c9 isso que estamos observando e vivenciando em Miami durante a nossa atual visita. Sem d\u00favidas tem sido uma d\u00e1diva cultural para o nosso grupo de amigos da viagem!<\/p>\n<p>A presen\u00e7a do policiamento n\u00e3o significa a imposi\u00e7\u00e3o de uma a\u00e7\u00e3o ostensiva, mas passa aos visitantes o claro entendimento de que a autoridade est\u00e1 ali e que as normas da boa disciplina ser\u00e3o aplicadas. A consequ\u00eancia \u00e9 simples: o desrespeito tende a diminuir quando a probabilidade de puni\u00e7\u00e3o \u00e9 concreta. Ent\u00e3o, a boa conduta se faz necess\u00e1ria a todo instante aonde quer que voc\u00ea v\u00e1.<\/p>\n<p>E no Brasil, nada mais comum e frequente do que se assistir \u00e0s pessoas jogando pap\u00e9is, sacos pl\u00e1sticos, tocos de cigarro, latas vazias de cerveja, e tudo mais que possa emporcalhar as vias p\u00fablicas. \u00c0s vezes a Guarda Municipal e policiais est\u00e3o pr\u00f3ximos, assistem, mas n\u00e3o reprimem a pr\u00e1tica, refletindo um ambiente institucional em que a aplica\u00e7\u00e3o das regras nem sempre \u00e9 consistente. Por isso, temos o codinome de \u201cpa\u00eds do terceiro mundo\u201d ou, na melhor das hip\u00f3teses, \u201cpa\u00eds em desenvolvimento\u201d. Da\u00ed, nem sei qual t\u00edtulo \u00e9 pior.<\/p>\n<p>Acontece que a limpeza p\u00fablica n\u00e3o deve depender da a\u00e7\u00e3o permanente do poder p\u00fablico, mas deve ser o resultado de um comportamento coletivo. E esse trato cultural deve come\u00e7ar nas escolas e ser ampliado e desenvolvido atrav\u00e9s dos meios de comunica\u00e7\u00e3o, embora estes, atualmente, pouco fa\u00e7am nesse sentido educacional. A eles o que mais importa s\u00e3o as not\u00edcias vend\u00e1veis.<\/p>\n<p>O contexto oferece uma profunda reflex\u00e3o para o Brasil: pol\u00edticas p\u00fablicas funcionam melhor quando encontram respaldo cultural. N\u00e3o basta varrer as ruas e pra\u00e7as: \u00e9 importante e fundamental educar e responsabilizar. A lei existe, mas a sua aplica\u00e7\u00e3o \u00e9 irregular. E onde a regra falha, instala-se a cultura da exce\u00e7\u00e3o.<\/p>\n<p>\u00c9 claro e evidente que s\u00e3o detalhes culturais que n\u00e3o nascem da noite para o dia, espontaneamente. S\u00e3o frutos de d\u00e9cadas de firme aplica\u00e7\u00e3o da lei e de um sistema que pune com efici\u00eancia. No Brasil, frequentemente, a norma \u00e9 relativizada. A infra\u00e7\u00e3o pequena \u00e9 tolerada; a grande, muitas vezes, negociada. E assim se constr\u00f3i um ambiente de relaxamento e permissividade.<\/p>\n<p>E das observa\u00e7\u00f5es feitas aqui em Miami nesses primeiros dias, n\u00e3o h\u00e1 qualquer pretens\u00e3o de comparar com as metr\u00f3poles brasileiras, ignorando o significado das diferen\u00e7as hist\u00f3ricas, sociais ou econ\u00f4micas entre elas. A compreens\u00e3o, contudo, n\u00e3o deve servir como desculpa para a in\u00e9rcia e a acomoda\u00e7\u00e3o. Ordem urbana n\u00e3o \u00e9 privil\u00e9gio de pa\u00edses ricos. \u00c9 a escolha de modelo administrativo combinado com uma cultura de responsabilidade.<\/p>\n<p>Mais do que praias e arranha-c\u00e9us, Miami oferece uma li\u00e7\u00e3o silenciosa: cidades organizadas n\u00e3o s\u00e3o obra do acaso. S\u00e3o resultado de planejamento cont\u00ednuo, fiscaliza\u00e7\u00e3o efetiva e compromisso c\u00edvico.<\/p>\n<p>Para o Brasil, a reflex\u00e3o \u00e9 inevit\u00e1vel: enquanto continuarmos tratando as pequenas infra\u00e7\u00f5es como algo irrelevante, estaremos apenas alimentando o ciclo da desordem que tanto criticamos. Nenhuma cidade ser\u00e1 verdadeiramente limpa, segura ou funcional se a regra existir apenas no papel.<\/p>\n<p>A verdadeira transforma\u00e7\u00e3o come\u00e7a quando a sociedade decide que a lei deve ser respeitada, n\u00e3o apenas pelos outros, mas por cada um de n\u00f3s.<\/p>\n<p><strong><em><a href=\"http:\/\/portaldenoticias.net\/ffsantos\/wp-content\/uploads\/2025\/01\/Agenor-Foto-Nova.png\"><img loading=\"lazy\" decoding=\"async\" class=\"alignleft size-full wp-image-19947\" src=\"http:\/\/portaldenoticias.net\/ffsantos\/wp-content\/uploads\/2025\/01\/Agenor-Foto-Nova.png\" alt=\"\" width=\"130\" height=\"193\" \/><\/a>Autor: Adm. Agenor Santos, P\u00f3s-Gradua\u00e7\u00e3o Lato Sensu em Controle, Monitoramento e Avalia\u00e7\u00e3o no Setor P\u00fablico &#8211; <\/em><\/strong><strong><em>Aposentado do Banco do Brasil.<\/em><\/strong><\/p>\n<p><strong><em>\u00a0<\/em><\/strong><strong><em>\u00a0<\/em><\/strong><\/p>\n<p style=\"text-align: center\"><strong><em>Blog do Florisvaldo &#8211; Informa\u00e7\u00e3o Com Imparcialidade<\/em><\/strong><\/p>\n","protected":false},"excerpt":{"rendered":"<p>Um p\u00f4r do sol na praia de Miami \u00a0 \u00a0 \u00a0 \u00a0 \u00a0 \u00a0 \u00a0 \u00a0 \u00a0 \u00a0 \u00a0 \u00a0 \u00a0 \u00a0 \u00a0 \u00a0 \u00a0 \u00a0 \u00a0 \u00a0 \u00a0 \u00a0 \u00a0 \u00a0 \u00a0 \u00a0 \u00a0 \u00a0 \u00a0 \u00a0 \u00a0 \u00a0 \u00a0 \u00a0 \u00a0 \u00a0 \u00a0 \u00a0 \u00a0 \u00a0 \u00a0 \u00a0 \u00a0 \u00a0 \u00a0 \u00a0 \u00a0<\/p>\n","protected":false},"author":2,"featured_media":22098,"comment_status":"open","ping_status":"open","sticky":false,"template":"","format":"standard","meta":{"footnotes":""},"categories":[5],"tags":[],"class_list":{"0":"post-22097","1":"post","2":"type-post","3":"status-publish","4":"format-standard","5":"has-post-thumbnail","7":"category-politica"},"yoast_head":"<!-- This site is optimized with the Yoast SEO plugin v27.4 - https:\/\/yoast.com\/product\/yoast-seo-wordpress\/ -->\n<title>EDITORIAL ANO XIV N\u00daMERO 485 - MIAMI E A LI\u00c7\u00c3O DA ORDEM URBANA - Blog do Florisvaldo<\/title>\n<meta name=\"robots\" content=\"index, follow, max-snippet:-1, max-image-preview:large, max-video-preview:-1\" \/>\n<link rel=\"canonical\" href=\"https:\/\/portaldenoticias.net\/ffsantos\/editorial-ano-xiv-numero-485-miami-e-a-licao-da-ordem-urbana\/\" \/>\n<meta property=\"og:locale\" content=\"pt_BR\" \/>\n<meta property=\"og:type\" content=\"article\" \/>\n<meta property=\"og:title\" content=\"EDITORIAL ANO XIV N\u00daMERO 485 - MIAMI E A LI\u00c7\u00c3O DA ORDEM URBANA - Blog do Florisvaldo\" \/>\n<meta property=\"og:description\" content=\"Um p\u00f4r do sol na praia de Miami \u00a0 \u00a0 \u00a0 \u00a0 \u00a0 \u00a0 \u00a0 \u00a0 \u00a0 \u00a0 \u00a0 \u00a0 \u00a0 \u00a0 \u00a0 \u00a0 \u00a0 \u00a0 \u00a0 \u00a0 \u00a0 \u00a0 \u00a0 \u00a0 \u00a0 \u00a0 \u00a0 \u00a0 \u00a0 \u00a0 \u00a0 \u00a0 \u00a0 \u00a0 \u00a0 \u00a0 \u00a0 \u00a0 \u00a0 \u00a0 \u00a0 \u00a0 \u00a0 \u00a0 \u00a0 \u00a0 \u00a0\" \/>\n<meta property=\"og:url\" content=\"https:\/\/portaldenoticias.net\/ffsantos\/editorial-ano-xiv-numero-485-miami-e-a-licao-da-ordem-urbana\/\" \/>\n<meta property=\"og:site_name\" content=\"Blog do Florisvaldo\" \/>\n<meta property=\"article:published_time\" content=\"2026-03-08T10:00:12+00:00\" \/>\n<meta property=\"article:modified_time\" content=\"2026-03-08T20:54:30+00:00\" \/>\n<meta property=\"og:image\" content=\"http:\/\/portaldenoticias.net\/ffsantos\/wp-content\/uploads\/2026\/03\/Miami-Imagem1.jpg\" \/>\n\t<meta property=\"og:image:width\" content=\"796\" \/>\n\t<meta property=\"og:image:height\" content=\"1123\" \/>\n\t<meta property=\"og:image:type\" content=\"image\/jpeg\" \/>\n<meta name=\"author\" content=\"Florisvaldo\" \/>\n<meta name=\"twitter:card\" content=\"summary_large_image\" \/>\n<meta name=\"twitter:label1\" content=\"Escrito por\" \/>\n\t<meta name=\"twitter:data1\" content=\"Florisvaldo\" \/>\n\t<meta name=\"twitter:label2\" content=\"Est. tempo de leitura\" \/>\n\t<meta name=\"twitter:data2\" content=\"5 minutos\" \/>\n<script type=\"application\/ld+json\" class=\"yoast-schema-graph\">{\"@context\":\"https:\\\/\\\/schema.org\",\"@graph\":[{\"@type\":\"Article\",\"@id\":\"https:\\\/\\\/portaldenoticias.net\\\/ffsantos\\\/editorial-ano-xiv-numero-485-miami-e-a-licao-da-ordem-urbana\\\/#article\",\"isPartOf\":{\"@id\":\"https:\\\/\\\/portaldenoticias.net\\\/ffsantos\\\/editorial-ano-xiv-numero-485-miami-e-a-licao-da-ordem-urbana\\\/\"},\"author\":{\"name\":\"Florisvaldo\",\"@id\":\"https:\\\/\\\/portaldenoticias.net\\\/ffsantos\\\/#\\\/schema\\\/person\\\/709c788ecb22f2378d698c2cd46cecc3\"},\"headline\":\"EDITORIAL ANO XIV N\u00daMERO 485 &#8211; MIAMI E A LI\u00c7\u00c3O DA ORDEM URBANA\",\"datePublished\":\"2026-03-08T10:00:12+00:00\",\"dateModified\":\"2026-03-08T20:54:30+00:00\",\"mainEntityOfPage\":{\"@id\":\"https:\\\/\\\/portaldenoticias.net\\\/ffsantos\\\/editorial-ano-xiv-numero-485-miami-e-a-licao-da-ordem-urbana\\\/\"},\"wordCount\":715,\"commentCount\":2,\"image\":{\"@id\":\"https:\\\/\\\/portaldenoticias.net\\\/ffsantos\\\/editorial-ano-xiv-numero-485-miami-e-a-licao-da-ordem-urbana\\\/#primaryimage\"},\"thumbnailUrl\":\"https:\\\/\\\/portaldenoticias.net\\\/ffsantos\\\/wp-content\\\/uploads\\\/2026\\\/03\\\/Miami-Imagem1.jpg\",\"articleSection\":[\"Pol\u00edtica\"],\"inLanguage\":\"pt-BR\",\"potentialAction\":[{\"@type\":\"CommentAction\",\"name\":\"Comment\",\"target\":[\"https:\\\/\\\/portaldenoticias.net\\\/ffsantos\\\/editorial-ano-xiv-numero-485-miami-e-a-licao-da-ordem-urbana\\\/#respond\"]}]},{\"@type\":\"WebPage\",\"@id\":\"https:\\\/\\\/portaldenoticias.net\\\/ffsantos\\\/editorial-ano-xiv-numero-485-miami-e-a-licao-da-ordem-urbana\\\/\",\"url\":\"https:\\\/\\\/portaldenoticias.net\\\/ffsantos\\\/editorial-ano-xiv-numero-485-miami-e-a-licao-da-ordem-urbana\\\/\",\"name\":\"EDITORIAL ANO XIV N\u00daMERO 485 - MIAMI E A LI\u00c7\u00c3O DA ORDEM URBANA - Blog do Florisvaldo\",\"isPartOf\":{\"@id\":\"https:\\\/\\\/portaldenoticias.net\\\/ffsantos\\\/#website\"},\"primaryImageOfPage\":{\"@id\":\"https:\\\/\\\/portaldenoticias.net\\\/ffsantos\\\/editorial-ano-xiv-numero-485-miami-e-a-licao-da-ordem-urbana\\\/#primaryimage\"},\"image\":{\"@id\":\"https:\\\/\\\/portaldenoticias.net\\\/ffsantos\\\/editorial-ano-xiv-numero-485-miami-e-a-licao-da-ordem-urbana\\\/#primaryimage\"},\"thumbnailUrl\":\"https:\\\/\\\/portaldenoticias.net\\\/ffsantos\\\/wp-content\\\/uploads\\\/2026\\\/03\\\/Miami-Imagem1.jpg\",\"datePublished\":\"2026-03-08T10:00:12+00:00\",\"dateModified\":\"2026-03-08T20:54:30+00:00\",\"author\":{\"@id\":\"https:\\\/\\\/portaldenoticias.net\\\/ffsantos\\\/#\\\/schema\\\/person\\\/709c788ecb22f2378d698c2cd46cecc3\"},\"breadcrumb\":{\"@id\":\"https:\\\/\\\/portaldenoticias.net\\\/ffsantos\\\/editorial-ano-xiv-numero-485-miami-e-a-licao-da-ordem-urbana\\\/#breadcrumb\"},\"inLanguage\":\"pt-BR\",\"potentialAction\":[{\"@type\":\"ReadAction\",\"target\":[\"https:\\\/\\\/portaldenoticias.net\\\/ffsantos\\\/editorial-ano-xiv-numero-485-miami-e-a-licao-da-ordem-urbana\\\/\"]}]},{\"@type\":\"ImageObject\",\"inLanguage\":\"pt-BR\",\"@id\":\"https:\\\/\\\/portaldenoticias.net\\\/ffsantos\\\/editorial-ano-xiv-numero-485-miami-e-a-licao-da-ordem-urbana\\\/#primaryimage\",\"url\":\"https:\\\/\\\/portaldenoticias.net\\\/ffsantos\\\/wp-content\\\/uploads\\\/2026\\\/03\\\/Miami-Imagem1.jpg\",\"contentUrl\":\"https:\\\/\\\/portaldenoticias.net\\\/ffsantos\\\/wp-content\\\/uploads\\\/2026\\\/03\\\/Miami-Imagem1.jpg\",\"width\":796,\"height\":1123},{\"@type\":\"BreadcrumbList\",\"@id\":\"https:\\\/\\\/portaldenoticias.net\\\/ffsantos\\\/editorial-ano-xiv-numero-485-miami-e-a-licao-da-ordem-urbana\\\/#breadcrumb\",\"itemListElement\":[{\"@type\":\"ListItem\",\"position\":1,\"name\":\"In\u00edcio\",\"item\":\"https:\\\/\\\/portaldenoticias.net\\\/ffsantos\\\/\"},{\"@type\":\"ListItem\",\"position\":2,\"name\":\"EDITORIAL ANO XIV N\u00daMERO 485 &#8211; MIAMI E A LI\u00c7\u00c3O DA ORDEM URBANA\"}]},{\"@type\":\"WebSite\",\"@id\":\"https:\\\/\\\/portaldenoticias.net\\\/ffsantos\\\/#website\",\"url\":\"https:\\\/\\\/portaldenoticias.net\\\/ffsantos\\\/\",\"name\":\"Blog do Florisvaldo |\",\"description\":\"Informa\u00e7\u00e3o com imparcialidade\",\"potentialAction\":[{\"@type\":\"SearchAction\",\"target\":{\"@type\":\"EntryPoint\",\"urlTemplate\":\"https:\\\/\\\/portaldenoticias.net\\\/ffsantos\\\/?s={search_term_string}\"},\"query-input\":{\"@type\":\"PropertyValueSpecification\",\"valueRequired\":true,\"valueName\":\"search_term_string\"}}],\"inLanguage\":\"pt-BR\"},{\"@type\":\"Person\",\"@id\":\"https:\\\/\\\/portaldenoticias.net\\\/ffsantos\\\/#\\\/schema\\\/person\\\/709c788ecb22f2378d698c2cd46cecc3\",\"name\":\"Florisvaldo\",\"image\":{\"@type\":\"ImageObject\",\"inLanguage\":\"pt-BR\",\"@id\":\"https:\\\/\\\/secure.gravatar.com\\\/avatar\\\/23c59839b4c874bb227d4916d18ba065e405a73d0e423fa9255ba9436604e628?s=96&d=mm&r=g\",\"url\":\"https:\\\/\\\/secure.gravatar.com\\\/avatar\\\/23c59839b4c874bb227d4916d18ba065e405a73d0e423fa9255ba9436604e628?s=96&d=mm&r=g\",\"contentUrl\":\"https:\\\/\\\/secure.gravatar.com\\\/avatar\\\/23c59839b4c874bb227d4916d18ba065e405a73d0e423fa9255ba9436604e628?s=96&d=mm&r=g\",\"caption\":\"Florisvaldo\"},\"url\":\"https:\\\/\\\/portaldenoticias.net\\\/ffsantos\\\/author\\\/ffsantos\\\/\"}]}<\/script>\n<!-- \/ Yoast SEO plugin. -->","yoast_head_json":{"title":"EDITORIAL ANO XIV N\u00daMERO 485 - MIAMI E A LI\u00c7\u00c3O DA ORDEM URBANA - Blog do Florisvaldo","robots":{"index":"index","follow":"follow","max-snippet":"max-snippet:-1","max-image-preview":"max-image-preview:large","max-video-preview":"max-video-preview:-1"},"canonical":"https:\/\/portaldenoticias.net\/ffsantos\/editorial-ano-xiv-numero-485-miami-e-a-licao-da-ordem-urbana\/","og_locale":"pt_BR","og_type":"article","og_title":"EDITORIAL ANO XIV N\u00daMERO 485 - MIAMI E A LI\u00c7\u00c3O DA ORDEM URBANA - Blog do Florisvaldo","og_description":"Um p\u00f4r do sol na praia de Miami \u00a0 \u00a0 \u00a0 \u00a0 \u00a0 \u00a0 \u00a0 \u00a0 \u00a0 \u00a0 \u00a0 \u00a0 \u00a0 \u00a0 \u00a0 \u00a0 \u00a0 \u00a0 \u00a0 \u00a0 \u00a0 \u00a0 \u00a0 \u00a0 \u00a0 \u00a0 \u00a0 \u00a0 \u00a0 \u00a0 \u00a0 \u00a0 \u00a0 \u00a0 \u00a0 \u00a0 \u00a0 \u00a0 \u00a0 \u00a0 \u00a0 \u00a0 \u00a0 \u00a0 \u00a0 \u00a0 \u00a0","og_url":"https:\/\/portaldenoticias.net\/ffsantos\/editorial-ano-xiv-numero-485-miami-e-a-licao-da-ordem-urbana\/","og_site_name":"Blog do Florisvaldo","article_published_time":"2026-03-08T10:00:12+00:00","article_modified_time":"2026-03-08T20:54:30+00:00","og_image":[{"width":796,"height":1123,"url":"http:\/\/portaldenoticias.net\/ffsantos\/wp-content\/uploads\/2026\/03\/Miami-Imagem1.jpg","type":"image\/jpeg"}],"author":"Florisvaldo","twitter_card":"summary_large_image","twitter_misc":{"Escrito por":"Florisvaldo","Est. tempo de leitura":"5 minutos"},"schema":{"@context":"https:\/\/schema.org","@graph":[{"@type":"Article","@id":"https:\/\/portaldenoticias.net\/ffsantos\/editorial-ano-xiv-numero-485-miami-e-a-licao-da-ordem-urbana\/#article","isPartOf":{"@id":"https:\/\/portaldenoticias.net\/ffsantos\/editorial-ano-xiv-numero-485-miami-e-a-licao-da-ordem-urbana\/"},"author":{"name":"Florisvaldo","@id":"https:\/\/portaldenoticias.net\/ffsantos\/#\/schema\/person\/709c788ecb22f2378d698c2cd46cecc3"},"headline":"EDITORIAL ANO XIV N\u00daMERO 485 &#8211; MIAMI E A LI\u00c7\u00c3O DA ORDEM URBANA","datePublished":"2026-03-08T10:00:12+00:00","dateModified":"2026-03-08T20:54:30+00:00","mainEntityOfPage":{"@id":"https:\/\/portaldenoticias.net\/ffsantos\/editorial-ano-xiv-numero-485-miami-e-a-licao-da-ordem-urbana\/"},"wordCount":715,"commentCount":2,"image":{"@id":"https:\/\/portaldenoticias.net\/ffsantos\/editorial-ano-xiv-numero-485-miami-e-a-licao-da-ordem-urbana\/#primaryimage"},"thumbnailUrl":"https:\/\/portaldenoticias.net\/ffsantos\/wp-content\/uploads\/2026\/03\/Miami-Imagem1.jpg","articleSection":["Pol\u00edtica"],"inLanguage":"pt-BR","potentialAction":[{"@type":"CommentAction","name":"Comment","target":["https:\/\/portaldenoticias.net\/ffsantos\/editorial-ano-xiv-numero-485-miami-e-a-licao-da-ordem-urbana\/#respond"]}]},{"@type":"WebPage","@id":"https:\/\/portaldenoticias.net\/ffsantos\/editorial-ano-xiv-numero-485-miami-e-a-licao-da-ordem-urbana\/","url":"https:\/\/portaldenoticias.net\/ffsantos\/editorial-ano-xiv-numero-485-miami-e-a-licao-da-ordem-urbana\/","name":"EDITORIAL ANO XIV N\u00daMERO 485 - MIAMI E A LI\u00c7\u00c3O DA ORDEM URBANA - Blog do Florisvaldo","isPartOf":{"@id":"https:\/\/portaldenoticias.net\/ffsantos\/#website"},"primaryImageOfPage":{"@id":"https:\/\/portaldenoticias.net\/ffsantos\/editorial-ano-xiv-numero-485-miami-e-a-licao-da-ordem-urbana\/#primaryimage"},"image":{"@id":"https:\/\/portaldenoticias.net\/ffsantos\/editorial-ano-xiv-numero-485-miami-e-a-licao-da-ordem-urbana\/#primaryimage"},"thumbnailUrl":"https:\/\/portaldenoticias.net\/ffsantos\/wp-content\/uploads\/2026\/03\/Miami-Imagem1.jpg","datePublished":"2026-03-08T10:00:12+00:00","dateModified":"2026-03-08T20:54:30+00:00","author":{"@id":"https:\/\/portaldenoticias.net\/ffsantos\/#\/schema\/person\/709c788ecb22f2378d698c2cd46cecc3"},"breadcrumb":{"@id":"https:\/\/portaldenoticias.net\/ffsantos\/editorial-ano-xiv-numero-485-miami-e-a-licao-da-ordem-urbana\/#breadcrumb"},"inLanguage":"pt-BR","potentialAction":[{"@type":"ReadAction","target":["https:\/\/portaldenoticias.net\/ffsantos\/editorial-ano-xiv-numero-485-miami-e-a-licao-da-ordem-urbana\/"]}]},{"@type":"ImageObject","inLanguage":"pt-BR","@id":"https:\/\/portaldenoticias.net\/ffsantos\/editorial-ano-xiv-numero-485-miami-e-a-licao-da-ordem-urbana\/#primaryimage","url":"https:\/\/portaldenoticias.net\/ffsantos\/wp-content\/uploads\/2026\/03\/Miami-Imagem1.jpg","contentUrl":"https:\/\/portaldenoticias.net\/ffsantos\/wp-content\/uploads\/2026\/03\/Miami-Imagem1.jpg","width":796,"height":1123},{"@type":"BreadcrumbList","@id":"https:\/\/portaldenoticias.net\/ffsantos\/editorial-ano-xiv-numero-485-miami-e-a-licao-da-ordem-urbana\/#breadcrumb","itemListElement":[{"@type":"ListItem","position":1,"name":"In\u00edcio","item":"https:\/\/portaldenoticias.net\/ffsantos\/"},{"@type":"ListItem","position":2,"name":"EDITORIAL ANO XIV N\u00daMERO 485 &#8211; MIAMI E A LI\u00c7\u00c3O DA ORDEM URBANA"}]},{"@type":"WebSite","@id":"https:\/\/portaldenoticias.net\/ffsantos\/#website","url":"https:\/\/portaldenoticias.net\/ffsantos\/","name":"Blog do Florisvaldo |","description":"Informa\u00e7\u00e3o com imparcialidade","potentialAction":[{"@type":"SearchAction","target":{"@type":"EntryPoint","urlTemplate":"https:\/\/portaldenoticias.net\/ffsantos\/?s={search_term_string}"},"query-input":{"@type":"PropertyValueSpecification","valueRequired":true,"valueName":"search_term_string"}}],"inLanguage":"pt-BR"},{"@type":"Person","@id":"https:\/\/portaldenoticias.net\/ffsantos\/#\/schema\/person\/709c788ecb22f2378d698c2cd46cecc3","name":"Florisvaldo","image":{"@type":"ImageObject","inLanguage":"pt-BR","@id":"https:\/\/secure.gravatar.com\/avatar\/23c59839b4c874bb227d4916d18ba065e405a73d0e423fa9255ba9436604e628?s=96&d=mm&r=g","url":"https:\/\/secure.gravatar.com\/avatar\/23c59839b4c874bb227d4916d18ba065e405a73d0e423fa9255ba9436604e628?s=96&d=mm&r=g","contentUrl":"https:\/\/secure.gravatar.com\/avatar\/23c59839b4c874bb227d4916d18ba065e405a73d0e423fa9255ba9436604e628?s=96&d=mm&r=g","caption":"Florisvaldo"},"url":"https:\/\/portaldenoticias.net\/ffsantos\/author\/ffsantos\/"}]}},"_links":{"self":[{"href":"https:\/\/portaldenoticias.net\/ffsantos\/wp-json\/wp\/v2\/posts\/22097","targetHints":{"allow":["GET"]}}],"collection":[{"href":"https:\/\/portaldenoticias.net\/ffsantos\/wp-json\/wp\/v2\/posts"}],"about":[{"href":"https:\/\/portaldenoticias.net\/ffsantos\/wp-json\/wp\/v2\/types\/post"}],"author":[{"embeddable":true,"href":"https:\/\/portaldenoticias.net\/ffsantos\/wp-json\/wp\/v2\/users\/2"}],"replies":[{"embeddable":true,"href":"https:\/\/portaldenoticias.net\/ffsantos\/wp-json\/wp\/v2\/comments?post=22097"}],"version-history":[{"count":1,"href":"https:\/\/portaldenoticias.net\/ffsantos\/wp-json\/wp\/v2\/posts\/22097\/revisions"}],"predecessor-version":[{"id":22099,"href":"https:\/\/portaldenoticias.net\/ffsantos\/wp-json\/wp\/v2\/posts\/22097\/revisions\/22099"}],"wp:featuredmedia":[{"embeddable":true,"href":"https:\/\/portaldenoticias.net\/ffsantos\/wp-json\/wp\/v2\/media\/22098"}],"wp:attachment":[{"href":"https:\/\/portaldenoticias.net\/ffsantos\/wp-json\/wp\/v2\/media?parent=22097"}],"wp:term":[{"taxonomy":"category","embeddable":true,"href":"https:\/\/portaldenoticias.net\/ffsantos\/wp-json\/wp\/v2\/categories?post=22097"},{"taxonomy":"post_tag","embeddable":true,"href":"https:\/\/portaldenoticias.net\/ffsantos\/wp-json\/wp\/v2\/tags?post=22097"}],"curies":[{"name":"wp","href":"https:\/\/api.w.org\/{rel}","templated":true}]}}