{"id":22081,"date":"2026-02-28T23:55:41","date_gmt":"2026-03-01T02:55:41","guid":{"rendered":"https:\/\/portaldenoticias.net\/ffsantos\/?p=22081"},"modified":"2026-03-01T09:32:41","modified_gmt":"2026-03-01T12:32:41","slug":"o-mais-duro-ataque-americano-e-israelense-ao-ira-o-assunto-1669","status":"publish","type":"post","link":"https:\/\/portaldenoticias.net\/ffsantos\/o-mais-duro-ataque-americano-e-israelense-ao-ira-o-assunto-1669\/","title":{"rendered":"O MAIS DURO ATAQUE AMERICANO E ISRAELENSE AO IR\u00c3 &#8211; O ASSUNTO #1669"},"content":{"rendered":"<figure id=\"attachment_22082\" aria-describedby=\"caption-attachment-22082\" style=\"width: 984px\" class=\"wp-caption aligncenter\"><a href=\"http:\/\/portaldenoticias.net\/ffsantos\/wp-content\/uploads\/2026\/03\/Ira.png\"><img loading=\"lazy\" decoding=\"async\" class=\"size-full wp-image-22082\" src=\"http:\/\/portaldenoticias.net\/ffsantos\/wp-content\/uploads\/2026\/03\/Ira.png\" alt=\"\" width=\"984\" height=\"670\" srcset=\"https:\/\/portaldenoticias.net\/ffsantos\/wp-content\/uploads\/2026\/03\/Ira.png 984w, https:\/\/portaldenoticias.net\/ffsantos\/wp-content\/uploads\/2026\/03\/Ira-300x204.png 300w, https:\/\/portaldenoticias.net\/ffsantos\/wp-content\/uploads\/2026\/03\/Ira-768x523.png 768w, https:\/\/portaldenoticias.net\/ffsantos\/wp-content\/uploads\/2026\/03\/Ira-150x102.png 150w, https:\/\/portaldenoticias.net\/ffsantos\/wp-content\/uploads\/2026\/03\/Ira-450x306.png 450w\" sizes=\"auto, (max-width: 984px) 100vw, 984px\" \/><\/a><figcaption id=\"caption-attachment-22082\" class=\"wp-caption-text\">Ataques dos EUA e Israel em Teer\u00e3, capital do Ir\u00e3 &#8211; Na manh\u00e3 deste s\u00e1bado (28), os iranianos foram surpreendidos com bombardeios na capital Teer\u00e3 e em diversas cidades do pa\u00eds. O l\u00edder supremo do Ir\u00e3, Ali Khamenei, foi morto na a\u00e7\u00e3o. &#8211; Foto: Majid Asgaripour\/WANA\/Reuters<\/figcaption><\/figure>\n<p>Na manh\u00e3 deste s\u00e1bado (28), os iranianos foram surpreendidos com bombardeios na capital Teer\u00e3 e em diversas cidades do pa\u00eds \u2013 pelo menos 200 pessoas morreram, de acordo com informa\u00e7\u00f5es da rede humanit\u00e1ria Crescente Vermelho, que atua em na\u00e7\u00f5es mu\u00e7ulmanas. O l\u00edder supremo do Ir\u00e3, Ali Khamenei, foi morto na a\u00e7\u00e3o.<\/p>\n<p>Trata-se da opera\u00e7\u00e3o \u201cF\u00faria \u00c9pica\u201d, um ataque de grandes propor\u00e7\u00f5es promovido pelos Estados Unidos e Israel contra o regime dos aiatol\u00e1s. Imediatamente, as for\u00e7as militares do Ir\u00e3 reagiram. M\u00edsseis e drones foram lan\u00e7ados ao territ\u00f3rio israelense e houve tamb\u00e9m ataques a pa\u00edses que mant\u00eam bases americanas, caso de Catar, Bahrein, Kuwait, Iraque, Jord\u00e2nia e Emirados \u00c1rabes.<\/p>\n<p>Imediatamente, as for\u00e7as militares do Ir\u00e3 reagiram. M\u00edsseis e drones foram lan\u00e7ados ao territ\u00f3rio israelense e houve tamb\u00e9m ataques a pa\u00edses que mant\u00eam bases americanas, caso de Catar, Bahrein, Kuwait, Iraque, Jord\u00e2nia e Emirados \u00c1rabes.<\/p>\n<p>Os ataques ocorreram mesmo com negocia\u00e7\u00f5es em curso entre Estados Unidos e Ir\u00e3 para que o regime interrompesse seu programa nuclear. Donald Trump defendeu a ofensiva dizendo que os iranianos nunca quiseram um acordo de verdade. E, num v\u00eddeo publicado nas redes sociais, instou a popula\u00e7\u00e3o a derrubar o regime para tomar o poder.<\/p>\n<p>Neste epis\u00f3dio especial, Natuza Nery entrevista Tanguy Baghdadi, professor de pol\u00edtica internacional e criador do podcast Petit Journal, para explicar o tamanho da crise no Oriente M\u00e9dio e o risco de uma guerra generalizada na regi\u00e3o. Tanguy tamb\u00e9m analisa por que o governo americano decidiu atacar agora e avalia o que pode acontecer com o regime dos aiatol\u00e1s a partir dos acontecimentos deste s\u00e1bado.<\/p>\n<p>O Assunto \u00e9 o podcast di\u00e1rio produzido pelo g1, dispon\u00edvel em todas as plataformas de \u00e1udio e no YouTube. Desde a estreia, em agosto de 2019, o podcast O Assunto soma mais de 168 milh\u00f5es de downloads em todas as plataformas de \u00e1udio. No YouTube, o podcast di\u00e1rio do g1 soma mais de 14,2 milh\u00f5es de visualiza\u00e7\u00f5es.<\/p>\n<p><strong><em>Fonte:<\/em><\/strong> <a href=\"https:\/\/g1.globo.com\">https:\/\/g1.globo.com<\/a> &#8211; Por Natuza Nery &#8211; S\u00e3o Paulo<\/p>\n<p><strong><em>\u00a0<\/em><\/strong><\/p>\n<p style=\"text-align: center\"><strong><em>Blog do Florisvaldo &#8211; \u00a0Informa\u00e7\u00e3o Com Imparcialidade<\/em><\/strong><\/p>\n","protected":false},"excerpt":{"rendered":"<p>Na manh\u00e3 deste s\u00e1bado (28), os iranianos foram surpreendidos com bombardeios na capital Teer\u00e3 e em diversas cidades do pa\u00eds \u2013 pelo menos 200 pessoas morreram, de acordo com informa\u00e7\u00f5es da rede humanit\u00e1ria Crescente Vermelho, que atua em na\u00e7\u00f5es mu\u00e7ulmanas. O l\u00edder supremo do Ir\u00e3, Ali Khamenei, foi morto na a\u00e7\u00e3o. Trata-se da opera\u00e7\u00e3o \u201cF\u00faria<\/p>\n","protected":false},"author":2,"featured_media":22082,"comment_status":"open","ping_status":"open","sticky":false,"template":"","format":"standard","meta":{"footnotes":""},"categories":[8],"tags":[],"class_list":{"0":"post-22081","1":"post","2":"type-post","3":"status-publish","4":"format-standard","5":"has-post-thumbnail","7":"category-mundo"},"yoast_head":"<!-- This site is optimized with the Yoast SEO plugin v27.4 - https:\/\/yoast.com\/product\/yoast-seo-wordpress\/ -->\n<title>O MAIS DURO ATAQUE AMERICANO E ISRAELENSE AO IR\u00c3 - O ASSUNTO #1669 - Blog do Florisvaldo<\/title>\n<meta name=\"robots\" content=\"index, follow, max-snippet:-1, max-image-preview:large, max-video-preview:-1\" \/>\n<link rel=\"canonical\" href=\"https:\/\/portaldenoticias.net\/ffsantos\/o-mais-duro-ataque-americano-e-israelense-ao-ira-o-assunto-1669\/\" \/>\n<meta property=\"og:locale\" content=\"pt_BR\" \/>\n<meta property=\"og:type\" content=\"article\" \/>\n<meta property=\"og:title\" content=\"O MAIS DURO ATAQUE AMERICANO E ISRAELENSE AO IR\u00c3 - O ASSUNTO #1669 - Blog do Florisvaldo\" \/>\n<meta property=\"og:description\" content=\"Na manh\u00e3 deste s\u00e1bado (28), os iranianos foram surpreendidos com bombardeios na capital Teer\u00e3 e em diversas cidades do pa\u00eds \u2013 pelo menos 200 pessoas morreram, de acordo com informa\u00e7\u00f5es da rede humanit\u00e1ria Crescente Vermelho, que atua em na\u00e7\u00f5es mu\u00e7ulmanas. O l\u00edder supremo do Ir\u00e3, Ali Khamenei, foi morto na a\u00e7\u00e3o. Trata-se da opera\u00e7\u00e3o \u201cF\u00faria\" \/>\n<meta property=\"og:url\" content=\"https:\/\/portaldenoticias.net\/ffsantos\/o-mais-duro-ataque-americano-e-israelense-ao-ira-o-assunto-1669\/\" \/>\n<meta property=\"og:site_name\" content=\"Blog do Florisvaldo\" \/>\n<meta property=\"article:published_time\" content=\"2026-03-01T02:55:41+00:00\" \/>\n<meta property=\"article:modified_time\" content=\"2026-03-01T12:32:41+00:00\" \/>\n<meta property=\"og:image\" content=\"http:\/\/portaldenoticias.net\/ffsantos\/wp-content\/uploads\/2026\/03\/Ira.png\" \/>\n\t<meta property=\"og:image:width\" content=\"984\" \/>\n\t<meta property=\"og:image:height\" content=\"670\" \/>\n\t<meta property=\"og:image:type\" content=\"image\/png\" \/>\n<meta name=\"author\" content=\"Florisvaldo\" \/>\n<meta name=\"twitter:card\" content=\"summary_large_image\" \/>\n<meta name=\"twitter:label1\" content=\"Escrito por\" \/>\n\t<meta name=\"twitter:data1\" content=\"Florisvaldo\" \/>\n\t<meta name=\"twitter:label2\" content=\"Est. tempo de leitura\" \/>\n\t<meta name=\"twitter:data2\" content=\"3 minutos\" \/>\n<script type=\"application\/ld+json\" class=\"yoast-schema-graph\">{\"@context\":\"https:\\\/\\\/schema.org\",\"@graph\":[{\"@type\":\"Article\",\"@id\":\"https:\\\/\\\/portaldenoticias.net\\\/ffsantos\\\/o-mais-duro-ataque-americano-e-israelense-ao-ira-o-assunto-1669\\\/#article\",\"isPartOf\":{\"@id\":\"https:\\\/\\\/portaldenoticias.net\\\/ffsantos\\\/o-mais-duro-ataque-americano-e-israelense-ao-ira-o-assunto-1669\\\/\"},\"author\":{\"name\":\"Florisvaldo\",\"@id\":\"https:\\\/\\\/portaldenoticias.net\\\/ffsantos\\\/#\\\/schema\\\/person\\\/709c788ecb22f2378d698c2cd46cecc3\"},\"headline\":\"O MAIS DURO ATAQUE AMERICANO E ISRAELENSE AO IR\u00c3 &#8211; O ASSUNTO #1669\",\"datePublished\":\"2026-03-01T02:55:41+00:00\",\"dateModified\":\"2026-03-01T12:32:41+00:00\",\"mainEntityOfPage\":{\"@id\":\"https:\\\/\\\/portaldenoticias.net\\\/ffsantos\\\/o-mais-duro-ataque-americano-e-israelense-ao-ira-o-assunto-1669\\\/\"},\"wordCount\":445,\"commentCount\":1,\"image\":{\"@id\":\"https:\\\/\\\/portaldenoticias.net\\\/ffsantos\\\/o-mais-duro-ataque-americano-e-israelense-ao-ira-o-assunto-1669\\\/#primaryimage\"},\"thumbnailUrl\":\"https:\\\/\\\/portaldenoticias.net\\\/ffsantos\\\/wp-content\\\/uploads\\\/2026\\\/03\\\/Ira.png\",\"articleSection\":[\"Mundo\"],\"inLanguage\":\"pt-BR\",\"potentialAction\":[{\"@type\":\"CommentAction\",\"name\":\"Comment\",\"target\":[\"https:\\\/\\\/portaldenoticias.net\\\/ffsantos\\\/o-mais-duro-ataque-americano-e-israelense-ao-ira-o-assunto-1669\\\/#respond\"]}]},{\"@type\":\"WebPage\",\"@id\":\"https:\\\/\\\/portaldenoticias.net\\\/ffsantos\\\/o-mais-duro-ataque-americano-e-israelense-ao-ira-o-assunto-1669\\\/\",\"url\":\"https:\\\/\\\/portaldenoticias.net\\\/ffsantos\\\/o-mais-duro-ataque-americano-e-israelense-ao-ira-o-assunto-1669\\\/\",\"name\":\"O MAIS DURO ATAQUE AMERICANO E ISRAELENSE AO IR\u00c3 - O ASSUNTO #1669 - Blog do Florisvaldo\",\"isPartOf\":{\"@id\":\"https:\\\/\\\/portaldenoticias.net\\\/ffsantos\\\/#website\"},\"primaryImageOfPage\":{\"@id\":\"https:\\\/\\\/portaldenoticias.net\\\/ffsantos\\\/o-mais-duro-ataque-americano-e-israelense-ao-ira-o-assunto-1669\\\/#primaryimage\"},\"image\":{\"@id\":\"https:\\\/\\\/portaldenoticias.net\\\/ffsantos\\\/o-mais-duro-ataque-americano-e-israelense-ao-ira-o-assunto-1669\\\/#primaryimage\"},\"thumbnailUrl\":\"https:\\\/\\\/portaldenoticias.net\\\/ffsantos\\\/wp-content\\\/uploads\\\/2026\\\/03\\\/Ira.png\",\"datePublished\":\"2026-03-01T02:55:41+00:00\",\"dateModified\":\"2026-03-01T12:32:41+00:00\",\"author\":{\"@id\":\"https:\\\/\\\/portaldenoticias.net\\\/ffsantos\\\/#\\\/schema\\\/person\\\/709c788ecb22f2378d698c2cd46cecc3\"},\"breadcrumb\":{\"@id\":\"https:\\\/\\\/portaldenoticias.net\\\/ffsantos\\\/o-mais-duro-ataque-americano-e-israelense-ao-ira-o-assunto-1669\\\/#breadcrumb\"},\"inLanguage\":\"pt-BR\",\"potentialAction\":[{\"@type\":\"ReadAction\",\"target\":[\"https:\\\/\\\/portaldenoticias.net\\\/ffsantos\\\/o-mais-duro-ataque-americano-e-israelense-ao-ira-o-assunto-1669\\\/\"]}]},{\"@type\":\"ImageObject\",\"inLanguage\":\"pt-BR\",\"@id\":\"https:\\\/\\\/portaldenoticias.net\\\/ffsantos\\\/o-mais-duro-ataque-americano-e-israelense-ao-ira-o-assunto-1669\\\/#primaryimage\",\"url\":\"https:\\\/\\\/portaldenoticias.net\\\/ffsantos\\\/wp-content\\\/uploads\\\/2026\\\/03\\\/Ira.png\",\"contentUrl\":\"https:\\\/\\\/portaldenoticias.net\\\/ffsantos\\\/wp-content\\\/uploads\\\/2026\\\/03\\\/Ira.png\",\"width\":984,\"height\":670,\"caption\":\"Ataques dos EUA e Israel em Teer\u00e3, capital do Ir\u00e3 - Na manh\u00e3 deste s\u00e1bado (28), os iranianos foram surpreendidos com bombardeios na capital Teer\u00e3 e em diversas cidades do pa\u00eds. O l\u00edder supremo do Ir\u00e3, Ali Khamenei, foi morto na a\u00e7\u00e3o. - Foto: Majid Asgaripour\\\/WANA\\\/Reuters\"},{\"@type\":\"BreadcrumbList\",\"@id\":\"https:\\\/\\\/portaldenoticias.net\\\/ffsantos\\\/o-mais-duro-ataque-americano-e-israelense-ao-ira-o-assunto-1669\\\/#breadcrumb\",\"itemListElement\":[{\"@type\":\"ListItem\",\"position\":1,\"name\":\"In\u00edcio\",\"item\":\"https:\\\/\\\/portaldenoticias.net\\\/ffsantos\\\/\"},{\"@type\":\"ListItem\",\"position\":2,\"name\":\"O MAIS DURO ATAQUE AMERICANO E ISRAELENSE AO IR\u00c3 &#8211; O ASSUNTO #1669\"}]},{\"@type\":\"WebSite\",\"@id\":\"https:\\\/\\\/portaldenoticias.net\\\/ffsantos\\\/#website\",\"url\":\"https:\\\/\\\/portaldenoticias.net\\\/ffsantos\\\/\",\"name\":\"Blog do Florisvaldo |\",\"description\":\"Informa\u00e7\u00e3o com imparcialidade\",\"potentialAction\":[{\"@type\":\"SearchAction\",\"target\":{\"@type\":\"EntryPoint\",\"urlTemplate\":\"https:\\\/\\\/portaldenoticias.net\\\/ffsantos\\\/?s={search_term_string}\"},\"query-input\":{\"@type\":\"PropertyValueSpecification\",\"valueRequired\":true,\"valueName\":\"search_term_string\"}}],\"inLanguage\":\"pt-BR\"},{\"@type\":\"Person\",\"@id\":\"https:\\\/\\\/portaldenoticias.net\\\/ffsantos\\\/#\\\/schema\\\/person\\\/709c788ecb22f2378d698c2cd46cecc3\",\"name\":\"Florisvaldo\",\"image\":{\"@type\":\"ImageObject\",\"inLanguage\":\"pt-BR\",\"@id\":\"https:\\\/\\\/secure.gravatar.com\\\/avatar\\\/23c59839b4c874bb227d4916d18ba065e405a73d0e423fa9255ba9436604e628?s=96&d=mm&r=g\",\"url\":\"https:\\\/\\\/secure.gravatar.com\\\/avatar\\\/23c59839b4c874bb227d4916d18ba065e405a73d0e423fa9255ba9436604e628?s=96&d=mm&r=g\",\"contentUrl\":\"https:\\\/\\\/secure.gravatar.com\\\/avatar\\\/23c59839b4c874bb227d4916d18ba065e405a73d0e423fa9255ba9436604e628?s=96&d=mm&r=g\",\"caption\":\"Florisvaldo\"},\"url\":\"https:\\\/\\\/portaldenoticias.net\\\/ffsantos\\\/author\\\/ffsantos\\\/\"}]}<\/script>\n<!-- \/ Yoast SEO plugin. -->","yoast_head_json":{"title":"O MAIS DURO ATAQUE AMERICANO E ISRAELENSE AO IR\u00c3 - O ASSUNTO #1669 - Blog do Florisvaldo","robots":{"index":"index","follow":"follow","max-snippet":"max-snippet:-1","max-image-preview":"max-image-preview:large","max-video-preview":"max-video-preview:-1"},"canonical":"https:\/\/portaldenoticias.net\/ffsantos\/o-mais-duro-ataque-americano-e-israelense-ao-ira-o-assunto-1669\/","og_locale":"pt_BR","og_type":"article","og_title":"O MAIS DURO ATAQUE AMERICANO E ISRAELENSE AO IR\u00c3 - O ASSUNTO #1669 - Blog do Florisvaldo","og_description":"Na manh\u00e3 deste s\u00e1bado (28), os iranianos foram surpreendidos com bombardeios na capital Teer\u00e3 e em diversas cidades do pa\u00eds \u2013 pelo menos 200 pessoas morreram, de acordo com informa\u00e7\u00f5es da rede humanit\u00e1ria Crescente Vermelho, que atua em na\u00e7\u00f5es mu\u00e7ulmanas. O l\u00edder supremo do Ir\u00e3, Ali Khamenei, foi morto na a\u00e7\u00e3o. Trata-se da opera\u00e7\u00e3o \u201cF\u00faria","og_url":"https:\/\/portaldenoticias.net\/ffsantos\/o-mais-duro-ataque-americano-e-israelense-ao-ira-o-assunto-1669\/","og_site_name":"Blog do Florisvaldo","article_published_time":"2026-03-01T02:55:41+00:00","article_modified_time":"2026-03-01T12:32:41+00:00","og_image":[{"width":984,"height":670,"url":"http:\/\/portaldenoticias.net\/ffsantos\/wp-content\/uploads\/2026\/03\/Ira.png","type":"image\/png"}],"author":"Florisvaldo","twitter_card":"summary_large_image","twitter_misc":{"Escrito por":"Florisvaldo","Est. tempo de leitura":"3 minutos"},"schema":{"@context":"https:\/\/schema.org","@graph":[{"@type":"Article","@id":"https:\/\/portaldenoticias.net\/ffsantos\/o-mais-duro-ataque-americano-e-israelense-ao-ira-o-assunto-1669\/#article","isPartOf":{"@id":"https:\/\/portaldenoticias.net\/ffsantos\/o-mais-duro-ataque-americano-e-israelense-ao-ira-o-assunto-1669\/"},"author":{"name":"Florisvaldo","@id":"https:\/\/portaldenoticias.net\/ffsantos\/#\/schema\/person\/709c788ecb22f2378d698c2cd46cecc3"},"headline":"O MAIS DURO ATAQUE AMERICANO E ISRAELENSE AO IR\u00c3 &#8211; O ASSUNTO #1669","datePublished":"2026-03-01T02:55:41+00:00","dateModified":"2026-03-01T12:32:41+00:00","mainEntityOfPage":{"@id":"https:\/\/portaldenoticias.net\/ffsantos\/o-mais-duro-ataque-americano-e-israelense-ao-ira-o-assunto-1669\/"},"wordCount":445,"commentCount":1,"image":{"@id":"https:\/\/portaldenoticias.net\/ffsantos\/o-mais-duro-ataque-americano-e-israelense-ao-ira-o-assunto-1669\/#primaryimage"},"thumbnailUrl":"https:\/\/portaldenoticias.net\/ffsantos\/wp-content\/uploads\/2026\/03\/Ira.png","articleSection":["Mundo"],"inLanguage":"pt-BR","potentialAction":[{"@type":"CommentAction","name":"Comment","target":["https:\/\/portaldenoticias.net\/ffsantos\/o-mais-duro-ataque-americano-e-israelense-ao-ira-o-assunto-1669\/#respond"]}]},{"@type":"WebPage","@id":"https:\/\/portaldenoticias.net\/ffsantos\/o-mais-duro-ataque-americano-e-israelense-ao-ira-o-assunto-1669\/","url":"https:\/\/portaldenoticias.net\/ffsantos\/o-mais-duro-ataque-americano-e-israelense-ao-ira-o-assunto-1669\/","name":"O MAIS DURO ATAQUE AMERICANO E ISRAELENSE AO IR\u00c3 - O ASSUNTO #1669 - Blog do Florisvaldo","isPartOf":{"@id":"https:\/\/portaldenoticias.net\/ffsantos\/#website"},"primaryImageOfPage":{"@id":"https:\/\/portaldenoticias.net\/ffsantos\/o-mais-duro-ataque-americano-e-israelense-ao-ira-o-assunto-1669\/#primaryimage"},"image":{"@id":"https:\/\/portaldenoticias.net\/ffsantos\/o-mais-duro-ataque-americano-e-israelense-ao-ira-o-assunto-1669\/#primaryimage"},"thumbnailUrl":"https:\/\/portaldenoticias.net\/ffsantos\/wp-content\/uploads\/2026\/03\/Ira.png","datePublished":"2026-03-01T02:55:41+00:00","dateModified":"2026-03-01T12:32:41+00:00","author":{"@id":"https:\/\/portaldenoticias.net\/ffsantos\/#\/schema\/person\/709c788ecb22f2378d698c2cd46cecc3"},"breadcrumb":{"@id":"https:\/\/portaldenoticias.net\/ffsantos\/o-mais-duro-ataque-americano-e-israelense-ao-ira-o-assunto-1669\/#breadcrumb"},"inLanguage":"pt-BR","potentialAction":[{"@type":"ReadAction","target":["https:\/\/portaldenoticias.net\/ffsantos\/o-mais-duro-ataque-americano-e-israelense-ao-ira-o-assunto-1669\/"]}]},{"@type":"ImageObject","inLanguage":"pt-BR","@id":"https:\/\/portaldenoticias.net\/ffsantos\/o-mais-duro-ataque-americano-e-israelense-ao-ira-o-assunto-1669\/#primaryimage","url":"https:\/\/portaldenoticias.net\/ffsantos\/wp-content\/uploads\/2026\/03\/Ira.png","contentUrl":"https:\/\/portaldenoticias.net\/ffsantos\/wp-content\/uploads\/2026\/03\/Ira.png","width":984,"height":670,"caption":"Ataques dos EUA e Israel em Teer\u00e3, capital do Ir\u00e3 - Na manh\u00e3 deste s\u00e1bado (28), os iranianos foram surpreendidos com bombardeios na capital Teer\u00e3 e em diversas cidades do pa\u00eds. O l\u00edder supremo do Ir\u00e3, Ali Khamenei, foi morto na a\u00e7\u00e3o. - Foto: Majid Asgaripour\/WANA\/Reuters"},{"@type":"BreadcrumbList","@id":"https:\/\/portaldenoticias.net\/ffsantos\/o-mais-duro-ataque-americano-e-israelense-ao-ira-o-assunto-1669\/#breadcrumb","itemListElement":[{"@type":"ListItem","position":1,"name":"In\u00edcio","item":"https:\/\/portaldenoticias.net\/ffsantos\/"},{"@type":"ListItem","position":2,"name":"O MAIS DURO ATAQUE AMERICANO E ISRAELENSE AO IR\u00c3 &#8211; O ASSUNTO #1669"}]},{"@type":"WebSite","@id":"https:\/\/portaldenoticias.net\/ffsantos\/#website","url":"https:\/\/portaldenoticias.net\/ffsantos\/","name":"Blog do Florisvaldo |","description":"Informa\u00e7\u00e3o com imparcialidade","potentialAction":[{"@type":"SearchAction","target":{"@type":"EntryPoint","urlTemplate":"https:\/\/portaldenoticias.net\/ffsantos\/?s={search_term_string}"},"query-input":{"@type":"PropertyValueSpecification","valueRequired":true,"valueName":"search_term_string"}}],"inLanguage":"pt-BR"},{"@type":"Person","@id":"https:\/\/portaldenoticias.net\/ffsantos\/#\/schema\/person\/709c788ecb22f2378d698c2cd46cecc3","name":"Florisvaldo","image":{"@type":"ImageObject","inLanguage":"pt-BR","@id":"https:\/\/secure.gravatar.com\/avatar\/23c59839b4c874bb227d4916d18ba065e405a73d0e423fa9255ba9436604e628?s=96&d=mm&r=g","url":"https:\/\/secure.gravatar.com\/avatar\/23c59839b4c874bb227d4916d18ba065e405a73d0e423fa9255ba9436604e628?s=96&d=mm&r=g","contentUrl":"https:\/\/secure.gravatar.com\/avatar\/23c59839b4c874bb227d4916d18ba065e405a73d0e423fa9255ba9436604e628?s=96&d=mm&r=g","caption":"Florisvaldo"},"url":"https:\/\/portaldenoticias.net\/ffsantos\/author\/ffsantos\/"}]}},"_links":{"self":[{"href":"https:\/\/portaldenoticias.net\/ffsantos\/wp-json\/wp\/v2\/posts\/22081","targetHints":{"allow":["GET"]}}],"collection":[{"href":"https:\/\/portaldenoticias.net\/ffsantos\/wp-json\/wp\/v2\/posts"}],"about":[{"href":"https:\/\/portaldenoticias.net\/ffsantos\/wp-json\/wp\/v2\/types\/post"}],"author":[{"embeddable":true,"href":"https:\/\/portaldenoticias.net\/ffsantos\/wp-json\/wp\/v2\/users\/2"}],"replies":[{"embeddable":true,"href":"https:\/\/portaldenoticias.net\/ffsantos\/wp-json\/wp\/v2\/comments?post=22081"}],"version-history":[{"count":1,"href":"https:\/\/portaldenoticias.net\/ffsantos\/wp-json\/wp\/v2\/posts\/22081\/revisions"}],"predecessor-version":[{"id":22083,"href":"https:\/\/portaldenoticias.net\/ffsantos\/wp-json\/wp\/v2\/posts\/22081\/revisions\/22083"}],"wp:featuredmedia":[{"embeddable":true,"href":"https:\/\/portaldenoticias.net\/ffsantos\/wp-json\/wp\/v2\/media\/22082"}],"wp:attachment":[{"href":"https:\/\/portaldenoticias.net\/ffsantos\/wp-json\/wp\/v2\/media?parent=22081"}],"wp:term":[{"taxonomy":"category","embeddable":true,"href":"https:\/\/portaldenoticias.net\/ffsantos\/wp-json\/wp\/v2\/categories?post=22081"},{"taxonomy":"post_tag","embeddable":true,"href":"https:\/\/portaldenoticias.net\/ffsantos\/wp-json\/wp\/v2\/tags?post=22081"}],"curies":[{"name":"wp","href":"https:\/\/api.w.org\/{rel}","templated":true}]}}