{"id":21947,"date":"2026-01-23T16:28:20","date_gmt":"2026-01-23T19:28:20","guid":{"rendered":"https:\/\/portaldenoticias.net\/ffsantos\/?p=21947"},"modified":"2026-01-23T16:28:39","modified_gmt":"2026-01-23T19:28:39","slug":"quando-a-palavra-do-corretor-e-decisiva-na-indenizacao-do-seguro","status":"publish","type":"post","link":"https:\/\/portaldenoticias.net\/ffsantos\/quando-a-palavra-do-corretor-e-decisiva-na-indenizacao-do-seguro\/","title":{"rendered":"QUANDO A PALAVRA DO CORRETOR \u00c9 DECISIVA NA INDENIZA\u00c7\u00c3O DO SEGURO"},"content":{"rendered":"<figure id=\"attachment_21948\" aria-describedby=\"caption-attachment-21948\" style=\"width: 900px\" class=\"wp-caption aligncenter\"><a href=\"http:\/\/portaldenoticias.net\/ffsantos\/wp-content\/uploads\/2026\/01\/Dorival-1ee4d22bbef3691e756242d4c6eb70c4_M.jpg\"><img loading=\"lazy\" decoding=\"async\" class=\"size-full wp-image-21948\" src=\"http:\/\/portaldenoticias.net\/ffsantos\/wp-content\/uploads\/2026\/01\/Dorival-1ee4d22bbef3691e756242d4c6eb70c4_M.jpg\" alt=\"\" width=\"900\" height=\"508\" srcset=\"https:\/\/portaldenoticias.net\/ffsantos\/wp-content\/uploads\/2026\/01\/Dorival-1ee4d22bbef3691e756242d4c6eb70c4_M.jpg 900w, https:\/\/portaldenoticias.net\/ffsantos\/wp-content\/uploads\/2026\/01\/Dorival-1ee4d22bbef3691e756242d4c6eb70c4_M-300x169.jpg 300w, https:\/\/portaldenoticias.net\/ffsantos\/wp-content\/uploads\/2026\/01\/Dorival-1ee4d22bbef3691e756242d4c6eb70c4_M-768x433.jpg 768w, https:\/\/portaldenoticias.net\/ffsantos\/wp-content\/uploads\/2026\/01\/Dorival-1ee4d22bbef3691e756242d4c6eb70c4_M-150x85.jpg 150w, https:\/\/portaldenoticias.net\/ffsantos\/wp-content\/uploads\/2026\/01\/Dorival-1ee4d22bbef3691e756242d4c6eb70c4_M-450x254.jpg 450w\" sizes=\"auto, (max-width: 900px) 100vw, 900px\" \/><\/a><figcaption id=\"caption-attachment-21948\" class=\"wp-caption-text\">Dorival Alves de Sousa, advogado, corretor de seguros, diretor do Sindicato dos Corretores de Seguros no Distrito Federal (Sincor-DF) e delegado representante da Federa\u00e7\u00e3o Nacional dos Corretores de Seguros (Fenacor) junto a CNC.<\/figcaption><\/figure>\n<p>Em uma decis\u00e3o que refor\u00e7a a prote\u00e7\u00e3o dos direitos dos consumidores, o Tribunal de Justi\u00e7a do Estado do Tocantins (TJTO) condenou uma seguradora ao pagamento de R$16.350,00 (dezesseis mil trezentos e cinquenta reais) a uma segurada, ap\u00f3s a negativa indevida de cobertura em um sinistro envolvendo seu ve\u00edculo. A decis\u00e3o foi proferida em raz\u00e3o da m\u00e1-f\u00e9 n\u00e3o comprovada da segurada durante a contrata\u00e7\u00e3o do seguro.<\/p>\n<p>O caso come\u00e7ou quando a segurada, que havia informado \u00e0 seguradora que era a condutora principal do ve\u00edculo, teve seu pedido de indeniza\u00e7\u00e3o negado sob a alega\u00e7\u00e3o de que sua filha, menor de 25 anos, era a verdadeira condutora na ocasi\u00e3o do acidente. A seguradora argumentou que a segurada n\u00e3o havia prestado informa\u00e7\u00f5es corretas durante a contrata\u00e7\u00e3o, o que teria agravado o risco e, por consequ\u00eancia, justificado a recusa ao pagamento.<\/p>\n<p>No entanto, o Desembargador Adolfo Amaro Mendes, relator do processo, destacou que a segurada agiu de boa-f\u00e9 ao incluir suas filhas como condutoras eventuais do ve\u00edculo na ap\u00f3lice. A pr\u00f3pria corretora de seguros enviou um e-mail \u00e0 seguradora confirmando que a principal condutora do ve\u00edculo sempre foi segurada, e que a ap\u00f3lice contemplava cobertura para pessoas entre 18 e 25 anos dirigindo o ve\u00edculo. Al\u00e9m disso, foi mencionado que na resid\u00eancia da segurada havia dois ve\u00edculos para uso, o que torna a recusa do pagamento da indeniza\u00e7\u00e3o infundada.<\/p>\n<p>Pelo teor da comunica\u00e7\u00e3o, ficou claro que a informa\u00e7\u00e3o fornecida \u00e0 segurada era de que a ap\u00f3lice estava corretamente preenchida pelo corretor de seguros, criando assim uma leg\u00edtima expectativa de que o caso seria coberto. Embora a seguradora tenha realizado uma sindic\u00e2ncia interna que apontou a filha da segurada como condutora principal, deve-se observar que a informa\u00e7\u00e3o da corretora corroborava que a segurada era, de fato, a condutora principal.<\/p>\n<p>Diante disso, considerando a rela\u00e7\u00e3o de confian\u00e7a entre segurado e corretor de seguros, e a inexist\u00eancia de m\u00e1-f\u00e9 por parte da segurada, o relator entendeu que o recurso deveria ser provido e a seguradora condenada a efetuar o pagamento do sinistro.<\/p>\n<p>Al\u00e9m da indeniza\u00e7\u00e3o referente ao valor do sinistro, a decis\u00e3o tamb\u00e9m estabeleceu que a corre\u00e7\u00e3o monet\u00e1ria deve ser aplicada desde a data da contrata\u00e7\u00e3o do seguro, e os juros de mora a partir da cita\u00e7\u00e3o.<\/p>\n<p>Em rela\u00e7\u00e3o aos danos morais, o Tribunal entendeu que n\u00e3o estavam comprovados, considerando que a mera recusa da seguradora em honrar a ap\u00f3lice n\u00e3o foi suficiente para caracterizar ofensa aos direitos da personalidade da autora.<\/p>\n<p>Essa decis\u00e3o \u00e9 um importante marco no setor de seguros e uma vit\u00f3ria para os consumidores, pois reafirma a import\u00e2ncia da boa-f\u00e9 nas rela\u00e7\u00f5es contratuais e a necessidade de as seguradoras agirem com transpar\u00eancia e responsabilidade.<\/p>\n<p><strong>Dorival Alves de Sousa, advogado, corretor de seguros, diretor do Sindicato dos Corretores de Seguros no Distrito Federal (Sincor-DF) e delegado representante da Federa\u00e7\u00e3o Nacional dos Corretores de Seguros (Fenacor) junto a CNC &#8211; Fonte: Tribunal de Justi\u00e7a do Estado do Tocantins (TJTO) &#8211; Apela\u00e7\u00e3o C\u00edvel N\u00ba 0025021-14.2020.8.27.2729\/TO &#8211; Relator: Desembargador ADOLFO AMARO MENDES<\/strong><\/p>\n<p><strong><em>Fonte:<\/em><\/strong> <a href=\"https:\/\/www.segs.com.br\">https:\/\/www.segs.com.br<\/a><\/p>\n<p>&nbsp;<\/p>\n<p style=\"text-align: center\"><strong><em>Blog do Florisvaldo \u2013 Informa\u00e7\u00e3o Com Imparcialidade<\/em><\/strong><\/p>\n","protected":false},"excerpt":{"rendered":"<p>Em uma decis\u00e3o que refor\u00e7a a prote\u00e7\u00e3o dos direitos dos consumidores, o Tribunal de Justi\u00e7a do Estado do Tocantins (TJTO) condenou uma seguradora ao pagamento de R$16.350,00 (dezesseis mil trezentos e cinquenta reais) a uma segurada, ap\u00f3s a negativa indevida de cobertura em um sinistro envolvendo seu ve\u00edculo. A decis\u00e3o foi proferida em raz\u00e3o da<\/p>\n","protected":false},"author":2,"featured_media":21948,"comment_status":"open","ping_status":"open","sticky":false,"template":"","format":"standard","meta":{"footnotes":""},"categories":[1,6],"tags":[],"class_list":{"0":"post-21947","1":"post","2":"type-post","3":"status-publish","4":"format-standard","5":"has-post-thumbnail","7":"category-destaques","8":"category-economia"},"yoast_head":"<!-- This site is optimized with the Yoast SEO plugin v27.4 - https:\/\/yoast.com\/product\/yoast-seo-wordpress\/ -->\n<title>QUANDO A PALAVRA DO CORRETOR \u00c9 DECISIVA NA INDENIZA\u00c7\u00c3O DO SEGURO - Blog do Florisvaldo<\/title>\n<meta name=\"robots\" content=\"index, follow, max-snippet:-1, max-image-preview:large, max-video-preview:-1\" \/>\n<link rel=\"canonical\" href=\"https:\/\/portaldenoticias.net\/ffsantos\/quando-a-palavra-do-corretor-e-decisiva-na-indenizacao-do-seguro\/\" \/>\n<meta property=\"og:locale\" content=\"pt_BR\" \/>\n<meta property=\"og:type\" content=\"article\" \/>\n<meta property=\"og:title\" content=\"QUANDO A PALAVRA DO CORRETOR \u00c9 DECISIVA NA INDENIZA\u00c7\u00c3O DO SEGURO - Blog do Florisvaldo\" \/>\n<meta property=\"og:description\" content=\"Em uma decis\u00e3o que refor\u00e7a a prote\u00e7\u00e3o dos direitos dos consumidores, o Tribunal de Justi\u00e7a do Estado do Tocantins (TJTO) condenou uma seguradora ao pagamento de R$16.350,00 (dezesseis mil trezentos e cinquenta reais) a uma segurada, ap\u00f3s a negativa indevida de cobertura em um sinistro envolvendo seu ve\u00edculo. A decis\u00e3o foi proferida em raz\u00e3o da\" \/>\n<meta property=\"og:url\" content=\"https:\/\/portaldenoticias.net\/ffsantos\/quando-a-palavra-do-corretor-e-decisiva-na-indenizacao-do-seguro\/\" \/>\n<meta property=\"og:site_name\" content=\"Blog do Florisvaldo\" \/>\n<meta property=\"article:published_time\" content=\"2026-01-23T19:28:20+00:00\" \/>\n<meta property=\"article:modified_time\" content=\"2026-01-23T19:28:39+00:00\" \/>\n<meta property=\"og:image\" content=\"http:\/\/portaldenoticias.net\/ffsantos\/wp-content\/uploads\/2026\/01\/Dorival-1ee4d22bbef3691e756242d4c6eb70c4_M.jpg\" \/>\n\t<meta property=\"og:image:width\" content=\"900\" \/>\n\t<meta property=\"og:image:height\" content=\"508\" \/>\n\t<meta property=\"og:image:type\" content=\"image\/jpeg\" \/>\n<meta name=\"author\" content=\"Florisvaldo\" \/>\n<meta name=\"twitter:card\" content=\"summary_large_image\" \/>\n<meta name=\"twitter:label1\" content=\"Escrito por\" \/>\n\t<meta name=\"twitter:data1\" content=\"Florisvaldo\" \/>\n\t<meta name=\"twitter:label2\" content=\"Est. tempo de leitura\" \/>\n\t<meta name=\"twitter:data2\" content=\"4 minutos\" \/>\n<script type=\"application\/ld+json\" class=\"yoast-schema-graph\">{\"@context\":\"https:\\\/\\\/schema.org\",\"@graph\":[{\"@type\":\"Article\",\"@id\":\"https:\\\/\\\/portaldenoticias.net\\\/ffsantos\\\/quando-a-palavra-do-corretor-e-decisiva-na-indenizacao-do-seguro\\\/#article\",\"isPartOf\":{\"@id\":\"https:\\\/\\\/portaldenoticias.net\\\/ffsantos\\\/quando-a-palavra-do-corretor-e-decisiva-na-indenizacao-do-seguro\\\/\"},\"author\":{\"name\":\"Florisvaldo\",\"@id\":\"https:\\\/\\\/portaldenoticias.net\\\/ffsantos\\\/#\\\/schema\\\/person\\\/709c788ecb22f2378d698c2cd46cecc3\"},\"headline\":\"QUANDO A PALAVRA DO CORRETOR \u00c9 DECISIVA NA INDENIZA\u00c7\u00c3O DO SEGURO\",\"datePublished\":\"2026-01-23T19:28:20+00:00\",\"dateModified\":\"2026-01-23T19:28:39+00:00\",\"mainEntityOfPage\":{\"@id\":\"https:\\\/\\\/portaldenoticias.net\\\/ffsantos\\\/quando-a-palavra-do-corretor-e-decisiva-na-indenizacao-do-seguro\\\/\"},\"wordCount\":615,\"commentCount\":2,\"image\":{\"@id\":\"https:\\\/\\\/portaldenoticias.net\\\/ffsantos\\\/quando-a-palavra-do-corretor-e-decisiva-na-indenizacao-do-seguro\\\/#primaryimage\"},\"thumbnailUrl\":\"https:\\\/\\\/portaldenoticias.net\\\/ffsantos\\\/wp-content\\\/uploads\\\/2026\\\/01\\\/Dorival-1ee4d22bbef3691e756242d4c6eb70c4_M.jpg\",\"articleSection\":[\"Destaques\",\"Economia\"],\"inLanguage\":\"pt-BR\",\"potentialAction\":[{\"@type\":\"CommentAction\",\"name\":\"Comment\",\"target\":[\"https:\\\/\\\/portaldenoticias.net\\\/ffsantos\\\/quando-a-palavra-do-corretor-e-decisiva-na-indenizacao-do-seguro\\\/#respond\"]}]},{\"@type\":\"WebPage\",\"@id\":\"https:\\\/\\\/portaldenoticias.net\\\/ffsantos\\\/quando-a-palavra-do-corretor-e-decisiva-na-indenizacao-do-seguro\\\/\",\"url\":\"https:\\\/\\\/portaldenoticias.net\\\/ffsantos\\\/quando-a-palavra-do-corretor-e-decisiva-na-indenizacao-do-seguro\\\/\",\"name\":\"QUANDO A PALAVRA DO CORRETOR \u00c9 DECISIVA NA INDENIZA\u00c7\u00c3O DO SEGURO - Blog do Florisvaldo\",\"isPartOf\":{\"@id\":\"https:\\\/\\\/portaldenoticias.net\\\/ffsantos\\\/#website\"},\"primaryImageOfPage\":{\"@id\":\"https:\\\/\\\/portaldenoticias.net\\\/ffsantos\\\/quando-a-palavra-do-corretor-e-decisiva-na-indenizacao-do-seguro\\\/#primaryimage\"},\"image\":{\"@id\":\"https:\\\/\\\/portaldenoticias.net\\\/ffsantos\\\/quando-a-palavra-do-corretor-e-decisiva-na-indenizacao-do-seguro\\\/#primaryimage\"},\"thumbnailUrl\":\"https:\\\/\\\/portaldenoticias.net\\\/ffsantos\\\/wp-content\\\/uploads\\\/2026\\\/01\\\/Dorival-1ee4d22bbef3691e756242d4c6eb70c4_M.jpg\",\"datePublished\":\"2026-01-23T19:28:20+00:00\",\"dateModified\":\"2026-01-23T19:28:39+00:00\",\"author\":{\"@id\":\"https:\\\/\\\/portaldenoticias.net\\\/ffsantos\\\/#\\\/schema\\\/person\\\/709c788ecb22f2378d698c2cd46cecc3\"},\"breadcrumb\":{\"@id\":\"https:\\\/\\\/portaldenoticias.net\\\/ffsantos\\\/quando-a-palavra-do-corretor-e-decisiva-na-indenizacao-do-seguro\\\/#breadcrumb\"},\"inLanguage\":\"pt-BR\",\"potentialAction\":[{\"@type\":\"ReadAction\",\"target\":[\"https:\\\/\\\/portaldenoticias.net\\\/ffsantos\\\/quando-a-palavra-do-corretor-e-decisiva-na-indenizacao-do-seguro\\\/\"]}]},{\"@type\":\"ImageObject\",\"inLanguage\":\"pt-BR\",\"@id\":\"https:\\\/\\\/portaldenoticias.net\\\/ffsantos\\\/quando-a-palavra-do-corretor-e-decisiva-na-indenizacao-do-seguro\\\/#primaryimage\",\"url\":\"https:\\\/\\\/portaldenoticias.net\\\/ffsantos\\\/wp-content\\\/uploads\\\/2026\\\/01\\\/Dorival-1ee4d22bbef3691e756242d4c6eb70c4_M.jpg\",\"contentUrl\":\"https:\\\/\\\/portaldenoticias.net\\\/ffsantos\\\/wp-content\\\/uploads\\\/2026\\\/01\\\/Dorival-1ee4d22bbef3691e756242d4c6eb70c4_M.jpg\",\"width\":900,\"height\":508,\"caption\":\"Dorival Alves de Sousa, advogado, corretor de seguros, diretor do Sindicato dos Corretores de Seguros no Distrito Federal (Sincor-DF) e delegado representante da Federa\u00e7\u00e3o Nacional dos Corretores de Seguros (Fenacor) junto a CNC.\"},{\"@type\":\"BreadcrumbList\",\"@id\":\"https:\\\/\\\/portaldenoticias.net\\\/ffsantos\\\/quando-a-palavra-do-corretor-e-decisiva-na-indenizacao-do-seguro\\\/#breadcrumb\",\"itemListElement\":[{\"@type\":\"ListItem\",\"position\":1,\"name\":\"In\u00edcio\",\"item\":\"https:\\\/\\\/portaldenoticias.net\\\/ffsantos\\\/\"},{\"@type\":\"ListItem\",\"position\":2,\"name\":\"QUANDO A PALAVRA DO CORRETOR \u00c9 DECISIVA NA INDENIZA\u00c7\u00c3O DO SEGURO\"}]},{\"@type\":\"WebSite\",\"@id\":\"https:\\\/\\\/portaldenoticias.net\\\/ffsantos\\\/#website\",\"url\":\"https:\\\/\\\/portaldenoticias.net\\\/ffsantos\\\/\",\"name\":\"Blog do Florisvaldo |\",\"description\":\"Informa\u00e7\u00e3o com imparcialidade\",\"potentialAction\":[{\"@type\":\"SearchAction\",\"target\":{\"@type\":\"EntryPoint\",\"urlTemplate\":\"https:\\\/\\\/portaldenoticias.net\\\/ffsantos\\\/?s={search_term_string}\"},\"query-input\":{\"@type\":\"PropertyValueSpecification\",\"valueRequired\":true,\"valueName\":\"search_term_string\"}}],\"inLanguage\":\"pt-BR\"},{\"@type\":\"Person\",\"@id\":\"https:\\\/\\\/portaldenoticias.net\\\/ffsantos\\\/#\\\/schema\\\/person\\\/709c788ecb22f2378d698c2cd46cecc3\",\"name\":\"Florisvaldo\",\"image\":{\"@type\":\"ImageObject\",\"inLanguage\":\"pt-BR\",\"@id\":\"https:\\\/\\\/secure.gravatar.com\\\/avatar\\\/23c59839b4c874bb227d4916d18ba065e405a73d0e423fa9255ba9436604e628?s=96&d=mm&r=g\",\"url\":\"https:\\\/\\\/secure.gravatar.com\\\/avatar\\\/23c59839b4c874bb227d4916d18ba065e405a73d0e423fa9255ba9436604e628?s=96&d=mm&r=g\",\"contentUrl\":\"https:\\\/\\\/secure.gravatar.com\\\/avatar\\\/23c59839b4c874bb227d4916d18ba065e405a73d0e423fa9255ba9436604e628?s=96&d=mm&r=g\",\"caption\":\"Florisvaldo\"},\"url\":\"https:\\\/\\\/portaldenoticias.net\\\/ffsantos\\\/author\\\/ffsantos\\\/\"}]}<\/script>\n<!-- \/ Yoast SEO plugin. -->","yoast_head_json":{"title":"QUANDO A PALAVRA DO CORRETOR \u00c9 DECISIVA NA INDENIZA\u00c7\u00c3O DO SEGURO - Blog do Florisvaldo","robots":{"index":"index","follow":"follow","max-snippet":"max-snippet:-1","max-image-preview":"max-image-preview:large","max-video-preview":"max-video-preview:-1"},"canonical":"https:\/\/portaldenoticias.net\/ffsantos\/quando-a-palavra-do-corretor-e-decisiva-na-indenizacao-do-seguro\/","og_locale":"pt_BR","og_type":"article","og_title":"QUANDO A PALAVRA DO CORRETOR \u00c9 DECISIVA NA INDENIZA\u00c7\u00c3O DO SEGURO - Blog do Florisvaldo","og_description":"Em uma decis\u00e3o que refor\u00e7a a prote\u00e7\u00e3o dos direitos dos consumidores, o Tribunal de Justi\u00e7a do Estado do Tocantins (TJTO) condenou uma seguradora ao pagamento de R$16.350,00 (dezesseis mil trezentos e cinquenta reais) a uma segurada, ap\u00f3s a negativa indevida de cobertura em um sinistro envolvendo seu ve\u00edculo. A decis\u00e3o foi proferida em raz\u00e3o da","og_url":"https:\/\/portaldenoticias.net\/ffsantos\/quando-a-palavra-do-corretor-e-decisiva-na-indenizacao-do-seguro\/","og_site_name":"Blog do Florisvaldo","article_published_time":"2026-01-23T19:28:20+00:00","article_modified_time":"2026-01-23T19:28:39+00:00","og_image":[{"width":900,"height":508,"url":"http:\/\/portaldenoticias.net\/ffsantos\/wp-content\/uploads\/2026\/01\/Dorival-1ee4d22bbef3691e756242d4c6eb70c4_M.jpg","type":"image\/jpeg"}],"author":"Florisvaldo","twitter_card":"summary_large_image","twitter_misc":{"Escrito por":"Florisvaldo","Est. tempo de leitura":"4 minutos"},"schema":{"@context":"https:\/\/schema.org","@graph":[{"@type":"Article","@id":"https:\/\/portaldenoticias.net\/ffsantos\/quando-a-palavra-do-corretor-e-decisiva-na-indenizacao-do-seguro\/#article","isPartOf":{"@id":"https:\/\/portaldenoticias.net\/ffsantos\/quando-a-palavra-do-corretor-e-decisiva-na-indenizacao-do-seguro\/"},"author":{"name":"Florisvaldo","@id":"https:\/\/portaldenoticias.net\/ffsantos\/#\/schema\/person\/709c788ecb22f2378d698c2cd46cecc3"},"headline":"QUANDO A PALAVRA DO CORRETOR \u00c9 DECISIVA NA INDENIZA\u00c7\u00c3O DO SEGURO","datePublished":"2026-01-23T19:28:20+00:00","dateModified":"2026-01-23T19:28:39+00:00","mainEntityOfPage":{"@id":"https:\/\/portaldenoticias.net\/ffsantos\/quando-a-palavra-do-corretor-e-decisiva-na-indenizacao-do-seguro\/"},"wordCount":615,"commentCount":2,"image":{"@id":"https:\/\/portaldenoticias.net\/ffsantos\/quando-a-palavra-do-corretor-e-decisiva-na-indenizacao-do-seguro\/#primaryimage"},"thumbnailUrl":"https:\/\/portaldenoticias.net\/ffsantos\/wp-content\/uploads\/2026\/01\/Dorival-1ee4d22bbef3691e756242d4c6eb70c4_M.jpg","articleSection":["Destaques","Economia"],"inLanguage":"pt-BR","potentialAction":[{"@type":"CommentAction","name":"Comment","target":["https:\/\/portaldenoticias.net\/ffsantos\/quando-a-palavra-do-corretor-e-decisiva-na-indenizacao-do-seguro\/#respond"]}]},{"@type":"WebPage","@id":"https:\/\/portaldenoticias.net\/ffsantos\/quando-a-palavra-do-corretor-e-decisiva-na-indenizacao-do-seguro\/","url":"https:\/\/portaldenoticias.net\/ffsantos\/quando-a-palavra-do-corretor-e-decisiva-na-indenizacao-do-seguro\/","name":"QUANDO A PALAVRA DO CORRETOR \u00c9 DECISIVA NA INDENIZA\u00c7\u00c3O DO SEGURO - Blog do Florisvaldo","isPartOf":{"@id":"https:\/\/portaldenoticias.net\/ffsantos\/#website"},"primaryImageOfPage":{"@id":"https:\/\/portaldenoticias.net\/ffsantos\/quando-a-palavra-do-corretor-e-decisiva-na-indenizacao-do-seguro\/#primaryimage"},"image":{"@id":"https:\/\/portaldenoticias.net\/ffsantos\/quando-a-palavra-do-corretor-e-decisiva-na-indenizacao-do-seguro\/#primaryimage"},"thumbnailUrl":"https:\/\/portaldenoticias.net\/ffsantos\/wp-content\/uploads\/2026\/01\/Dorival-1ee4d22bbef3691e756242d4c6eb70c4_M.jpg","datePublished":"2026-01-23T19:28:20+00:00","dateModified":"2026-01-23T19:28:39+00:00","author":{"@id":"https:\/\/portaldenoticias.net\/ffsantos\/#\/schema\/person\/709c788ecb22f2378d698c2cd46cecc3"},"breadcrumb":{"@id":"https:\/\/portaldenoticias.net\/ffsantos\/quando-a-palavra-do-corretor-e-decisiva-na-indenizacao-do-seguro\/#breadcrumb"},"inLanguage":"pt-BR","potentialAction":[{"@type":"ReadAction","target":["https:\/\/portaldenoticias.net\/ffsantos\/quando-a-palavra-do-corretor-e-decisiva-na-indenizacao-do-seguro\/"]}]},{"@type":"ImageObject","inLanguage":"pt-BR","@id":"https:\/\/portaldenoticias.net\/ffsantos\/quando-a-palavra-do-corretor-e-decisiva-na-indenizacao-do-seguro\/#primaryimage","url":"https:\/\/portaldenoticias.net\/ffsantos\/wp-content\/uploads\/2026\/01\/Dorival-1ee4d22bbef3691e756242d4c6eb70c4_M.jpg","contentUrl":"https:\/\/portaldenoticias.net\/ffsantos\/wp-content\/uploads\/2026\/01\/Dorival-1ee4d22bbef3691e756242d4c6eb70c4_M.jpg","width":900,"height":508,"caption":"Dorival Alves de Sousa, advogado, corretor de seguros, diretor do Sindicato dos Corretores de Seguros no Distrito Federal (Sincor-DF) e delegado representante da Federa\u00e7\u00e3o Nacional dos Corretores de Seguros (Fenacor) junto a CNC."},{"@type":"BreadcrumbList","@id":"https:\/\/portaldenoticias.net\/ffsantos\/quando-a-palavra-do-corretor-e-decisiva-na-indenizacao-do-seguro\/#breadcrumb","itemListElement":[{"@type":"ListItem","position":1,"name":"In\u00edcio","item":"https:\/\/portaldenoticias.net\/ffsantos\/"},{"@type":"ListItem","position":2,"name":"QUANDO A PALAVRA DO CORRETOR \u00c9 DECISIVA NA INDENIZA\u00c7\u00c3O DO SEGURO"}]},{"@type":"WebSite","@id":"https:\/\/portaldenoticias.net\/ffsantos\/#website","url":"https:\/\/portaldenoticias.net\/ffsantos\/","name":"Blog do Florisvaldo |","description":"Informa\u00e7\u00e3o com imparcialidade","potentialAction":[{"@type":"SearchAction","target":{"@type":"EntryPoint","urlTemplate":"https:\/\/portaldenoticias.net\/ffsantos\/?s={search_term_string}"},"query-input":{"@type":"PropertyValueSpecification","valueRequired":true,"valueName":"search_term_string"}}],"inLanguage":"pt-BR"},{"@type":"Person","@id":"https:\/\/portaldenoticias.net\/ffsantos\/#\/schema\/person\/709c788ecb22f2378d698c2cd46cecc3","name":"Florisvaldo","image":{"@type":"ImageObject","inLanguage":"pt-BR","@id":"https:\/\/secure.gravatar.com\/avatar\/23c59839b4c874bb227d4916d18ba065e405a73d0e423fa9255ba9436604e628?s=96&d=mm&r=g","url":"https:\/\/secure.gravatar.com\/avatar\/23c59839b4c874bb227d4916d18ba065e405a73d0e423fa9255ba9436604e628?s=96&d=mm&r=g","contentUrl":"https:\/\/secure.gravatar.com\/avatar\/23c59839b4c874bb227d4916d18ba065e405a73d0e423fa9255ba9436604e628?s=96&d=mm&r=g","caption":"Florisvaldo"},"url":"https:\/\/portaldenoticias.net\/ffsantos\/author\/ffsantos\/"}]}},"_links":{"self":[{"href":"https:\/\/portaldenoticias.net\/ffsantos\/wp-json\/wp\/v2\/posts\/21947","targetHints":{"allow":["GET"]}}],"collection":[{"href":"https:\/\/portaldenoticias.net\/ffsantos\/wp-json\/wp\/v2\/posts"}],"about":[{"href":"https:\/\/portaldenoticias.net\/ffsantos\/wp-json\/wp\/v2\/types\/post"}],"author":[{"embeddable":true,"href":"https:\/\/portaldenoticias.net\/ffsantos\/wp-json\/wp\/v2\/users\/2"}],"replies":[{"embeddable":true,"href":"https:\/\/portaldenoticias.net\/ffsantos\/wp-json\/wp\/v2\/comments?post=21947"}],"version-history":[{"count":1,"href":"https:\/\/portaldenoticias.net\/ffsantos\/wp-json\/wp\/v2\/posts\/21947\/revisions"}],"predecessor-version":[{"id":21949,"href":"https:\/\/portaldenoticias.net\/ffsantos\/wp-json\/wp\/v2\/posts\/21947\/revisions\/21949"}],"wp:featuredmedia":[{"embeddable":true,"href":"https:\/\/portaldenoticias.net\/ffsantos\/wp-json\/wp\/v2\/media\/21948"}],"wp:attachment":[{"href":"https:\/\/portaldenoticias.net\/ffsantos\/wp-json\/wp\/v2\/media?parent=21947"}],"wp:term":[{"taxonomy":"category","embeddable":true,"href":"https:\/\/portaldenoticias.net\/ffsantos\/wp-json\/wp\/v2\/categories?post=21947"},{"taxonomy":"post_tag","embeddable":true,"href":"https:\/\/portaldenoticias.net\/ffsantos\/wp-json\/wp\/v2\/tags?post=21947"}],"curies":[{"name":"wp","href":"https:\/\/api.w.org\/{rel}","templated":true}]}}