{"id":21944,"date":"2026-01-23T15:43:48","date_gmt":"2026-01-23T18:43:48","guid":{"rendered":"https:\/\/portaldenoticias.net\/ffsantos\/?p=21944"},"modified":"2026-01-23T15:44:05","modified_gmt":"2026-01-23T18:44:05","slug":"morre-ronan-tyezer-tecnico-do-agua-de-maraba-sub-20-apos-acidente-rodoviario","status":"publish","type":"post","link":"https:\/\/portaldenoticias.net\/ffsantos\/morre-ronan-tyezer-tecnico-do-agua-de-maraba-sub-20-apos-acidente-rodoviario\/","title":{"rendered":"MORRE RONAN TYEZER &#8211; T\u00c9CNICO DO \u00c1GUA DE MARAB\u00c1 SUB 20 AP\u00d3S ACIDENTE RODOVI\u00c1RIO"},"content":{"rendered":"<figure id=\"attachment_21945\" aria-describedby=\"caption-attachment-21945\" style=\"width: 960px\" class=\"wp-caption aligncenter\"><a href=\"http:\/\/portaldenoticias.net\/ffsantos\/wp-content\/uploads\/2026\/01\/Tec-Maraba-Imagem1.png\"><img loading=\"lazy\" decoding=\"async\" class=\"size-full wp-image-21945\" src=\"http:\/\/portaldenoticias.net\/ffsantos\/wp-content\/uploads\/2026\/01\/Tec-Maraba-Imagem1.png\" alt=\"\" width=\"960\" height=\"540\" srcset=\"https:\/\/portaldenoticias.net\/ffsantos\/wp-content\/uploads\/2026\/01\/Tec-Maraba-Imagem1.png 960w, https:\/\/portaldenoticias.net\/ffsantos\/wp-content\/uploads\/2026\/01\/Tec-Maraba-Imagem1-300x169.png 300w, https:\/\/portaldenoticias.net\/ffsantos\/wp-content\/uploads\/2026\/01\/Tec-Maraba-Imagem1-768x432.png 768w, https:\/\/portaldenoticias.net\/ffsantos\/wp-content\/uploads\/2026\/01\/Tec-Maraba-Imagem1-150x84.png 150w, https:\/\/portaldenoticias.net\/ffsantos\/wp-content\/uploads\/2026\/01\/Tec-Maraba-Imagem1-450x253.png 450w\" sizes=\"auto, (max-width: 960px) 100vw, 960px\" \/><\/a><figcaption id=\"caption-attachment-21945\" class=\"wp-caption-text\">Ronan Tyeser &#8211; Ele \u00e9 a 2\u00aa v\u00edtima do acidente com o \u00f4nibus do time, ocorrido h\u00e1 7 dias &#8211; Foto: Reprodu\u00e7\u00e3o \/ Instagram<\/figcaption><\/figure>\n<p>O Clube \u00c1guia de Marab\u00e1 \u2013 Sediado no munic\u00edpio de Marab\u00e1, no estado do Par\u00e1 &#8211; comunicou a morte de Ronan Tyeser, t\u00e9cnico do time sub-20, nesta quinta-feira (22), por meio de publica\u00e7\u00e3o nas redes sociais. O treinador de 44 anos estava internado h\u00e1 uma semana na Unidade de Terapia Intensiva (UTI) em hospital regional do Tocantins, ap\u00f3s acidente com o \u00f4nibus que transportava a equipe. Em nota, o clube afirmou que a causa da morte foi trauma cranioencef\u00e1lico.<\/p>\n<p>O t\u00e9cnico ficou gravemente ferido na colis\u00e3o do \u00f4nibus com um caminh\u00e3o parado no km 591 da BR 153, na noite do \u00faltimo dia 15. O acidente j\u00e1 vitimara o preparador f\u00edsico Hecton Alvez, que morreu no local. A delega\u00e7\u00e3o da equipe sub-20 do Azul\u00e3o retornava ao Par\u00e1, ap\u00f3s elimina\u00e7\u00e3o para o Juventude, na segunda fase da Copa S\u00e3o Paulo de Futebol J\u00fanior, Guaratinguet\u00e1 (SP).<\/p>\n<p>A Federa\u00e7\u00e3o Paraense de Futebol afirmou que a entidade est\u00e1 de luto, em nota publicada nas redes sociais.<\/p>\n<p style=\"text-align: center\"><strong><em>\u201cCom profundo pesar, manifestamos nosso mais sincero sentimento pela perda de Ronan Tyezer Rodrigues, o nosso Tyezer, profissional que fez parte da hist\u00f3ria do futebol paraense e que deixa uma lacuna irrepar\u00e1vel entre todos que tiveram o privil\u00e9gio de conviver com ele\u201d<\/em><\/strong>.<\/p>\n<p>O clube Remo tamb\u00e9m se solidarizou com parentes e amigos do treinador paraense.<\/p>\n<p><strong><em>Fonte:<\/em><\/strong> <a href=\"https:\/\/www.noticiasaominuto.com.br\">https:\/\/www.noticiasaominuto.com.br<\/a> &#8211; Por Ag\u00eancia Brasil<\/p>\n<p>&nbsp;<\/p>\n<p style=\"text-align: center\"><strong><em>Blog do Florisvaldo \u2013 Informa\u00e7\u00e3o Com Imparcialidade<\/em><\/strong><\/p>\n","protected":false},"excerpt":{"rendered":"<p>O Clube \u00c1guia de Marab\u00e1 \u2013 Sediado no munic\u00edpio de Marab\u00e1, no estado do Par\u00e1 &#8211; comunicou a morte de Ronan Tyeser, t\u00e9cnico do time sub-20, nesta quinta-feira (22), por meio de publica\u00e7\u00e3o nas redes sociais. O treinador de 44 anos estava internado h\u00e1 uma semana na Unidade de Terapia Intensiva (UTI) em hospital regional<\/p>\n","protected":false},"author":2,"featured_media":21945,"comment_status":"open","ping_status":"open","sticky":false,"template":"","format":"standard","meta":{"footnotes":""},"categories":[10],"tags":[],"class_list":{"0":"post-21944","1":"post","2":"type-post","3":"status-publish","4":"format-standard","5":"has-post-thumbnail","7":"category-esportes"},"yoast_head":"<!-- This site is optimized with the Yoast SEO plugin v27.4 - https:\/\/yoast.com\/product\/yoast-seo-wordpress\/ -->\n<title>MORRE RONAN TYEZER - T\u00c9CNICO DO \u00c1GUA DE MARAB\u00c1 SUB 20 AP\u00d3S ACIDENTE RODOVI\u00c1RIO - Blog do Florisvaldo<\/title>\n<meta name=\"robots\" content=\"index, follow, max-snippet:-1, max-image-preview:large, max-video-preview:-1\" \/>\n<link rel=\"canonical\" href=\"https:\/\/portaldenoticias.net\/ffsantos\/morre-ronan-tyezer-tecnico-do-agua-de-maraba-sub-20-apos-acidente-rodoviario\/\" \/>\n<meta property=\"og:locale\" content=\"pt_BR\" \/>\n<meta property=\"og:type\" content=\"article\" \/>\n<meta property=\"og:title\" content=\"MORRE RONAN TYEZER - T\u00c9CNICO DO \u00c1GUA DE MARAB\u00c1 SUB 20 AP\u00d3S ACIDENTE RODOVI\u00c1RIO - Blog do Florisvaldo\" \/>\n<meta property=\"og:description\" content=\"O Clube \u00c1guia de Marab\u00e1 \u2013 Sediado no munic\u00edpio de Marab\u00e1, no estado do Par\u00e1 &#8211; comunicou a morte de Ronan Tyeser, t\u00e9cnico do time sub-20, nesta quinta-feira (22), por meio de publica\u00e7\u00e3o nas redes sociais. O treinador de 44 anos estava internado h\u00e1 uma semana na Unidade de Terapia Intensiva (UTI) em hospital regional\" \/>\n<meta property=\"og:url\" content=\"https:\/\/portaldenoticias.net\/ffsantos\/morre-ronan-tyezer-tecnico-do-agua-de-maraba-sub-20-apos-acidente-rodoviario\/\" \/>\n<meta property=\"og:site_name\" content=\"Blog do Florisvaldo\" \/>\n<meta property=\"article:published_time\" content=\"2026-01-23T18:43:48+00:00\" \/>\n<meta property=\"article:modified_time\" content=\"2026-01-23T18:44:05+00:00\" \/>\n<meta property=\"og:image\" content=\"http:\/\/portaldenoticias.net\/ffsantos\/wp-content\/uploads\/2026\/01\/Tec-Maraba-Imagem1.png\" \/>\n\t<meta property=\"og:image:width\" content=\"960\" \/>\n\t<meta property=\"og:image:height\" content=\"540\" \/>\n\t<meta property=\"og:image:type\" content=\"image\/png\" \/>\n<meta name=\"author\" content=\"Florisvaldo\" \/>\n<meta name=\"twitter:card\" content=\"summary_large_image\" \/>\n<meta name=\"twitter:label1\" content=\"Escrito por\" \/>\n\t<meta name=\"twitter:data1\" content=\"Florisvaldo\" \/>\n\t<meta name=\"twitter:label2\" content=\"Est. tempo de leitura\" \/>\n\t<meta name=\"twitter:data2\" content=\"2 minutos\" \/>\n<script type=\"application\/ld+json\" class=\"yoast-schema-graph\">{\"@context\":\"https:\\\/\\\/schema.org\",\"@graph\":[{\"@type\":\"Article\",\"@id\":\"https:\\\/\\\/portaldenoticias.net\\\/ffsantos\\\/morre-ronan-tyezer-tecnico-do-agua-de-maraba-sub-20-apos-acidente-rodoviario\\\/#article\",\"isPartOf\":{\"@id\":\"https:\\\/\\\/portaldenoticias.net\\\/ffsantos\\\/morre-ronan-tyezer-tecnico-do-agua-de-maraba-sub-20-apos-acidente-rodoviario\\\/\"},\"author\":{\"name\":\"Florisvaldo\",\"@id\":\"https:\\\/\\\/portaldenoticias.net\\\/ffsantos\\\/#\\\/schema\\\/person\\\/709c788ecb22f2378d698c2cd46cecc3\"},\"headline\":\"MORRE RONAN TYEZER &#8211; T\u00c9CNICO DO \u00c1GUA DE MARAB\u00c1 SUB 20 AP\u00d3S ACIDENTE RODOVI\u00c1RIO\",\"datePublished\":\"2026-01-23T18:43:48+00:00\",\"dateModified\":\"2026-01-23T18:44:05+00:00\",\"mainEntityOfPage\":{\"@id\":\"https:\\\/\\\/portaldenoticias.net\\\/ffsantos\\\/morre-ronan-tyezer-tecnico-do-agua-de-maraba-sub-20-apos-acidente-rodoviario\\\/\"},\"wordCount\":295,\"commentCount\":0,\"image\":{\"@id\":\"https:\\\/\\\/portaldenoticias.net\\\/ffsantos\\\/morre-ronan-tyezer-tecnico-do-agua-de-maraba-sub-20-apos-acidente-rodoviario\\\/#primaryimage\"},\"thumbnailUrl\":\"https:\\\/\\\/portaldenoticias.net\\\/ffsantos\\\/wp-content\\\/uploads\\\/2026\\\/01\\\/Tec-Maraba-Imagem1.png\",\"articleSection\":[\"Esportes\"],\"inLanguage\":\"pt-BR\",\"potentialAction\":[{\"@type\":\"CommentAction\",\"name\":\"Comment\",\"target\":[\"https:\\\/\\\/portaldenoticias.net\\\/ffsantos\\\/morre-ronan-tyezer-tecnico-do-agua-de-maraba-sub-20-apos-acidente-rodoviario\\\/#respond\"]}]},{\"@type\":\"WebPage\",\"@id\":\"https:\\\/\\\/portaldenoticias.net\\\/ffsantos\\\/morre-ronan-tyezer-tecnico-do-agua-de-maraba-sub-20-apos-acidente-rodoviario\\\/\",\"url\":\"https:\\\/\\\/portaldenoticias.net\\\/ffsantos\\\/morre-ronan-tyezer-tecnico-do-agua-de-maraba-sub-20-apos-acidente-rodoviario\\\/\",\"name\":\"MORRE RONAN TYEZER - T\u00c9CNICO DO \u00c1GUA DE MARAB\u00c1 SUB 20 AP\u00d3S ACIDENTE RODOVI\u00c1RIO - Blog do Florisvaldo\",\"isPartOf\":{\"@id\":\"https:\\\/\\\/portaldenoticias.net\\\/ffsantos\\\/#website\"},\"primaryImageOfPage\":{\"@id\":\"https:\\\/\\\/portaldenoticias.net\\\/ffsantos\\\/morre-ronan-tyezer-tecnico-do-agua-de-maraba-sub-20-apos-acidente-rodoviario\\\/#primaryimage\"},\"image\":{\"@id\":\"https:\\\/\\\/portaldenoticias.net\\\/ffsantos\\\/morre-ronan-tyezer-tecnico-do-agua-de-maraba-sub-20-apos-acidente-rodoviario\\\/#primaryimage\"},\"thumbnailUrl\":\"https:\\\/\\\/portaldenoticias.net\\\/ffsantos\\\/wp-content\\\/uploads\\\/2026\\\/01\\\/Tec-Maraba-Imagem1.png\",\"datePublished\":\"2026-01-23T18:43:48+00:00\",\"dateModified\":\"2026-01-23T18:44:05+00:00\",\"author\":{\"@id\":\"https:\\\/\\\/portaldenoticias.net\\\/ffsantos\\\/#\\\/schema\\\/person\\\/709c788ecb22f2378d698c2cd46cecc3\"},\"breadcrumb\":{\"@id\":\"https:\\\/\\\/portaldenoticias.net\\\/ffsantos\\\/morre-ronan-tyezer-tecnico-do-agua-de-maraba-sub-20-apos-acidente-rodoviario\\\/#breadcrumb\"},\"inLanguage\":\"pt-BR\",\"potentialAction\":[{\"@type\":\"ReadAction\",\"target\":[\"https:\\\/\\\/portaldenoticias.net\\\/ffsantos\\\/morre-ronan-tyezer-tecnico-do-agua-de-maraba-sub-20-apos-acidente-rodoviario\\\/\"]}]},{\"@type\":\"ImageObject\",\"inLanguage\":\"pt-BR\",\"@id\":\"https:\\\/\\\/portaldenoticias.net\\\/ffsantos\\\/morre-ronan-tyezer-tecnico-do-agua-de-maraba-sub-20-apos-acidente-rodoviario\\\/#primaryimage\",\"url\":\"https:\\\/\\\/portaldenoticias.net\\\/ffsantos\\\/wp-content\\\/uploads\\\/2026\\\/01\\\/Tec-Maraba-Imagem1.png\",\"contentUrl\":\"https:\\\/\\\/portaldenoticias.net\\\/ffsantos\\\/wp-content\\\/uploads\\\/2026\\\/01\\\/Tec-Maraba-Imagem1.png\",\"width\":960,\"height\":540,\"caption\":\"Ronan Tyeser - Ele \u00e9 a 2\u00aa v\u00edtima do acidente com o \u00f4nibus do time, ocorrido h\u00e1 7 dias - Foto: Reprodu\u00e7\u00e3o \\\/ Instagram\"},{\"@type\":\"BreadcrumbList\",\"@id\":\"https:\\\/\\\/portaldenoticias.net\\\/ffsantos\\\/morre-ronan-tyezer-tecnico-do-agua-de-maraba-sub-20-apos-acidente-rodoviario\\\/#breadcrumb\",\"itemListElement\":[{\"@type\":\"ListItem\",\"position\":1,\"name\":\"In\u00edcio\",\"item\":\"https:\\\/\\\/portaldenoticias.net\\\/ffsantos\\\/\"},{\"@type\":\"ListItem\",\"position\":2,\"name\":\"MORRE RONAN TYEZER &#8211; T\u00c9CNICO DO \u00c1GUA DE MARAB\u00c1 SUB 20 AP\u00d3S ACIDENTE RODOVI\u00c1RIO\"}]},{\"@type\":\"WebSite\",\"@id\":\"https:\\\/\\\/portaldenoticias.net\\\/ffsantos\\\/#website\",\"url\":\"https:\\\/\\\/portaldenoticias.net\\\/ffsantos\\\/\",\"name\":\"Blog do Florisvaldo |\",\"description\":\"Informa\u00e7\u00e3o com imparcialidade\",\"potentialAction\":[{\"@type\":\"SearchAction\",\"target\":{\"@type\":\"EntryPoint\",\"urlTemplate\":\"https:\\\/\\\/portaldenoticias.net\\\/ffsantos\\\/?s={search_term_string}\"},\"query-input\":{\"@type\":\"PropertyValueSpecification\",\"valueRequired\":true,\"valueName\":\"search_term_string\"}}],\"inLanguage\":\"pt-BR\"},{\"@type\":\"Person\",\"@id\":\"https:\\\/\\\/portaldenoticias.net\\\/ffsantos\\\/#\\\/schema\\\/person\\\/709c788ecb22f2378d698c2cd46cecc3\",\"name\":\"Florisvaldo\",\"image\":{\"@type\":\"ImageObject\",\"inLanguage\":\"pt-BR\",\"@id\":\"https:\\\/\\\/secure.gravatar.com\\\/avatar\\\/23c59839b4c874bb227d4916d18ba065e405a73d0e423fa9255ba9436604e628?s=96&d=mm&r=g\",\"url\":\"https:\\\/\\\/secure.gravatar.com\\\/avatar\\\/23c59839b4c874bb227d4916d18ba065e405a73d0e423fa9255ba9436604e628?s=96&d=mm&r=g\",\"contentUrl\":\"https:\\\/\\\/secure.gravatar.com\\\/avatar\\\/23c59839b4c874bb227d4916d18ba065e405a73d0e423fa9255ba9436604e628?s=96&d=mm&r=g\",\"caption\":\"Florisvaldo\"},\"url\":\"https:\\\/\\\/portaldenoticias.net\\\/ffsantos\\\/author\\\/ffsantos\\\/\"}]}<\/script>\n<!-- \/ Yoast SEO plugin. -->","yoast_head_json":{"title":"MORRE RONAN TYEZER - T\u00c9CNICO DO \u00c1GUA DE MARAB\u00c1 SUB 20 AP\u00d3S ACIDENTE RODOVI\u00c1RIO - Blog do Florisvaldo","robots":{"index":"index","follow":"follow","max-snippet":"max-snippet:-1","max-image-preview":"max-image-preview:large","max-video-preview":"max-video-preview:-1"},"canonical":"https:\/\/portaldenoticias.net\/ffsantos\/morre-ronan-tyezer-tecnico-do-agua-de-maraba-sub-20-apos-acidente-rodoviario\/","og_locale":"pt_BR","og_type":"article","og_title":"MORRE RONAN TYEZER - T\u00c9CNICO DO \u00c1GUA DE MARAB\u00c1 SUB 20 AP\u00d3S ACIDENTE RODOVI\u00c1RIO - Blog do Florisvaldo","og_description":"O Clube \u00c1guia de Marab\u00e1 \u2013 Sediado no munic\u00edpio de Marab\u00e1, no estado do Par\u00e1 &#8211; comunicou a morte de Ronan Tyeser, t\u00e9cnico do time sub-20, nesta quinta-feira (22), por meio de publica\u00e7\u00e3o nas redes sociais. O treinador de 44 anos estava internado h\u00e1 uma semana na Unidade de Terapia Intensiva (UTI) em hospital regional","og_url":"https:\/\/portaldenoticias.net\/ffsantos\/morre-ronan-tyezer-tecnico-do-agua-de-maraba-sub-20-apos-acidente-rodoviario\/","og_site_name":"Blog do Florisvaldo","article_published_time":"2026-01-23T18:43:48+00:00","article_modified_time":"2026-01-23T18:44:05+00:00","og_image":[{"width":960,"height":540,"url":"http:\/\/portaldenoticias.net\/ffsantos\/wp-content\/uploads\/2026\/01\/Tec-Maraba-Imagem1.png","type":"image\/png"}],"author":"Florisvaldo","twitter_card":"summary_large_image","twitter_misc":{"Escrito por":"Florisvaldo","Est. tempo de leitura":"2 minutos"},"schema":{"@context":"https:\/\/schema.org","@graph":[{"@type":"Article","@id":"https:\/\/portaldenoticias.net\/ffsantos\/morre-ronan-tyezer-tecnico-do-agua-de-maraba-sub-20-apos-acidente-rodoviario\/#article","isPartOf":{"@id":"https:\/\/portaldenoticias.net\/ffsantos\/morre-ronan-tyezer-tecnico-do-agua-de-maraba-sub-20-apos-acidente-rodoviario\/"},"author":{"name":"Florisvaldo","@id":"https:\/\/portaldenoticias.net\/ffsantos\/#\/schema\/person\/709c788ecb22f2378d698c2cd46cecc3"},"headline":"MORRE RONAN TYEZER &#8211; T\u00c9CNICO DO \u00c1GUA DE MARAB\u00c1 SUB 20 AP\u00d3S ACIDENTE RODOVI\u00c1RIO","datePublished":"2026-01-23T18:43:48+00:00","dateModified":"2026-01-23T18:44:05+00:00","mainEntityOfPage":{"@id":"https:\/\/portaldenoticias.net\/ffsantos\/morre-ronan-tyezer-tecnico-do-agua-de-maraba-sub-20-apos-acidente-rodoviario\/"},"wordCount":295,"commentCount":0,"image":{"@id":"https:\/\/portaldenoticias.net\/ffsantos\/morre-ronan-tyezer-tecnico-do-agua-de-maraba-sub-20-apos-acidente-rodoviario\/#primaryimage"},"thumbnailUrl":"https:\/\/portaldenoticias.net\/ffsantos\/wp-content\/uploads\/2026\/01\/Tec-Maraba-Imagem1.png","articleSection":["Esportes"],"inLanguage":"pt-BR","potentialAction":[{"@type":"CommentAction","name":"Comment","target":["https:\/\/portaldenoticias.net\/ffsantos\/morre-ronan-tyezer-tecnico-do-agua-de-maraba-sub-20-apos-acidente-rodoviario\/#respond"]}]},{"@type":"WebPage","@id":"https:\/\/portaldenoticias.net\/ffsantos\/morre-ronan-tyezer-tecnico-do-agua-de-maraba-sub-20-apos-acidente-rodoviario\/","url":"https:\/\/portaldenoticias.net\/ffsantos\/morre-ronan-tyezer-tecnico-do-agua-de-maraba-sub-20-apos-acidente-rodoviario\/","name":"MORRE RONAN TYEZER - T\u00c9CNICO DO \u00c1GUA DE MARAB\u00c1 SUB 20 AP\u00d3S ACIDENTE RODOVI\u00c1RIO - Blog do Florisvaldo","isPartOf":{"@id":"https:\/\/portaldenoticias.net\/ffsantos\/#website"},"primaryImageOfPage":{"@id":"https:\/\/portaldenoticias.net\/ffsantos\/morre-ronan-tyezer-tecnico-do-agua-de-maraba-sub-20-apos-acidente-rodoviario\/#primaryimage"},"image":{"@id":"https:\/\/portaldenoticias.net\/ffsantos\/morre-ronan-tyezer-tecnico-do-agua-de-maraba-sub-20-apos-acidente-rodoviario\/#primaryimage"},"thumbnailUrl":"https:\/\/portaldenoticias.net\/ffsantos\/wp-content\/uploads\/2026\/01\/Tec-Maraba-Imagem1.png","datePublished":"2026-01-23T18:43:48+00:00","dateModified":"2026-01-23T18:44:05+00:00","author":{"@id":"https:\/\/portaldenoticias.net\/ffsantos\/#\/schema\/person\/709c788ecb22f2378d698c2cd46cecc3"},"breadcrumb":{"@id":"https:\/\/portaldenoticias.net\/ffsantos\/morre-ronan-tyezer-tecnico-do-agua-de-maraba-sub-20-apos-acidente-rodoviario\/#breadcrumb"},"inLanguage":"pt-BR","potentialAction":[{"@type":"ReadAction","target":["https:\/\/portaldenoticias.net\/ffsantos\/morre-ronan-tyezer-tecnico-do-agua-de-maraba-sub-20-apos-acidente-rodoviario\/"]}]},{"@type":"ImageObject","inLanguage":"pt-BR","@id":"https:\/\/portaldenoticias.net\/ffsantos\/morre-ronan-tyezer-tecnico-do-agua-de-maraba-sub-20-apos-acidente-rodoviario\/#primaryimage","url":"https:\/\/portaldenoticias.net\/ffsantos\/wp-content\/uploads\/2026\/01\/Tec-Maraba-Imagem1.png","contentUrl":"https:\/\/portaldenoticias.net\/ffsantos\/wp-content\/uploads\/2026\/01\/Tec-Maraba-Imagem1.png","width":960,"height":540,"caption":"Ronan Tyeser - Ele \u00e9 a 2\u00aa v\u00edtima do acidente com o \u00f4nibus do time, ocorrido h\u00e1 7 dias - Foto: Reprodu\u00e7\u00e3o \/ Instagram"},{"@type":"BreadcrumbList","@id":"https:\/\/portaldenoticias.net\/ffsantos\/morre-ronan-tyezer-tecnico-do-agua-de-maraba-sub-20-apos-acidente-rodoviario\/#breadcrumb","itemListElement":[{"@type":"ListItem","position":1,"name":"In\u00edcio","item":"https:\/\/portaldenoticias.net\/ffsantos\/"},{"@type":"ListItem","position":2,"name":"MORRE RONAN TYEZER &#8211; T\u00c9CNICO DO \u00c1GUA DE MARAB\u00c1 SUB 20 AP\u00d3S ACIDENTE RODOVI\u00c1RIO"}]},{"@type":"WebSite","@id":"https:\/\/portaldenoticias.net\/ffsantos\/#website","url":"https:\/\/portaldenoticias.net\/ffsantos\/","name":"Blog do Florisvaldo |","description":"Informa\u00e7\u00e3o com imparcialidade","potentialAction":[{"@type":"SearchAction","target":{"@type":"EntryPoint","urlTemplate":"https:\/\/portaldenoticias.net\/ffsantos\/?s={search_term_string}"},"query-input":{"@type":"PropertyValueSpecification","valueRequired":true,"valueName":"search_term_string"}}],"inLanguage":"pt-BR"},{"@type":"Person","@id":"https:\/\/portaldenoticias.net\/ffsantos\/#\/schema\/person\/709c788ecb22f2378d698c2cd46cecc3","name":"Florisvaldo","image":{"@type":"ImageObject","inLanguage":"pt-BR","@id":"https:\/\/secure.gravatar.com\/avatar\/23c59839b4c874bb227d4916d18ba065e405a73d0e423fa9255ba9436604e628?s=96&d=mm&r=g","url":"https:\/\/secure.gravatar.com\/avatar\/23c59839b4c874bb227d4916d18ba065e405a73d0e423fa9255ba9436604e628?s=96&d=mm&r=g","contentUrl":"https:\/\/secure.gravatar.com\/avatar\/23c59839b4c874bb227d4916d18ba065e405a73d0e423fa9255ba9436604e628?s=96&d=mm&r=g","caption":"Florisvaldo"},"url":"https:\/\/portaldenoticias.net\/ffsantos\/author\/ffsantos\/"}]}},"_links":{"self":[{"href":"https:\/\/portaldenoticias.net\/ffsantos\/wp-json\/wp\/v2\/posts\/21944","targetHints":{"allow":["GET"]}}],"collection":[{"href":"https:\/\/portaldenoticias.net\/ffsantos\/wp-json\/wp\/v2\/posts"}],"about":[{"href":"https:\/\/portaldenoticias.net\/ffsantos\/wp-json\/wp\/v2\/types\/post"}],"author":[{"embeddable":true,"href":"https:\/\/portaldenoticias.net\/ffsantos\/wp-json\/wp\/v2\/users\/2"}],"replies":[{"embeddable":true,"href":"https:\/\/portaldenoticias.net\/ffsantos\/wp-json\/wp\/v2\/comments?post=21944"}],"version-history":[{"count":1,"href":"https:\/\/portaldenoticias.net\/ffsantos\/wp-json\/wp\/v2\/posts\/21944\/revisions"}],"predecessor-version":[{"id":21946,"href":"https:\/\/portaldenoticias.net\/ffsantos\/wp-json\/wp\/v2\/posts\/21944\/revisions\/21946"}],"wp:featuredmedia":[{"embeddable":true,"href":"https:\/\/portaldenoticias.net\/ffsantos\/wp-json\/wp\/v2\/media\/21945"}],"wp:attachment":[{"href":"https:\/\/portaldenoticias.net\/ffsantos\/wp-json\/wp\/v2\/media?parent=21944"}],"wp:term":[{"taxonomy":"category","embeddable":true,"href":"https:\/\/portaldenoticias.net\/ffsantos\/wp-json\/wp\/v2\/categories?post=21944"},{"taxonomy":"post_tag","embeddable":true,"href":"https:\/\/portaldenoticias.net\/ffsantos\/wp-json\/wp\/v2\/tags?post=21944"}],"curies":[{"name":"wp","href":"https:\/\/api.w.org\/{rel}","templated":true}]}}