{"id":21935,"date":"2026-01-21T20:53:30","date_gmt":"2026-01-21T23:53:30","guid":{"rendered":"https:\/\/portaldenoticias.net\/ffsantos\/?p=21935"},"modified":"2026-01-21T21:06:12","modified_gmt":"2026-01-22T00:06:12","slug":"engravatados-de-brasilia-querem-tornar-vistoria-obrigatoria-para-carros","status":"publish","type":"post","link":"https:\/\/portaldenoticias.net\/ffsantos\/engravatados-de-brasilia-querem-tornar-vistoria-obrigatoria-para-carros\/","title":{"rendered":"ENGRAVATADOS DE BRAS\u00cdLIA QUEREM TORNAR VISTORIA OBRIGAT\u00d3RIA PARA CARROS"},"content":{"rendered":"<figure id=\"attachment_21936\" aria-describedby=\"caption-attachment-21936\" style=\"width: 749px\" class=\"wp-caption aligncenter\"><a href=\"http:\/\/portaldenoticias.net\/ffsantos\/wp-content\/uploads\/2026\/01\/cARROS-monza-697127a434040.webp\"><img loading=\"lazy\" decoding=\"async\" class=\"size-large wp-image-21936\" src=\"http:\/\/portaldenoticias.net\/ffsantos\/wp-content\/uploads\/2026\/01\/cARROS-monza-697127a434040-1024x768.webp\" alt=\"\" width=\"749\" height=\"562\" srcset=\"https:\/\/portaldenoticias.net\/ffsantos\/wp-content\/uploads\/2026\/01\/cARROS-monza-697127a434040-1024x768.webp 1024w, https:\/\/portaldenoticias.net\/ffsantos\/wp-content\/uploads\/2026\/01\/cARROS-monza-697127a434040-300x225.webp 300w, https:\/\/portaldenoticias.net\/ffsantos\/wp-content\/uploads\/2026\/01\/cARROS-monza-697127a434040-768x576.webp 768w, https:\/\/portaldenoticias.net\/ffsantos\/wp-content\/uploads\/2026\/01\/cARROS-monza-697127a434040-1536x1152.webp 1536w, https:\/\/portaldenoticias.net\/ffsantos\/wp-content\/uploads\/2026\/01\/cARROS-monza-697127a434040-150x113.webp 150w, https:\/\/portaldenoticias.net\/ffsantos\/wp-content\/uploads\/2026\/01\/cARROS-monza-697127a434040-450x338.webp 450w, https:\/\/portaldenoticias.net\/ffsantos\/wp-content\/uploads\/2026\/01\/cARROS-monza-697127a434040-1200x900.webp 1200w, https:\/\/portaldenoticias.net\/ffsantos\/wp-content\/uploads\/2026\/01\/cARROS-monza-697127a434040.webp 1600w\" sizes=\"auto, (max-width: 749px) 100vw, 749px\" \/><\/a><figcaption id=\"caption-attachment-21936\" class=\"wp-caption-text\">A vistoria veicular voltou ao centro do debate entre os pol\u00edticos engravatados em Bras\u00edlia e, mais uma vez, divide opini\u00f5es entre motoristas, especialistas e parlamentares. Um novo projeto de lei pode mudar de forma significativa a rela\u00e7\u00e3o dos brasileiros com a manuten\u00e7\u00e3o e a regulariza\u00e7\u00e3o dos seus carros &#8211; Foto: Roberta Sim\u00f5es<\/figcaption><\/figure>\n<p style=\"text-align: center\"><strong>Vistoria obrigat\u00f3ria volta \u00e0 pauta no Congresso<\/strong><\/p>\n<p>Est\u00e1 em an\u00e1lise na C\u00e2mara dos Deputados o\u00a0<strong>Projeto de Lei 3507\/25<\/strong>, de autoria do deputado\u00a0<strong>Fausto Pinato (PP-SP)<\/strong>. A proposta prev\u00ea a\u00a0<strong>vistoria veicular peri\u00f3dica obrigat\u00f3ria em todo o Brasil para\u00a0<a href=\"https:\/\/mundofixa.com.br\/engravatados-de-brasilia-querem-tornar-vistoria-obrigatoria-para-carros\/?fbclid=IwY2xjawPeQMJleHRuA2FlbQIxMABicmlkETFNbmJnelp6b2ppbVVhcWVIc3J0YwZhcHBfaWQQMjIyMDM5MTc4ODIwMDg5MgABHgxSvh0n83mVc0wMjrwiigCVYzakkrJs1iOwyeZqGUqijx_lF3hhVFW-yVvO_aem_wec8RvWmAU7FvryR3M8SHw\">\u00a0ve\u00edculos<\/a>\u00a0com mais de cinco anos de fabrica\u00e7\u00e3o<\/strong>, o que pode alterar pontos importantes do\u00a0<strong>C\u00f3digo de Tr\u00e2nsito Brasileiro (CTB)<\/strong>.<\/p>\n<p>Segundo informa\u00e7\u00f5es da\u00a0<strong>Ag\u00eancia C\u00e2mara de Not\u00edcias<\/strong>, o objetivo \u00e9 ampliar o controle sobre a frota circulante e aumentar a seguran\u00e7a no tr\u00e2nsito.<\/p>\n<p style=\"text-align: center\"><strong><em>Como funciona hoje a vistoria veicular<\/em><\/strong><\/p>\n<p>Atualmente, a vistoria\u00a0<strong>n\u00e3o \u00e9 obrigat\u00f3ria de forma peri\u00f3dica<\/strong>. Ela \u00e9 exigida apenas em situa\u00e7\u00f5es espec\u00edficas, como:<\/p>\n<ul>\n<li><strong>Transfer\u00eancia de propriedade<\/strong><\/li>\n<li><strong>Mudan\u00e7a de domic\u00edlio intermunicipal ou interestadual<\/strong><\/li>\n<li><strong>Recupera\u00e7\u00e3o de ve\u00edculo furtado ou roubado<\/strong><\/li>\n<li><strong>Suspeita de clonagem<\/strong><\/li>\n<li>Outros casos previstos no CTB ou em regulamenta\u00e7\u00f5es espec\u00edficas<\/li>\n<\/ul>\n<p>Ou seja, o\u00a0<a href=\"https:\/\/mundofixa.com.br\/engravatados-de-brasilia-querem-tornar-vistoria-obrigatoria-para-carros\/?fbclid=IwY2xjawPeQMJleHRuA2FlbQIxMABicmlkETFNbmJnelp6b2ppbVVhcWVIc3J0YwZhcHBfaWQQMjIyMDM5MTc4ODIwMDg5MgABHgxSvh0n83mVc0wMjrwiigCVYzakkrJs1iOwyeZqGUqijx_lF3hhVFW-yVvO_aem_wec8RvWmAU7FvryR3M8SHw\">\u00a0carro<\/a>\u00a0pode rodar por anos sem passar por uma checagem formal, desde que n\u00e3o se enquadre nessas situa\u00e7\u00f5es.<\/p>\n<p>Concession\u00e1rias auto nas proximidades<\/p>\n<p style=\"text-align: center\"><strong><em>O que muda com o Projeto de Lei 3507\/25<\/em><\/strong><\/p>\n<p>Se o projeto for aprovado, a vistoria passar\u00e1 a ser\u00a0<strong>obrigat\u00f3ria e peri\u00f3dica<\/strong>\u00a0para ve\u00edculos com mais de cinco anos. O procedimento ter\u00e1 como foco verificar:<\/p>\n<ul>\n<li><strong>Autenticidade da identifica\u00e7\u00e3o do ve\u00edculo e da documenta\u00e7\u00e3o<\/strong><\/li>\n<li><strong>Legitimidade da propriedade<\/strong><\/li>\n<li><strong>Presen\u00e7a e funcionamento dos equipamentos obrigat\u00f3rios<\/strong><\/li>\n<li><strong>Condi\u00e7\u00f5es de visibilidade e legibilidade das placas<\/strong><\/li>\n<li>Outros itens de seguran\u00e7a e conformidade legal<\/li>\n<\/ul>\n<p>A vistoria poder\u00e1 ser realizada por\u00a0<strong>\u00f3rg\u00e3os de tr\u00e2nsito<\/strong>\u00a0ou por\u00a0<strong>empresas p\u00fablicas ou privadas credenciadas<\/strong>.<\/p>\n<p style=\"text-align: center\"><strong><em>Nada de vistoria online<\/em><\/strong><\/p>\n<p>Um ponto importante da proposta \u00e9 que a vistoria dever\u00e1 ser\u00a0<strong>f\u00edsica e presencial<\/strong>. O texto\u00a0<strong>pro\u00edbe expressamente a vistoria remota<\/strong>, pr\u00e1tica que chegou a ser discutida em outros momentos.<\/p>\n<p>Ap\u00f3s a inspe\u00e7\u00e3o, os dados ser\u00e3o\u00a0<strong>transmitidos eletronicamente<\/strong>\u00a0ao \u00f3rg\u00e3o executivo de tr\u00e2nsito respons\u00e1vel.<\/p>\n<p style=\"text-align: center\"><strong><em>O que acontece se o ve\u00edculo for reprovado<\/em><\/strong><\/p>\n<ul>\n<li><strong>Suspeita de adultera\u00e7\u00e3o ou irregularidade grave<\/strong>:<br \/>\nO respons\u00e1vel pela vistoria dever\u00e1 comunicar imediatamente o\u00a0<strong>\u00f3rg\u00e3o de tr\u00e2nsito e a pol\u00edcia judici\u00e1ria<\/strong>.<\/li>\n<li><strong>Outras irregularidades<\/strong>:<br \/>\nO propriet\u00e1rio ter\u00e1 um\u00a0<strong>prazo para regulariza\u00e7\u00e3o<\/strong>.<\/li>\n<li><strong>Nova reprova\u00e7\u00e3o e ve\u00edculo em circula\u00e7\u00e3o<\/strong>:<br \/>\nO carro poder\u00e1 ser\u00a0<strong>retido<\/strong>.<\/li>\n<\/ul>\n<p style=\"text-align: center\"><strong><em>Vistoria pr\u00e9via antes da compra do ve\u00edculo<\/em><\/strong><\/p>\n<p>O projeto tamb\u00e9m traz uma novidade para quem pretende comprar um carro usado. O comprador poder\u00e1 solicitar uma\u00a0<strong>vistoria pr\u00e9via<\/strong>, pagando pelo servi\u00e7o.<\/p>\n<p>Caso o ve\u00edculo seja\u00a0<strong>reprovado<\/strong>, o\u00a0<strong>vendedor ser\u00e1 obrigado a ressarcir o valor da vistoria<\/strong>, o que pode aumentar a transpar\u00eancia nas negocia\u00e7\u00f5es.<\/p>\n<p style=\"text-align: center\"><strong><em>Liga\u00e7\u00e3o com metas de seguran\u00e7a no tr\u00e2nsito<\/em><\/strong><\/p>\n<p>As empresas credenciadas para realizar vistorias dever\u00e3o contribuir com a\u00e7\u00f5es alinhadas ao\u00a0<strong>Plano Nacional de Redu\u00e7\u00e3o de Mortes e Les\u00f5es no Tr\u00e2nsito (Pnatrans)<\/strong>, refor\u00e7ando o vi\u00e9s de seguran\u00e7a da proposta.<\/p>\n<p style=\"text-align: center\"><strong><em>Tramita\u00e7\u00e3o ainda est\u00e1 no come\u00e7o<\/em><\/strong><\/p>\n<p>O projeto ser\u00e1 analisado, em car\u00e1ter conclusivo, pelas seguintes comiss\u00f5es:<\/p>\n<ul>\n<li><strong>Comiss\u00e3o de Via\u00e7\u00e3o e Transportes<\/strong><\/li>\n<li><strong>Comiss\u00e3o de Constitui\u00e7\u00e3o e Justi\u00e7a e de Cidadania<\/strong><\/li>\n<\/ul>\n<p>Para virar lei, o texto ainda precisa ser\u00a0<strong>aprovado pela C\u00e2mara dos Deputados e pelo Senado Federal<\/strong>.<\/p>\n<p>A proposta de tornar a\u00a0<strong>vistoria veicular obrigat\u00f3ria para carros mais antigos<\/strong>\u00a0reacende um debate antigo no Brasil:\u00a0<strong>mais seguran\u00e7a e controle ou mais custo e burocracia para o motorista?<\/strong><br \/>\nDe um lado, a medida pode ajudar a reduzir ve\u00edculos em m\u00e1s condi\u00e7\u00f5es circulando nas ruas. Do outro, levanta preocupa\u00e7\u00f5es sobre\u00a0<strong>custos adicionais, fiscaliza\u00e7\u00e3o e impacto no bolso do cidad\u00e3o<\/strong>.<\/p>\n<p>Por enquanto, nada muda. Mas, se o projeto avan\u00e7ar, a vistoria peri\u00f3dica pode voltar a fazer parte da rotina de milh\u00f5es de motoristas brasileiros.<\/p>\n<p><strong><em><a href=\"http:\/\/portaldenoticias.net\/ffsantos\/wp-content\/uploads\/2026\/01\/Gabriel-Araujo.png\"><img loading=\"lazy\" decoding=\"async\" class=\"alignleft size-full wp-image-21939\" src=\"http:\/\/portaldenoticias.net\/ffsantos\/wp-content\/uploads\/2026\/01\/Gabriel-Araujo.png\" alt=\"\" width=\"96\" height=\"96\" \/><\/a>Fonte:<\/em><\/strong> <a href=\"https:\/\/mundofixa.com.br\">https:\/\/mundofixa.com.br &#8211;\u00a0<\/a><span class=\"fn\"><a href=\"https:\/\/mundofixa.com.br\/author\/gabriel\/\">Gabriel Ara\u00fajo:\u00a0<\/a><\/span>Jornalista, produtor de conte\u00fado, especialista em servidores Linux e WordPress. Escreve sobre Autom\u00f3veis, Pol\u00edtica, Finan\u00e7as, Tecnologia, Ci\u00eancia e Energias Renov\u00e1veis.<\/p>\n<p>&nbsp;<\/p>\n<p style=\"text-align: center\"><strong><em>Blog do Florisvaldo &#8211; Informa\u00e7\u00e3o Com Imparcialidade<\/em><\/strong><\/p>\n<p><strong><em>\u00a0<\/em><\/strong><\/p>\n","protected":false},"excerpt":{"rendered":"<p>Vistoria obrigat\u00f3ria volta \u00e0 pauta no Congresso Est\u00e1 em an\u00e1lise na C\u00e2mara dos Deputados o\u00a0Projeto de Lei 3507\/25, de autoria do deputado\u00a0Fausto Pinato (PP-SP). A proposta prev\u00ea a\u00a0vistoria veicular peri\u00f3dica obrigat\u00f3ria em todo o Brasil para\u00a0\u00a0ve\u00edculos\u00a0com mais de cinco anos de fabrica\u00e7\u00e3o, o que pode alterar pontos importantes do\u00a0C\u00f3digo de Tr\u00e2nsito Brasileiro (CTB). Segundo informa\u00e7\u00f5es<\/p>\n","protected":false},"author":2,"featured_media":21936,"comment_status":"open","ping_status":"open","sticky":false,"template":"","format":"standard","meta":{"footnotes":""},"categories":[2],"tags":[],"class_list":{"0":"post-21935","1":"post","2":"type-post","3":"status-publish","4":"format-standard","5":"has-post-thumbnail","7":"category-brasil"},"yoast_head":"<!-- This site is optimized with the Yoast SEO plugin v27.4 - https:\/\/yoast.com\/product\/yoast-seo-wordpress\/ -->\n<title>ENGRAVATADOS DE BRAS\u00cdLIA QUEREM TORNAR VISTORIA OBRIGAT\u00d3RIA PARA CARROS - Blog do Florisvaldo<\/title>\n<meta name=\"robots\" content=\"index, follow, max-snippet:-1, max-image-preview:large, max-video-preview:-1\" \/>\n<link rel=\"canonical\" href=\"https:\/\/portaldenoticias.net\/ffsantos\/engravatados-de-brasilia-querem-tornar-vistoria-obrigatoria-para-carros\/\" \/>\n<meta property=\"og:locale\" content=\"pt_BR\" \/>\n<meta property=\"og:type\" content=\"article\" \/>\n<meta property=\"og:title\" content=\"ENGRAVATADOS DE BRAS\u00cdLIA QUEREM TORNAR VISTORIA OBRIGAT\u00d3RIA PARA CARROS - Blog do Florisvaldo\" \/>\n<meta property=\"og:description\" content=\"Vistoria obrigat\u00f3ria volta \u00e0 pauta no Congresso Est\u00e1 em an\u00e1lise na C\u00e2mara dos Deputados o\u00a0Projeto de Lei 3507\/25, de autoria do deputado\u00a0Fausto Pinato (PP-SP). A proposta prev\u00ea a\u00a0vistoria veicular peri\u00f3dica obrigat\u00f3ria em todo o Brasil para\u00a0\u00a0ve\u00edculos\u00a0com mais de cinco anos de fabrica\u00e7\u00e3o, o que pode alterar pontos importantes do\u00a0C\u00f3digo de Tr\u00e2nsito Brasileiro (CTB). Segundo informa\u00e7\u00f5es\" \/>\n<meta property=\"og:url\" content=\"https:\/\/portaldenoticias.net\/ffsantos\/engravatados-de-brasilia-querem-tornar-vistoria-obrigatoria-para-carros\/\" \/>\n<meta property=\"og:site_name\" content=\"Blog do Florisvaldo\" \/>\n<meta property=\"article:published_time\" content=\"2026-01-21T23:53:30+00:00\" \/>\n<meta property=\"article:modified_time\" content=\"2026-01-22T00:06:12+00:00\" \/>\n<meta property=\"og:image\" content=\"http:\/\/portaldenoticias.net\/ffsantos\/wp-content\/uploads\/2026\/01\/cARROS-monza-697127a434040.webp\" \/>\n\t<meta property=\"og:image:width\" content=\"1600\" \/>\n\t<meta property=\"og:image:height\" content=\"1200\" \/>\n\t<meta property=\"og:image:type\" content=\"image\/webp\" \/>\n<meta name=\"author\" content=\"Florisvaldo\" \/>\n<meta name=\"twitter:card\" content=\"summary_large_image\" \/>\n<meta name=\"twitter:label1\" content=\"Escrito por\" \/>\n\t<meta name=\"twitter:data1\" content=\"Florisvaldo\" \/>\n\t<meta name=\"twitter:label2\" content=\"Est. tempo de leitura\" \/>\n\t<meta name=\"twitter:data2\" content=\"5 minutos\" \/>\n<script type=\"application\/ld+json\" class=\"yoast-schema-graph\">{\"@context\":\"https:\\\/\\\/schema.org\",\"@graph\":[{\"@type\":\"Article\",\"@id\":\"https:\\\/\\\/portaldenoticias.net\\\/ffsantos\\\/engravatados-de-brasilia-querem-tornar-vistoria-obrigatoria-para-carros\\\/#article\",\"isPartOf\":{\"@id\":\"https:\\\/\\\/portaldenoticias.net\\\/ffsantos\\\/engravatados-de-brasilia-querem-tornar-vistoria-obrigatoria-para-carros\\\/\"},\"author\":{\"name\":\"Florisvaldo\",\"@id\":\"https:\\\/\\\/portaldenoticias.net\\\/ffsantos\\\/#\\\/schema\\\/person\\\/709c788ecb22f2378d698c2cd46cecc3\"},\"headline\":\"ENGRAVATADOS DE BRAS\u00cdLIA QUEREM TORNAR VISTORIA OBRIGAT\u00d3RIA PARA CARROS\",\"datePublished\":\"2026-01-21T23:53:30+00:00\",\"dateModified\":\"2026-01-22T00:06:12+00:00\",\"mainEntityOfPage\":{\"@id\":\"https:\\\/\\\/portaldenoticias.net\\\/ffsantos\\\/engravatados-de-brasilia-querem-tornar-vistoria-obrigatoria-para-carros\\\/\"},\"wordCount\":773,\"commentCount\":0,\"image\":{\"@id\":\"https:\\\/\\\/portaldenoticias.net\\\/ffsantos\\\/engravatados-de-brasilia-querem-tornar-vistoria-obrigatoria-para-carros\\\/#primaryimage\"},\"thumbnailUrl\":\"https:\\\/\\\/portaldenoticias.net\\\/ffsantos\\\/wp-content\\\/uploads\\\/2026\\\/01\\\/cARROS-monza-697127a434040.webp\",\"articleSection\":[\"Brasil\"],\"inLanguage\":\"pt-BR\",\"potentialAction\":[{\"@type\":\"CommentAction\",\"name\":\"Comment\",\"target\":[\"https:\\\/\\\/portaldenoticias.net\\\/ffsantos\\\/engravatados-de-brasilia-querem-tornar-vistoria-obrigatoria-para-carros\\\/#respond\"]}]},{\"@type\":\"WebPage\",\"@id\":\"https:\\\/\\\/portaldenoticias.net\\\/ffsantos\\\/engravatados-de-brasilia-querem-tornar-vistoria-obrigatoria-para-carros\\\/\",\"url\":\"https:\\\/\\\/portaldenoticias.net\\\/ffsantos\\\/engravatados-de-brasilia-querem-tornar-vistoria-obrigatoria-para-carros\\\/\",\"name\":\"ENGRAVATADOS DE BRAS\u00cdLIA QUEREM TORNAR VISTORIA OBRIGAT\u00d3RIA PARA CARROS - Blog do Florisvaldo\",\"isPartOf\":{\"@id\":\"https:\\\/\\\/portaldenoticias.net\\\/ffsantos\\\/#website\"},\"primaryImageOfPage\":{\"@id\":\"https:\\\/\\\/portaldenoticias.net\\\/ffsantos\\\/engravatados-de-brasilia-querem-tornar-vistoria-obrigatoria-para-carros\\\/#primaryimage\"},\"image\":{\"@id\":\"https:\\\/\\\/portaldenoticias.net\\\/ffsantos\\\/engravatados-de-brasilia-querem-tornar-vistoria-obrigatoria-para-carros\\\/#primaryimage\"},\"thumbnailUrl\":\"https:\\\/\\\/portaldenoticias.net\\\/ffsantos\\\/wp-content\\\/uploads\\\/2026\\\/01\\\/cARROS-monza-697127a434040.webp\",\"datePublished\":\"2026-01-21T23:53:30+00:00\",\"dateModified\":\"2026-01-22T00:06:12+00:00\",\"author\":{\"@id\":\"https:\\\/\\\/portaldenoticias.net\\\/ffsantos\\\/#\\\/schema\\\/person\\\/709c788ecb22f2378d698c2cd46cecc3\"},\"breadcrumb\":{\"@id\":\"https:\\\/\\\/portaldenoticias.net\\\/ffsantos\\\/engravatados-de-brasilia-querem-tornar-vistoria-obrigatoria-para-carros\\\/#breadcrumb\"},\"inLanguage\":\"pt-BR\",\"potentialAction\":[{\"@type\":\"ReadAction\",\"target\":[\"https:\\\/\\\/portaldenoticias.net\\\/ffsantos\\\/engravatados-de-brasilia-querem-tornar-vistoria-obrigatoria-para-carros\\\/\"]}]},{\"@type\":\"ImageObject\",\"inLanguage\":\"pt-BR\",\"@id\":\"https:\\\/\\\/portaldenoticias.net\\\/ffsantos\\\/engravatados-de-brasilia-querem-tornar-vistoria-obrigatoria-para-carros\\\/#primaryimage\",\"url\":\"https:\\\/\\\/portaldenoticias.net\\\/ffsantos\\\/wp-content\\\/uploads\\\/2026\\\/01\\\/cARROS-monza-697127a434040.webp\",\"contentUrl\":\"https:\\\/\\\/portaldenoticias.net\\\/ffsantos\\\/wp-content\\\/uploads\\\/2026\\\/01\\\/cARROS-monza-697127a434040.webp\",\"width\":1600,\"height\":1200,\"caption\":\"A vistoria veicular voltou ao centro do debate entre os pol\u00edticos engravatados em Bras\u00edlia e, mais uma vez, divide opini\u00f5es entre motoristas, especialistas e parlamentares. Um novo projeto de lei pode mudar de forma significativa a rela\u00e7\u00e3o dos brasileiros com a manuten\u00e7\u00e3o e a regulariza\u00e7\u00e3o dos seus carros - Foto: Roberta Sim\u00f5es\"},{\"@type\":\"BreadcrumbList\",\"@id\":\"https:\\\/\\\/portaldenoticias.net\\\/ffsantos\\\/engravatados-de-brasilia-querem-tornar-vistoria-obrigatoria-para-carros\\\/#breadcrumb\",\"itemListElement\":[{\"@type\":\"ListItem\",\"position\":1,\"name\":\"In\u00edcio\",\"item\":\"https:\\\/\\\/portaldenoticias.net\\\/ffsantos\\\/\"},{\"@type\":\"ListItem\",\"position\":2,\"name\":\"ENGRAVATADOS DE BRAS\u00cdLIA QUEREM TORNAR VISTORIA OBRIGAT\u00d3RIA PARA CARROS\"}]},{\"@type\":\"WebSite\",\"@id\":\"https:\\\/\\\/portaldenoticias.net\\\/ffsantos\\\/#website\",\"url\":\"https:\\\/\\\/portaldenoticias.net\\\/ffsantos\\\/\",\"name\":\"Blog do Florisvaldo |\",\"description\":\"Informa\u00e7\u00e3o com imparcialidade\",\"potentialAction\":[{\"@type\":\"SearchAction\",\"target\":{\"@type\":\"EntryPoint\",\"urlTemplate\":\"https:\\\/\\\/portaldenoticias.net\\\/ffsantos\\\/?s={search_term_string}\"},\"query-input\":{\"@type\":\"PropertyValueSpecification\",\"valueRequired\":true,\"valueName\":\"search_term_string\"}}],\"inLanguage\":\"pt-BR\"},{\"@type\":\"Person\",\"@id\":\"https:\\\/\\\/portaldenoticias.net\\\/ffsantos\\\/#\\\/schema\\\/person\\\/709c788ecb22f2378d698c2cd46cecc3\",\"name\":\"Florisvaldo\",\"image\":{\"@type\":\"ImageObject\",\"inLanguage\":\"pt-BR\",\"@id\":\"https:\\\/\\\/secure.gravatar.com\\\/avatar\\\/23c59839b4c874bb227d4916d18ba065e405a73d0e423fa9255ba9436604e628?s=96&d=mm&r=g\",\"url\":\"https:\\\/\\\/secure.gravatar.com\\\/avatar\\\/23c59839b4c874bb227d4916d18ba065e405a73d0e423fa9255ba9436604e628?s=96&d=mm&r=g\",\"contentUrl\":\"https:\\\/\\\/secure.gravatar.com\\\/avatar\\\/23c59839b4c874bb227d4916d18ba065e405a73d0e423fa9255ba9436604e628?s=96&d=mm&r=g\",\"caption\":\"Florisvaldo\"},\"url\":\"https:\\\/\\\/portaldenoticias.net\\\/ffsantos\\\/author\\\/ffsantos\\\/\"}]}<\/script>\n<!-- \/ Yoast SEO plugin. -->","yoast_head_json":{"title":"ENGRAVATADOS DE BRAS\u00cdLIA QUEREM TORNAR VISTORIA OBRIGAT\u00d3RIA PARA CARROS - Blog do Florisvaldo","robots":{"index":"index","follow":"follow","max-snippet":"max-snippet:-1","max-image-preview":"max-image-preview:large","max-video-preview":"max-video-preview:-1"},"canonical":"https:\/\/portaldenoticias.net\/ffsantos\/engravatados-de-brasilia-querem-tornar-vistoria-obrigatoria-para-carros\/","og_locale":"pt_BR","og_type":"article","og_title":"ENGRAVATADOS DE BRAS\u00cdLIA QUEREM TORNAR VISTORIA OBRIGAT\u00d3RIA PARA CARROS - Blog do Florisvaldo","og_description":"Vistoria obrigat\u00f3ria volta \u00e0 pauta no Congresso Est\u00e1 em an\u00e1lise na C\u00e2mara dos Deputados o\u00a0Projeto de Lei 3507\/25, de autoria do deputado\u00a0Fausto Pinato (PP-SP). A proposta prev\u00ea a\u00a0vistoria veicular peri\u00f3dica obrigat\u00f3ria em todo o Brasil para\u00a0\u00a0ve\u00edculos\u00a0com mais de cinco anos de fabrica\u00e7\u00e3o, o que pode alterar pontos importantes do\u00a0C\u00f3digo de Tr\u00e2nsito Brasileiro (CTB). Segundo informa\u00e7\u00f5es","og_url":"https:\/\/portaldenoticias.net\/ffsantos\/engravatados-de-brasilia-querem-tornar-vistoria-obrigatoria-para-carros\/","og_site_name":"Blog do Florisvaldo","article_published_time":"2026-01-21T23:53:30+00:00","article_modified_time":"2026-01-22T00:06:12+00:00","og_image":[{"width":1600,"height":1200,"url":"http:\/\/portaldenoticias.net\/ffsantos\/wp-content\/uploads\/2026\/01\/cARROS-monza-697127a434040.webp","type":"image\/webp"}],"author":"Florisvaldo","twitter_card":"summary_large_image","twitter_misc":{"Escrito por":"Florisvaldo","Est. tempo de leitura":"5 minutos"},"schema":{"@context":"https:\/\/schema.org","@graph":[{"@type":"Article","@id":"https:\/\/portaldenoticias.net\/ffsantos\/engravatados-de-brasilia-querem-tornar-vistoria-obrigatoria-para-carros\/#article","isPartOf":{"@id":"https:\/\/portaldenoticias.net\/ffsantos\/engravatados-de-brasilia-querem-tornar-vistoria-obrigatoria-para-carros\/"},"author":{"name":"Florisvaldo","@id":"https:\/\/portaldenoticias.net\/ffsantos\/#\/schema\/person\/709c788ecb22f2378d698c2cd46cecc3"},"headline":"ENGRAVATADOS DE BRAS\u00cdLIA QUEREM TORNAR VISTORIA OBRIGAT\u00d3RIA PARA CARROS","datePublished":"2026-01-21T23:53:30+00:00","dateModified":"2026-01-22T00:06:12+00:00","mainEntityOfPage":{"@id":"https:\/\/portaldenoticias.net\/ffsantos\/engravatados-de-brasilia-querem-tornar-vistoria-obrigatoria-para-carros\/"},"wordCount":773,"commentCount":0,"image":{"@id":"https:\/\/portaldenoticias.net\/ffsantos\/engravatados-de-brasilia-querem-tornar-vistoria-obrigatoria-para-carros\/#primaryimage"},"thumbnailUrl":"https:\/\/portaldenoticias.net\/ffsantos\/wp-content\/uploads\/2026\/01\/cARROS-monza-697127a434040.webp","articleSection":["Brasil"],"inLanguage":"pt-BR","potentialAction":[{"@type":"CommentAction","name":"Comment","target":["https:\/\/portaldenoticias.net\/ffsantos\/engravatados-de-brasilia-querem-tornar-vistoria-obrigatoria-para-carros\/#respond"]}]},{"@type":"WebPage","@id":"https:\/\/portaldenoticias.net\/ffsantos\/engravatados-de-brasilia-querem-tornar-vistoria-obrigatoria-para-carros\/","url":"https:\/\/portaldenoticias.net\/ffsantos\/engravatados-de-brasilia-querem-tornar-vistoria-obrigatoria-para-carros\/","name":"ENGRAVATADOS DE BRAS\u00cdLIA QUEREM TORNAR VISTORIA OBRIGAT\u00d3RIA PARA CARROS - Blog do Florisvaldo","isPartOf":{"@id":"https:\/\/portaldenoticias.net\/ffsantos\/#website"},"primaryImageOfPage":{"@id":"https:\/\/portaldenoticias.net\/ffsantos\/engravatados-de-brasilia-querem-tornar-vistoria-obrigatoria-para-carros\/#primaryimage"},"image":{"@id":"https:\/\/portaldenoticias.net\/ffsantos\/engravatados-de-brasilia-querem-tornar-vistoria-obrigatoria-para-carros\/#primaryimage"},"thumbnailUrl":"https:\/\/portaldenoticias.net\/ffsantos\/wp-content\/uploads\/2026\/01\/cARROS-monza-697127a434040.webp","datePublished":"2026-01-21T23:53:30+00:00","dateModified":"2026-01-22T00:06:12+00:00","author":{"@id":"https:\/\/portaldenoticias.net\/ffsantos\/#\/schema\/person\/709c788ecb22f2378d698c2cd46cecc3"},"breadcrumb":{"@id":"https:\/\/portaldenoticias.net\/ffsantos\/engravatados-de-brasilia-querem-tornar-vistoria-obrigatoria-para-carros\/#breadcrumb"},"inLanguage":"pt-BR","potentialAction":[{"@type":"ReadAction","target":["https:\/\/portaldenoticias.net\/ffsantos\/engravatados-de-brasilia-querem-tornar-vistoria-obrigatoria-para-carros\/"]}]},{"@type":"ImageObject","inLanguage":"pt-BR","@id":"https:\/\/portaldenoticias.net\/ffsantos\/engravatados-de-brasilia-querem-tornar-vistoria-obrigatoria-para-carros\/#primaryimage","url":"https:\/\/portaldenoticias.net\/ffsantos\/wp-content\/uploads\/2026\/01\/cARROS-monza-697127a434040.webp","contentUrl":"https:\/\/portaldenoticias.net\/ffsantos\/wp-content\/uploads\/2026\/01\/cARROS-monza-697127a434040.webp","width":1600,"height":1200,"caption":"A vistoria veicular voltou ao centro do debate entre os pol\u00edticos engravatados em Bras\u00edlia e, mais uma vez, divide opini\u00f5es entre motoristas, especialistas e parlamentares. Um novo projeto de lei pode mudar de forma significativa a rela\u00e7\u00e3o dos brasileiros com a manuten\u00e7\u00e3o e a regulariza\u00e7\u00e3o dos seus carros - Foto: Roberta Sim\u00f5es"},{"@type":"BreadcrumbList","@id":"https:\/\/portaldenoticias.net\/ffsantos\/engravatados-de-brasilia-querem-tornar-vistoria-obrigatoria-para-carros\/#breadcrumb","itemListElement":[{"@type":"ListItem","position":1,"name":"In\u00edcio","item":"https:\/\/portaldenoticias.net\/ffsantos\/"},{"@type":"ListItem","position":2,"name":"ENGRAVATADOS DE BRAS\u00cdLIA QUEREM TORNAR VISTORIA OBRIGAT\u00d3RIA PARA CARROS"}]},{"@type":"WebSite","@id":"https:\/\/portaldenoticias.net\/ffsantos\/#website","url":"https:\/\/portaldenoticias.net\/ffsantos\/","name":"Blog do Florisvaldo |","description":"Informa\u00e7\u00e3o com imparcialidade","potentialAction":[{"@type":"SearchAction","target":{"@type":"EntryPoint","urlTemplate":"https:\/\/portaldenoticias.net\/ffsantos\/?s={search_term_string}"},"query-input":{"@type":"PropertyValueSpecification","valueRequired":true,"valueName":"search_term_string"}}],"inLanguage":"pt-BR"},{"@type":"Person","@id":"https:\/\/portaldenoticias.net\/ffsantos\/#\/schema\/person\/709c788ecb22f2378d698c2cd46cecc3","name":"Florisvaldo","image":{"@type":"ImageObject","inLanguage":"pt-BR","@id":"https:\/\/secure.gravatar.com\/avatar\/23c59839b4c874bb227d4916d18ba065e405a73d0e423fa9255ba9436604e628?s=96&d=mm&r=g","url":"https:\/\/secure.gravatar.com\/avatar\/23c59839b4c874bb227d4916d18ba065e405a73d0e423fa9255ba9436604e628?s=96&d=mm&r=g","contentUrl":"https:\/\/secure.gravatar.com\/avatar\/23c59839b4c874bb227d4916d18ba065e405a73d0e423fa9255ba9436604e628?s=96&d=mm&r=g","caption":"Florisvaldo"},"url":"https:\/\/portaldenoticias.net\/ffsantos\/author\/ffsantos\/"}]}},"_links":{"self":[{"href":"https:\/\/portaldenoticias.net\/ffsantos\/wp-json\/wp\/v2\/posts\/21935","targetHints":{"allow":["GET"]}}],"collection":[{"href":"https:\/\/portaldenoticias.net\/ffsantos\/wp-json\/wp\/v2\/posts"}],"about":[{"href":"https:\/\/portaldenoticias.net\/ffsantos\/wp-json\/wp\/v2\/types\/post"}],"author":[{"embeddable":true,"href":"https:\/\/portaldenoticias.net\/ffsantos\/wp-json\/wp\/v2\/users\/2"}],"replies":[{"embeddable":true,"href":"https:\/\/portaldenoticias.net\/ffsantos\/wp-json\/wp\/v2\/comments?post=21935"}],"version-history":[{"count":3,"href":"https:\/\/portaldenoticias.net\/ffsantos\/wp-json\/wp\/v2\/posts\/21935\/revisions"}],"predecessor-version":[{"id":21940,"href":"https:\/\/portaldenoticias.net\/ffsantos\/wp-json\/wp\/v2\/posts\/21935\/revisions\/21940"}],"wp:featuredmedia":[{"embeddable":true,"href":"https:\/\/portaldenoticias.net\/ffsantos\/wp-json\/wp\/v2\/media\/21936"}],"wp:attachment":[{"href":"https:\/\/portaldenoticias.net\/ffsantos\/wp-json\/wp\/v2\/media?parent=21935"}],"wp:term":[{"taxonomy":"category","embeddable":true,"href":"https:\/\/portaldenoticias.net\/ffsantos\/wp-json\/wp\/v2\/categories?post=21935"},{"taxonomy":"post_tag","embeddable":true,"href":"https:\/\/portaldenoticias.net\/ffsantos\/wp-json\/wp\/v2\/tags?post=21935"}],"curies":[{"name":"wp","href":"https:\/\/api.w.org\/{rel}","templated":true}]}}