{"id":21867,"date":"2026-01-17T07:00:06","date_gmt":"2026-01-17T10:00:06","guid":{"rendered":"https:\/\/portaldenoticias.net\/ffsantos\/?p=21867"},"modified":"2026-01-17T12:45:47","modified_gmt":"2026-01-17T15:45:47","slug":"despedida-e-chegada-a-sua-eterna-morada","status":"publish","type":"post","link":"https:\/\/portaldenoticias.net\/ffsantos\/despedida-e-chegada-a-sua-eterna-morada\/","title":{"rendered":"DESPEDIDA E CHEGADA DO CELMI \u00c0 SUA ETERNA MORADA"},"content":{"rendered":"<p><a href=\"http:\/\/portaldenoticias.net\/ffsantos\/wp-content\/uploads\/2026\/01\/Cem-1.jpg\"><img loading=\"lazy\" decoding=\"async\" class=\"aligncenter size-full wp-image-21868\" src=\"http:\/\/portaldenoticias.net\/ffsantos\/wp-content\/uploads\/2026\/01\/Cem-1.jpg\" alt=\"\" width=\"567\" height=\"425\" srcset=\"https:\/\/portaldenoticias.net\/ffsantos\/wp-content\/uploads\/2026\/01\/Cem-1.jpg 567w, https:\/\/portaldenoticias.net\/ffsantos\/wp-content\/uploads\/2026\/01\/Cem-1-300x225.jpg 300w, https:\/\/portaldenoticias.net\/ffsantos\/wp-content\/uploads\/2026\/01\/Cem-1-150x112.jpg 150w, https:\/\/portaldenoticias.net\/ffsantos\/wp-content\/uploads\/2026\/01\/Cem-1-450x337.jpg 450w\" sizes=\"auto, (max-width: 567px) 100vw, 567px\" \/> <\/a><\/p>\n<p><a href=\"http:\/\/portaldenoticias.net\/ffsantos\/wp-content\/uploads\/2026\/01\/Cem-1.jpg\"><em><strong>\u00a0 \u00a0 \u00a0 \u00a0 \u00a0 \u00a0 \u00a0 \u00a0 \u00a0 \u00a0 \u00a0 \u00a0 \u00a0 \u00a0 \u00a0 \u00a0 \u00a0 \u00a0 \u00a0 \u00a0 \u00a0 \u00a0 \u00a0 \u00a0 \u00a0 \u00a0 \u00a0 \u00a0 \u00a0 \u00a0 \u00a0 \u00a0 \u00a0 \u00a0 \u00a0 \u00a0 \u00a0 \u00a0 \u00a0 \u00a0 \u00a0 \u00a0 \u00a0 \u00a0 \u00a0 \u00a0 \u00a0 \u00a0 \u00a0 \u00a0 \u00a0 \u00a0 \u00a0 \u00a0 \u00a0 \u00a0 \u00a0 \u00a0 \u00a0 \u00a0 \u00a0 \u00a0 \u00a0 \u00a0 \u00a0 \u00a0 \u00a0Por: Florisvaldo F dos Santos<\/strong><\/em><\/a><\/p>\n<p>Hoje, 17 de janeiro de 2026, a comunidade da Parelha vive um momento de profunda como\u00e7\u00e3o. Despede-se do plano terreno <strong>Ancelmo Ara\u00fajo da Silva, carinhosamente conhecido como Celmi<\/strong>, um homem simples, \u00edntegro e dedicado, que deixa como legado uma hist\u00f3ria marcada pelo compromisso com o bem coletivo e pelo amor \u00e0 sua comunidade.<\/p>\n<p>Celmi n\u00e3o apenas sonhou, mas <strong>ajudou a transformar em realidade<\/strong> um dos mais importantes projetos comunit\u00e1rios da Parelha: a constru\u00e7\u00e3o do <strong>Cemit\u00e9rio Professor Zacarias Mendes da Silva<\/strong>, espa\u00e7o de respeito, dignidade e mem\u00f3ria para gera\u00e7\u00f5es presentes e futuras.<\/p>\n<p style=\"text-align: center\"><strong><em>Retrospectiva do Projeto e da Constru\u00e7\u00e3o<\/em><\/strong><\/p>\n<p>A iniciativa para a constru\u00e7\u00e3o do cemit\u00e9rio surgiu a partir do compromisso e da sensibilidade comunit\u00e1ria de <strong>Jarbas Pereira da Silva<\/strong> e <strong>Florisvaldo Ferreira dos Santos<\/strong>, que convocaram a primeira reuni\u00e3o no dia <strong>03 de agosto de 2022<\/strong>. Estiveram presentes naquele encontro decisivo: Jarbas, Florisvaldo, Celmi, Raimundo, Jos\u00e9 Ailton, Nivaldo, Valter Fernandes, Carlinho, Aurinho, Natanael, Aleilson e Som.<\/p>\n<p>Os principais desafios iniciais eram a <strong>defini\u00e7\u00e3o do local<\/strong> e, sobretudo, a <strong>aquisi\u00e7\u00e3o do terreno<\/strong>. De forma espont\u00e2nea e generosa, o senhor <strong>Nivaldo<\/strong> solucionou definitivamente essa quest\u00e3o ao doar um terreno localizado na <strong>Fazenda Parelha<\/strong>, na \u00e1rea pretendida, com dimens\u00f5es de <strong>60 metros por 40 metros<\/strong>, totalizando <strong>240 m\u00b2<\/strong>.<\/p>\n<p>Com o local definido, Florisvaldo apresentou a proposta de que a obra fosse realizada em <strong>regime de mutir\u00e3o<\/strong>, envolvendo a comunidade local, a iniciativa privada e a sociedade civil organizada, unindo for\u00e7as na doa\u00e7\u00e3o de m\u00e3o de obra e materiais.<\/p>\n<p><a href=\"http:\/\/portaldenoticias.net\/ffsantos\/wp-content\/uploads\/2026\/01\/Cem-2-Mat-cem-2.jpg\"><img loading=\"lazy\" decoding=\"async\" class=\"alignleft size-medium wp-image-21869\" src=\"http:\/\/portaldenoticias.net\/ffsantos\/wp-content\/uploads\/2026\/01\/Cem-2-Mat-cem-2-300x225.jpg\" alt=\"\" width=\"300\" height=\"225\" srcset=\"https:\/\/portaldenoticias.net\/ffsantos\/wp-content\/uploads\/2026\/01\/Cem-2-Mat-cem-2-300x225.jpg 300w, https:\/\/portaldenoticias.net\/ffsantos\/wp-content\/uploads\/2026\/01\/Cem-2-Mat-cem-2-150x112.jpg 150w, https:\/\/portaldenoticias.net\/ffsantos\/wp-content\/uploads\/2026\/01\/Cem-2-Mat-cem-2-450x337.jpg 450w, https:\/\/portaldenoticias.net\/ffsantos\/wp-content\/uploads\/2026\/01\/Cem-2-Mat-cem-2.jpg 567w\" sizes=\"auto, (max-width: 300px) 100vw, 300px\" \/><\/a>Jarbas, por sua vez, sugeriu que, al\u00e9m do cemit\u00e9rio, fosse constru\u00edda uma <strong>capela<\/strong>, que serviria tanto para momentos de ora\u00e7\u00e3o quanto para vel\u00f3rios, quando necess\u00e1rio. Prop\u00f4s ainda que o espa\u00e7o fosse denominado <strong>Cemit\u00e9rio Professor Zacarias Mendes da Silva (Cemit\u00e9rio da Parelha)<\/strong> e que a capela recebesse o nome de <strong>Capela Nossa Senhora Aparecida<\/strong>, reconhecida como <strong>Protetora, Guardi\u00e3 e Padroeira<\/strong> do cemit\u00e9rio e da capela.<\/p>\n<p>As propostas foram <strong>aprovadas por unanimidade e aclama\u00e7\u00e3o<\/strong>.<\/p>\n<p>J\u00e1 no dia seguinte, <strong>04 de agosto de 2022<\/strong>, tiveram in\u00edcio os trabalhos com a limpeza e demarca\u00e7\u00e3o do terreno, al\u00e9m da campanha de arrecada\u00e7\u00e3o de materiais, conduzida de forma exemplar pela senhora <strong>Elenilda<\/strong>.<\/p>\n<p>Foram <strong>156 dias de trabalho incans\u00e1vel<\/strong>, marcados pelo esfor\u00e7o f\u00edsico, dedica\u00e7\u00e3o e perseveran\u00e7a de <strong>Aurinho, Rob\u00e9rio e, de forma muito especial, Celmi<\/strong>, al\u00e9m da administra\u00e7\u00e3o e acompanhamento &#8211; mesmo \u00e0 dist\u00e2ncia &#8211; de Jarbas e Florisvaldo. A obra foi conclu\u00edda em <strong>23 de dezembro de 2022<\/strong>, tornando-se um marco de uni\u00e3o e solidariedade comunit\u00e1ria.<\/p>\n<p style=\"text-align: center\"><strong><em>O Adeus e o Legado<\/em><\/strong><\/p>\n<figure id=\"attachment_21870\" aria-describedby=\"caption-attachment-21870\" style=\"width: 465px\" class=\"wp-caption aligncenter\"><a href=\"http:\/\/portaldenoticias.net\/ffsantos\/wp-content\/uploads\/2026\/01\/Cem-3-Celmi-magem1.png\"><img loading=\"lazy\" decoding=\"async\" class=\"size-full wp-image-21870\" src=\"http:\/\/portaldenoticias.net\/ffsantos\/wp-content\/uploads\/2026\/01\/Cem-3-Celmi-magem1.png\" alt=\"\" width=\"465\" height=\"461\" srcset=\"https:\/\/portaldenoticias.net\/ffsantos\/wp-content\/uploads\/2026\/01\/Cem-3-Celmi-magem1.png 465w, https:\/\/portaldenoticias.net\/ffsantos\/wp-content\/uploads\/2026\/01\/Cem-3-Celmi-magem1-300x297.png 300w, https:\/\/portaldenoticias.net\/ffsantos\/wp-content\/uploads\/2026\/01\/Cem-3-Celmi-magem1-150x149.png 150w, https:\/\/portaldenoticias.net\/ffsantos\/wp-content\/uploads\/2026\/01\/Cem-3-Celmi-magem1-450x446.png 450w\" sizes=\"auto, (max-width: 465px) 100vw, 465px\" \/><\/a><figcaption id=\"caption-attachment-21870\" class=\"wp-caption-text\">Ancelmo Ara\u00fajo da Silva, carinhosamente conhecido como Celmi<\/figcaption><\/figure>\n<p>Hoje, um dos <strong>idealizadores e construtores desse espa\u00e7o sagrado<\/strong> retorna ao mesmo solo ao qual dedicou sua for\u00e7a, seu tempo e sua f\u00e9. <strong>Celmi \u00e9 sepultado na sepultura de n\u00famero 08<\/strong>, no cemit\u00e9rio onde esteve presente em todas as etapas \u2014 do planejamento \u00e0 execu\u00e7\u00e3o, da manuten\u00e7\u00e3o ao cuidado di\u00e1rio \u2014 at\u00e9 o \u00faltimo dia em que conservou plenamente suas faculdades mentais.<\/p>\n<p>Sua partida nos entristece, mas seu legado nos conforta. Celmi permanece vivo na mem\u00f3ria coletiva, inscrito n\u00e3o apenas em nomes ou registros, mas <strong>em cada parede erguida, em cada gesto solid\u00e1rio e em cada despedida digna que ali se realiza<\/strong>.<\/p>\n<p>Fica aqui registrado o nosso <strong>profundo reconhecimento e eterna gratid\u00e3o<\/strong> a <strong>Celmi<\/strong>, por tudo o que fez pelo Cemit\u00e9rio da Parelha e pela comunidade.<\/p>\n<p>Que o <strong>Criador o receba de bra\u00e7os abertos<\/strong>, concedendo-lhe o descanso eterno na morada que ele ajudou a construir com tanto amor e dedica\u00e7\u00e3o.<\/p>\n<p><strong>Descanse em paz, Celmi. Sua obra permanece. Sua hist\u00f3ria jamais ser\u00e1 esquecida.<\/strong><\/p>\n<p style=\"text-align: center\"><strong>Os Administradores:<\/strong><\/p>\n<p style=\"text-align: center\">Jarbas Pereira da Silva<\/p>\n<p style=\"text-align: center\">Florisvaldo Ferreira dos Santos<\/p>\n<p style=\"text-align: center\">Aurinho<\/p>\n<p style=\"text-align: center\">Elenilda<\/p>\n<p style=\"text-align: center\"><strong>Blog do Florisvaldo \u2013 Informa\u00e7\u00e3o com Imparcialidade<\/strong><\/p>\n<p>&nbsp;<\/p>\n<p>&nbsp;<\/p>\n<p>&nbsp;<\/p>\n<p>&nbsp;<\/p>\n","protected":false},"excerpt":{"rendered":"<p>\u00a0 \u00a0 \u00a0 \u00a0 \u00a0 \u00a0 \u00a0 \u00a0 \u00a0 \u00a0 \u00a0 \u00a0 \u00a0 \u00a0 \u00a0 \u00a0 \u00a0 \u00a0 \u00a0 \u00a0 \u00a0 \u00a0 \u00a0 \u00a0 \u00a0 \u00a0 \u00a0 \u00a0 \u00a0 \u00a0 \u00a0 \u00a0 \u00a0 \u00a0 \u00a0 \u00a0 \u00a0 \u00a0 \u00a0 \u00a0 \u00a0 \u00a0 \u00a0 \u00a0 \u00a0 \u00a0 \u00a0 \u00a0 \u00a0 \u00a0 \u00a0 \u00a0 \u00a0 \u00a0 \u00a0<\/p>\n","protected":false},"author":2,"featured_media":21868,"comment_status":"open","ping_status":"open","sticky":false,"template":"","format":"standard","meta":{"footnotes":""},"categories":[2,1],"tags":[],"class_list":{"0":"post-21867","1":"post","2":"type-post","3":"status-publish","4":"format-standard","5":"has-post-thumbnail","7":"category-brasil","8":"category-destaques"},"yoast_head":"<!-- This site is optimized with the Yoast SEO plugin v27.4 - https:\/\/yoast.com\/product\/yoast-seo-wordpress\/ -->\n<title>DESPEDIDA E CHEGADA DO CELMI \u00c0 SUA ETERNA MORADA - Blog do Florisvaldo<\/title>\n<meta name=\"robots\" content=\"index, follow, max-snippet:-1, max-image-preview:large, max-video-preview:-1\" \/>\n<link rel=\"canonical\" href=\"https:\/\/portaldenoticias.net\/ffsantos\/despedida-e-chegada-a-sua-eterna-morada\/\" \/>\n<meta property=\"og:locale\" content=\"pt_BR\" \/>\n<meta property=\"og:type\" content=\"article\" \/>\n<meta property=\"og:title\" content=\"DESPEDIDA E CHEGADA DO CELMI \u00c0 SUA ETERNA MORADA - Blog do Florisvaldo\" \/>\n<meta property=\"og:description\" content=\"\u00a0 \u00a0 \u00a0 \u00a0 \u00a0 \u00a0 \u00a0 \u00a0 \u00a0 \u00a0 \u00a0 \u00a0 \u00a0 \u00a0 \u00a0 \u00a0 \u00a0 \u00a0 \u00a0 \u00a0 \u00a0 \u00a0 \u00a0 \u00a0 \u00a0 \u00a0 \u00a0 \u00a0 \u00a0 \u00a0 \u00a0 \u00a0 \u00a0 \u00a0 \u00a0 \u00a0 \u00a0 \u00a0 \u00a0 \u00a0 \u00a0 \u00a0 \u00a0 \u00a0 \u00a0 \u00a0 \u00a0 \u00a0 \u00a0 \u00a0 \u00a0 \u00a0 \u00a0 \u00a0 \u00a0\" \/>\n<meta property=\"og:url\" content=\"https:\/\/portaldenoticias.net\/ffsantos\/despedida-e-chegada-a-sua-eterna-morada\/\" \/>\n<meta property=\"og:site_name\" content=\"Blog do Florisvaldo\" \/>\n<meta property=\"article:published_time\" content=\"2026-01-17T10:00:06+00:00\" \/>\n<meta property=\"article:modified_time\" content=\"2026-01-17T15:45:47+00:00\" \/>\n<meta property=\"og:image\" content=\"http:\/\/portaldenoticias.net\/ffsantos\/wp-content\/uploads\/2026\/01\/Cem-1.jpg\" \/>\n\t<meta property=\"og:image:width\" content=\"567\" \/>\n\t<meta property=\"og:image:height\" content=\"425\" \/>\n\t<meta property=\"og:image:type\" content=\"image\/jpeg\" \/>\n<meta name=\"author\" content=\"Florisvaldo\" \/>\n<meta name=\"twitter:card\" content=\"summary_large_image\" \/>\n<meta name=\"twitter:label1\" content=\"Escrito por\" \/>\n\t<meta name=\"twitter:data1\" content=\"Florisvaldo\" \/>\n\t<meta name=\"twitter:label2\" content=\"Est. tempo de leitura\" \/>\n\t<meta name=\"twitter:data2\" content=\"5 minutos\" \/>\n<script type=\"application\/ld+json\" class=\"yoast-schema-graph\">{\"@context\":\"https:\\\/\\\/schema.org\",\"@graph\":[{\"@type\":\"Article\",\"@id\":\"https:\\\/\\\/portaldenoticias.net\\\/ffsantos\\\/despedida-e-chegada-a-sua-eterna-morada\\\/#article\",\"isPartOf\":{\"@id\":\"https:\\\/\\\/portaldenoticias.net\\\/ffsantos\\\/despedida-e-chegada-a-sua-eterna-morada\\\/\"},\"author\":{\"name\":\"Florisvaldo\",\"@id\":\"https:\\\/\\\/portaldenoticias.net\\\/ffsantos\\\/#\\\/schema\\\/person\\\/709c788ecb22f2378d698c2cd46cecc3\"},\"headline\":\"DESPEDIDA E CHEGADA DO CELMI \u00c0 SUA ETERNA MORADA\",\"datePublished\":\"2026-01-17T10:00:06+00:00\",\"dateModified\":\"2026-01-17T15:45:47+00:00\",\"mainEntityOfPage\":{\"@id\":\"https:\\\/\\\/portaldenoticias.net\\\/ffsantos\\\/despedida-e-chegada-a-sua-eterna-morada\\\/\"},\"wordCount\":671,\"commentCount\":0,\"image\":{\"@id\":\"https:\\\/\\\/portaldenoticias.net\\\/ffsantos\\\/despedida-e-chegada-a-sua-eterna-morada\\\/#primaryimage\"},\"thumbnailUrl\":\"https:\\\/\\\/portaldenoticias.net\\\/ffsantos\\\/wp-content\\\/uploads\\\/2026\\\/01\\\/Cem-1.jpg\",\"articleSection\":[\"Brasil\",\"Destaques\"],\"inLanguage\":\"pt-BR\",\"potentialAction\":[{\"@type\":\"CommentAction\",\"name\":\"Comment\",\"target\":[\"https:\\\/\\\/portaldenoticias.net\\\/ffsantos\\\/despedida-e-chegada-a-sua-eterna-morada\\\/#respond\"]}]},{\"@type\":\"WebPage\",\"@id\":\"https:\\\/\\\/portaldenoticias.net\\\/ffsantos\\\/despedida-e-chegada-a-sua-eterna-morada\\\/\",\"url\":\"https:\\\/\\\/portaldenoticias.net\\\/ffsantos\\\/despedida-e-chegada-a-sua-eterna-morada\\\/\",\"name\":\"DESPEDIDA E CHEGADA DO CELMI \u00c0 SUA ETERNA MORADA - Blog do Florisvaldo\",\"isPartOf\":{\"@id\":\"https:\\\/\\\/portaldenoticias.net\\\/ffsantos\\\/#website\"},\"primaryImageOfPage\":{\"@id\":\"https:\\\/\\\/portaldenoticias.net\\\/ffsantos\\\/despedida-e-chegada-a-sua-eterna-morada\\\/#primaryimage\"},\"image\":{\"@id\":\"https:\\\/\\\/portaldenoticias.net\\\/ffsantos\\\/despedida-e-chegada-a-sua-eterna-morada\\\/#primaryimage\"},\"thumbnailUrl\":\"https:\\\/\\\/portaldenoticias.net\\\/ffsantos\\\/wp-content\\\/uploads\\\/2026\\\/01\\\/Cem-1.jpg\",\"datePublished\":\"2026-01-17T10:00:06+00:00\",\"dateModified\":\"2026-01-17T15:45:47+00:00\",\"author\":{\"@id\":\"https:\\\/\\\/portaldenoticias.net\\\/ffsantos\\\/#\\\/schema\\\/person\\\/709c788ecb22f2378d698c2cd46cecc3\"},\"breadcrumb\":{\"@id\":\"https:\\\/\\\/portaldenoticias.net\\\/ffsantos\\\/despedida-e-chegada-a-sua-eterna-morada\\\/#breadcrumb\"},\"inLanguage\":\"pt-BR\",\"potentialAction\":[{\"@type\":\"ReadAction\",\"target\":[\"https:\\\/\\\/portaldenoticias.net\\\/ffsantos\\\/despedida-e-chegada-a-sua-eterna-morada\\\/\"]}]},{\"@type\":\"ImageObject\",\"inLanguage\":\"pt-BR\",\"@id\":\"https:\\\/\\\/portaldenoticias.net\\\/ffsantos\\\/despedida-e-chegada-a-sua-eterna-morada\\\/#primaryimage\",\"url\":\"https:\\\/\\\/portaldenoticias.net\\\/ffsantos\\\/wp-content\\\/uploads\\\/2026\\\/01\\\/Cem-1.jpg\",\"contentUrl\":\"https:\\\/\\\/portaldenoticias.net\\\/ffsantos\\\/wp-content\\\/uploads\\\/2026\\\/01\\\/Cem-1.jpg\",\"width\":567,\"height\":425},{\"@type\":\"BreadcrumbList\",\"@id\":\"https:\\\/\\\/portaldenoticias.net\\\/ffsantos\\\/despedida-e-chegada-a-sua-eterna-morada\\\/#breadcrumb\",\"itemListElement\":[{\"@type\":\"ListItem\",\"position\":1,\"name\":\"In\u00edcio\",\"item\":\"https:\\\/\\\/portaldenoticias.net\\\/ffsantos\\\/\"},{\"@type\":\"ListItem\",\"position\":2,\"name\":\"DESPEDIDA E CHEGADA DO CELMI \u00c0 SUA ETERNA MORADA\"}]},{\"@type\":\"WebSite\",\"@id\":\"https:\\\/\\\/portaldenoticias.net\\\/ffsantos\\\/#website\",\"url\":\"https:\\\/\\\/portaldenoticias.net\\\/ffsantos\\\/\",\"name\":\"Blog do Florisvaldo |\",\"description\":\"Informa\u00e7\u00e3o com imparcialidade\",\"potentialAction\":[{\"@type\":\"SearchAction\",\"target\":{\"@type\":\"EntryPoint\",\"urlTemplate\":\"https:\\\/\\\/portaldenoticias.net\\\/ffsantos\\\/?s={search_term_string}\"},\"query-input\":{\"@type\":\"PropertyValueSpecification\",\"valueRequired\":true,\"valueName\":\"search_term_string\"}}],\"inLanguage\":\"pt-BR\"},{\"@type\":\"Person\",\"@id\":\"https:\\\/\\\/portaldenoticias.net\\\/ffsantos\\\/#\\\/schema\\\/person\\\/709c788ecb22f2378d698c2cd46cecc3\",\"name\":\"Florisvaldo\",\"image\":{\"@type\":\"ImageObject\",\"inLanguage\":\"pt-BR\",\"@id\":\"https:\\\/\\\/secure.gravatar.com\\\/avatar\\\/23c59839b4c874bb227d4916d18ba065e405a73d0e423fa9255ba9436604e628?s=96&d=mm&r=g\",\"url\":\"https:\\\/\\\/secure.gravatar.com\\\/avatar\\\/23c59839b4c874bb227d4916d18ba065e405a73d0e423fa9255ba9436604e628?s=96&d=mm&r=g\",\"contentUrl\":\"https:\\\/\\\/secure.gravatar.com\\\/avatar\\\/23c59839b4c874bb227d4916d18ba065e405a73d0e423fa9255ba9436604e628?s=96&d=mm&r=g\",\"caption\":\"Florisvaldo\"},\"url\":\"https:\\\/\\\/portaldenoticias.net\\\/ffsantos\\\/author\\\/ffsantos\\\/\"}]}<\/script>\n<!-- \/ Yoast SEO plugin. -->","yoast_head_json":{"title":"DESPEDIDA E CHEGADA DO CELMI \u00c0 SUA ETERNA MORADA - Blog do Florisvaldo","robots":{"index":"index","follow":"follow","max-snippet":"max-snippet:-1","max-image-preview":"max-image-preview:large","max-video-preview":"max-video-preview:-1"},"canonical":"https:\/\/portaldenoticias.net\/ffsantos\/despedida-e-chegada-a-sua-eterna-morada\/","og_locale":"pt_BR","og_type":"article","og_title":"DESPEDIDA E CHEGADA DO CELMI \u00c0 SUA ETERNA MORADA - Blog do Florisvaldo","og_description":"\u00a0 \u00a0 \u00a0 \u00a0 \u00a0 \u00a0 \u00a0 \u00a0 \u00a0 \u00a0 \u00a0 \u00a0 \u00a0 \u00a0 \u00a0 \u00a0 \u00a0 \u00a0 \u00a0 \u00a0 \u00a0 \u00a0 \u00a0 \u00a0 \u00a0 \u00a0 \u00a0 \u00a0 \u00a0 \u00a0 \u00a0 \u00a0 \u00a0 \u00a0 \u00a0 \u00a0 \u00a0 \u00a0 \u00a0 \u00a0 \u00a0 \u00a0 \u00a0 \u00a0 \u00a0 \u00a0 \u00a0 \u00a0 \u00a0 \u00a0 \u00a0 \u00a0 \u00a0 \u00a0 \u00a0","og_url":"https:\/\/portaldenoticias.net\/ffsantos\/despedida-e-chegada-a-sua-eterna-morada\/","og_site_name":"Blog do Florisvaldo","article_published_time":"2026-01-17T10:00:06+00:00","article_modified_time":"2026-01-17T15:45:47+00:00","og_image":[{"width":567,"height":425,"url":"http:\/\/portaldenoticias.net\/ffsantos\/wp-content\/uploads\/2026\/01\/Cem-1.jpg","type":"image\/jpeg"}],"author":"Florisvaldo","twitter_card":"summary_large_image","twitter_misc":{"Escrito por":"Florisvaldo","Est. tempo de leitura":"5 minutos"},"schema":{"@context":"https:\/\/schema.org","@graph":[{"@type":"Article","@id":"https:\/\/portaldenoticias.net\/ffsantos\/despedida-e-chegada-a-sua-eterna-morada\/#article","isPartOf":{"@id":"https:\/\/portaldenoticias.net\/ffsantos\/despedida-e-chegada-a-sua-eterna-morada\/"},"author":{"name":"Florisvaldo","@id":"https:\/\/portaldenoticias.net\/ffsantos\/#\/schema\/person\/709c788ecb22f2378d698c2cd46cecc3"},"headline":"DESPEDIDA E CHEGADA DO CELMI \u00c0 SUA ETERNA MORADA","datePublished":"2026-01-17T10:00:06+00:00","dateModified":"2026-01-17T15:45:47+00:00","mainEntityOfPage":{"@id":"https:\/\/portaldenoticias.net\/ffsantos\/despedida-e-chegada-a-sua-eterna-morada\/"},"wordCount":671,"commentCount":0,"image":{"@id":"https:\/\/portaldenoticias.net\/ffsantos\/despedida-e-chegada-a-sua-eterna-morada\/#primaryimage"},"thumbnailUrl":"https:\/\/portaldenoticias.net\/ffsantos\/wp-content\/uploads\/2026\/01\/Cem-1.jpg","articleSection":["Brasil","Destaques"],"inLanguage":"pt-BR","potentialAction":[{"@type":"CommentAction","name":"Comment","target":["https:\/\/portaldenoticias.net\/ffsantos\/despedida-e-chegada-a-sua-eterna-morada\/#respond"]}]},{"@type":"WebPage","@id":"https:\/\/portaldenoticias.net\/ffsantos\/despedida-e-chegada-a-sua-eterna-morada\/","url":"https:\/\/portaldenoticias.net\/ffsantos\/despedida-e-chegada-a-sua-eterna-morada\/","name":"DESPEDIDA E CHEGADA DO CELMI \u00c0 SUA ETERNA MORADA - Blog do Florisvaldo","isPartOf":{"@id":"https:\/\/portaldenoticias.net\/ffsantos\/#website"},"primaryImageOfPage":{"@id":"https:\/\/portaldenoticias.net\/ffsantos\/despedida-e-chegada-a-sua-eterna-morada\/#primaryimage"},"image":{"@id":"https:\/\/portaldenoticias.net\/ffsantos\/despedida-e-chegada-a-sua-eterna-morada\/#primaryimage"},"thumbnailUrl":"https:\/\/portaldenoticias.net\/ffsantos\/wp-content\/uploads\/2026\/01\/Cem-1.jpg","datePublished":"2026-01-17T10:00:06+00:00","dateModified":"2026-01-17T15:45:47+00:00","author":{"@id":"https:\/\/portaldenoticias.net\/ffsantos\/#\/schema\/person\/709c788ecb22f2378d698c2cd46cecc3"},"breadcrumb":{"@id":"https:\/\/portaldenoticias.net\/ffsantos\/despedida-e-chegada-a-sua-eterna-morada\/#breadcrumb"},"inLanguage":"pt-BR","potentialAction":[{"@type":"ReadAction","target":["https:\/\/portaldenoticias.net\/ffsantos\/despedida-e-chegada-a-sua-eterna-morada\/"]}]},{"@type":"ImageObject","inLanguage":"pt-BR","@id":"https:\/\/portaldenoticias.net\/ffsantos\/despedida-e-chegada-a-sua-eterna-morada\/#primaryimage","url":"https:\/\/portaldenoticias.net\/ffsantos\/wp-content\/uploads\/2026\/01\/Cem-1.jpg","contentUrl":"https:\/\/portaldenoticias.net\/ffsantos\/wp-content\/uploads\/2026\/01\/Cem-1.jpg","width":567,"height":425},{"@type":"BreadcrumbList","@id":"https:\/\/portaldenoticias.net\/ffsantos\/despedida-e-chegada-a-sua-eterna-morada\/#breadcrumb","itemListElement":[{"@type":"ListItem","position":1,"name":"In\u00edcio","item":"https:\/\/portaldenoticias.net\/ffsantos\/"},{"@type":"ListItem","position":2,"name":"DESPEDIDA E CHEGADA DO CELMI \u00c0 SUA ETERNA MORADA"}]},{"@type":"WebSite","@id":"https:\/\/portaldenoticias.net\/ffsantos\/#website","url":"https:\/\/portaldenoticias.net\/ffsantos\/","name":"Blog do Florisvaldo |","description":"Informa\u00e7\u00e3o com imparcialidade","potentialAction":[{"@type":"SearchAction","target":{"@type":"EntryPoint","urlTemplate":"https:\/\/portaldenoticias.net\/ffsantos\/?s={search_term_string}"},"query-input":{"@type":"PropertyValueSpecification","valueRequired":true,"valueName":"search_term_string"}}],"inLanguage":"pt-BR"},{"@type":"Person","@id":"https:\/\/portaldenoticias.net\/ffsantos\/#\/schema\/person\/709c788ecb22f2378d698c2cd46cecc3","name":"Florisvaldo","image":{"@type":"ImageObject","inLanguage":"pt-BR","@id":"https:\/\/secure.gravatar.com\/avatar\/23c59839b4c874bb227d4916d18ba065e405a73d0e423fa9255ba9436604e628?s=96&d=mm&r=g","url":"https:\/\/secure.gravatar.com\/avatar\/23c59839b4c874bb227d4916d18ba065e405a73d0e423fa9255ba9436604e628?s=96&d=mm&r=g","contentUrl":"https:\/\/secure.gravatar.com\/avatar\/23c59839b4c874bb227d4916d18ba065e405a73d0e423fa9255ba9436604e628?s=96&d=mm&r=g","caption":"Florisvaldo"},"url":"https:\/\/portaldenoticias.net\/ffsantos\/author\/ffsantos\/"}]}},"_links":{"self":[{"href":"https:\/\/portaldenoticias.net\/ffsantos\/wp-json\/wp\/v2\/posts\/21867","targetHints":{"allow":["GET"]}}],"collection":[{"href":"https:\/\/portaldenoticias.net\/ffsantos\/wp-json\/wp\/v2\/posts"}],"about":[{"href":"https:\/\/portaldenoticias.net\/ffsantos\/wp-json\/wp\/v2\/types\/post"}],"author":[{"embeddable":true,"href":"https:\/\/portaldenoticias.net\/ffsantos\/wp-json\/wp\/v2\/users\/2"}],"replies":[{"embeddable":true,"href":"https:\/\/portaldenoticias.net\/ffsantos\/wp-json\/wp\/v2\/comments?post=21867"}],"version-history":[{"count":5,"href":"https:\/\/portaldenoticias.net\/ffsantos\/wp-json\/wp\/v2\/posts\/21867\/revisions"}],"predecessor-version":[{"id":21876,"href":"https:\/\/portaldenoticias.net\/ffsantos\/wp-json\/wp\/v2\/posts\/21867\/revisions\/21876"}],"wp:featuredmedia":[{"embeddable":true,"href":"https:\/\/portaldenoticias.net\/ffsantos\/wp-json\/wp\/v2\/media\/21868"}],"wp:attachment":[{"href":"https:\/\/portaldenoticias.net\/ffsantos\/wp-json\/wp\/v2\/media?parent=21867"}],"wp:term":[{"taxonomy":"category","embeddable":true,"href":"https:\/\/portaldenoticias.net\/ffsantos\/wp-json\/wp\/v2\/categories?post=21867"},{"taxonomy":"post_tag","embeddable":true,"href":"https:\/\/portaldenoticias.net\/ffsantos\/wp-json\/wp\/v2\/tags?post=21867"}],"curies":[{"name":"wp","href":"https:\/\/api.w.org\/{rel}","templated":true}]}}