{"id":21832,"date":"2026-01-03T10:04:38","date_gmt":"2026-01-03T13:04:38","guid":{"rendered":"https:\/\/portaldenoticias.net\/ffsantos\/?p=21832"},"modified":"2026-01-03T12:09:24","modified_gmt":"2026-01-03T15:09:24","slug":"venezuela-urgente-maduro-e-capturado-o-que-se-sabe-ate-agora-sobre-o-ataque-dos-eua","status":"publish","type":"post","link":"https:\/\/portaldenoticias.net\/ffsantos\/venezuela-urgente-maduro-e-capturado-o-que-se-sabe-ate-agora-sobre-o-ataque-dos-eua\/","title":{"rendered":"VENEZUELA &#8220;URGENTE&#8221;: MADURO \u00c9 CAPTURADO &#8211; O QUE SE SABE AT\u00c9 AGORA SOBRE O ATAQUE DOS EUA"},"content":{"rendered":"<figure id=\"attachment_21833\" aria-describedby=\"caption-attachment-21833\" style=\"width: 1024px\" class=\"wp-caption aligncenter\"><a href=\"http:\/\/portaldenoticias.net\/ffsantos\/wp-content\/uploads\/2026\/01\/Maduro-Imagem1.png\"><img loading=\"lazy\" decoding=\"async\" class=\"size-full wp-image-21833\" src=\"http:\/\/portaldenoticias.net\/ffsantos\/wp-content\/uploads\/2026\/01\/Maduro-Imagem1.png\" alt=\"\" width=\"1024\" height=\"682\" srcset=\"https:\/\/portaldenoticias.net\/ffsantos\/wp-content\/uploads\/2026\/01\/Maduro-Imagem1.png 1024w, https:\/\/portaldenoticias.net\/ffsantos\/wp-content\/uploads\/2026\/01\/Maduro-Imagem1-300x200.png 300w, https:\/\/portaldenoticias.net\/ffsantos\/wp-content\/uploads\/2026\/01\/Maduro-Imagem1-768x512.png 768w, https:\/\/portaldenoticias.net\/ffsantos\/wp-content\/uploads\/2026\/01\/Maduro-Imagem1-150x100.png 150w, https:\/\/portaldenoticias.net\/ffsantos\/wp-content\/uploads\/2026\/01\/Maduro-Imagem1-450x300.png 450w\" sizes=\"auto, (max-width: 1024px) 100vw, 1024px\" \/><\/a><figcaption id=\"caption-attachment-21833\" class=\"wp-caption-text\">Nicol\u00e1s Maduro &#8211; Presidente da Venezuela &#8211; Governo de Donald Trump lan\u00e7ou ofensiva militar na madrugada deste s\u00e1bado (3). Vice-presidente da Venezuela pede prova de vida de Maduro e da primeira-dama, Cilia Flores &#8211; Foto: Federico Parra\/AFP<\/figcaption><\/figure>\n<p>Os Estados Unidos lan\u00e7aram um ataque militar de grande escala contra a Venezuela na madrugada deste s\u00e1bado (3), com explos\u00f5es em Caracas e nos estados de Miranda, Aragua e La Guaira. A ofensiva resultou na captura do presidente Nicol\u00e1s Maduro e de sua esposa, Cilia Flores, segundo anunciou o presidente americano Donald Trump.<\/p>\n<p>De acordo com Washington, o casal foi retirado da Venezuela por via a\u00e9rea e est\u00e1 sob cust\u00f3dia dos EUA, onde dever\u00e1 responder \u00e0 Justi\u00e7a em Nova York. O governo venezuelano declarou estado de emerg\u00eancia, disse desconhecer o paradeiro de Maduro e cobrou uma prova de vida.<\/p>\n<p>At\u00e9 a \u00faltima atualiza\u00e7\u00e3o desta reportagem, n\u00e3o havia balan\u00e7o oficial de mortos ou feridos.<\/p>\n<p style=\"text-align: center\"><strong><em>Onde Nicol\u00e1s Maduro est\u00e1 agora?<\/em><\/strong><\/p>\n<p>Maduro est\u00e1 sob cust\u00f3dia dos Estados Unidos, em local mantido em sigilo por raz\u00f5es de seguran\u00e7a, segundo o pr\u00f3prio governo americano. A vice-presidente da Venezuela afirma desconhecer o paradeiro do l\u00edder e exige uma prova de vida dele e da esposa.<\/p>\n<p>As autoridades dos EUA confirmaram apenas que Maduro ser\u00e1 apresentado \u00e0 Justi\u00e7a em Nova York.<\/p>\n<p style=\"text-align: center\"><strong><em>Em que local Maduro ser\u00e1 julgado?<\/em><\/strong><\/p>\n<p>O julgamento ocorrer\u00e1 em Nova York, no Tribunal Federal do Distrito Sul, onde Maduro e Cilia Flores foram formalmente denunciados pela Procuradoria-Geral dos Estados Unidos.<\/p>\n<p style=\"text-align: center\"><strong><em>Quem governa a Venezuela neste momento?<\/em><\/strong><\/p>\n<p>Pela legisla\u00e7\u00e3o venezuelana, o poder deveria passar \u00e0 vice-presidente, Delcy Rodr\u00edguez, em caso de aus\u00eancia do presidente. Ainda n\u00e3o h\u00e1 confirma\u00e7\u00e3o oficial de que ela tenha assumido.<\/p>\n<p style=\"text-align: center\"><strong><em>Quem \u00e9 Delcy Rodr\u00edguez?<\/em><\/strong><\/p>\n<p>Figura central do chavismo, Delcy Elo\u00edna Rodr\u00edguez G\u00f3mez nasceu em Caracas em 18 de maio de 1969. \u00c9 filha de Jorge Antonio Rodr\u00edguez, fundador da Liga Socialista, partido marxista, morto em 1976 enquanto estava sob cust\u00f3dia policial, e de Delcy G\u00f3mez. \u00c9 irm\u00e3 de Jorge Rodr\u00edguez G\u00f3mez, ex-vice-presidente da Venezuela e ex-prefeito de Caracas, um dos principais articuladores pol\u00edticos do regime.<\/p>\n<p>A trajet\u00f3ria pol\u00edtica come\u00e7ou em 2003, ainda no governo de Hugo Ch\u00e1vez, em cargos t\u00e9cnicos ligados \u00e0 Vice-Presid\u00eancia e ao Minist\u00e9rio de Energia e Minas. A partir da\u00ed, acumulou fun\u00e7\u00f5es de crescente peso no n\u00facleo do poder chavista, tanto na pol\u00edtica interna quanto na diplomacia.<\/p>\n<p style=\"text-align: center\"><strong><em>Como foi o ataque militar?<\/em><\/strong><\/p>\n<p>A ofensiva durou menos de 30 minutos, segundo informa\u00e7\u00f5es da Associated Press. Moradores relataram ao menos sete explos\u00f5es, voo baixo de aeronaves militares, tremores e quedas de energia em \u00e1reas pr\u00f3ximas a instala\u00e7\u00f5es estrat\u00e9gicas.<\/p>\n<p>Pessoas correram para as ruas e relataram o ocorrido nas redes sociais. N\u00e3o h\u00e1, at\u00e9 agora, um balan\u00e7o oficial de mortos ou feridos.<\/p>\n<p style=\"text-align: center\"><strong><em>Houve v\u00edtimas na opera\u00e7\u00e3o?<\/em><\/strong><\/p>\n<p>Autoridades venezuelanas afirmam que houve mortes no pa\u00eds, mas ainda sem n\u00fameros consolidados. Um oficial dos EUA disse que n\u00e3o ocorreram baixas americanas durante a opera\u00e7\u00e3o.<\/p>\n<p style=\"text-align: center\"><strong><em>Qual tropa capturou Nicol\u00e1s Maduro?<\/em><\/strong><\/p>\n<p>A captura foi realizada pela For\u00e7a Delta, unidade de elite do Ex\u00e9rcito dos Estados Unidos especializada em miss\u00f5es secretas e na pris\u00e3o de alvos considerados estrat\u00e9gicos.<\/p>\n<p style=\"text-align: center\"><strong><em>Como Donald Trump classificou a opera\u00e7\u00e3o?<\/em><\/strong><\/p>\n<p>Trump descreveu a a\u00e7\u00e3o como uma \u201copera\u00e7\u00e3o brilhante\u201d, resultado de intenso planejamento e da atua\u00e7\u00e3o de \u201cgrandes tropas\u201d. Disse ainda que se tratou de um ataque de grande escala, conduzido em coordena\u00e7\u00e3o com for\u00e7as militares e de seguran\u00e7a dos EUA.<\/p>\n<p style=\"text-align: center\"><strong><em>Quais acusa\u00e7\u00f5es pesam contra Maduro?<\/em><\/strong><\/p>\n<p>Maduro e Cilia Flores respondem em Nova York por:<\/p>\n<ul>\n<li>conspira\u00e7\u00e3o para narcoterrorismo;<\/li>\n<li>importa\u00e7\u00e3o de coca\u00edna<\/li>\n<li>e posse de armas de guerra.<\/li>\n<\/ul>\n<p>O governo americano afirma que ele lidera o chamado Cartel de los Soles.<\/p>\n<p style=\"text-align: center\"><strong><em>Especialistas concordam com a vers\u00e3o dos EUA sobre o cartel?<\/em><\/strong><\/p>\n<p>N\u00e3o plenamente. Analistas afirmam que o Cartel de los Soles n\u00e3o opera como uma organiza\u00e7\u00e3o centralizada, mas como uma rede difusa de militares envolvidos no tr\u00e1fico, sem provas de que Maduro comande diretamente o esquema.<\/p>\n<p>Mas h\u00e1 ind\u00edcios de que Maduro, mesmo n\u00e3o sendo o l\u00edder, \u00e9 um dos principais benefici\u00e1rios de uma \u201cgovernan\u00e7a criminal h\u00edbrida\u201d que ele mesmo ajudou a instalar no pa\u00eds.<\/p>\n<p>Para Jeremy McDermott, cofundador e codiretor do InSight Crime (funda\u00e7\u00e3o que estuda o crime organizado nas Am\u00e9ricas), Maduro e os chavistas n\u00e3o controlam o tr\u00e1fico, mas distribuem concess\u00f5es a militares e aliados, em troca de sua manuten\u00e7\u00e3o no poder.<\/p>\n<p style=\"text-align: center\"><strong><em>Quais as rea\u00e7\u00f5es de Lula, Petro, Milei e outros l\u00edderes mundiais?<\/em><\/strong><\/p>\n<ul>\n<li><strong><em>Lula (Brasil)<\/em><\/strong><\/li>\n<\/ul>\n<p>Disse que os bombardeios em territ\u00f3rio venezuelano e a captura de Maduro \u201cultrapassam uma linha inaceit\u00e1vel\u201d nas rela\u00e7\u00f5es entre pa\u00edses.<\/p>\n<p>Classificou a a\u00e7\u00e3o como \u201cflagrante viola\u00e7\u00e3o do direito internacional\u201d e<strong>\u00a0perigoso precedente para a comunidade internacional,\u00a0<\/strong>e relembrou os \u201cpiores momentos\u201d de interfer\u00eancia na pol\u00edtica da Am\u00e9rica Latina.<\/p>\n<ul>\n<li><strong><em>Petro (Col\u00f4mbia)<\/em><\/strong><\/li>\n<\/ul>\n<p>Manifestou \u201cprofunda preocupa\u00e7\u00e3o\u201d e rejeitou a\u00e7\u00f5es militares unilaterais dos EUA que coloquem a popula\u00e7\u00e3o civil em risco e ameacem desestabilizar a regi\u00e3o.<\/p>\n<p><strong>Associou o ataque a uma agress\u00e3o contra a soberania latino-americana<\/strong>, defendendo solu\u00e7\u00e3o diplom\u00e1tica e medidas para proteger civis e a estabilidade na fronteira colombo\u2011venezuelana.<\/p>\n<ul>\n<li><strong><em>Milei (Argentina)<\/em><\/strong><\/li>\n<\/ul>\n<p><strong><em>Reagiu positivamente \u00e0 captura de Maduro, celebrando nas redes sociais ao dizer que \u201ca liberdade avan\u00e7a\u201d<\/em><\/strong><strong><em>.<\/em><\/strong><\/p>\n<p>Posicionou\u2011se pr\u00f3ximo a Trump, apresentando a opera\u00e7\u00e3o como passo para encerrar a ditadura chavista.<\/p>\n<ul>\n<li><strong><em>Outros l\u00edderes latino-americanos<\/em><\/strong><\/li>\n<\/ul>\n<p>O M\u00e9xico qualificou a interven\u00e7\u00e3o militar dos EUA como \u201cclara viola\u00e7\u00e3o\u201d do direito internacional, pediu o fim de \u201catos de agress\u00e3o\u201d e reiterou que a Am\u00e9rica Latina e o Caribe s\u00e3o uma \u201czona de paz\u201d.<\/p>\n<p>Cuba denunciou o ataque como \u201ccriminal\u201d e \u201cterrorismo de Estado\u201d contra o povo venezuelano e contra \u201cNossa Am\u00e9rica\u201d, pedindo rea\u00e7\u00e3o urgente da comunidade internacional.<\/p>\n<ul>\n<li><strong><em>Outras rea\u00e7\u00f5es globais relevantes<\/em><\/strong><\/li>\n<\/ul>\n<p><strong><em>A\u00a0R\u00fassia chamou os ataques de \u201cato de agress\u00e3o armada\u201d<\/em><\/strong>\u00a0e afirmou que a Venezuela deve ter garantido o direito de decidir seu pr\u00f3prio destino, defendendo uma\u00a0sess\u00e3o urgente do Conselho de Seguran\u00e7a da ONU.<\/p>\n<p>O Ir\u00e3 classificou o ataque como \u201cviola\u00e7\u00e3o flagrante\u201d da soberania e da Carta da ONU, ao pedir a condena\u00e7\u00e3o expl\u00edcita por pa\u00edses que defendem o direito internacional e a paz.<\/p>\n<p style=\"text-align: center\"><strong><em>Essa foi a primeira a\u00e7\u00e3o militar dos EUA na Venezuela?<\/em><\/strong><\/p>\n<p>N\u00e3o. Antes da captura, os EUA j\u00e1 haviam realizado ataques com drones, a\u00e7\u00f5es contra embarca\u00e7\u00f5es suspeitas de narcotr\u00e1fico e opera\u00e7\u00f5es contra navios petroleiros venezuelanos, ampliando a press\u00e3o econ\u00f4mica e militar sobre o pa\u00eds.<\/p>\n<p>Aguardem novas atualiza\u00e7\u00f5es em instantes!<\/p>\n<p><strong><em>Fonte:<\/em><\/strong> <a href=\"https:\/\/g1.globo.com\/mundo%20-%20Por%20Reda\u00e7\u00e3o%20g1\">https:\/\/g1.globo.com\/mundo &#8211; Por Reda\u00e7\u00e3o g1<\/a><\/p>\n<p>&nbsp;<\/p>\n<p style=\"text-align: center\"><strong><em>Blog do Florisvaldo &#8211; Informa\u00e7\u00e3o Com Imparcialidade<\/em><\/strong><\/p>\n","protected":false},"excerpt":{"rendered":"<p>Os Estados Unidos lan\u00e7aram um ataque militar de grande escala contra a Venezuela na madrugada deste s\u00e1bado (3), com explos\u00f5es em Caracas e nos estados de Miranda, Aragua e La Guaira. A ofensiva resultou na captura do presidente Nicol\u00e1s Maduro e de sua esposa, Cilia Flores, segundo anunciou o presidente americano Donald Trump. De acordo<\/p>\n","protected":false},"author":2,"featured_media":21833,"comment_status":"open","ping_status":"open","sticky":false,"template":"","format":"standard","meta":{"footnotes":""},"categories":[8],"tags":[],"class_list":{"0":"post-21832","1":"post","2":"type-post","3":"status-publish","4":"format-standard","5":"has-post-thumbnail","7":"category-mundo"},"yoast_head":"<!-- This site is optimized with the Yoast SEO plugin v27.4 - https:\/\/yoast.com\/product\/yoast-seo-wordpress\/ -->\n<title>VENEZUELA &quot;URGENTE&quot;: MADURO \u00c9 CAPTURADO - O QUE SE SABE AT\u00c9 AGORA SOBRE O ATAQUE DOS EUA - Blog do Florisvaldo<\/title>\n<meta name=\"robots\" content=\"index, follow, max-snippet:-1, max-image-preview:large, max-video-preview:-1\" \/>\n<link rel=\"canonical\" href=\"https:\/\/portaldenoticias.net\/ffsantos\/venezuela-urgente-maduro-e-capturado-o-que-se-sabe-ate-agora-sobre-o-ataque-dos-eua\/\" \/>\n<meta property=\"og:locale\" content=\"pt_BR\" \/>\n<meta property=\"og:type\" content=\"article\" \/>\n<meta property=\"og:title\" content=\"VENEZUELA &quot;URGENTE&quot;: MADURO \u00c9 CAPTURADO - O QUE SE SABE AT\u00c9 AGORA SOBRE O ATAQUE DOS EUA - Blog do Florisvaldo\" \/>\n<meta property=\"og:description\" content=\"Os Estados Unidos lan\u00e7aram um ataque militar de grande escala contra a Venezuela na madrugada deste s\u00e1bado (3), com explos\u00f5es em Caracas e nos estados de Miranda, Aragua e La Guaira. A ofensiva resultou na captura do presidente Nicol\u00e1s Maduro e de sua esposa, Cilia Flores, segundo anunciou o presidente americano Donald Trump. De acordo\" \/>\n<meta property=\"og:url\" content=\"https:\/\/portaldenoticias.net\/ffsantos\/venezuela-urgente-maduro-e-capturado-o-que-se-sabe-ate-agora-sobre-o-ataque-dos-eua\/\" \/>\n<meta property=\"og:site_name\" content=\"Blog do Florisvaldo\" \/>\n<meta property=\"article:published_time\" content=\"2026-01-03T13:04:38+00:00\" \/>\n<meta property=\"article:modified_time\" content=\"2026-01-03T15:09:24+00:00\" \/>\n<meta property=\"og:image\" content=\"http:\/\/portaldenoticias.net\/ffsantos\/wp-content\/uploads\/2026\/01\/Maduro-Imagem1.png\" \/>\n\t<meta property=\"og:image:width\" content=\"1024\" \/>\n\t<meta property=\"og:image:height\" content=\"682\" \/>\n\t<meta property=\"og:image:type\" content=\"image\/png\" \/>\n<meta name=\"author\" content=\"Florisvaldo\" \/>\n<meta name=\"twitter:card\" content=\"summary_large_image\" \/>\n<meta name=\"twitter:label1\" content=\"Escrito por\" \/>\n\t<meta name=\"twitter:data1\" content=\"Florisvaldo\" \/>\n\t<meta name=\"twitter:label2\" content=\"Est. tempo de leitura\" \/>\n\t<meta name=\"twitter:data2\" content=\"7 minutos\" \/>\n<script type=\"application\/ld+json\" class=\"yoast-schema-graph\">{\"@context\":\"https:\\\/\\\/schema.org\",\"@graph\":[{\"@type\":\"Article\",\"@id\":\"https:\\\/\\\/portaldenoticias.net\\\/ffsantos\\\/venezuela-urgente-maduro-e-capturado-o-que-se-sabe-ate-agora-sobre-o-ataque-dos-eua\\\/#article\",\"isPartOf\":{\"@id\":\"https:\\\/\\\/portaldenoticias.net\\\/ffsantos\\\/venezuela-urgente-maduro-e-capturado-o-que-se-sabe-ate-agora-sobre-o-ataque-dos-eua\\\/\"},\"author\":{\"name\":\"Florisvaldo\",\"@id\":\"https:\\\/\\\/portaldenoticias.net\\\/ffsantos\\\/#\\\/schema\\\/person\\\/709c788ecb22f2378d698c2cd46cecc3\"},\"headline\":\"VENEZUELA &#8220;URGENTE&#8221;: MADURO \u00c9 CAPTURADO &#8211; O QUE SE SABE AT\u00c9 AGORA SOBRE O ATAQUE DOS EUA\",\"datePublished\":\"2026-01-03T13:04:38+00:00\",\"dateModified\":\"2026-01-03T15:09:24+00:00\",\"mainEntityOfPage\":{\"@id\":\"https:\\\/\\\/portaldenoticias.net\\\/ffsantos\\\/venezuela-urgente-maduro-e-capturado-o-que-se-sabe-ate-agora-sobre-o-ataque-dos-eua\\\/\"},\"wordCount\":1201,\"commentCount\":3,\"image\":{\"@id\":\"https:\\\/\\\/portaldenoticias.net\\\/ffsantos\\\/venezuela-urgente-maduro-e-capturado-o-que-se-sabe-ate-agora-sobre-o-ataque-dos-eua\\\/#primaryimage\"},\"thumbnailUrl\":\"https:\\\/\\\/portaldenoticias.net\\\/ffsantos\\\/wp-content\\\/uploads\\\/2026\\\/01\\\/Maduro-Imagem1.png\",\"articleSection\":[\"Mundo\"],\"inLanguage\":\"pt-BR\",\"potentialAction\":[{\"@type\":\"CommentAction\",\"name\":\"Comment\",\"target\":[\"https:\\\/\\\/portaldenoticias.net\\\/ffsantos\\\/venezuela-urgente-maduro-e-capturado-o-que-se-sabe-ate-agora-sobre-o-ataque-dos-eua\\\/#respond\"]}]},{\"@type\":\"WebPage\",\"@id\":\"https:\\\/\\\/portaldenoticias.net\\\/ffsantos\\\/venezuela-urgente-maduro-e-capturado-o-que-se-sabe-ate-agora-sobre-o-ataque-dos-eua\\\/\",\"url\":\"https:\\\/\\\/portaldenoticias.net\\\/ffsantos\\\/venezuela-urgente-maduro-e-capturado-o-que-se-sabe-ate-agora-sobre-o-ataque-dos-eua\\\/\",\"name\":\"VENEZUELA \\\"URGENTE\\\": MADURO \u00c9 CAPTURADO - O QUE SE SABE AT\u00c9 AGORA SOBRE O ATAQUE DOS EUA - Blog do Florisvaldo\",\"isPartOf\":{\"@id\":\"https:\\\/\\\/portaldenoticias.net\\\/ffsantos\\\/#website\"},\"primaryImageOfPage\":{\"@id\":\"https:\\\/\\\/portaldenoticias.net\\\/ffsantos\\\/venezuela-urgente-maduro-e-capturado-o-que-se-sabe-ate-agora-sobre-o-ataque-dos-eua\\\/#primaryimage\"},\"image\":{\"@id\":\"https:\\\/\\\/portaldenoticias.net\\\/ffsantos\\\/venezuela-urgente-maduro-e-capturado-o-que-se-sabe-ate-agora-sobre-o-ataque-dos-eua\\\/#primaryimage\"},\"thumbnailUrl\":\"https:\\\/\\\/portaldenoticias.net\\\/ffsantos\\\/wp-content\\\/uploads\\\/2026\\\/01\\\/Maduro-Imagem1.png\",\"datePublished\":\"2026-01-03T13:04:38+00:00\",\"dateModified\":\"2026-01-03T15:09:24+00:00\",\"author\":{\"@id\":\"https:\\\/\\\/portaldenoticias.net\\\/ffsantos\\\/#\\\/schema\\\/person\\\/709c788ecb22f2378d698c2cd46cecc3\"},\"breadcrumb\":{\"@id\":\"https:\\\/\\\/portaldenoticias.net\\\/ffsantos\\\/venezuela-urgente-maduro-e-capturado-o-que-se-sabe-ate-agora-sobre-o-ataque-dos-eua\\\/#breadcrumb\"},\"inLanguage\":\"pt-BR\",\"potentialAction\":[{\"@type\":\"ReadAction\",\"target\":[\"https:\\\/\\\/portaldenoticias.net\\\/ffsantos\\\/venezuela-urgente-maduro-e-capturado-o-que-se-sabe-ate-agora-sobre-o-ataque-dos-eua\\\/\"]}]},{\"@type\":\"ImageObject\",\"inLanguage\":\"pt-BR\",\"@id\":\"https:\\\/\\\/portaldenoticias.net\\\/ffsantos\\\/venezuela-urgente-maduro-e-capturado-o-que-se-sabe-ate-agora-sobre-o-ataque-dos-eua\\\/#primaryimage\",\"url\":\"https:\\\/\\\/portaldenoticias.net\\\/ffsantos\\\/wp-content\\\/uploads\\\/2026\\\/01\\\/Maduro-Imagem1.png\",\"contentUrl\":\"https:\\\/\\\/portaldenoticias.net\\\/ffsantos\\\/wp-content\\\/uploads\\\/2026\\\/01\\\/Maduro-Imagem1.png\",\"width\":1024,\"height\":682,\"caption\":\"Nicol\u00e1s Maduro - Presidente da Venezuela - Governo de Donald Trump lan\u00e7ou ofensiva militar na madrugada deste s\u00e1bado (3). Vice-presidente da Venezuela pede prova de vida de Maduro e da primeira-dama, Cilia Flores - Foto: Federico Parra\\\/AFP\"},{\"@type\":\"BreadcrumbList\",\"@id\":\"https:\\\/\\\/portaldenoticias.net\\\/ffsantos\\\/venezuela-urgente-maduro-e-capturado-o-que-se-sabe-ate-agora-sobre-o-ataque-dos-eua\\\/#breadcrumb\",\"itemListElement\":[{\"@type\":\"ListItem\",\"position\":1,\"name\":\"In\u00edcio\",\"item\":\"https:\\\/\\\/portaldenoticias.net\\\/ffsantos\\\/\"},{\"@type\":\"ListItem\",\"position\":2,\"name\":\"VENEZUELA &#8220;URGENTE&#8221;: MADURO \u00c9 CAPTURADO &#8211; O QUE SE SABE AT\u00c9 AGORA SOBRE O ATAQUE DOS EUA\"}]},{\"@type\":\"WebSite\",\"@id\":\"https:\\\/\\\/portaldenoticias.net\\\/ffsantos\\\/#website\",\"url\":\"https:\\\/\\\/portaldenoticias.net\\\/ffsantos\\\/\",\"name\":\"Blog do Florisvaldo |\",\"description\":\"Informa\u00e7\u00e3o com imparcialidade\",\"potentialAction\":[{\"@type\":\"SearchAction\",\"target\":{\"@type\":\"EntryPoint\",\"urlTemplate\":\"https:\\\/\\\/portaldenoticias.net\\\/ffsantos\\\/?s={search_term_string}\"},\"query-input\":{\"@type\":\"PropertyValueSpecification\",\"valueRequired\":true,\"valueName\":\"search_term_string\"}}],\"inLanguage\":\"pt-BR\"},{\"@type\":\"Person\",\"@id\":\"https:\\\/\\\/portaldenoticias.net\\\/ffsantos\\\/#\\\/schema\\\/person\\\/709c788ecb22f2378d698c2cd46cecc3\",\"name\":\"Florisvaldo\",\"image\":{\"@type\":\"ImageObject\",\"inLanguage\":\"pt-BR\",\"@id\":\"https:\\\/\\\/secure.gravatar.com\\\/avatar\\\/23c59839b4c874bb227d4916d18ba065e405a73d0e423fa9255ba9436604e628?s=96&d=mm&r=g\",\"url\":\"https:\\\/\\\/secure.gravatar.com\\\/avatar\\\/23c59839b4c874bb227d4916d18ba065e405a73d0e423fa9255ba9436604e628?s=96&d=mm&r=g\",\"contentUrl\":\"https:\\\/\\\/secure.gravatar.com\\\/avatar\\\/23c59839b4c874bb227d4916d18ba065e405a73d0e423fa9255ba9436604e628?s=96&d=mm&r=g\",\"caption\":\"Florisvaldo\"},\"url\":\"https:\\\/\\\/portaldenoticias.net\\\/ffsantos\\\/author\\\/ffsantos\\\/\"}]}<\/script>\n<!-- \/ Yoast SEO plugin. -->","yoast_head_json":{"title":"VENEZUELA \"URGENTE\": MADURO \u00c9 CAPTURADO - O QUE SE SABE AT\u00c9 AGORA SOBRE O ATAQUE DOS EUA - Blog do Florisvaldo","robots":{"index":"index","follow":"follow","max-snippet":"max-snippet:-1","max-image-preview":"max-image-preview:large","max-video-preview":"max-video-preview:-1"},"canonical":"https:\/\/portaldenoticias.net\/ffsantos\/venezuela-urgente-maduro-e-capturado-o-que-se-sabe-ate-agora-sobre-o-ataque-dos-eua\/","og_locale":"pt_BR","og_type":"article","og_title":"VENEZUELA \"URGENTE\": MADURO \u00c9 CAPTURADO - O QUE SE SABE AT\u00c9 AGORA SOBRE O ATAQUE DOS EUA - Blog do Florisvaldo","og_description":"Os Estados Unidos lan\u00e7aram um ataque militar de grande escala contra a Venezuela na madrugada deste s\u00e1bado (3), com explos\u00f5es em Caracas e nos estados de Miranda, Aragua e La Guaira. A ofensiva resultou na captura do presidente Nicol\u00e1s Maduro e de sua esposa, Cilia Flores, segundo anunciou o presidente americano Donald Trump. De acordo","og_url":"https:\/\/portaldenoticias.net\/ffsantos\/venezuela-urgente-maduro-e-capturado-o-que-se-sabe-ate-agora-sobre-o-ataque-dos-eua\/","og_site_name":"Blog do Florisvaldo","article_published_time":"2026-01-03T13:04:38+00:00","article_modified_time":"2026-01-03T15:09:24+00:00","og_image":[{"width":1024,"height":682,"url":"http:\/\/portaldenoticias.net\/ffsantos\/wp-content\/uploads\/2026\/01\/Maduro-Imagem1.png","type":"image\/png"}],"author":"Florisvaldo","twitter_card":"summary_large_image","twitter_misc":{"Escrito por":"Florisvaldo","Est. tempo de leitura":"7 minutos"},"schema":{"@context":"https:\/\/schema.org","@graph":[{"@type":"Article","@id":"https:\/\/portaldenoticias.net\/ffsantos\/venezuela-urgente-maduro-e-capturado-o-que-se-sabe-ate-agora-sobre-o-ataque-dos-eua\/#article","isPartOf":{"@id":"https:\/\/portaldenoticias.net\/ffsantos\/venezuela-urgente-maduro-e-capturado-o-que-se-sabe-ate-agora-sobre-o-ataque-dos-eua\/"},"author":{"name":"Florisvaldo","@id":"https:\/\/portaldenoticias.net\/ffsantos\/#\/schema\/person\/709c788ecb22f2378d698c2cd46cecc3"},"headline":"VENEZUELA &#8220;URGENTE&#8221;: MADURO \u00c9 CAPTURADO &#8211; O QUE SE SABE AT\u00c9 AGORA SOBRE O ATAQUE DOS EUA","datePublished":"2026-01-03T13:04:38+00:00","dateModified":"2026-01-03T15:09:24+00:00","mainEntityOfPage":{"@id":"https:\/\/portaldenoticias.net\/ffsantos\/venezuela-urgente-maduro-e-capturado-o-que-se-sabe-ate-agora-sobre-o-ataque-dos-eua\/"},"wordCount":1201,"commentCount":3,"image":{"@id":"https:\/\/portaldenoticias.net\/ffsantos\/venezuela-urgente-maduro-e-capturado-o-que-se-sabe-ate-agora-sobre-o-ataque-dos-eua\/#primaryimage"},"thumbnailUrl":"https:\/\/portaldenoticias.net\/ffsantos\/wp-content\/uploads\/2026\/01\/Maduro-Imagem1.png","articleSection":["Mundo"],"inLanguage":"pt-BR","potentialAction":[{"@type":"CommentAction","name":"Comment","target":["https:\/\/portaldenoticias.net\/ffsantos\/venezuela-urgente-maduro-e-capturado-o-que-se-sabe-ate-agora-sobre-o-ataque-dos-eua\/#respond"]}]},{"@type":"WebPage","@id":"https:\/\/portaldenoticias.net\/ffsantos\/venezuela-urgente-maduro-e-capturado-o-que-se-sabe-ate-agora-sobre-o-ataque-dos-eua\/","url":"https:\/\/portaldenoticias.net\/ffsantos\/venezuela-urgente-maduro-e-capturado-o-que-se-sabe-ate-agora-sobre-o-ataque-dos-eua\/","name":"VENEZUELA \"URGENTE\": MADURO \u00c9 CAPTURADO - O QUE SE SABE AT\u00c9 AGORA SOBRE O ATAQUE DOS EUA - Blog do Florisvaldo","isPartOf":{"@id":"https:\/\/portaldenoticias.net\/ffsantos\/#website"},"primaryImageOfPage":{"@id":"https:\/\/portaldenoticias.net\/ffsantos\/venezuela-urgente-maduro-e-capturado-o-que-se-sabe-ate-agora-sobre-o-ataque-dos-eua\/#primaryimage"},"image":{"@id":"https:\/\/portaldenoticias.net\/ffsantos\/venezuela-urgente-maduro-e-capturado-o-que-se-sabe-ate-agora-sobre-o-ataque-dos-eua\/#primaryimage"},"thumbnailUrl":"https:\/\/portaldenoticias.net\/ffsantos\/wp-content\/uploads\/2026\/01\/Maduro-Imagem1.png","datePublished":"2026-01-03T13:04:38+00:00","dateModified":"2026-01-03T15:09:24+00:00","author":{"@id":"https:\/\/portaldenoticias.net\/ffsantos\/#\/schema\/person\/709c788ecb22f2378d698c2cd46cecc3"},"breadcrumb":{"@id":"https:\/\/portaldenoticias.net\/ffsantos\/venezuela-urgente-maduro-e-capturado-o-que-se-sabe-ate-agora-sobre-o-ataque-dos-eua\/#breadcrumb"},"inLanguage":"pt-BR","potentialAction":[{"@type":"ReadAction","target":["https:\/\/portaldenoticias.net\/ffsantos\/venezuela-urgente-maduro-e-capturado-o-que-se-sabe-ate-agora-sobre-o-ataque-dos-eua\/"]}]},{"@type":"ImageObject","inLanguage":"pt-BR","@id":"https:\/\/portaldenoticias.net\/ffsantos\/venezuela-urgente-maduro-e-capturado-o-que-se-sabe-ate-agora-sobre-o-ataque-dos-eua\/#primaryimage","url":"https:\/\/portaldenoticias.net\/ffsantos\/wp-content\/uploads\/2026\/01\/Maduro-Imagem1.png","contentUrl":"https:\/\/portaldenoticias.net\/ffsantos\/wp-content\/uploads\/2026\/01\/Maduro-Imagem1.png","width":1024,"height":682,"caption":"Nicol\u00e1s Maduro - Presidente da Venezuela - Governo de Donald Trump lan\u00e7ou ofensiva militar na madrugada deste s\u00e1bado (3). Vice-presidente da Venezuela pede prova de vida de Maduro e da primeira-dama, Cilia Flores - Foto: Federico Parra\/AFP"},{"@type":"BreadcrumbList","@id":"https:\/\/portaldenoticias.net\/ffsantos\/venezuela-urgente-maduro-e-capturado-o-que-se-sabe-ate-agora-sobre-o-ataque-dos-eua\/#breadcrumb","itemListElement":[{"@type":"ListItem","position":1,"name":"In\u00edcio","item":"https:\/\/portaldenoticias.net\/ffsantos\/"},{"@type":"ListItem","position":2,"name":"VENEZUELA &#8220;URGENTE&#8221;: MADURO \u00c9 CAPTURADO &#8211; O QUE SE SABE AT\u00c9 AGORA SOBRE O ATAQUE DOS EUA"}]},{"@type":"WebSite","@id":"https:\/\/portaldenoticias.net\/ffsantos\/#website","url":"https:\/\/portaldenoticias.net\/ffsantos\/","name":"Blog do Florisvaldo |","description":"Informa\u00e7\u00e3o com imparcialidade","potentialAction":[{"@type":"SearchAction","target":{"@type":"EntryPoint","urlTemplate":"https:\/\/portaldenoticias.net\/ffsantos\/?s={search_term_string}"},"query-input":{"@type":"PropertyValueSpecification","valueRequired":true,"valueName":"search_term_string"}}],"inLanguage":"pt-BR"},{"@type":"Person","@id":"https:\/\/portaldenoticias.net\/ffsantos\/#\/schema\/person\/709c788ecb22f2378d698c2cd46cecc3","name":"Florisvaldo","image":{"@type":"ImageObject","inLanguage":"pt-BR","@id":"https:\/\/secure.gravatar.com\/avatar\/23c59839b4c874bb227d4916d18ba065e405a73d0e423fa9255ba9436604e628?s=96&d=mm&r=g","url":"https:\/\/secure.gravatar.com\/avatar\/23c59839b4c874bb227d4916d18ba065e405a73d0e423fa9255ba9436604e628?s=96&d=mm&r=g","contentUrl":"https:\/\/secure.gravatar.com\/avatar\/23c59839b4c874bb227d4916d18ba065e405a73d0e423fa9255ba9436604e628?s=96&d=mm&r=g","caption":"Florisvaldo"},"url":"https:\/\/portaldenoticias.net\/ffsantos\/author\/ffsantos\/"}]}},"_links":{"self":[{"href":"https:\/\/portaldenoticias.net\/ffsantos\/wp-json\/wp\/v2\/posts\/21832","targetHints":{"allow":["GET"]}}],"collection":[{"href":"https:\/\/portaldenoticias.net\/ffsantos\/wp-json\/wp\/v2\/posts"}],"about":[{"href":"https:\/\/portaldenoticias.net\/ffsantos\/wp-json\/wp\/v2\/types\/post"}],"author":[{"embeddable":true,"href":"https:\/\/portaldenoticias.net\/ffsantos\/wp-json\/wp\/v2\/users\/2"}],"replies":[{"embeddable":true,"href":"https:\/\/portaldenoticias.net\/ffsantos\/wp-json\/wp\/v2\/comments?post=21832"}],"version-history":[{"count":1,"href":"https:\/\/portaldenoticias.net\/ffsantos\/wp-json\/wp\/v2\/posts\/21832\/revisions"}],"predecessor-version":[{"id":21834,"href":"https:\/\/portaldenoticias.net\/ffsantos\/wp-json\/wp\/v2\/posts\/21832\/revisions\/21834"}],"wp:featuredmedia":[{"embeddable":true,"href":"https:\/\/portaldenoticias.net\/ffsantos\/wp-json\/wp\/v2\/media\/21833"}],"wp:attachment":[{"href":"https:\/\/portaldenoticias.net\/ffsantos\/wp-json\/wp\/v2\/media?parent=21832"}],"wp:term":[{"taxonomy":"category","embeddable":true,"href":"https:\/\/portaldenoticias.net\/ffsantos\/wp-json\/wp\/v2\/categories?post=21832"},{"taxonomy":"post_tag","embeddable":true,"href":"https:\/\/portaldenoticias.net\/ffsantos\/wp-json\/wp\/v2\/tags?post=21832"}],"curies":[{"name":"wp","href":"https:\/\/api.w.org\/{rel}","templated":true}]}}