{"id":21824,"date":"2026-01-01T22:02:14","date_gmt":"2026-01-02T01:02:14","guid":{"rendered":"https:\/\/portaldenoticias.net\/ffsantos\/?p=21824"},"modified":"2026-01-01T22:02:14","modified_gmt":"2026-01-02T01:02:14","slug":"o-homem-que-guardou-a-vida-inteira-uma-caixa","status":"publish","type":"post","link":"https:\/\/portaldenoticias.net\/ffsantos\/o-homem-que-guardou-a-vida-inteira-uma-caixa\/","title":{"rendered":"O HOMEM QUE GUARDOU A VIDA INTEIRA UMA CAIXA&#8230;"},"content":{"rendered":"<figure id=\"attachment_21825\" aria-describedby=\"caption-attachment-21825\" style=\"width: 512px\" class=\"wp-caption aligncenter\"><a href=\"http:\/\/portaldenoticias.net\/ffsantos\/wp-content\/uploads\/2026\/01\/vINHO-Imagem5.png\"><img loading=\"lazy\" decoding=\"async\" class=\"size-full wp-image-21825\" src=\"http:\/\/portaldenoticias.net\/ffsantos\/wp-content\/uploads\/2026\/01\/vINHO-Imagem5.png\" alt=\"\" width=\"512\" height=\"640\" srcset=\"https:\/\/portaldenoticias.net\/ffsantos\/wp-content\/uploads\/2026\/01\/vINHO-Imagem5.png 512w, https:\/\/portaldenoticias.net\/ffsantos\/wp-content\/uploads\/2026\/01\/vINHO-Imagem5-240x300.png 240w, https:\/\/portaldenoticias.net\/ffsantos\/wp-content\/uploads\/2026\/01\/vINHO-Imagem5-150x188.png 150w, https:\/\/portaldenoticias.net\/ffsantos\/wp-content\/uploads\/2026\/01\/vINHO-Imagem5-450x563.png 450w\" sizes=\"auto, (max-width: 512px) 100vw, 512px\" \/><\/a><figcaption id=\"caption-attachment-21825\" class=\"wp-caption-text\">O homem que guardou a vida inteira numa caixa. quando abri essa caixa depois da morte dele, meu cora\u00e7\u00e3o se partiu e eu entendi o maior erro que um ser humano pode cometer&#8230;<\/figcaption><\/figure>\n<p>Meu tio Maur\u00edcio era o homem mais disciplinado que j\u00e1 conheci. Trabalhou 42 anos na mesma metal\u00fargica em S\u00e3o Caetano do Sul. Era o primeiro a bater ponto e o \u00faltimo a sair. Economizava cada centavo. N\u00e3o tirava f\u00e9rias &#8220;pra n\u00e3o gastar \u00e0 toa&#8221;. N\u00e3o trocava de carro &#8220;porque o velho ainda anda&#8221;. N\u00e3o ia em festa de fam\u00edlia &#8220;porque compromisso social \u00e9 desperd\u00edcio de tempo e dinheiro&#8221;.<\/p>\n<p>A filosofia dele cabia numa frase que ele repetia como mantra:<\/p>\n<p>&#8220;Sacrifica agora. Aproveita depois.&#8221;<\/p>\n<p>Quando abri minha primeira loja, ele me chamou no por\u00e3o da casa dele. Com solenidade de quem guarda uma rel\u00edquia sagrada, mostrou uma caixa de madeira envernizada, trancada a cadeado, coberta de poeira.<\/p>\n<p>Destravou devagar. Abriu como se dentro houvesse algo explosivo.<\/p>\n<p>Eram garrafas de vinho. Quatro delas. Importadas. R\u00f3tulos em franc\u00eas que eu nem sabia pronunciar.<\/p>\n<p>&#8220;Olha isso, sobrinho&#8221;, sussurrou com a voz embargada de orgulho. &#8220;Essas garrafas custaram mais de quinze mil reais. Comprei com o d\u00e9cimo terceiro de 2005. S\u00e3o de uma safra lend\u00e1ria. Ch\u00e2teau Margaux. Especialistas dizem que cada uma vale hoje mais de cinco mil d\u00f3lares.&#8221;<\/p>\n<p>Meus olhos arregalaram.<\/p>\n<p>&#8220;Caramba, tio! E quando a gente vai abrir?&#8221;<\/p>\n<p>Ele fechou a caixa num estalo seco.<\/p>\n<p>&#8220;Abrir?! Voc\u00ea enlouqueceu? Isso n\u00e3o \u00e9 pra dia qualquer, n\u00e3o. Isso aqui \u00e9 pra Ocasi\u00e3o Especial. T\u00f4 guardando pro dia que eu me aposentar e comprar o s\u00edtio que sempre sonhei. Naquele dia, vou sentar debaixo de uma mangueira, abrir essas garrafas e beber uma a uma, celebrando que venci.&#8221;<\/p>\n<p>Aquela &#8220;Ocasi\u00e3o Especial&#8221; virou o motor da vida dele. Tudo era pra &#8220;esse dia&#8221;.<\/p>\n<p>O s\u00edtio. O descanso. A recompensa. O merecimento.<\/p>\n<p>Passaram-se 11 anos.<\/p>\n<p>Tio Maur\u00edcio se aposentou aos 67 anos. A festa de despedida na metal\u00fargica foi linda. Ele chorou. Abra\u00e7ou os colegas. Disse que finalmente ia viver.<\/p>\n<p>Uma semana depois, enquanto assinava a escritura do s\u00edtio no cart\u00f3rio de Mogi das Cruzes, ele desabou.<\/p>\n<p>AVC fulminante.<\/p>\n<p>Morreu antes de chegar no hospital.<\/p>\n<p>O vel\u00f3rio foi silencioso, pesado. Mas o mais doloroso n\u00e3o foi o caix\u00e3o. Foi entrar na casa dele depois do enterro pra recolher os pertences.<\/p>\n<p>Desci ao por\u00e3o.<\/p>\n<p>A caixa de madeira continuava l\u00e1. Fechada. Intocada. Empoeirada.<\/p>\n<p>A promessa n\u00e3o cumprida.<\/p>\n<p>Decidi que aquele vinho n\u00e3o ia morrer junto com ele. Liguei pro meu pai, irm\u00e3o do tio Maur\u00edcio, e chamei meus primos. Nos sentamos na cozinha velha, ao redor da mesa onde ele comia sozinho todo dia depois que a tia faleceu.<\/p>\n<p>&#8220;Vamos abrir por ele&#8221;, eu disse, com a voz embargada. &#8220;Vamos celebrar a vida que ele viveu.&#8221;<\/p>\n<p>Peguei a primeira garrafa. Empoeirada. Pesada. Com um r\u00f3tulo que parecia uma obra de arte.<\/p>\n<p>Enfiei o saca-rolhas.<\/p>\n<p>A rolha saiu quebradi\u00e7a, ressecada, desintegrando em pedacinhos.<\/p>\n<p>Servi cinco ta\u00e7as.<\/p>\n<p>O l\u00edquido era turvo. Escuro demais. Com um cheiro estranho, azedo.<\/p>\n<p>Levantamos as ta\u00e7as, chorando:<\/p>\n<p>&#8220;Pelo tio Maur\u00edcio.&#8221;<\/p>\n<p>Bebemos.<\/p>\n<p>E cuspimos quase ao mesmo tempo.<\/p>\n<p>Estava horr\u00edvel.<\/p>\n<p>Tinha gosto de vinagre. De podre. De morte.<\/p>\n<p>O vinho tinha oxidado. Virado. Perdido toda a nobreza, todo o valor, toda a raz\u00e3o de existir.<\/p>\n<p>Aquelas garrafas que um dia valeram uma fortuna agora n\u00e3o valiam nem o vidro.<\/p>\n<p>Abrimos as outras tr\u00eas. Todas iguais. Estragas. Intrag\u00e1veis.<\/p>\n<p>Despejamos tudo na pia.<\/p>\n<p>Ver aquele l\u00edquido escuro, caro, carregado de sonhos adiados, descendo pelo ralo&#8230; foi a coisa mais devastadora que j\u00e1 presenciei.<\/p>\n<p>Meu primo J\u00falio, o mais velho, encostou as m\u00e3os na pia e come\u00e7ou a chorar.<\/p>\n<p>&#8220;Ele fez isso com a vida dele&#8221;, murmurou. &#8220;Guardou tanto pro depois&#8230; que estragou no durante.&#8221;<\/p>\n<p>Aquela frase me atravessou como uma l\u00e2mina.<\/p>\n<p>Sa\u00ed daquela casa e, pela primeira vez, entendi o que meu tio nunca entendeu:<\/p>\n<p>A vida n\u00e3o \u00e9 um ensaio geral pra uma estreia futura. \u00c9 o espet\u00e1culo acontecendo agora, ao vivo, sem replay, sem segunda chance.<\/p>\n<p>Naquela mesma noite, abri a garrafa de champanhe que eu guardava &#8220;pra quando a loja faturasse o primeiro milh\u00e3o&#8221;.<\/p>\n<p>Vesti o terno que eu guardava &#8220;pra casamento importante&#8221;.<\/p>\n<p>Peguei minha esposa pela m\u00e3o e fomos comer pastel na feira, numa ter\u00e7a-feira qualquer, usando a lou\u00e7a de porcelana que a sogra deu &#8220;pra ocasi\u00f5es especiais&#8221;.<\/p>\n<p>Porque eu entendi, tarde, mas entendi:<\/p>\n<p>Estar vivo hoje, respirando, com sa\u00fade, com quem voc\u00ea ama ao lado&#8230; j\u00e1 \u00c9 a ocasi\u00e3o especial.<\/p>\n<p>O espiritismo ensina algo que meu tio nunca quis ouvir: a Terra \u00e9 escola, n\u00e3o sala de espera. N\u00e3o viemos pra guardar experi\u00eancias numa caixa trancada. Viemos pra viver, amar, errar, aprender, sentir. A reencarna\u00e7\u00e3o nos d\u00e1 outras chances, sim \u2014 mas n\u00e3o a mesma chance. N\u00e3o o mesmo corpo. N\u00e3o as mesmas pessoas. N\u00e3o o mesmo agora.<\/p>\n<p>Cada momento que voc\u00ea adia por medo, por economia, por &#8220;n\u00e3o ser a hora certa&#8221;&#8230; \u00e9 um momento que apodrece. Assim como o vinho do tio Maur\u00edcio.<\/p>\n<p>Quantas coisas voc\u00ea tem guardadas pra &#8220;algum dia&#8221;?<\/p>\n<p>Aquele vestido com etiqueta?<\/p>\n<p>Aquele perfume caro?<\/p>\n<p>Aquela viagem que voc\u00ea vai fazer &#8220;quando os filhos crescerem&#8221;?<\/p>\n<p>Aquele &#8220;eu te amo&#8221; que voc\u00ea n\u00e3o diz porque &#8220;ele j\u00e1 sabe&#8221;?<\/p>\n<p>Aquele perd\u00e3o que voc\u00ea vai pedir &#8220;quando o orgulho passar&#8221;?<\/p>\n<p>Te digo uma coisa com o cora\u00e7\u00e3o na m\u00e3o:<\/p>\n<p>Se voc\u00ea morrer amanh\u00e3, outra pessoa vai usar seu vestido, seu perfume, vai dormir na sua cama e vai viver a vida que voc\u00ea guardou pra depois.<\/p>\n<p>Meu tio Maur\u00edcio trabalhou 42 anos. Economizou cada centavo. Abriu m\u00e3o de alegrias, de abra\u00e7os, de risadas.<\/p>\n<p>Morreu uma semana depois de se aposentar.<\/p>\n<p>As garrafas que ele guardou por 11 anos viraram vinagre.<\/p>\n<p>O s\u00edtio que ele comprou ficou vazio.<\/p>\n<p>A vida que ele prometeu viver &#8220;depois&#8221;&#8230; nunca chegou.<\/p>\n<p>E eu aprendi, da forma mais dolorosa poss\u00edvel:<\/p>\n<p>&#8220;Algum dia&#8221; \u00e9 o cemit\u00e9rio dos sonhos.<\/p>\n<p>&#8220;Quando eu tiver tempo&#8221; \u00e9 a desculpa dos mortos-vivos.<\/p>\n<p>&#8220;Vou guardar pra ocasi\u00e3o especial&#8221; \u00e9 o epit\u00e1fio de quem nunca viveu.<\/p>\n<p>Hoje, eu uso o perfume caro na segunda-feira.<\/p>\n<p>Abro o vinho bom pra comer pizza com a fam\u00edlia.<\/p>\n<p>Digo &#8220;eu te amo&#8221; todo dia, porque amanh\u00e3 posso n\u00e3o estar aqui.<\/p>\n<p>E toda vez que passo na frente daquela casa em S\u00e3o Caetano, olho pro por\u00e3o e sussurro:<\/p>\n<p>&#8220;Desculpa, tio. Eu entendi. Tarde. Mas entendi.&#8221;<\/p>\n<p>A vida n\u00e3o espera voc\u00ea estar pronto.<\/p>\n<p>Ela acontece agora.<\/p>\n<p>E se voc\u00ea n\u00e3o viver hoje, amanh\u00e3 pode ser tarde demais.<\/p>\n<p>Voc\u00ea tem algo guardado pra &#8220;ocasi\u00e3o especial&#8221;? Voc\u00ea acredita que a vida \u00e9 pra ser vivida agora, ou voc\u00ea tamb\u00e9m est\u00e1 esperando um &#8220;depois&#8221; que pode nunca chegar?<\/p>\n<p><strong><em>Fonte:<\/em><\/strong> Papo das 9 &#8211; Programa do Andr\u00e9 Trigueiro<\/p>\n<p>&nbsp;<\/p>\n<p style=\"text-align: center\"><strong><em>Blog do Florisvaldo &#8211; Informa\u00e7\u00e3o Com Imparcialidade<\/em><\/strong><\/p>\n","protected":false},"excerpt":{"rendered":"<p>Meu tio Maur\u00edcio era o homem mais disciplinado que j\u00e1 conheci. Trabalhou 42 anos na mesma metal\u00fargica em S\u00e3o Caetano do Sul. Era o primeiro a bater ponto e o \u00faltimo a sair. Economizava cada centavo. N\u00e3o tirava f\u00e9rias &#8220;pra n\u00e3o gastar \u00e0 toa&#8221;. N\u00e3o trocava de carro &#8220;porque o velho ainda anda&#8221;. N\u00e3o ia<\/p>\n","protected":false},"author":2,"featured_media":21825,"comment_status":"open","ping_status":"open","sticky":false,"template":"","format":"standard","meta":{"footnotes":""},"categories":[4],"tags":[],"class_list":{"0":"post-21824","1":"post","2":"type-post","3":"status-publish","4":"format-standard","5":"has-post-thumbnail","7":"category-opiniao"},"yoast_head":"<!-- This site is optimized with the Yoast SEO plugin v27.4 - https:\/\/yoast.com\/product\/yoast-seo-wordpress\/ -->\n<title>O HOMEM QUE GUARDOU A VIDA INTEIRA UMA CAIXA... - Blog do Florisvaldo<\/title>\n<meta name=\"robots\" content=\"index, follow, max-snippet:-1, max-image-preview:large, max-video-preview:-1\" \/>\n<link rel=\"canonical\" href=\"https:\/\/portaldenoticias.net\/ffsantos\/o-homem-que-guardou-a-vida-inteira-uma-caixa\/\" \/>\n<meta property=\"og:locale\" content=\"pt_BR\" \/>\n<meta property=\"og:type\" content=\"article\" \/>\n<meta property=\"og:title\" content=\"O HOMEM QUE GUARDOU A VIDA INTEIRA UMA CAIXA... - Blog do Florisvaldo\" \/>\n<meta property=\"og:description\" content=\"Meu tio Maur\u00edcio era o homem mais disciplinado que j\u00e1 conheci. Trabalhou 42 anos na mesma metal\u00fargica em S\u00e3o Caetano do Sul. Era o primeiro a bater ponto e o \u00faltimo a sair. Economizava cada centavo. N\u00e3o tirava f\u00e9rias &#8220;pra n\u00e3o gastar \u00e0 toa&#8221;. N\u00e3o trocava de carro &#8220;porque o velho ainda anda&#8221;. N\u00e3o ia\" \/>\n<meta property=\"og:url\" content=\"https:\/\/portaldenoticias.net\/ffsantos\/o-homem-que-guardou-a-vida-inteira-uma-caixa\/\" \/>\n<meta property=\"og:site_name\" content=\"Blog do Florisvaldo\" \/>\n<meta property=\"article:published_time\" content=\"2026-01-02T01:02:14+00:00\" \/>\n<meta property=\"og:image\" content=\"http:\/\/portaldenoticias.net\/ffsantos\/wp-content\/uploads\/2026\/01\/vINHO-Imagem5.png\" \/>\n\t<meta property=\"og:image:width\" content=\"512\" \/>\n\t<meta property=\"og:image:height\" content=\"640\" \/>\n\t<meta property=\"og:image:type\" content=\"image\/png\" \/>\n<meta name=\"author\" content=\"Florisvaldo\" \/>\n<meta name=\"twitter:card\" content=\"summary_large_image\" \/>\n<meta name=\"twitter:label1\" content=\"Escrito por\" \/>\n\t<meta name=\"twitter:data1\" content=\"Florisvaldo\" \/>\n\t<meta name=\"twitter:label2\" content=\"Est. tempo de leitura\" \/>\n\t<meta name=\"twitter:data2\" content=\"7 minutos\" \/>\n<script type=\"application\/ld+json\" class=\"yoast-schema-graph\">{\"@context\":\"https:\\\/\\\/schema.org\",\"@graph\":[{\"@type\":\"Article\",\"@id\":\"https:\\\/\\\/portaldenoticias.net\\\/ffsantos\\\/o-homem-que-guardou-a-vida-inteira-uma-caixa\\\/#article\",\"isPartOf\":{\"@id\":\"https:\\\/\\\/portaldenoticias.net\\\/ffsantos\\\/o-homem-que-guardou-a-vida-inteira-uma-caixa\\\/\"},\"author\":{\"name\":\"Florisvaldo\",\"@id\":\"https:\\\/\\\/portaldenoticias.net\\\/ffsantos\\\/#\\\/schema\\\/person\\\/709c788ecb22f2378d698c2cd46cecc3\"},\"headline\":\"O HOMEM QUE GUARDOU A VIDA INTEIRA UMA CAIXA&#8230;\",\"datePublished\":\"2026-01-02T01:02:14+00:00\",\"mainEntityOfPage\":{\"@id\":\"https:\\\/\\\/portaldenoticias.net\\\/ffsantos\\\/o-homem-que-guardou-a-vida-inteira-uma-caixa\\\/\"},\"wordCount\":1203,\"commentCount\":1,\"image\":{\"@id\":\"https:\\\/\\\/portaldenoticias.net\\\/ffsantos\\\/o-homem-que-guardou-a-vida-inteira-uma-caixa\\\/#primaryimage\"},\"thumbnailUrl\":\"https:\\\/\\\/portaldenoticias.net\\\/ffsantos\\\/wp-content\\\/uploads\\\/2026\\\/01\\\/vINHO-Imagem5.png\",\"articleSection\":[\"Opini\u00e3o\"],\"inLanguage\":\"pt-BR\",\"potentialAction\":[{\"@type\":\"CommentAction\",\"name\":\"Comment\",\"target\":[\"https:\\\/\\\/portaldenoticias.net\\\/ffsantos\\\/o-homem-que-guardou-a-vida-inteira-uma-caixa\\\/#respond\"]}]},{\"@type\":\"WebPage\",\"@id\":\"https:\\\/\\\/portaldenoticias.net\\\/ffsantos\\\/o-homem-que-guardou-a-vida-inteira-uma-caixa\\\/\",\"url\":\"https:\\\/\\\/portaldenoticias.net\\\/ffsantos\\\/o-homem-que-guardou-a-vida-inteira-uma-caixa\\\/\",\"name\":\"O HOMEM QUE GUARDOU A VIDA INTEIRA UMA CAIXA... - Blog do Florisvaldo\",\"isPartOf\":{\"@id\":\"https:\\\/\\\/portaldenoticias.net\\\/ffsantos\\\/#website\"},\"primaryImageOfPage\":{\"@id\":\"https:\\\/\\\/portaldenoticias.net\\\/ffsantos\\\/o-homem-que-guardou-a-vida-inteira-uma-caixa\\\/#primaryimage\"},\"image\":{\"@id\":\"https:\\\/\\\/portaldenoticias.net\\\/ffsantos\\\/o-homem-que-guardou-a-vida-inteira-uma-caixa\\\/#primaryimage\"},\"thumbnailUrl\":\"https:\\\/\\\/portaldenoticias.net\\\/ffsantos\\\/wp-content\\\/uploads\\\/2026\\\/01\\\/vINHO-Imagem5.png\",\"datePublished\":\"2026-01-02T01:02:14+00:00\",\"author\":{\"@id\":\"https:\\\/\\\/portaldenoticias.net\\\/ffsantos\\\/#\\\/schema\\\/person\\\/709c788ecb22f2378d698c2cd46cecc3\"},\"breadcrumb\":{\"@id\":\"https:\\\/\\\/portaldenoticias.net\\\/ffsantos\\\/o-homem-que-guardou-a-vida-inteira-uma-caixa\\\/#breadcrumb\"},\"inLanguage\":\"pt-BR\",\"potentialAction\":[{\"@type\":\"ReadAction\",\"target\":[\"https:\\\/\\\/portaldenoticias.net\\\/ffsantos\\\/o-homem-que-guardou-a-vida-inteira-uma-caixa\\\/\"]}]},{\"@type\":\"ImageObject\",\"inLanguage\":\"pt-BR\",\"@id\":\"https:\\\/\\\/portaldenoticias.net\\\/ffsantos\\\/o-homem-que-guardou-a-vida-inteira-uma-caixa\\\/#primaryimage\",\"url\":\"https:\\\/\\\/portaldenoticias.net\\\/ffsantos\\\/wp-content\\\/uploads\\\/2026\\\/01\\\/vINHO-Imagem5.png\",\"contentUrl\":\"https:\\\/\\\/portaldenoticias.net\\\/ffsantos\\\/wp-content\\\/uploads\\\/2026\\\/01\\\/vINHO-Imagem5.png\",\"width\":512,\"height\":640,\"caption\":\"O homem que guardou a vida inteira numa caixa. quando abri essa caixa depois da morte dele, meu cora\u00e7\u00e3o se partiu e eu entendi o maior erro que um ser humano pode cometer...\"},{\"@type\":\"BreadcrumbList\",\"@id\":\"https:\\\/\\\/portaldenoticias.net\\\/ffsantos\\\/o-homem-que-guardou-a-vida-inteira-uma-caixa\\\/#breadcrumb\",\"itemListElement\":[{\"@type\":\"ListItem\",\"position\":1,\"name\":\"In\u00edcio\",\"item\":\"https:\\\/\\\/portaldenoticias.net\\\/ffsantos\\\/\"},{\"@type\":\"ListItem\",\"position\":2,\"name\":\"O HOMEM QUE GUARDOU A VIDA INTEIRA UMA CAIXA&#8230;\"}]},{\"@type\":\"WebSite\",\"@id\":\"https:\\\/\\\/portaldenoticias.net\\\/ffsantos\\\/#website\",\"url\":\"https:\\\/\\\/portaldenoticias.net\\\/ffsantos\\\/\",\"name\":\"Blog do Florisvaldo |\",\"description\":\"Informa\u00e7\u00e3o com imparcialidade\",\"potentialAction\":[{\"@type\":\"SearchAction\",\"target\":{\"@type\":\"EntryPoint\",\"urlTemplate\":\"https:\\\/\\\/portaldenoticias.net\\\/ffsantos\\\/?s={search_term_string}\"},\"query-input\":{\"@type\":\"PropertyValueSpecification\",\"valueRequired\":true,\"valueName\":\"search_term_string\"}}],\"inLanguage\":\"pt-BR\"},{\"@type\":\"Person\",\"@id\":\"https:\\\/\\\/portaldenoticias.net\\\/ffsantos\\\/#\\\/schema\\\/person\\\/709c788ecb22f2378d698c2cd46cecc3\",\"name\":\"Florisvaldo\",\"image\":{\"@type\":\"ImageObject\",\"inLanguage\":\"pt-BR\",\"@id\":\"https:\\\/\\\/secure.gravatar.com\\\/avatar\\\/23c59839b4c874bb227d4916d18ba065e405a73d0e423fa9255ba9436604e628?s=96&d=mm&r=g\",\"url\":\"https:\\\/\\\/secure.gravatar.com\\\/avatar\\\/23c59839b4c874bb227d4916d18ba065e405a73d0e423fa9255ba9436604e628?s=96&d=mm&r=g\",\"contentUrl\":\"https:\\\/\\\/secure.gravatar.com\\\/avatar\\\/23c59839b4c874bb227d4916d18ba065e405a73d0e423fa9255ba9436604e628?s=96&d=mm&r=g\",\"caption\":\"Florisvaldo\"},\"url\":\"https:\\\/\\\/portaldenoticias.net\\\/ffsantos\\\/author\\\/ffsantos\\\/\"}]}<\/script>\n<!-- \/ Yoast SEO plugin. -->","yoast_head_json":{"title":"O HOMEM QUE GUARDOU A VIDA INTEIRA UMA CAIXA... - Blog do Florisvaldo","robots":{"index":"index","follow":"follow","max-snippet":"max-snippet:-1","max-image-preview":"max-image-preview:large","max-video-preview":"max-video-preview:-1"},"canonical":"https:\/\/portaldenoticias.net\/ffsantos\/o-homem-que-guardou-a-vida-inteira-uma-caixa\/","og_locale":"pt_BR","og_type":"article","og_title":"O HOMEM QUE GUARDOU A VIDA INTEIRA UMA CAIXA... - Blog do Florisvaldo","og_description":"Meu tio Maur\u00edcio era o homem mais disciplinado que j\u00e1 conheci. Trabalhou 42 anos na mesma metal\u00fargica em S\u00e3o Caetano do Sul. Era o primeiro a bater ponto e o \u00faltimo a sair. Economizava cada centavo. N\u00e3o tirava f\u00e9rias &#8220;pra n\u00e3o gastar \u00e0 toa&#8221;. N\u00e3o trocava de carro &#8220;porque o velho ainda anda&#8221;. N\u00e3o ia","og_url":"https:\/\/portaldenoticias.net\/ffsantos\/o-homem-que-guardou-a-vida-inteira-uma-caixa\/","og_site_name":"Blog do Florisvaldo","article_published_time":"2026-01-02T01:02:14+00:00","og_image":[{"width":512,"height":640,"url":"http:\/\/portaldenoticias.net\/ffsantos\/wp-content\/uploads\/2026\/01\/vINHO-Imagem5.png","type":"image\/png"}],"author":"Florisvaldo","twitter_card":"summary_large_image","twitter_misc":{"Escrito por":"Florisvaldo","Est. tempo de leitura":"7 minutos"},"schema":{"@context":"https:\/\/schema.org","@graph":[{"@type":"Article","@id":"https:\/\/portaldenoticias.net\/ffsantos\/o-homem-que-guardou-a-vida-inteira-uma-caixa\/#article","isPartOf":{"@id":"https:\/\/portaldenoticias.net\/ffsantos\/o-homem-que-guardou-a-vida-inteira-uma-caixa\/"},"author":{"name":"Florisvaldo","@id":"https:\/\/portaldenoticias.net\/ffsantos\/#\/schema\/person\/709c788ecb22f2378d698c2cd46cecc3"},"headline":"O HOMEM QUE GUARDOU A VIDA INTEIRA UMA CAIXA&#8230;","datePublished":"2026-01-02T01:02:14+00:00","mainEntityOfPage":{"@id":"https:\/\/portaldenoticias.net\/ffsantos\/o-homem-que-guardou-a-vida-inteira-uma-caixa\/"},"wordCount":1203,"commentCount":1,"image":{"@id":"https:\/\/portaldenoticias.net\/ffsantos\/o-homem-que-guardou-a-vida-inteira-uma-caixa\/#primaryimage"},"thumbnailUrl":"https:\/\/portaldenoticias.net\/ffsantos\/wp-content\/uploads\/2026\/01\/vINHO-Imagem5.png","articleSection":["Opini\u00e3o"],"inLanguage":"pt-BR","potentialAction":[{"@type":"CommentAction","name":"Comment","target":["https:\/\/portaldenoticias.net\/ffsantos\/o-homem-que-guardou-a-vida-inteira-uma-caixa\/#respond"]}]},{"@type":"WebPage","@id":"https:\/\/portaldenoticias.net\/ffsantos\/o-homem-que-guardou-a-vida-inteira-uma-caixa\/","url":"https:\/\/portaldenoticias.net\/ffsantos\/o-homem-que-guardou-a-vida-inteira-uma-caixa\/","name":"O HOMEM QUE GUARDOU A VIDA INTEIRA UMA CAIXA... - Blog do Florisvaldo","isPartOf":{"@id":"https:\/\/portaldenoticias.net\/ffsantos\/#website"},"primaryImageOfPage":{"@id":"https:\/\/portaldenoticias.net\/ffsantos\/o-homem-que-guardou-a-vida-inteira-uma-caixa\/#primaryimage"},"image":{"@id":"https:\/\/portaldenoticias.net\/ffsantos\/o-homem-que-guardou-a-vida-inteira-uma-caixa\/#primaryimage"},"thumbnailUrl":"https:\/\/portaldenoticias.net\/ffsantos\/wp-content\/uploads\/2026\/01\/vINHO-Imagem5.png","datePublished":"2026-01-02T01:02:14+00:00","author":{"@id":"https:\/\/portaldenoticias.net\/ffsantos\/#\/schema\/person\/709c788ecb22f2378d698c2cd46cecc3"},"breadcrumb":{"@id":"https:\/\/portaldenoticias.net\/ffsantos\/o-homem-que-guardou-a-vida-inteira-uma-caixa\/#breadcrumb"},"inLanguage":"pt-BR","potentialAction":[{"@type":"ReadAction","target":["https:\/\/portaldenoticias.net\/ffsantos\/o-homem-que-guardou-a-vida-inteira-uma-caixa\/"]}]},{"@type":"ImageObject","inLanguage":"pt-BR","@id":"https:\/\/portaldenoticias.net\/ffsantos\/o-homem-que-guardou-a-vida-inteira-uma-caixa\/#primaryimage","url":"https:\/\/portaldenoticias.net\/ffsantos\/wp-content\/uploads\/2026\/01\/vINHO-Imagem5.png","contentUrl":"https:\/\/portaldenoticias.net\/ffsantos\/wp-content\/uploads\/2026\/01\/vINHO-Imagem5.png","width":512,"height":640,"caption":"O homem que guardou a vida inteira numa caixa. quando abri essa caixa depois da morte dele, meu cora\u00e7\u00e3o se partiu e eu entendi o maior erro que um ser humano pode cometer..."},{"@type":"BreadcrumbList","@id":"https:\/\/portaldenoticias.net\/ffsantos\/o-homem-que-guardou-a-vida-inteira-uma-caixa\/#breadcrumb","itemListElement":[{"@type":"ListItem","position":1,"name":"In\u00edcio","item":"https:\/\/portaldenoticias.net\/ffsantos\/"},{"@type":"ListItem","position":2,"name":"O HOMEM QUE GUARDOU A VIDA INTEIRA UMA CAIXA&#8230;"}]},{"@type":"WebSite","@id":"https:\/\/portaldenoticias.net\/ffsantos\/#website","url":"https:\/\/portaldenoticias.net\/ffsantos\/","name":"Blog do Florisvaldo |","description":"Informa\u00e7\u00e3o com imparcialidade","potentialAction":[{"@type":"SearchAction","target":{"@type":"EntryPoint","urlTemplate":"https:\/\/portaldenoticias.net\/ffsantos\/?s={search_term_string}"},"query-input":{"@type":"PropertyValueSpecification","valueRequired":true,"valueName":"search_term_string"}}],"inLanguage":"pt-BR"},{"@type":"Person","@id":"https:\/\/portaldenoticias.net\/ffsantos\/#\/schema\/person\/709c788ecb22f2378d698c2cd46cecc3","name":"Florisvaldo","image":{"@type":"ImageObject","inLanguage":"pt-BR","@id":"https:\/\/secure.gravatar.com\/avatar\/23c59839b4c874bb227d4916d18ba065e405a73d0e423fa9255ba9436604e628?s=96&d=mm&r=g","url":"https:\/\/secure.gravatar.com\/avatar\/23c59839b4c874bb227d4916d18ba065e405a73d0e423fa9255ba9436604e628?s=96&d=mm&r=g","contentUrl":"https:\/\/secure.gravatar.com\/avatar\/23c59839b4c874bb227d4916d18ba065e405a73d0e423fa9255ba9436604e628?s=96&d=mm&r=g","caption":"Florisvaldo"},"url":"https:\/\/portaldenoticias.net\/ffsantos\/author\/ffsantos\/"}]}},"_links":{"self":[{"href":"https:\/\/portaldenoticias.net\/ffsantos\/wp-json\/wp\/v2\/posts\/21824","targetHints":{"allow":["GET"]}}],"collection":[{"href":"https:\/\/portaldenoticias.net\/ffsantos\/wp-json\/wp\/v2\/posts"}],"about":[{"href":"https:\/\/portaldenoticias.net\/ffsantos\/wp-json\/wp\/v2\/types\/post"}],"author":[{"embeddable":true,"href":"https:\/\/portaldenoticias.net\/ffsantos\/wp-json\/wp\/v2\/users\/2"}],"replies":[{"embeddable":true,"href":"https:\/\/portaldenoticias.net\/ffsantos\/wp-json\/wp\/v2\/comments?post=21824"}],"version-history":[{"count":1,"href":"https:\/\/portaldenoticias.net\/ffsantos\/wp-json\/wp\/v2\/posts\/21824\/revisions"}],"predecessor-version":[{"id":21826,"href":"https:\/\/portaldenoticias.net\/ffsantos\/wp-json\/wp\/v2\/posts\/21824\/revisions\/21826"}],"wp:featuredmedia":[{"embeddable":true,"href":"https:\/\/portaldenoticias.net\/ffsantos\/wp-json\/wp\/v2\/media\/21825"}],"wp:attachment":[{"href":"https:\/\/portaldenoticias.net\/ffsantos\/wp-json\/wp\/v2\/media?parent=21824"}],"wp:term":[{"taxonomy":"category","embeddable":true,"href":"https:\/\/portaldenoticias.net\/ffsantos\/wp-json\/wp\/v2\/categories?post=21824"},{"taxonomy":"post_tag","embeddable":true,"href":"https:\/\/portaldenoticias.net\/ffsantos\/wp-json\/wp\/v2\/tags?post=21824"}],"curies":[{"name":"wp","href":"https:\/\/api.w.org\/{rel}","templated":true}]}}