{"id":21811,"date":"2026-01-02T19:49:06","date_gmt":"2026-01-02T22:49:06","guid":{"rendered":"https:\/\/portaldenoticias.net\/ffsantos\/?p=21811"},"modified":"2026-01-02T21:03:28","modified_gmt":"2026-01-03T00:03:28","slug":"por-que-a-inteligencia-artificial-so-faz-sentido-com-a-inteligencia-humana","status":"publish","type":"post","link":"https:\/\/portaldenoticias.net\/ffsantos\/por-que-a-inteligencia-artificial-so-faz-sentido-com-a-inteligencia-humana\/","title":{"rendered":"POR QUE A INTELIG\u00caNCIA ARTIFICIAL S\u00d3 FAZ SENTIDO COM A INTELIGENCIA HUMANA?"},"content":{"rendered":"<p><strong><em>\u00a0 \u00a0 \u00a0<\/em><\/strong><\/p>\n<figure id=\"attachment_21812\" aria-describedby=\"caption-attachment-21812\" style=\"width: 630px\" class=\"wp-caption aligncenter\"><a href=\"http:\/\/portaldenoticias.net\/ffsantos\/wp-content\/uploads\/2025\/12\/iITELIGENCIA-a10376abf9c531d19649802102327e86.jpg\"><img loading=\"lazy\" decoding=\"async\" class=\"size-full wp-image-21812\" src=\"http:\/\/portaldenoticias.net\/ffsantos\/wp-content\/uploads\/2025\/12\/iITELIGENCIA-a10376abf9c531d19649802102327e86.jpg\" alt=\"\" width=\"630\" height=\"315\" srcset=\"https:\/\/portaldenoticias.net\/ffsantos\/wp-content\/uploads\/2025\/12\/iITELIGENCIA-a10376abf9c531d19649802102327e86.jpg 630w, https:\/\/portaldenoticias.net\/ffsantos\/wp-content\/uploads\/2025\/12\/iITELIGENCIA-a10376abf9c531d19649802102327e86-300x150.jpg 300w, https:\/\/portaldenoticias.net\/ffsantos\/wp-content\/uploads\/2025\/12\/iITELIGENCIA-a10376abf9c531d19649802102327e86-150x75.jpg 150w, https:\/\/portaldenoticias.net\/ffsantos\/wp-content\/uploads\/2025\/12\/iITELIGENCIA-a10376abf9c531d19649802102327e86-450x225.jpg 450w\" sizes=\"auto, (max-width: 630px) 100vw, 630px\" \/><\/a><figcaption id=\"caption-attachment-21812\" class=\"wp-caption-text\">A IA que precisa da IH<\/figcaption><\/figure>\n<p><strong><em>\u00a0 \u00a0 \u00a0 \u00a0 \u00a0 \u00a0 \u00a0 \u00a0 \u00a0 \u00a0 \u00a0 \u00a0 \u00a0 \u00a0 \u00a0 \u00a0 \u00a0 \u00a0 \u00a0 \u00a0 \u00a0 \u00a0 \u00a0 \u00a0 \u00a0 \u00a0 \u00a0 \u00a0 \u00a0 \u00a0 \u00a0 \u00a0 \u00a0 \u00a0 \u00a0 \u00a0 \u00a0 \u00a0 \u00a0 \u00a0 \u00a0 \u00a0 \u00a0 \u00a0 \u00a0 \u00a0 \u00a0 \u00a0 \u00a0 \u00a0 \u00a0 \u00a0 \u00a0 \u00a0 \u00a0 \u00a0 \u00a0 \u00a0 \u00a0 \u00a0 \u00a0 \u00a0 \u00a0 \u00a0 \u00a0 \u00a0 \u00a0 \u00a0 \u00a0 \u00a0 \u00a0 \u00a0 \u00a0<\/em><\/strong><\/p>\n<p><strong><em>\u00a0 \u00a0 \u00a0 \u00a0 \u00a0 \u00a0 \u00a0 \u00a0 \u00a0 \u00a0 \u00a0 \u00a0 \u00a0 \u00a0 \u00a0 \u00a0 \u00a0 \u00a0 \u00a0 \u00a0 \u00a0 \u00a0 \u00a0 \u00a0 \u00a0 \u00a0 \u00a0 \u00a0 \u00a0 \u00a0 \u00a0 \u00a0 \u00a0 \u00a0 \u00a0 \u00a0 \u00a0 \u00a0 \u00a0 \u00a0 \u00a0 \u00a0 \u00a0 \u00a0 \u00a0 \u00a0 \u00a0 \u00a0 \u00a0 \u00a0 \u00a0 \u00a0 \u00a0 \u00a0 \u00a0 \u00a0 \u00a0 \u00a0 \u00a0 \u00a0 \u00a0 \u00a0 \u00a0 \u00a0 \u00a0 \u00a0 \u00a0 \u00a0 \u00a0 \u00a0 \u00a0 \u00a0 \u00a0 \u00a0 \u00a0 \u00a0Airton da NetArts<\/em><\/strong><\/p>\n<p>A Intelig\u00eancia Artificial est\u00e1 cada vez mais presente no dia a dia. Ela escreve textos, analisa dados, recomenda produtos, reconhece imagens e automatiza processos. Mesmo assim, existe um ponto central que muitas vezes \u00e9 ignorado. A IA n\u00e3o existe sozinha. Ela depende da IH, a intelig\u00eancia humana, para nascer, evoluir e ter prop\u00f3sito.<\/p>\n<p>Mais do que uma tecnologia, a IA \u00e9 um reflexo do conhecimento humano aplicado em m\u00e1quinas.<\/p>\n<p style=\"text-align: center\"><strong><em>A hist\u00f3ria da Intelig\u00eancia Artificial<\/em><\/strong><\/p>\n<p>A ideia de criar m\u00e1quinas capazes de simular o pensamento humano come\u00e7ou a ganhar forma no s\u00e9culo XX. Em 1950, o matem\u00e1tico Alan Turing publicou o artigo Computing Machinery and Intelligence, no qual prop\u00f4s a pergunta que marcou a \u00e1rea: \u201cas m\u00e1quinas podem pensar?\u201d.<\/p>\n<p>Em 1956, durante a Confer\u00eancia de Dartmouth, o termo Intelig\u00eancia Artificial foi utilizado oficialmente pela primeira vez. O objetivo era desenvolver sistemas capazes de aprender, raciocinar e resolver problemas de maneira semelhante aos seres humanos.<\/p>\n<p>Desde ent\u00e3o, a IA passou por ciclos de avan\u00e7o e estagna\u00e7\u00e3o. O grande salto aconteceu com o aumento do poder computacional, o surgimento da internet e o crescimento exponencial dos dados.<\/p>\n<p style=\"text-align: center\"><strong><em>Quem criou a IA?<\/em><\/strong><\/p>\n<p>A Intelig\u00eancia Artificial n\u00e3o foi criada por uma \u00fanica pessoa. Ela \u00e9 fruto do trabalho coletivo de pesquisadores de diversas \u00e1reas, como matem\u00e1tica, ci\u00eancia da computa\u00e7\u00e3o, neuroci\u00eancia, filosofia e engenharia.<\/p>\n<p>Nomes como Alan Turing, John McCarthy e Marvin Minsky estabeleceram as bases te\u00f3ricas. J\u00e1 a IA moderna \u00e9 desenvolvida por equipes multidisciplinares em universidades, centros de pesquisa e empresas de tecnologia ao redor do mundo.<\/p>\n<p>Desde o in\u00edcio, a IA sempre foi uma constru\u00e7\u00e3o da intelig\u00eancia humana.<\/p>\n<p style=\"text-align: center\"><strong><em>Para que a IA foi criada?<\/em><\/strong><\/p>\n<p>A IA foi criada para ampliar capacidades humanas, n\u00e3o para substitu\u00ed-las.<\/p>\n<p>Seu prop\u00f3sito \u00e9 automatizar tarefas repetitivas, analisar grandes volumes de dados, identificar padr\u00f5es e auxiliar na tomada de decis\u00f5es. Isso permite que pessoas e empresas ganhem tempo, reduzam erros e aumentem a produtividade.<\/p>\n<p>Na pr\u00e1tica, a IA funciona como uma ferramenta de apoio ao ser humano.<\/p>\n<p style=\"text-align: center\"><strong><em>O que se espera da Intelig\u00eancia Artificial?<\/em><\/strong><\/p>\n<p>Espera-se que a IA continue evoluindo em efici\u00eancia, velocidade e precis\u00e3o. Ela \u00e9 especialmente eficaz em tarefas bem definidas, com regras claras e grandes volumes de dados.<\/p>\n<p>A expectativa n\u00e3o \u00e9 que a IA pense como um ser humano, mas que execute processos de forma consistente, escal\u00e1vel e confi\u00e1vel, sempre sob orienta\u00e7\u00e3o humana.<\/p>\n<p style=\"text-align: center\"><strong><em>O que a IA n\u00e3o consegue alcan\u00e7ar?<\/em><\/strong><\/p>\n<p>Apesar dos avan\u00e7os, a IA n\u00e3o possui consci\u00eancia, emo\u00e7\u00f5es, empatia ou senso moral. Ela n\u00e3o entende o mundo a partir de experi\u00eancias pr\u00f3prias e n\u00e3o tem percep\u00e7\u00e3o subjetiva da realidade.<\/p>\n<p>A IA n\u00e3o cria com inten\u00e7\u00e3o, n\u00e3o define valores e n\u00e3o faz julgamentos \u00e9ticos por conta pr\u00f3pria. Tudo o que ela produz \u00e9 resultado de c\u00e1lculos estat\u00edsticos baseados em dados existentes.<\/p>\n<p>Essas limita\u00e7\u00f5es mostram que certas capacidades continuam sendo exclusivamente humanas.<\/p>\n<p style=\"text-align: center\"><strong><em>Por que a IA precisa do ser humano?<\/em><\/strong><\/p>\n<p>A IA depende do ser humano em todas as etapas do seu funcionamento. Ela \u00e9 projetada por pessoas, treinada com dados humanos, guiada por objetivos humanos e avaliada segundo crit\u00e9rios humanos.<\/p>\n<p>Sem a intelig\u00eancia humana, a IA n\u00e3o sabe o que \u00e9 relevante, correto ou desej\u00e1vel. A IH fornece contexto, dire\u00e7\u00e3o, prop\u00f3sito e responsabilidade ao uso da tecnologia.<\/p>\n<p style=\"text-align: center\"><strong><em>\u00c9 poss\u00edvel a IA ter vida pr\u00f3pria?<\/em><\/strong><\/p>\n<p>Atualmente, n\u00e3o existe evid\u00eancia cient\u00edfica de que uma IA possa ter vida pr\u00f3pria ou consci\u00eancia.<\/p>\n<p>Ela n\u00e3o possui vontade, desejos ou entendimento do que faz. Toda a\u00e7\u00e3o depende de c\u00f3digo, dados, infraestrutura tecnol\u00f3gica e decis\u00f5es humanas.<\/p>\n<p>A ideia de uma IA aut\u00f4noma no sentido real pertence mais \u00e0 fic\u00e7\u00e3o cient\u00edfica do que \u00e0 realidade.<\/p>\n<p style=\"text-align: center\"><strong><em>O que esperar para o futuro?<\/em><\/strong><\/p>\n<p>O futuro aponta para uma integra\u00e7\u00e3o cada vez maior entre IA e IH. A tecnologia ser\u00e1 uma aliada poderosa, mas o diferencial continuar\u00e1 sendo humano.<\/p>\n<p>Pensamento cr\u00edtico, criatividade, \u00e9tica, empatia e vis\u00e3o estrat\u00e9gica ser\u00e3o habilidades cada vez mais valorizadas. N\u00e3o ser\u00e1 a IA que substituir\u00e1 pessoas, mas pessoas que sabem usar IA que se destacar\u00e3o.<\/p>\n<p>No fim, a maior intelig\u00eancia continua sendo humana. A IA s\u00f3 alcan\u00e7a seu verdadeiro potencial quando est\u00e1 a servi\u00e7o da IH.<\/p>\n<p><strong><em>Fonte:<\/em><\/strong>\u00a0\u00a0\u00a0 <a href=\"https:\/\/netarts.com.br\">https:\/\/netarts.com.br &#8211; <strong><em>Airton da NetArts<\/em><\/strong><\/a><\/p>\n<p><strong><em>Refer\u00eancias:<\/em><\/strong> Alan Turing. Computing Machinery and Intelligence. Mind, 1950.<\/p>\n<p>John McCarthy et al. A Proposal for the Dartmouth Summer Research Project on Artificial Intelligence. Dartmouth College, 1956.<\/p>\n<p>Stuart Russell e Peter Norvig. Artificial Intelligence: A Modern Approach. Pearson.<\/p>\n<p>Nils J. Nilsson. The Quest for Artificial Intelligence. Cambridge University Press.<\/p>\n<p>Luciano Floridi. Ethics of Artificial Intelligence. Oxford University Press.<\/p>\n<p>Yuval Noah Harari. 21 Li\u00e7\u00f5es para o S\u00e9culo 21. Companhia das Letras.<\/p>\n<p>Nick Bostrom. Superintelligence: Paths, Dangers, Strategies. Oxford University Press.<\/p>\n<p>&nbsp;<\/p>\n<p style=\"text-align: center\"><strong><em>Blog do Florisvaldo &#8211; Informa\u00e7\u00e3o Com Imparcialidade <\/em><\/strong><\/p>\n","protected":false},"excerpt":{"rendered":"<p>\u00a0 \u00a0 \u00a0 \u00a0 \u00a0 \u00a0 \u00a0 \u00a0 \u00a0 \u00a0 \u00a0 \u00a0 \u00a0 \u00a0 \u00a0 \u00a0 \u00a0 \u00a0 \u00a0 \u00a0 \u00a0 \u00a0 \u00a0 \u00a0 \u00a0 \u00a0 \u00a0 \u00a0 \u00a0 \u00a0 \u00a0 \u00a0 \u00a0 \u00a0 \u00a0 \u00a0 \u00a0 \u00a0 \u00a0 \u00a0 \u00a0 \u00a0 \u00a0 \u00a0 \u00a0 \u00a0 \u00a0 \u00a0 \u00a0 \u00a0 \u00a0 \u00a0 \u00a0 \u00a0 \u00a0<\/p>\n","protected":false},"author":2,"featured_media":21812,"comment_status":"open","ping_status":"open","sticky":false,"template":"","format":"standard","meta":{"footnotes":""},"categories":[4],"tags":[],"class_list":{"0":"post-21811","1":"post","2":"type-post","3":"status-publish","4":"format-standard","5":"has-post-thumbnail","7":"category-opiniao"},"yoast_head":"<!-- This site is optimized with the Yoast SEO plugin v27.4 - https:\/\/yoast.com\/product\/yoast-seo-wordpress\/ -->\n<title>POR QUE A INTELIG\u00caNCIA ARTIFICIAL S\u00d3 FAZ SENTIDO COM A INTELIGENCIA HUMANA? - Blog do Florisvaldo<\/title>\n<meta name=\"robots\" content=\"index, follow, max-snippet:-1, max-image-preview:large, max-video-preview:-1\" \/>\n<link rel=\"canonical\" href=\"https:\/\/portaldenoticias.net\/ffsantos\/por-que-a-inteligencia-artificial-so-faz-sentido-com-a-inteligencia-humana\/\" \/>\n<meta property=\"og:locale\" content=\"pt_BR\" \/>\n<meta property=\"og:type\" content=\"article\" \/>\n<meta property=\"og:title\" content=\"POR QUE A INTELIG\u00caNCIA ARTIFICIAL S\u00d3 FAZ SENTIDO COM A INTELIGENCIA HUMANA? - Blog do Florisvaldo\" \/>\n<meta property=\"og:description\" content=\"\u00a0 \u00a0 \u00a0 \u00a0 \u00a0 \u00a0 \u00a0 \u00a0 \u00a0 \u00a0 \u00a0 \u00a0 \u00a0 \u00a0 \u00a0 \u00a0 \u00a0 \u00a0 \u00a0 \u00a0 \u00a0 \u00a0 \u00a0 \u00a0 \u00a0 \u00a0 \u00a0 \u00a0 \u00a0 \u00a0 \u00a0 \u00a0 \u00a0 \u00a0 \u00a0 \u00a0 \u00a0 \u00a0 \u00a0 \u00a0 \u00a0 \u00a0 \u00a0 \u00a0 \u00a0 \u00a0 \u00a0 \u00a0 \u00a0 \u00a0 \u00a0 \u00a0 \u00a0 \u00a0 \u00a0\" \/>\n<meta property=\"og:url\" content=\"https:\/\/portaldenoticias.net\/ffsantos\/por-que-a-inteligencia-artificial-so-faz-sentido-com-a-inteligencia-humana\/\" \/>\n<meta property=\"og:site_name\" content=\"Blog do Florisvaldo\" \/>\n<meta property=\"article:published_time\" content=\"2026-01-02T22:49:06+00:00\" \/>\n<meta property=\"article:modified_time\" content=\"2026-01-03T00:03:28+00:00\" \/>\n<meta property=\"og:image\" content=\"http:\/\/portaldenoticias.net\/ffsantos\/wp-content\/uploads\/2025\/12\/iITELIGENCIA-a10376abf9c531d19649802102327e86.jpg\" \/>\n\t<meta property=\"og:image:width\" content=\"630\" \/>\n\t<meta property=\"og:image:height\" content=\"315\" \/>\n\t<meta property=\"og:image:type\" content=\"image\/jpeg\" \/>\n<meta name=\"author\" content=\"Florisvaldo\" \/>\n<meta name=\"twitter:card\" content=\"summary_large_image\" \/>\n<meta name=\"twitter:label1\" content=\"Escrito por\" \/>\n\t<meta name=\"twitter:data1\" content=\"Florisvaldo\" \/>\n\t<meta name=\"twitter:label2\" content=\"Est. tempo de leitura\" \/>\n\t<meta name=\"twitter:data2\" content=\"5 minutos\" \/>\n<script type=\"application\/ld+json\" class=\"yoast-schema-graph\">{\"@context\":\"https:\\\/\\\/schema.org\",\"@graph\":[{\"@type\":\"Article\",\"@id\":\"https:\\\/\\\/portaldenoticias.net\\\/ffsantos\\\/por-que-a-inteligencia-artificial-so-faz-sentido-com-a-inteligencia-humana\\\/#article\",\"isPartOf\":{\"@id\":\"https:\\\/\\\/portaldenoticias.net\\\/ffsantos\\\/por-que-a-inteligencia-artificial-so-faz-sentido-com-a-inteligencia-humana\\\/\"},\"author\":{\"name\":\"Florisvaldo\",\"@id\":\"https:\\\/\\\/portaldenoticias.net\\\/ffsantos\\\/#\\\/schema\\\/person\\\/709c788ecb22f2378d698c2cd46cecc3\"},\"headline\":\"POR QUE A INTELIG\u00caNCIA ARTIFICIAL S\u00d3 FAZ SENTIDO COM A INTELIGENCIA HUMANA?\",\"datePublished\":\"2026-01-02T22:49:06+00:00\",\"dateModified\":\"2026-01-03T00:03:28+00:00\",\"mainEntityOfPage\":{\"@id\":\"https:\\\/\\\/portaldenoticias.net\\\/ffsantos\\\/por-que-a-inteligencia-artificial-so-faz-sentido-com-a-inteligencia-humana\\\/\"},\"wordCount\":876,\"commentCount\":1,\"image\":{\"@id\":\"https:\\\/\\\/portaldenoticias.net\\\/ffsantos\\\/por-que-a-inteligencia-artificial-so-faz-sentido-com-a-inteligencia-humana\\\/#primaryimage\"},\"thumbnailUrl\":\"https:\\\/\\\/portaldenoticias.net\\\/ffsantos\\\/wp-content\\\/uploads\\\/2025\\\/12\\\/iITELIGENCIA-a10376abf9c531d19649802102327e86.jpg\",\"articleSection\":[\"Opini\u00e3o\"],\"inLanguage\":\"pt-BR\",\"potentialAction\":[{\"@type\":\"CommentAction\",\"name\":\"Comment\",\"target\":[\"https:\\\/\\\/portaldenoticias.net\\\/ffsantos\\\/por-que-a-inteligencia-artificial-so-faz-sentido-com-a-inteligencia-humana\\\/#respond\"]}]},{\"@type\":\"WebPage\",\"@id\":\"https:\\\/\\\/portaldenoticias.net\\\/ffsantos\\\/por-que-a-inteligencia-artificial-so-faz-sentido-com-a-inteligencia-humana\\\/\",\"url\":\"https:\\\/\\\/portaldenoticias.net\\\/ffsantos\\\/por-que-a-inteligencia-artificial-so-faz-sentido-com-a-inteligencia-humana\\\/\",\"name\":\"POR QUE A INTELIG\u00caNCIA ARTIFICIAL S\u00d3 FAZ SENTIDO COM A INTELIGENCIA HUMANA? - Blog do Florisvaldo\",\"isPartOf\":{\"@id\":\"https:\\\/\\\/portaldenoticias.net\\\/ffsantos\\\/#website\"},\"primaryImageOfPage\":{\"@id\":\"https:\\\/\\\/portaldenoticias.net\\\/ffsantos\\\/por-que-a-inteligencia-artificial-so-faz-sentido-com-a-inteligencia-humana\\\/#primaryimage\"},\"image\":{\"@id\":\"https:\\\/\\\/portaldenoticias.net\\\/ffsantos\\\/por-que-a-inteligencia-artificial-so-faz-sentido-com-a-inteligencia-humana\\\/#primaryimage\"},\"thumbnailUrl\":\"https:\\\/\\\/portaldenoticias.net\\\/ffsantos\\\/wp-content\\\/uploads\\\/2025\\\/12\\\/iITELIGENCIA-a10376abf9c531d19649802102327e86.jpg\",\"datePublished\":\"2026-01-02T22:49:06+00:00\",\"dateModified\":\"2026-01-03T00:03:28+00:00\",\"author\":{\"@id\":\"https:\\\/\\\/portaldenoticias.net\\\/ffsantos\\\/#\\\/schema\\\/person\\\/709c788ecb22f2378d698c2cd46cecc3\"},\"breadcrumb\":{\"@id\":\"https:\\\/\\\/portaldenoticias.net\\\/ffsantos\\\/por-que-a-inteligencia-artificial-so-faz-sentido-com-a-inteligencia-humana\\\/#breadcrumb\"},\"inLanguage\":\"pt-BR\",\"potentialAction\":[{\"@type\":\"ReadAction\",\"target\":[\"https:\\\/\\\/portaldenoticias.net\\\/ffsantos\\\/por-que-a-inteligencia-artificial-so-faz-sentido-com-a-inteligencia-humana\\\/\"]}]},{\"@type\":\"ImageObject\",\"inLanguage\":\"pt-BR\",\"@id\":\"https:\\\/\\\/portaldenoticias.net\\\/ffsantos\\\/por-que-a-inteligencia-artificial-so-faz-sentido-com-a-inteligencia-humana\\\/#primaryimage\",\"url\":\"https:\\\/\\\/portaldenoticias.net\\\/ffsantos\\\/wp-content\\\/uploads\\\/2025\\\/12\\\/iITELIGENCIA-a10376abf9c531d19649802102327e86.jpg\",\"contentUrl\":\"https:\\\/\\\/portaldenoticias.net\\\/ffsantos\\\/wp-content\\\/uploads\\\/2025\\\/12\\\/iITELIGENCIA-a10376abf9c531d19649802102327e86.jpg\",\"width\":630,\"height\":315,\"caption\":\"A IA que precisa da IH\"},{\"@type\":\"BreadcrumbList\",\"@id\":\"https:\\\/\\\/portaldenoticias.net\\\/ffsantos\\\/por-que-a-inteligencia-artificial-so-faz-sentido-com-a-inteligencia-humana\\\/#breadcrumb\",\"itemListElement\":[{\"@type\":\"ListItem\",\"position\":1,\"name\":\"In\u00edcio\",\"item\":\"https:\\\/\\\/portaldenoticias.net\\\/ffsantos\\\/\"},{\"@type\":\"ListItem\",\"position\":2,\"name\":\"POR QUE A INTELIG\u00caNCIA ARTIFICIAL S\u00d3 FAZ SENTIDO COM A INTELIGENCIA HUMANA?\"}]},{\"@type\":\"WebSite\",\"@id\":\"https:\\\/\\\/portaldenoticias.net\\\/ffsantos\\\/#website\",\"url\":\"https:\\\/\\\/portaldenoticias.net\\\/ffsantos\\\/\",\"name\":\"Blog do Florisvaldo |\",\"description\":\"Informa\u00e7\u00e3o com imparcialidade\",\"potentialAction\":[{\"@type\":\"SearchAction\",\"target\":{\"@type\":\"EntryPoint\",\"urlTemplate\":\"https:\\\/\\\/portaldenoticias.net\\\/ffsantos\\\/?s={search_term_string}\"},\"query-input\":{\"@type\":\"PropertyValueSpecification\",\"valueRequired\":true,\"valueName\":\"search_term_string\"}}],\"inLanguage\":\"pt-BR\"},{\"@type\":\"Person\",\"@id\":\"https:\\\/\\\/portaldenoticias.net\\\/ffsantos\\\/#\\\/schema\\\/person\\\/709c788ecb22f2378d698c2cd46cecc3\",\"name\":\"Florisvaldo\",\"image\":{\"@type\":\"ImageObject\",\"inLanguage\":\"pt-BR\",\"@id\":\"https:\\\/\\\/secure.gravatar.com\\\/avatar\\\/23c59839b4c874bb227d4916d18ba065e405a73d0e423fa9255ba9436604e628?s=96&d=mm&r=g\",\"url\":\"https:\\\/\\\/secure.gravatar.com\\\/avatar\\\/23c59839b4c874bb227d4916d18ba065e405a73d0e423fa9255ba9436604e628?s=96&d=mm&r=g\",\"contentUrl\":\"https:\\\/\\\/secure.gravatar.com\\\/avatar\\\/23c59839b4c874bb227d4916d18ba065e405a73d0e423fa9255ba9436604e628?s=96&d=mm&r=g\",\"caption\":\"Florisvaldo\"},\"url\":\"https:\\\/\\\/portaldenoticias.net\\\/ffsantos\\\/author\\\/ffsantos\\\/\"}]}<\/script>\n<!-- \/ Yoast SEO plugin. -->","yoast_head_json":{"title":"POR QUE A INTELIG\u00caNCIA ARTIFICIAL S\u00d3 FAZ SENTIDO COM A INTELIGENCIA HUMANA? - Blog do Florisvaldo","robots":{"index":"index","follow":"follow","max-snippet":"max-snippet:-1","max-image-preview":"max-image-preview:large","max-video-preview":"max-video-preview:-1"},"canonical":"https:\/\/portaldenoticias.net\/ffsantos\/por-que-a-inteligencia-artificial-so-faz-sentido-com-a-inteligencia-humana\/","og_locale":"pt_BR","og_type":"article","og_title":"POR QUE A INTELIG\u00caNCIA ARTIFICIAL S\u00d3 FAZ SENTIDO COM A INTELIGENCIA HUMANA? - Blog do Florisvaldo","og_description":"\u00a0 \u00a0 \u00a0 \u00a0 \u00a0 \u00a0 \u00a0 \u00a0 \u00a0 \u00a0 \u00a0 \u00a0 \u00a0 \u00a0 \u00a0 \u00a0 \u00a0 \u00a0 \u00a0 \u00a0 \u00a0 \u00a0 \u00a0 \u00a0 \u00a0 \u00a0 \u00a0 \u00a0 \u00a0 \u00a0 \u00a0 \u00a0 \u00a0 \u00a0 \u00a0 \u00a0 \u00a0 \u00a0 \u00a0 \u00a0 \u00a0 \u00a0 \u00a0 \u00a0 \u00a0 \u00a0 \u00a0 \u00a0 \u00a0 \u00a0 \u00a0 \u00a0 \u00a0 \u00a0 \u00a0","og_url":"https:\/\/portaldenoticias.net\/ffsantos\/por-que-a-inteligencia-artificial-so-faz-sentido-com-a-inteligencia-humana\/","og_site_name":"Blog do Florisvaldo","article_published_time":"2026-01-02T22:49:06+00:00","article_modified_time":"2026-01-03T00:03:28+00:00","og_image":[{"width":630,"height":315,"url":"http:\/\/portaldenoticias.net\/ffsantos\/wp-content\/uploads\/2025\/12\/iITELIGENCIA-a10376abf9c531d19649802102327e86.jpg","type":"image\/jpeg"}],"author":"Florisvaldo","twitter_card":"summary_large_image","twitter_misc":{"Escrito por":"Florisvaldo","Est. tempo de leitura":"5 minutos"},"schema":{"@context":"https:\/\/schema.org","@graph":[{"@type":"Article","@id":"https:\/\/portaldenoticias.net\/ffsantos\/por-que-a-inteligencia-artificial-so-faz-sentido-com-a-inteligencia-humana\/#article","isPartOf":{"@id":"https:\/\/portaldenoticias.net\/ffsantos\/por-que-a-inteligencia-artificial-so-faz-sentido-com-a-inteligencia-humana\/"},"author":{"name":"Florisvaldo","@id":"https:\/\/portaldenoticias.net\/ffsantos\/#\/schema\/person\/709c788ecb22f2378d698c2cd46cecc3"},"headline":"POR QUE A INTELIG\u00caNCIA ARTIFICIAL S\u00d3 FAZ SENTIDO COM A INTELIGENCIA HUMANA?","datePublished":"2026-01-02T22:49:06+00:00","dateModified":"2026-01-03T00:03:28+00:00","mainEntityOfPage":{"@id":"https:\/\/portaldenoticias.net\/ffsantos\/por-que-a-inteligencia-artificial-so-faz-sentido-com-a-inteligencia-humana\/"},"wordCount":876,"commentCount":1,"image":{"@id":"https:\/\/portaldenoticias.net\/ffsantos\/por-que-a-inteligencia-artificial-so-faz-sentido-com-a-inteligencia-humana\/#primaryimage"},"thumbnailUrl":"https:\/\/portaldenoticias.net\/ffsantos\/wp-content\/uploads\/2025\/12\/iITELIGENCIA-a10376abf9c531d19649802102327e86.jpg","articleSection":["Opini\u00e3o"],"inLanguage":"pt-BR","potentialAction":[{"@type":"CommentAction","name":"Comment","target":["https:\/\/portaldenoticias.net\/ffsantos\/por-que-a-inteligencia-artificial-so-faz-sentido-com-a-inteligencia-humana\/#respond"]}]},{"@type":"WebPage","@id":"https:\/\/portaldenoticias.net\/ffsantos\/por-que-a-inteligencia-artificial-so-faz-sentido-com-a-inteligencia-humana\/","url":"https:\/\/portaldenoticias.net\/ffsantos\/por-que-a-inteligencia-artificial-so-faz-sentido-com-a-inteligencia-humana\/","name":"POR QUE A INTELIG\u00caNCIA ARTIFICIAL S\u00d3 FAZ SENTIDO COM A INTELIGENCIA HUMANA? - Blog do Florisvaldo","isPartOf":{"@id":"https:\/\/portaldenoticias.net\/ffsantos\/#website"},"primaryImageOfPage":{"@id":"https:\/\/portaldenoticias.net\/ffsantos\/por-que-a-inteligencia-artificial-so-faz-sentido-com-a-inteligencia-humana\/#primaryimage"},"image":{"@id":"https:\/\/portaldenoticias.net\/ffsantos\/por-que-a-inteligencia-artificial-so-faz-sentido-com-a-inteligencia-humana\/#primaryimage"},"thumbnailUrl":"https:\/\/portaldenoticias.net\/ffsantos\/wp-content\/uploads\/2025\/12\/iITELIGENCIA-a10376abf9c531d19649802102327e86.jpg","datePublished":"2026-01-02T22:49:06+00:00","dateModified":"2026-01-03T00:03:28+00:00","author":{"@id":"https:\/\/portaldenoticias.net\/ffsantos\/#\/schema\/person\/709c788ecb22f2378d698c2cd46cecc3"},"breadcrumb":{"@id":"https:\/\/portaldenoticias.net\/ffsantos\/por-que-a-inteligencia-artificial-so-faz-sentido-com-a-inteligencia-humana\/#breadcrumb"},"inLanguage":"pt-BR","potentialAction":[{"@type":"ReadAction","target":["https:\/\/portaldenoticias.net\/ffsantos\/por-que-a-inteligencia-artificial-so-faz-sentido-com-a-inteligencia-humana\/"]}]},{"@type":"ImageObject","inLanguage":"pt-BR","@id":"https:\/\/portaldenoticias.net\/ffsantos\/por-que-a-inteligencia-artificial-so-faz-sentido-com-a-inteligencia-humana\/#primaryimage","url":"https:\/\/portaldenoticias.net\/ffsantos\/wp-content\/uploads\/2025\/12\/iITELIGENCIA-a10376abf9c531d19649802102327e86.jpg","contentUrl":"https:\/\/portaldenoticias.net\/ffsantos\/wp-content\/uploads\/2025\/12\/iITELIGENCIA-a10376abf9c531d19649802102327e86.jpg","width":630,"height":315,"caption":"A IA que precisa da IH"},{"@type":"BreadcrumbList","@id":"https:\/\/portaldenoticias.net\/ffsantos\/por-que-a-inteligencia-artificial-so-faz-sentido-com-a-inteligencia-humana\/#breadcrumb","itemListElement":[{"@type":"ListItem","position":1,"name":"In\u00edcio","item":"https:\/\/portaldenoticias.net\/ffsantos\/"},{"@type":"ListItem","position":2,"name":"POR QUE A INTELIG\u00caNCIA ARTIFICIAL S\u00d3 FAZ SENTIDO COM A INTELIGENCIA HUMANA?"}]},{"@type":"WebSite","@id":"https:\/\/portaldenoticias.net\/ffsantos\/#website","url":"https:\/\/portaldenoticias.net\/ffsantos\/","name":"Blog do Florisvaldo |","description":"Informa\u00e7\u00e3o com imparcialidade","potentialAction":[{"@type":"SearchAction","target":{"@type":"EntryPoint","urlTemplate":"https:\/\/portaldenoticias.net\/ffsantos\/?s={search_term_string}"},"query-input":{"@type":"PropertyValueSpecification","valueRequired":true,"valueName":"search_term_string"}}],"inLanguage":"pt-BR"},{"@type":"Person","@id":"https:\/\/portaldenoticias.net\/ffsantos\/#\/schema\/person\/709c788ecb22f2378d698c2cd46cecc3","name":"Florisvaldo","image":{"@type":"ImageObject","inLanguage":"pt-BR","@id":"https:\/\/secure.gravatar.com\/avatar\/23c59839b4c874bb227d4916d18ba065e405a73d0e423fa9255ba9436604e628?s=96&d=mm&r=g","url":"https:\/\/secure.gravatar.com\/avatar\/23c59839b4c874bb227d4916d18ba065e405a73d0e423fa9255ba9436604e628?s=96&d=mm&r=g","contentUrl":"https:\/\/secure.gravatar.com\/avatar\/23c59839b4c874bb227d4916d18ba065e405a73d0e423fa9255ba9436604e628?s=96&d=mm&r=g","caption":"Florisvaldo"},"url":"https:\/\/portaldenoticias.net\/ffsantos\/author\/ffsantos\/"}]}},"_links":{"self":[{"href":"https:\/\/portaldenoticias.net\/ffsantos\/wp-json\/wp\/v2\/posts\/21811","targetHints":{"allow":["GET"]}}],"collection":[{"href":"https:\/\/portaldenoticias.net\/ffsantos\/wp-json\/wp\/v2\/posts"}],"about":[{"href":"https:\/\/portaldenoticias.net\/ffsantos\/wp-json\/wp\/v2\/types\/post"}],"author":[{"embeddable":true,"href":"https:\/\/portaldenoticias.net\/ffsantos\/wp-json\/wp\/v2\/users\/2"}],"replies":[{"embeddable":true,"href":"https:\/\/portaldenoticias.net\/ffsantos\/wp-json\/wp\/v2\/comments?post=21811"}],"version-history":[{"count":1,"href":"https:\/\/portaldenoticias.net\/ffsantos\/wp-json\/wp\/v2\/posts\/21811\/revisions"}],"predecessor-version":[{"id":21813,"href":"https:\/\/portaldenoticias.net\/ffsantos\/wp-json\/wp\/v2\/posts\/21811\/revisions\/21813"}],"wp:featuredmedia":[{"embeddable":true,"href":"https:\/\/portaldenoticias.net\/ffsantos\/wp-json\/wp\/v2\/media\/21812"}],"wp:attachment":[{"href":"https:\/\/portaldenoticias.net\/ffsantos\/wp-json\/wp\/v2\/media?parent=21811"}],"wp:term":[{"taxonomy":"category","embeddable":true,"href":"https:\/\/portaldenoticias.net\/ffsantos\/wp-json\/wp\/v2\/categories?post=21811"},{"taxonomy":"post_tag","embeddable":true,"href":"https:\/\/portaldenoticias.net\/ffsantos\/wp-json\/wp\/v2\/tags?post=21811"}],"curies":[{"name":"wp","href":"https:\/\/api.w.org\/{rel}","templated":true}]}}