{"id":21669,"date":"2025-12-04T19:39:32","date_gmt":"2025-12-04T22:39:32","guid":{"rendered":"https:\/\/portaldenoticias.net\/ffsantos\/?p=21669"},"modified":"2025-12-04T19:41:34","modified_gmt":"2025-12-04T22:41:34","slug":"vencedores-do-premio-seguro-paulista-2025-sao-anunciados-na-festa-do-cvg-sp","status":"publish","type":"post","link":"https:\/\/portaldenoticias.net\/ffsantos\/vencedores-do-premio-seguro-paulista-2025-sao-anunciados-na-festa-do-cvg-sp\/","title":{"rendered":"VENCEDORES DO PR\u00caMIO SEGURO PAULISTA 2025 S\u00c3O ANUNCIADOS NA FESTA DO CVG-SP"},"content":{"rendered":"<p><strong><em><a href=\"http:\/\/portaldenoticias.net\/ffsantos\/wp-content\/uploads\/2025\/12\/Premio-03-Vencedores-do-Premio-Seguro-Paulista-2025.jpg\"><img loading=\"lazy\" decoding=\"async\" class=\"aligncenter size-large wp-image-21670\" src=\"http:\/\/portaldenoticias.net\/ffsantos\/wp-content\/uploads\/2025\/12\/Premio-03-Vencedores-do-Premio-Seguro-Paulista-2025-1024x641.jpg\" alt=\"\" width=\"749\" height=\"469\" srcset=\"https:\/\/portaldenoticias.net\/ffsantos\/wp-content\/uploads\/2025\/12\/Premio-03-Vencedores-do-Premio-Seguro-Paulista-2025-1024x641.jpg 1024w, https:\/\/portaldenoticias.net\/ffsantos\/wp-content\/uploads\/2025\/12\/Premio-03-Vencedores-do-Premio-Seguro-Paulista-2025-300x188.jpg 300w, https:\/\/portaldenoticias.net\/ffsantos\/wp-content\/uploads\/2025\/12\/Premio-03-Vencedores-do-Premio-Seguro-Paulista-2025-768x481.jpg 768w, https:\/\/portaldenoticias.net\/ffsantos\/wp-content\/uploads\/2025\/12\/Premio-03-Vencedores-do-Premio-Seguro-Paulista-2025-1536x962.jpg 1536w, https:\/\/portaldenoticias.net\/ffsantos\/wp-content\/uploads\/2025\/12\/Premio-03-Vencedores-do-Premio-Seguro-Paulista-2025-150x94.jpg 150w, https:\/\/portaldenoticias.net\/ffsantos\/wp-content\/uploads\/2025\/12\/Premio-03-Vencedores-do-Premio-Seguro-Paulista-2025-450x282.jpg 450w, https:\/\/portaldenoticias.net\/ffsantos\/wp-content\/uploads\/2025\/12\/Premio-03-Vencedores-do-Premio-Seguro-Paulista-2025-1200x752.jpg 1200w, https:\/\/portaldenoticias.net\/ffsantos\/wp-content\/uploads\/2025\/12\/Premio-03-Vencedores-do-Premio-Seguro-Paulista-2025.jpg 1568w\" sizes=\"auto, (max-width: 749px) 100vw, 749px\" \/><\/a>Vencedores do Pr\u00eamio Seguro Paulista 2025 &#8211; Durante a celebra\u00e7\u00e3o de fim de ano, quatro profissionais das \u00e1reas de seguro de vida e sa\u00fade foram eleitos os melhores no atendimento aos corretores de seguros.<\/em><\/strong><\/p>\n<p>A tradicional Festa de Confraterniza\u00e7\u00e3o do CVG-SP, reconhecida por seu glamour e anima\u00e7\u00e3o, tamb\u00e9m foi palco da celebra\u00e7\u00e3o do profissionalismo no ramo de seguro de pessoas. No dia 1\u00ba de dezembro, na elegante Casa Bisutti, o CVG-SP realizou pelo segundo ano consecutivo a cerim\u00f4nia de entrega do Pr\u00eamio Seguro Paulista aos melhores profissionais de seguradoras no atendimento aos corretores de seguros. A premia\u00e7\u00e3o in\u00e9dita foi criada pelo CVG-SP para valorizar e reconhecer o talento dos profissionais da linha de frente das seguradoras.<\/p>\n<p>Neste ano, o Pr\u00eamio Seguro Paulista contou com a participa\u00e7\u00e3o de quinze seguradoras, entre as benem\u00e9ritas do CVG-SP, que indicaram 43 colaboradores. Todos atuam no atendimento aos corretores de seguros, assessorias e plataformas em S\u00e3o Paulo, nos cargos de gerente comercial ou executivo de contas ou account, nas \u00e1reas de Vida Individual, Vida em Grupo, Sa\u00fade e Apoio Operacional. A elei\u00e7\u00e3o online, realizada em dois turnos, contou com os votos exclusivamente de 4.428 corretores de seguros. No primeiro turno, foram eleitos doze semifinalistas, e, no segundo, os finalistas em quatro categorias.<\/p>\n<p>Em meio a muita expectativa e torcida, foram anunciados pelo presidente do CVG-SP, Anderson Mundim, e pelo diretor de Rela\u00e7\u00f5es com o Mercado, Marcos Salum, os vencedores do Pr\u00eamio Seguro Paulista 2025. S\u00e3o eles: Fernando Borgonovo, da Porto, na categoria Vida Individual; Marcos Vargas, da Porto, na categoria Vida em Grupo; Nath\u00e1lia Munhoz, da Porto, na categoria Sa\u00fade; e Danillo Pereira, da Porto, na categoria Apoio Operacional. O diretor Marcos Salum observou que a seguradora Porto se destacou neste ano na premia\u00e7\u00e3o, arrebatando o pr\u00eamio em todas as categorias.<\/p>\n<p><strong><em>\u201cNa primeira edi\u00e7\u00e3o, a Porto n\u00e3o figurou entre os finalistas, mas, neste ano a companhia se empenhou e conquistou o pr\u00eamio nas quatro categorias\u201d<\/em><\/strong>, disse Salum. O presidente do CVG-SP ressaltou a maior competividade desta edi\u00e7\u00e3o, que superou em votos a anterior. <strong><em>\u201cPara o CVG-SP \u00e9 uma honra e um prazer promover o reconhecimento e a valoriza\u00e7\u00e3o desses profissionais que atuam no atendimento aos corretores, estimulando-os a melhorarem no exerc\u00edcio de suas atividades e a investirem em suas carreiras, inclusive por meio dos cursos oferecidos pela entidade\u201d<\/em><\/strong>, disse Mundim.<\/p>\n<p>Marcio Batistuti, ex-presidente do CVG-SP, elogiou a iniciativa da atual diretoria de dar continuidade ao pr\u00eamio, que foi criado na sua gest\u00e3o. <strong><em>\u201cO Pr\u00eamio Seguro Paulista \u00e9 um sucesso e deve continuar e se aprimorar a cada edi\u00e7\u00e3o\u201d<\/em><\/strong>, disse Mundim. Para Salum, a premia\u00e7\u00e3o traz proje\u00e7\u00e3o aos profissionais da \u00e1rea de seguro de vida, que \u00e9 um ramo nobre, mas sua comercializa\u00e7\u00e3o \u00e9 complexa. <strong><em>\u201cA dificuldade est\u00e1 na falta de cultura de seguros da popula\u00e7\u00e3o, e mudar esse cen\u00e1rio \u00e9 justamente o papel do CVG-SP, que atua para disseminar o seguro de pessoas<\/em><\/strong>\u201d, disse.<\/p>\n<p style=\"text-align: center\"><strong><em>Os vencedores<\/em><\/strong><\/p>\n<p>Fernando Borgonovo, que atua h\u00e1 doze anos na Porto e conquistou o pr\u00eamio na categoria Vida Individual, conta que sua equipe fez campanha para angariar os votos dos corretores. Ele, que se classifica como facilitador para as vendas, reconhece a import\u00e2ncia da sua fun\u00e7\u00e3o. <strong><em>\u201cTrabalhamos para que os corretores vendam mais e levem a prote\u00e7\u00e3o do seguro para mais fam\u00edlias\u201d<\/em><\/strong>, disse. Marcos Vargas, ganhador na categoria Vida em Grupo, j\u00e1 acumula 20 anos na Porto e, atualmente, comanda a mesa de neg\u00f3cios do ramo. <strong><em>\u201cEstou muito feliz, n\u00e3o esperava ganhar, foi uma grata surpresa\u201d<\/em><\/strong>, disse.<\/p>\n<p>H\u00e1 17 anos no mercado, dos quais cinco na Porto Sa\u00fade, Nath\u00e1lia Munhoz, vencedora na categoria Sa\u00fade, relata que a campanha para obter votos na sua \u00e1rea foi intensa, envolvendo corretores de todo o pa\u00eds. <strong><em>\u201cNa Porto, a gente costuma entrar para ganhar\u201d<\/em><\/strong>, disse. Ela, que foi promovida h\u00e1 dois meses \u00e0 coordenadora dos consultores de S\u00e3o Paulo, avalia a import\u00e2ncia do pr\u00eamio: <strong><em>\u201cMostra que estamos no caminho certo\u201d<\/em><\/strong>. J\u00e1 Danillo Pereira, vencedor da categoria Apoio Operacional, que atua h\u00e1 13 anos na Porto, tamb\u00e9m elogiou o pr\u00eamio: <strong><em>\u201cRevela o nosso m\u00e9rito. Estou muito feliz\u201d<\/em><\/strong>.<\/p>\n<p style=\"text-align: center\"><strong><em>Homenagem<\/em><\/strong><\/p>\n<figure id=\"attachment_21671\" aria-describedby=\"caption-attachment-21671\" style=\"width: 749px\" class=\"wp-caption aligncenter\"><a href=\"http:\/\/portaldenoticias.net\/ffsantos\/wp-content\/uploads\/2025\/12\/Premio-04-Membros-do-Conselho-Consultivo-e-presidente-do-CVG-SP.jpg\"><img loading=\"lazy\" decoding=\"async\" class=\"size-large wp-image-21671\" src=\"http:\/\/portaldenoticias.net\/ffsantos\/wp-content\/uploads\/2025\/12\/Premio-04-Membros-do-Conselho-Consultivo-e-presidente-do-CVG-SP-1024x681.jpg\" alt=\"\" width=\"749\" height=\"498\" srcset=\"https:\/\/portaldenoticias.net\/ffsantos\/wp-content\/uploads\/2025\/12\/Premio-04-Membros-do-Conselho-Consultivo-e-presidente-do-CVG-SP-1024x681.jpg 1024w, https:\/\/portaldenoticias.net\/ffsantos\/wp-content\/uploads\/2025\/12\/Premio-04-Membros-do-Conselho-Consultivo-e-presidente-do-CVG-SP-300x200.jpg 300w, https:\/\/portaldenoticias.net\/ffsantos\/wp-content\/uploads\/2025\/12\/Premio-04-Membros-do-Conselho-Consultivo-e-presidente-do-CVG-SP-768x511.jpg 768w, https:\/\/portaldenoticias.net\/ffsantos\/wp-content\/uploads\/2025\/12\/Premio-04-Membros-do-Conselho-Consultivo-e-presidente-do-CVG-SP-1536x1021.jpg 1536w, https:\/\/portaldenoticias.net\/ffsantos\/wp-content\/uploads\/2025\/12\/Premio-04-Membros-do-Conselho-Consultivo-e-presidente-do-CVG-SP-2048x1362.jpg 2048w, https:\/\/portaldenoticias.net\/ffsantos\/wp-content\/uploads\/2025\/12\/Premio-04-Membros-do-Conselho-Consultivo-e-presidente-do-CVG-SP-150x100.jpg 150w, https:\/\/portaldenoticias.net\/ffsantos\/wp-content\/uploads\/2025\/12\/Premio-04-Membros-do-Conselho-Consultivo-e-presidente-do-CVG-SP-450x299.jpg 450w, https:\/\/portaldenoticias.net\/ffsantos\/wp-content\/uploads\/2025\/12\/Premio-04-Membros-do-Conselho-Consultivo-e-presidente-do-CVG-SP-1200x798.jpg 1200w\" sizes=\"auto, (max-width: 749px) 100vw, 749px\" \/><\/a><figcaption id=\"caption-attachment-21671\" class=\"wp-caption-text\">Membros do Conselho Consultivo e presidente do CVG-SP<\/figcaption><\/figure>\n<p>Mundim e Salum reuniram no palco do evento os membros do Conselho Consultivo do CVG-SP para uma homenagem e, em especial, ao fundador e ex-presidente Paulo Meinberg, que, em 2024, completou 50 anos de carreira e 70 anos de vida. <strong><em>\u201c\u00c9 uma honra homenagear um profissional com tanto conhecimento, tanta bagagem no seguro de vida\u201d<\/em><\/strong>, disse o presidente do CVG-SP. Ao receber uma placa, Meinberg contou que a ideia de funda\u00e7\u00e3o do CVG-SP surgiu em 1979, quando participava da Comiss\u00e3o T\u00e9cnica de Vida no Sindicato das Seguradoras de S\u00e3o Paulo.<\/p>\n<p><strong><em>\u201cMas, o m\u00e9rito n\u00e3o \u00e9 s\u00f3 meu, \u00e9 tamb\u00e9m do Pedro (Pedro Raimundo Rodrigues Bacelar), do Albino (Carlos Albino Vidal de Oliveira), que s\u00e3o fundadores e de outros que n\u00e3o est\u00e3o aqui, mas deixaram seus exemplos\u201d<\/em><\/strong>, disse Meinberg. Em seguida, Salum fez um balan\u00e7o positivo do ano para o CVG-SP. <strong><em>\u201cFoi um ano movimentado para o ramo vida, com a nova lei e a regulamenta\u00e7\u00e3o do Vida Universal, temas estes que, certamente, ser\u00e3o trazidos ao debate no pr\u00f3ximo ano pelo CVG-SP, al\u00e9m do seguro de vida coletivo, atendendo ao pedido do mercado\u201d<\/em><\/strong>, disse.<\/p>\n<p>J\u00e1 o presidente do CVG-SP destacou a agenda de cursos do CVG-SP, que oferece capacita\u00e7\u00e3o em diversas \u00e1reas do ramo de seguro de pessoas, e tamb\u00e9m a programa\u00e7\u00e3o de eventos. <strong><em>\u201cFoi um ano desafiador para o CVG-SP, mas muito produtivo, com debates sobre temas importantes como a Subscri\u00e7\u00e3o no Seguro de Vida a nova Lei de Seguros. Em 2026, continuaremos no mesmo ritmo e com o prop\u00f3sito de aprimorar os profissionais, sobretudo os corretores de seguros de auto, que ainda n\u00e3o t\u00eam a vis\u00e3o do qu\u00e3o importante e valoroso \u00e9 o seguro de vida\u201d<\/em><\/strong>, disse Mundim.<\/p>\n<p style=\"text-align: center\"><strong><em>Veja alguns dos registros do evento<\/em><\/strong><\/p>\n<figure id=\"attachment_21672\" aria-describedby=\"caption-attachment-21672\" style=\"width: 749px\" class=\"wp-caption aligncenter\"><a href=\"http:\/\/portaldenoticias.net\/ffsantos\/wp-content\/uploads\/2025\/12\/Premio-01-Anderson-Mundim-e-Marcos-Salum.jpg\"><img loading=\"lazy\" decoding=\"async\" class=\"size-large wp-image-21672\" src=\"http:\/\/portaldenoticias.net\/ffsantos\/wp-content\/uploads\/2025\/12\/Premio-01-Anderson-Mundim-e-Marcos-Salum-1024x681.jpg\" alt=\"\" width=\"749\" height=\"498\" srcset=\"https:\/\/portaldenoticias.net\/ffsantos\/wp-content\/uploads\/2025\/12\/Premio-01-Anderson-Mundim-e-Marcos-Salum-1024x681.jpg 1024w, https:\/\/portaldenoticias.net\/ffsantos\/wp-content\/uploads\/2025\/12\/Premio-01-Anderson-Mundim-e-Marcos-Salum-300x200.jpg 300w, https:\/\/portaldenoticias.net\/ffsantos\/wp-content\/uploads\/2025\/12\/Premio-01-Anderson-Mundim-e-Marcos-Salum-768x511.jpg 768w, https:\/\/portaldenoticias.net\/ffsantos\/wp-content\/uploads\/2025\/12\/Premio-01-Anderson-Mundim-e-Marcos-Salum-1536x1022.jpg 1536w, https:\/\/portaldenoticias.net\/ffsantos\/wp-content\/uploads\/2025\/12\/Premio-01-Anderson-Mundim-e-Marcos-Salum-150x100.jpg 150w, https:\/\/portaldenoticias.net\/ffsantos\/wp-content\/uploads\/2025\/12\/Premio-01-Anderson-Mundim-e-Marcos-Salum-450x299.jpg 450w, https:\/\/portaldenoticias.net\/ffsantos\/wp-content\/uploads\/2025\/12\/Premio-01-Anderson-Mundim-e-Marcos-Salum-1200x798.jpg 1200w, https:\/\/portaldenoticias.net\/ffsantos\/wp-content\/uploads\/2025\/12\/Premio-01-Anderson-Mundim-e-Marcos-Salum.jpg 2038w\" sizes=\"auto, (max-width: 749px) 100vw, 749px\" \/><\/a><figcaption id=\"caption-attachment-21672\" class=\"wp-caption-text\">Anderson Mundim e Marcos Salum<\/figcaption><\/figure>\n<figure id=\"attachment_21673\" aria-describedby=\"caption-attachment-21673\" style=\"width: 749px\" class=\"wp-caption aligncenter\"><a href=\"http:\/\/portaldenoticias.net\/ffsantos\/wp-content\/uploads\/2025\/12\/Premio-02-Anuncio-dos-vencedores-e-torcida.jpg\"><img loading=\"lazy\" decoding=\"async\" class=\"size-large wp-image-21673\" src=\"http:\/\/portaldenoticias.net\/ffsantos\/wp-content\/uploads\/2025\/12\/Premio-02-Anuncio-dos-vencedores-e-torcida-1024x683.jpg\" alt=\"\" width=\"749\" height=\"500\" srcset=\"https:\/\/portaldenoticias.net\/ffsantos\/wp-content\/uploads\/2025\/12\/Premio-02-Anuncio-dos-vencedores-e-torcida-1024x683.jpg 1024w, https:\/\/portaldenoticias.net\/ffsantos\/wp-content\/uploads\/2025\/12\/Premio-02-Anuncio-dos-vencedores-e-torcida-300x200.jpg 300w, https:\/\/portaldenoticias.net\/ffsantos\/wp-content\/uploads\/2025\/12\/Premio-02-Anuncio-dos-vencedores-e-torcida-768x512.jpg 768w, https:\/\/portaldenoticias.net\/ffsantos\/wp-content\/uploads\/2025\/12\/Premio-02-Anuncio-dos-vencedores-e-torcida-1536x1025.jpg 1536w, https:\/\/portaldenoticias.net\/ffsantos\/wp-content\/uploads\/2025\/12\/Premio-02-Anuncio-dos-vencedores-e-torcida-150x100.jpg 150w, https:\/\/portaldenoticias.net\/ffsantos\/wp-content\/uploads\/2025\/12\/Premio-02-Anuncio-dos-vencedores-e-torcida-450x300.jpg 450w, https:\/\/portaldenoticias.net\/ffsantos\/wp-content\/uploads\/2025\/12\/Premio-02-Anuncio-dos-vencedores-e-torcida-1200x801.jpg 1200w, https:\/\/portaldenoticias.net\/ffsantos\/wp-content\/uploads\/2025\/12\/Premio-02-Anuncio-dos-vencedores-e-torcida.jpg 1776w\" sizes=\"auto, (max-width: 749px) 100vw, 749px\" \/><\/a><figcaption id=\"caption-attachment-21673\" class=\"wp-caption-text\">Torcida durante an\u00fancio dos vencedores do pr\u00eamio<\/figcaption><\/figure>\n<figure id=\"attachment_21674\" aria-describedby=\"caption-attachment-21674\" style=\"width: 749px\" class=\"wp-caption aligncenter\"><a href=\"http:\/\/portaldenoticias.net\/ffsantos\/wp-content\/uploads\/2025\/12\/Premio-05-Diretoria-e-Conselho-do-CVG-SP.jpg\"><img loading=\"lazy\" decoding=\"async\" class=\"size-large wp-image-21674\" src=\"http:\/\/portaldenoticias.net\/ffsantos\/wp-content\/uploads\/2025\/12\/Premio-05-Diretoria-e-Conselho-do-CVG-SP-1024x576.jpg\" alt=\"\" width=\"749\" height=\"421\" srcset=\"https:\/\/portaldenoticias.net\/ffsantos\/wp-content\/uploads\/2025\/12\/Premio-05-Diretoria-e-Conselho-do-CVG-SP-1024x576.jpg 1024w, https:\/\/portaldenoticias.net\/ffsantos\/wp-content\/uploads\/2025\/12\/Premio-05-Diretoria-e-Conselho-do-CVG-SP-300x169.jpg 300w, https:\/\/portaldenoticias.net\/ffsantos\/wp-content\/uploads\/2025\/12\/Premio-05-Diretoria-e-Conselho-do-CVG-SP-768x432.jpg 768w, https:\/\/portaldenoticias.net\/ffsantos\/wp-content\/uploads\/2025\/12\/Premio-05-Diretoria-e-Conselho-do-CVG-SP-1536x864.jpg 1536w, https:\/\/portaldenoticias.net\/ffsantos\/wp-content\/uploads\/2025\/12\/Premio-05-Diretoria-e-Conselho-do-CVG-SP-150x84.jpg 150w, https:\/\/portaldenoticias.net\/ffsantos\/wp-content\/uploads\/2025\/12\/Premio-05-Diretoria-e-Conselho-do-CVG-SP-450x253.jpg 450w, https:\/\/portaldenoticias.net\/ffsantos\/wp-content\/uploads\/2025\/12\/Premio-05-Diretoria-e-Conselho-do-CVG-SP-1200x675.jpg 1200w, https:\/\/portaldenoticias.net\/ffsantos\/wp-content\/uploads\/2025\/12\/Premio-05-Diretoria-e-Conselho-do-CVG-SP.jpg 1682w\" sizes=\"auto, (max-width: 749px) 100vw, 749px\" \/><\/a><figcaption id=\"caption-attachment-21674\" class=\"wp-caption-text\">Diretoria e Conselho do CVG-SP<\/figcaption><\/figure>\n<figure id=\"attachment_21675\" aria-describedby=\"caption-attachment-21675\" style=\"width: 749px\" class=\"wp-caption aligncenter\"><a href=\"http:\/\/portaldenoticias.net\/ffsantos\/wp-content\/uploads\/2025\/12\/Premio-06-Presidente-do-CVG-SP-Anderson-Mundim.jpg\"><img loading=\"lazy\" decoding=\"async\" class=\"size-large wp-image-21675\" src=\"http:\/\/portaldenoticias.net\/ffsantos\/wp-content\/uploads\/2025\/12\/Premio-06-Presidente-do-CVG-SP-Anderson-Mundim-1024x684.jpg\" alt=\"\" width=\"749\" height=\"500\" srcset=\"https:\/\/portaldenoticias.net\/ffsantos\/wp-content\/uploads\/2025\/12\/Premio-06-Presidente-do-CVG-SP-Anderson-Mundim-1024x684.jpg 1024w, https:\/\/portaldenoticias.net\/ffsantos\/wp-content\/uploads\/2025\/12\/Premio-06-Presidente-do-CVG-SP-Anderson-Mundim-300x200.jpg 300w, https:\/\/portaldenoticias.net\/ffsantos\/wp-content\/uploads\/2025\/12\/Premio-06-Presidente-do-CVG-SP-Anderson-Mundim-768x513.jpg 768w, https:\/\/portaldenoticias.net\/ffsantos\/wp-content\/uploads\/2025\/12\/Premio-06-Presidente-do-CVG-SP-Anderson-Mundim-150x100.jpg 150w, https:\/\/portaldenoticias.net\/ffsantos\/wp-content\/uploads\/2025\/12\/Premio-06-Presidente-do-CVG-SP-Anderson-Mundim-450x300.jpg 450w, https:\/\/portaldenoticias.net\/ffsantos\/wp-content\/uploads\/2025\/12\/Premio-06-Presidente-do-CVG-SP-Anderson-Mundim-1200x801.jpg 1200w, https:\/\/portaldenoticias.net\/ffsantos\/wp-content\/uploads\/2025\/12\/Premio-06-Presidente-do-CVG-SP-Anderson-Mundim.jpg 1378w\" sizes=\"auto, (max-width: 749px) 100vw, 749px\" \/><\/a><figcaption id=\"caption-attachment-21675\" class=\"wp-caption-text\">Presidente do CVG-SP Anderson Mundim<\/figcaption><\/figure>\n<figure id=\"attachment_21676\" aria-describedby=\"caption-attachment-21676\" style=\"width: 749px\" class=\"wp-caption aligncenter\"><a href=\"http:\/\/portaldenoticias.net\/ffsantos\/wp-content\/uploads\/2025\/12\/Premio-07-palco-e-pista-de-danca-da-Casa-Bisutti.jpg\"><img loading=\"lazy\" decoding=\"async\" class=\"size-large wp-image-21676\" src=\"http:\/\/portaldenoticias.net\/ffsantos\/wp-content\/uploads\/2025\/12\/Premio-07-palco-e-pista-de-danca-da-Casa-Bisutti-1024x681.jpg\" alt=\"\" width=\"749\" height=\"498\" srcset=\"https:\/\/portaldenoticias.net\/ffsantos\/wp-content\/uploads\/2025\/12\/Premio-07-palco-e-pista-de-danca-da-Casa-Bisutti-1024x681.jpg 1024w, https:\/\/portaldenoticias.net\/ffsantos\/wp-content\/uploads\/2025\/12\/Premio-07-palco-e-pista-de-danca-da-Casa-Bisutti-300x200.jpg 300w, https:\/\/portaldenoticias.net\/ffsantos\/wp-content\/uploads\/2025\/12\/Premio-07-palco-e-pista-de-danca-da-Casa-Bisutti-768x511.jpg 768w, https:\/\/portaldenoticias.net\/ffsantos\/wp-content\/uploads\/2025\/12\/Premio-07-palco-e-pista-de-danca-da-Casa-Bisutti-1536x1022.jpg 1536w, https:\/\/portaldenoticias.net\/ffsantos\/wp-content\/uploads\/2025\/12\/Premio-07-palco-e-pista-de-danca-da-Casa-Bisutti-150x100.jpg 150w, https:\/\/portaldenoticias.net\/ffsantos\/wp-content\/uploads\/2025\/12\/Premio-07-palco-e-pista-de-danca-da-Casa-Bisutti-450x299.jpg 450w, https:\/\/portaldenoticias.net\/ffsantos\/wp-content\/uploads\/2025\/12\/Premio-07-palco-e-pista-de-danca-da-Casa-Bisutti-1200x798.jpg 1200w, https:\/\/portaldenoticias.net\/ffsantos\/wp-content\/uploads\/2025\/12\/Premio-07-palco-e-pista-de-danca-da-Casa-Bisutti.jpg 1748w\" sizes=\"auto, (max-width: 749px) 100vw, 749px\" \/><\/a><figcaption id=\"caption-attachment-21676\" class=\"wp-caption-text\">Palco e pista de dan\u00e7a da Casa Bisutti<\/figcaption><\/figure>\n<p><strong><em>Fonte<\/em><\/strong> e <strong><em>Texto<\/em><\/strong>:\u00a0 M\u00e1rcia Alves &#8211; Imprensa CVG-SP<\/p>\n<p><strong><em>Fotos:<\/em><\/strong> (cr\u00e9dito: Antranik Photos)<\/p>\n<p>&nbsp;<\/p>\n<p style=\"text-align: center\"><strong><em>Blog do Florisvaldo &#8211; Informa\u00e7\u00e3o Com Imparcialidade<\/em><\/strong><\/p>\n","protected":false},"excerpt":{"rendered":"<p>Vencedores do Pr\u00eamio Seguro Paulista 2025 &#8211; Durante a celebra\u00e7\u00e3o de fim de ano, quatro profissionais das \u00e1reas de seguro de vida e sa\u00fade foram eleitos os melhores no atendimento aos corretores de seguros. A tradicional Festa de Confraterniza\u00e7\u00e3o do CVG-SP, reconhecida por seu glamour e anima\u00e7\u00e3o, tamb\u00e9m foi palco da celebra\u00e7\u00e3o do profissionalismo no<\/p>\n","protected":false},"author":2,"featured_media":21670,"comment_status":"open","ping_status":"open","sticky":false,"template":"","format":"standard","meta":{"footnotes":""},"categories":[2,1,6],"tags":[],"class_list":{"0":"post-21669","1":"post","2":"type-post","3":"status-publish","4":"format-standard","5":"has-post-thumbnail","7":"category-brasil","8":"category-destaques","9":"category-economia"},"yoast_head":"<!-- This site is optimized with the Yoast SEO plugin v27.4 - https:\/\/yoast.com\/product\/yoast-seo-wordpress\/ -->\n<title>VENCEDORES DO PR\u00caMIO SEGURO PAULISTA 2025 S\u00c3O ANUNCIADOS NA FESTA DO CVG-SP - Blog do Florisvaldo<\/title>\n<meta name=\"robots\" content=\"index, follow, max-snippet:-1, max-image-preview:large, max-video-preview:-1\" \/>\n<link rel=\"canonical\" href=\"https:\/\/portaldenoticias.net\/ffsantos\/vencedores-do-premio-seguro-paulista-2025-sao-anunciados-na-festa-do-cvg-sp\/\" \/>\n<meta property=\"og:locale\" content=\"pt_BR\" \/>\n<meta property=\"og:type\" content=\"article\" \/>\n<meta property=\"og:title\" content=\"VENCEDORES DO PR\u00caMIO SEGURO PAULISTA 2025 S\u00c3O ANUNCIADOS NA FESTA DO CVG-SP - Blog do Florisvaldo\" \/>\n<meta property=\"og:description\" content=\"Vencedores do Pr\u00eamio Seguro Paulista 2025 &#8211; Durante a celebra\u00e7\u00e3o de fim de ano, quatro profissionais das \u00e1reas de seguro de vida e sa\u00fade foram eleitos os melhores no atendimento aos corretores de seguros. A tradicional Festa de Confraterniza\u00e7\u00e3o do CVG-SP, reconhecida por seu glamour e anima\u00e7\u00e3o, tamb\u00e9m foi palco da celebra\u00e7\u00e3o do profissionalismo no\" \/>\n<meta property=\"og:url\" content=\"https:\/\/portaldenoticias.net\/ffsantos\/vencedores-do-premio-seguro-paulista-2025-sao-anunciados-na-festa-do-cvg-sp\/\" \/>\n<meta property=\"og:site_name\" content=\"Blog do Florisvaldo\" \/>\n<meta property=\"article:published_time\" content=\"2025-12-04T22:39:32+00:00\" \/>\n<meta property=\"article:modified_time\" content=\"2025-12-04T22:41:34+00:00\" \/>\n<meta property=\"og:image\" content=\"http:\/\/portaldenoticias.net\/ffsantos\/wp-content\/uploads\/2025\/12\/Premio-03-Vencedores-do-Premio-Seguro-Paulista-2025.jpg\" \/>\n\t<meta property=\"og:image:width\" content=\"1568\" \/>\n\t<meta property=\"og:image:height\" content=\"982\" \/>\n\t<meta property=\"og:image:type\" content=\"image\/jpeg\" \/>\n<meta name=\"author\" content=\"Florisvaldo\" \/>\n<meta name=\"twitter:card\" content=\"summary_large_image\" \/>\n<meta name=\"twitter:label1\" content=\"Escrito por\" \/>\n\t<meta name=\"twitter:data1\" content=\"Florisvaldo\" \/>\n\t<meta name=\"twitter:label2\" content=\"Est. tempo de leitura\" \/>\n\t<meta name=\"twitter:data2\" content=\"8 minutos\" \/>\n<script type=\"application\/ld+json\" class=\"yoast-schema-graph\">{\"@context\":\"https:\\\/\\\/schema.org\",\"@graph\":[{\"@type\":\"Article\",\"@id\":\"https:\\\/\\\/portaldenoticias.net\\\/ffsantos\\\/vencedores-do-premio-seguro-paulista-2025-sao-anunciados-na-festa-do-cvg-sp\\\/#article\",\"isPartOf\":{\"@id\":\"https:\\\/\\\/portaldenoticias.net\\\/ffsantos\\\/vencedores-do-premio-seguro-paulista-2025-sao-anunciados-na-festa-do-cvg-sp\\\/\"},\"author\":{\"name\":\"Florisvaldo\",\"@id\":\"https:\\\/\\\/portaldenoticias.net\\\/ffsantos\\\/#\\\/schema\\\/person\\\/709c788ecb22f2378d698c2cd46cecc3\"},\"headline\":\"VENCEDORES DO PR\u00caMIO SEGURO PAULISTA 2025 S\u00c3O ANUNCIADOS NA FESTA DO CVG-SP\",\"datePublished\":\"2025-12-04T22:39:32+00:00\",\"dateModified\":\"2025-12-04T22:41:34+00:00\",\"mainEntityOfPage\":{\"@id\":\"https:\\\/\\\/portaldenoticias.net\\\/ffsantos\\\/vencedores-do-premio-seguro-paulista-2025-sao-anunciados-na-festa-do-cvg-sp\\\/\"},\"wordCount\":1133,\"commentCount\":0,\"image\":{\"@id\":\"https:\\\/\\\/portaldenoticias.net\\\/ffsantos\\\/vencedores-do-premio-seguro-paulista-2025-sao-anunciados-na-festa-do-cvg-sp\\\/#primaryimage\"},\"thumbnailUrl\":\"https:\\\/\\\/portaldenoticias.net\\\/ffsantos\\\/wp-content\\\/uploads\\\/2025\\\/12\\\/Premio-03-Vencedores-do-Premio-Seguro-Paulista-2025.jpg\",\"articleSection\":[\"Brasil\",\"Destaques\",\"Economia\"],\"inLanguage\":\"pt-BR\",\"potentialAction\":[{\"@type\":\"CommentAction\",\"name\":\"Comment\",\"target\":[\"https:\\\/\\\/portaldenoticias.net\\\/ffsantos\\\/vencedores-do-premio-seguro-paulista-2025-sao-anunciados-na-festa-do-cvg-sp\\\/#respond\"]}]},{\"@type\":\"WebPage\",\"@id\":\"https:\\\/\\\/portaldenoticias.net\\\/ffsantos\\\/vencedores-do-premio-seguro-paulista-2025-sao-anunciados-na-festa-do-cvg-sp\\\/\",\"url\":\"https:\\\/\\\/portaldenoticias.net\\\/ffsantos\\\/vencedores-do-premio-seguro-paulista-2025-sao-anunciados-na-festa-do-cvg-sp\\\/\",\"name\":\"VENCEDORES DO PR\u00caMIO SEGURO PAULISTA 2025 S\u00c3O ANUNCIADOS NA FESTA DO CVG-SP - Blog do Florisvaldo\",\"isPartOf\":{\"@id\":\"https:\\\/\\\/portaldenoticias.net\\\/ffsantos\\\/#website\"},\"primaryImageOfPage\":{\"@id\":\"https:\\\/\\\/portaldenoticias.net\\\/ffsantos\\\/vencedores-do-premio-seguro-paulista-2025-sao-anunciados-na-festa-do-cvg-sp\\\/#primaryimage\"},\"image\":{\"@id\":\"https:\\\/\\\/portaldenoticias.net\\\/ffsantos\\\/vencedores-do-premio-seguro-paulista-2025-sao-anunciados-na-festa-do-cvg-sp\\\/#primaryimage\"},\"thumbnailUrl\":\"https:\\\/\\\/portaldenoticias.net\\\/ffsantos\\\/wp-content\\\/uploads\\\/2025\\\/12\\\/Premio-03-Vencedores-do-Premio-Seguro-Paulista-2025.jpg\",\"datePublished\":\"2025-12-04T22:39:32+00:00\",\"dateModified\":\"2025-12-04T22:41:34+00:00\",\"author\":{\"@id\":\"https:\\\/\\\/portaldenoticias.net\\\/ffsantos\\\/#\\\/schema\\\/person\\\/709c788ecb22f2378d698c2cd46cecc3\"},\"breadcrumb\":{\"@id\":\"https:\\\/\\\/portaldenoticias.net\\\/ffsantos\\\/vencedores-do-premio-seguro-paulista-2025-sao-anunciados-na-festa-do-cvg-sp\\\/#breadcrumb\"},\"inLanguage\":\"pt-BR\",\"potentialAction\":[{\"@type\":\"ReadAction\",\"target\":[\"https:\\\/\\\/portaldenoticias.net\\\/ffsantos\\\/vencedores-do-premio-seguro-paulista-2025-sao-anunciados-na-festa-do-cvg-sp\\\/\"]}]},{\"@type\":\"ImageObject\",\"inLanguage\":\"pt-BR\",\"@id\":\"https:\\\/\\\/portaldenoticias.net\\\/ffsantos\\\/vencedores-do-premio-seguro-paulista-2025-sao-anunciados-na-festa-do-cvg-sp\\\/#primaryimage\",\"url\":\"https:\\\/\\\/portaldenoticias.net\\\/ffsantos\\\/wp-content\\\/uploads\\\/2025\\\/12\\\/Premio-03-Vencedores-do-Premio-Seguro-Paulista-2025.jpg\",\"contentUrl\":\"https:\\\/\\\/portaldenoticias.net\\\/ffsantos\\\/wp-content\\\/uploads\\\/2025\\\/12\\\/Premio-03-Vencedores-do-Premio-Seguro-Paulista-2025.jpg\",\"width\":1568,\"height\":982},{\"@type\":\"BreadcrumbList\",\"@id\":\"https:\\\/\\\/portaldenoticias.net\\\/ffsantos\\\/vencedores-do-premio-seguro-paulista-2025-sao-anunciados-na-festa-do-cvg-sp\\\/#breadcrumb\",\"itemListElement\":[{\"@type\":\"ListItem\",\"position\":1,\"name\":\"In\u00edcio\",\"item\":\"https:\\\/\\\/portaldenoticias.net\\\/ffsantos\\\/\"},{\"@type\":\"ListItem\",\"position\":2,\"name\":\"VENCEDORES DO PR\u00caMIO SEGURO PAULISTA 2025 S\u00c3O ANUNCIADOS NA FESTA DO CVG-SP\"}]},{\"@type\":\"WebSite\",\"@id\":\"https:\\\/\\\/portaldenoticias.net\\\/ffsantos\\\/#website\",\"url\":\"https:\\\/\\\/portaldenoticias.net\\\/ffsantos\\\/\",\"name\":\"Blog do Florisvaldo |\",\"description\":\"Informa\u00e7\u00e3o com imparcialidade\",\"potentialAction\":[{\"@type\":\"SearchAction\",\"target\":{\"@type\":\"EntryPoint\",\"urlTemplate\":\"https:\\\/\\\/portaldenoticias.net\\\/ffsantos\\\/?s={search_term_string}\"},\"query-input\":{\"@type\":\"PropertyValueSpecification\",\"valueRequired\":true,\"valueName\":\"search_term_string\"}}],\"inLanguage\":\"pt-BR\"},{\"@type\":\"Person\",\"@id\":\"https:\\\/\\\/portaldenoticias.net\\\/ffsantos\\\/#\\\/schema\\\/person\\\/709c788ecb22f2378d698c2cd46cecc3\",\"name\":\"Florisvaldo\",\"image\":{\"@type\":\"ImageObject\",\"inLanguage\":\"pt-BR\",\"@id\":\"https:\\\/\\\/secure.gravatar.com\\\/avatar\\\/23c59839b4c874bb227d4916d18ba065e405a73d0e423fa9255ba9436604e628?s=96&d=mm&r=g\",\"url\":\"https:\\\/\\\/secure.gravatar.com\\\/avatar\\\/23c59839b4c874bb227d4916d18ba065e405a73d0e423fa9255ba9436604e628?s=96&d=mm&r=g\",\"contentUrl\":\"https:\\\/\\\/secure.gravatar.com\\\/avatar\\\/23c59839b4c874bb227d4916d18ba065e405a73d0e423fa9255ba9436604e628?s=96&d=mm&r=g\",\"caption\":\"Florisvaldo\"},\"url\":\"https:\\\/\\\/portaldenoticias.net\\\/ffsantos\\\/author\\\/ffsantos\\\/\"}]}<\/script>\n<!-- \/ Yoast SEO plugin. -->","yoast_head_json":{"title":"VENCEDORES DO PR\u00caMIO SEGURO PAULISTA 2025 S\u00c3O ANUNCIADOS NA FESTA DO CVG-SP - Blog do Florisvaldo","robots":{"index":"index","follow":"follow","max-snippet":"max-snippet:-1","max-image-preview":"max-image-preview:large","max-video-preview":"max-video-preview:-1"},"canonical":"https:\/\/portaldenoticias.net\/ffsantos\/vencedores-do-premio-seguro-paulista-2025-sao-anunciados-na-festa-do-cvg-sp\/","og_locale":"pt_BR","og_type":"article","og_title":"VENCEDORES DO PR\u00caMIO SEGURO PAULISTA 2025 S\u00c3O ANUNCIADOS NA FESTA DO CVG-SP - Blog do Florisvaldo","og_description":"Vencedores do Pr\u00eamio Seguro Paulista 2025 &#8211; Durante a celebra\u00e7\u00e3o de fim de ano, quatro profissionais das \u00e1reas de seguro de vida e sa\u00fade foram eleitos os melhores no atendimento aos corretores de seguros. A tradicional Festa de Confraterniza\u00e7\u00e3o do CVG-SP, reconhecida por seu glamour e anima\u00e7\u00e3o, tamb\u00e9m foi palco da celebra\u00e7\u00e3o do profissionalismo no","og_url":"https:\/\/portaldenoticias.net\/ffsantos\/vencedores-do-premio-seguro-paulista-2025-sao-anunciados-na-festa-do-cvg-sp\/","og_site_name":"Blog do Florisvaldo","article_published_time":"2025-12-04T22:39:32+00:00","article_modified_time":"2025-12-04T22:41:34+00:00","og_image":[{"width":1568,"height":982,"url":"http:\/\/portaldenoticias.net\/ffsantos\/wp-content\/uploads\/2025\/12\/Premio-03-Vencedores-do-Premio-Seguro-Paulista-2025.jpg","type":"image\/jpeg"}],"author":"Florisvaldo","twitter_card":"summary_large_image","twitter_misc":{"Escrito por":"Florisvaldo","Est. tempo de leitura":"8 minutos"},"schema":{"@context":"https:\/\/schema.org","@graph":[{"@type":"Article","@id":"https:\/\/portaldenoticias.net\/ffsantos\/vencedores-do-premio-seguro-paulista-2025-sao-anunciados-na-festa-do-cvg-sp\/#article","isPartOf":{"@id":"https:\/\/portaldenoticias.net\/ffsantos\/vencedores-do-premio-seguro-paulista-2025-sao-anunciados-na-festa-do-cvg-sp\/"},"author":{"name":"Florisvaldo","@id":"https:\/\/portaldenoticias.net\/ffsantos\/#\/schema\/person\/709c788ecb22f2378d698c2cd46cecc3"},"headline":"VENCEDORES DO PR\u00caMIO SEGURO PAULISTA 2025 S\u00c3O ANUNCIADOS NA FESTA DO CVG-SP","datePublished":"2025-12-04T22:39:32+00:00","dateModified":"2025-12-04T22:41:34+00:00","mainEntityOfPage":{"@id":"https:\/\/portaldenoticias.net\/ffsantos\/vencedores-do-premio-seguro-paulista-2025-sao-anunciados-na-festa-do-cvg-sp\/"},"wordCount":1133,"commentCount":0,"image":{"@id":"https:\/\/portaldenoticias.net\/ffsantos\/vencedores-do-premio-seguro-paulista-2025-sao-anunciados-na-festa-do-cvg-sp\/#primaryimage"},"thumbnailUrl":"https:\/\/portaldenoticias.net\/ffsantos\/wp-content\/uploads\/2025\/12\/Premio-03-Vencedores-do-Premio-Seguro-Paulista-2025.jpg","articleSection":["Brasil","Destaques","Economia"],"inLanguage":"pt-BR","potentialAction":[{"@type":"CommentAction","name":"Comment","target":["https:\/\/portaldenoticias.net\/ffsantos\/vencedores-do-premio-seguro-paulista-2025-sao-anunciados-na-festa-do-cvg-sp\/#respond"]}]},{"@type":"WebPage","@id":"https:\/\/portaldenoticias.net\/ffsantos\/vencedores-do-premio-seguro-paulista-2025-sao-anunciados-na-festa-do-cvg-sp\/","url":"https:\/\/portaldenoticias.net\/ffsantos\/vencedores-do-premio-seguro-paulista-2025-sao-anunciados-na-festa-do-cvg-sp\/","name":"VENCEDORES DO PR\u00caMIO SEGURO PAULISTA 2025 S\u00c3O ANUNCIADOS NA FESTA DO CVG-SP - Blog do Florisvaldo","isPartOf":{"@id":"https:\/\/portaldenoticias.net\/ffsantos\/#website"},"primaryImageOfPage":{"@id":"https:\/\/portaldenoticias.net\/ffsantos\/vencedores-do-premio-seguro-paulista-2025-sao-anunciados-na-festa-do-cvg-sp\/#primaryimage"},"image":{"@id":"https:\/\/portaldenoticias.net\/ffsantos\/vencedores-do-premio-seguro-paulista-2025-sao-anunciados-na-festa-do-cvg-sp\/#primaryimage"},"thumbnailUrl":"https:\/\/portaldenoticias.net\/ffsantos\/wp-content\/uploads\/2025\/12\/Premio-03-Vencedores-do-Premio-Seguro-Paulista-2025.jpg","datePublished":"2025-12-04T22:39:32+00:00","dateModified":"2025-12-04T22:41:34+00:00","author":{"@id":"https:\/\/portaldenoticias.net\/ffsantos\/#\/schema\/person\/709c788ecb22f2378d698c2cd46cecc3"},"breadcrumb":{"@id":"https:\/\/portaldenoticias.net\/ffsantos\/vencedores-do-premio-seguro-paulista-2025-sao-anunciados-na-festa-do-cvg-sp\/#breadcrumb"},"inLanguage":"pt-BR","potentialAction":[{"@type":"ReadAction","target":["https:\/\/portaldenoticias.net\/ffsantos\/vencedores-do-premio-seguro-paulista-2025-sao-anunciados-na-festa-do-cvg-sp\/"]}]},{"@type":"ImageObject","inLanguage":"pt-BR","@id":"https:\/\/portaldenoticias.net\/ffsantos\/vencedores-do-premio-seguro-paulista-2025-sao-anunciados-na-festa-do-cvg-sp\/#primaryimage","url":"https:\/\/portaldenoticias.net\/ffsantos\/wp-content\/uploads\/2025\/12\/Premio-03-Vencedores-do-Premio-Seguro-Paulista-2025.jpg","contentUrl":"https:\/\/portaldenoticias.net\/ffsantos\/wp-content\/uploads\/2025\/12\/Premio-03-Vencedores-do-Premio-Seguro-Paulista-2025.jpg","width":1568,"height":982},{"@type":"BreadcrumbList","@id":"https:\/\/portaldenoticias.net\/ffsantos\/vencedores-do-premio-seguro-paulista-2025-sao-anunciados-na-festa-do-cvg-sp\/#breadcrumb","itemListElement":[{"@type":"ListItem","position":1,"name":"In\u00edcio","item":"https:\/\/portaldenoticias.net\/ffsantos\/"},{"@type":"ListItem","position":2,"name":"VENCEDORES DO PR\u00caMIO SEGURO PAULISTA 2025 S\u00c3O ANUNCIADOS NA FESTA DO CVG-SP"}]},{"@type":"WebSite","@id":"https:\/\/portaldenoticias.net\/ffsantos\/#website","url":"https:\/\/portaldenoticias.net\/ffsantos\/","name":"Blog do Florisvaldo |","description":"Informa\u00e7\u00e3o com imparcialidade","potentialAction":[{"@type":"SearchAction","target":{"@type":"EntryPoint","urlTemplate":"https:\/\/portaldenoticias.net\/ffsantos\/?s={search_term_string}"},"query-input":{"@type":"PropertyValueSpecification","valueRequired":true,"valueName":"search_term_string"}}],"inLanguage":"pt-BR"},{"@type":"Person","@id":"https:\/\/portaldenoticias.net\/ffsantos\/#\/schema\/person\/709c788ecb22f2378d698c2cd46cecc3","name":"Florisvaldo","image":{"@type":"ImageObject","inLanguage":"pt-BR","@id":"https:\/\/secure.gravatar.com\/avatar\/23c59839b4c874bb227d4916d18ba065e405a73d0e423fa9255ba9436604e628?s=96&d=mm&r=g","url":"https:\/\/secure.gravatar.com\/avatar\/23c59839b4c874bb227d4916d18ba065e405a73d0e423fa9255ba9436604e628?s=96&d=mm&r=g","contentUrl":"https:\/\/secure.gravatar.com\/avatar\/23c59839b4c874bb227d4916d18ba065e405a73d0e423fa9255ba9436604e628?s=96&d=mm&r=g","caption":"Florisvaldo"},"url":"https:\/\/portaldenoticias.net\/ffsantos\/author\/ffsantos\/"}]}},"_links":{"self":[{"href":"https:\/\/portaldenoticias.net\/ffsantos\/wp-json\/wp\/v2\/posts\/21669","targetHints":{"allow":["GET"]}}],"collection":[{"href":"https:\/\/portaldenoticias.net\/ffsantos\/wp-json\/wp\/v2\/posts"}],"about":[{"href":"https:\/\/portaldenoticias.net\/ffsantos\/wp-json\/wp\/v2\/types\/post"}],"author":[{"embeddable":true,"href":"https:\/\/portaldenoticias.net\/ffsantos\/wp-json\/wp\/v2\/users\/2"}],"replies":[{"embeddable":true,"href":"https:\/\/portaldenoticias.net\/ffsantos\/wp-json\/wp\/v2\/comments?post=21669"}],"version-history":[{"count":1,"href":"https:\/\/portaldenoticias.net\/ffsantos\/wp-json\/wp\/v2\/posts\/21669\/revisions"}],"predecessor-version":[{"id":21677,"href":"https:\/\/portaldenoticias.net\/ffsantos\/wp-json\/wp\/v2\/posts\/21669\/revisions\/21677"}],"wp:featuredmedia":[{"embeddable":true,"href":"https:\/\/portaldenoticias.net\/ffsantos\/wp-json\/wp\/v2\/media\/21670"}],"wp:attachment":[{"href":"https:\/\/portaldenoticias.net\/ffsantos\/wp-json\/wp\/v2\/media?parent=21669"}],"wp:term":[{"taxonomy":"category","embeddable":true,"href":"https:\/\/portaldenoticias.net\/ffsantos\/wp-json\/wp\/v2\/categories?post=21669"},{"taxonomy":"post_tag","embeddable":true,"href":"https:\/\/portaldenoticias.net\/ffsantos\/wp-json\/wp\/v2\/tags?post=21669"}],"curies":[{"name":"wp","href":"https:\/\/api.w.org\/{rel}","templated":true}]}}