{"id":21637,"date":"2025-11-26T14:22:12","date_gmt":"2025-11-26T17:22:12","guid":{"rendered":"https:\/\/portaldenoticias.net\/ffsantos\/?p=21637"},"modified":"2025-11-26T14:22:12","modified_gmt":"2025-11-26T17:22:12","slug":"margem-equatorial-brasileira-entre-potencia-energetica-seguranca-nacional-e-pressoes-globais","status":"publish","type":"post","link":"https:\/\/portaldenoticias.net\/ffsantos\/margem-equatorial-brasileira-entre-potencia-energetica-seguranca-nacional-e-pressoes-globais\/","title":{"rendered":"MARGEM EQUATORIAL BRASILEIRA: ENTRE POT\u00caNCIA ENERG\u00c9TICA, SEGURAN\u00c7A NACIONAL E PRESS\u00d5ES GLOBAIS"},"content":{"rendered":"<p><em>\u00a0 \u00a0 <a href=\"http:\/\/portaldenoticias.net\/ffsantos\/wp-content\/uploads\/2025\/11\/Equatorial-2-Imagem1.png\"><img loading=\"lazy\" decoding=\"async\" class=\"aligncenter size-full wp-image-21639\" src=\"http:\/\/portaldenoticias.net\/ffsantos\/wp-content\/uploads\/2025\/11\/Equatorial-2-Imagem1.png\" alt=\"\" width=\"430\" height=\"583\" srcset=\"https:\/\/portaldenoticias.net\/ffsantos\/wp-content\/uploads\/2025\/11\/Equatorial-2-Imagem1.png 430w, https:\/\/portaldenoticias.net\/ffsantos\/wp-content\/uploads\/2025\/11\/Equatorial-2-Imagem1-221x300.png 221w, https:\/\/portaldenoticias.net\/ffsantos\/wp-content\/uploads\/2025\/11\/Equatorial-2-Imagem1-150x203.png 150w\" sizes=\"auto, (max-width: 430px) 100vw, 430px\" \/><\/a> \u00a0 \u00a0 \u00a0 \u00a0 \u00a0 \u00a0 \u00a0 \u00a0 \u00a0 \u00a0 \u00a0 \u00a0 \u00a0 \u00a0 \u00a0 \u00a0 \u00a0 \u00a0 \u00a0 \u00a0 \u00a0 \u00a0 \u00a0 \u00a0 \u00a0 \u00a0 \u00a0 \u00a0 \u00a0 \u00a0 \u00a0 \u00a0 \u00a0 \u00a0 \u00a0 \u00a0 \u00a0 \u00a0 \u00a0 \u00a0 \u00a0 \u00a0 \u00a0 \u00a0 \u00a0 \u00a0 \u00a0 \u00a0 \u00a0 \u00a0 \u00a0 \u00a0 \u00a0 \u00a0 \u00a0 \u00a0 \u00a0 \u00a0 \u00a0 \u00a0 \u00a0 <\/em><\/p>\n<p><em>Por Florisvaldo Ferreira dos Santos<\/em><\/p>\n<p>A Margem Equatorial Brasileira voltou ao centro do debate pol\u00edtico e econ\u00f4mico do pa\u00eds. Localizada entre o Amap\u00e1 e o Rio Grande do Norte, essa faixa mar\u00edtima possui um potencial energ\u00e9tico compar\u00e1vel ao do pr\u00e9-sal \u2014 e, por isso mesmo, tornou-se palco de disputas que v\u00e3o muito al\u00e9m do territ\u00f3rio nacional. Nos pr\u00f3ximos dez anos, o que o Brasil decidir sobre essa regi\u00e3o influenciar\u00e1 diretamente nossa seguran\u00e7a energ\u00e9tica, nossa posi\u00e7\u00e3o geopol\u00edtica e at\u00e9 nossa capacidade de di\u00e1logo internacional, especialmente ap\u00f3s as discuss\u00f5es realizadas na COP30.<\/p>\n<ol>\n<li style=\"text-align: left\"><strong> O conflito na foz do Amazonas: petr\u00f3leo ou prote\u00e7\u00e3o?<\/strong><\/li>\n<\/ol>\n<p>O impasse mais vis\u00edvel ocorre na foz do Amazonas, onde empresas e governo defendem a realiza\u00e7\u00e3o de perfura\u00e7\u00f5es explorat\u00f3rias, enquanto ambientalistas, setores do Minist\u00e9rio P\u00fablico e organiza\u00e7\u00f5es internacionais alertam para os riscos a um dos biomas mais sens\u00edveis do planeta.<\/p>\n<p>A regi\u00e3o combina correntes mar\u00edtimas inst\u00e1veis, enorme biodiversidade e proximidade com \u00e1reas preservadas. Qualquer incidente \u2014 mesmo que pequeno \u2014 teria repercuss\u00f5es amplas e imediatas. Ainda assim, o Brasil argumenta que possui tecnologia e protocolos suficientes para operar com seguran\u00e7a, baseando-se na expertise adquirida no pr\u00e9-sal.<\/p>\n<p>Esse conflito, contudo, extrapola o aspecto t\u00e9cnico: tornou-se s\u00edmbolo da disputa entre <strong><em>desenvolvimento econ\u00f4mico e responsabilidade ambiental<\/em><\/strong>, pressionando o governo a demonstrar que pode conciliar crescimento com prote\u00e7\u00e3o.<\/p>\n<ol start=\"2\">\n<li><strong><em> Preocupa\u00e7\u00f5es ambientais: a vitrine global do pa\u00eds<\/em><\/strong><\/li>\n<\/ol>\n<p>Durante a COP30, o Brasil foi constantemente cobrado por apresentar um modelo de transi\u00e7\u00e3o energ\u00e9tica \u201crespons\u00e1vel\u201d. A Margem Equatorial, naturalmente, entrou na pauta. Pa\u00edses desenvolvidos defenderam a suspens\u00e3o completa de novas explora\u00e7\u00f5es f\u00f3sseis, enquanto o Brasil insistiu no argumento da equidade: na\u00e7\u00e3o que ainda luta contra desigualdades estruturais precisa ter autonomia para definir seu ritmo de transi\u00e7\u00e3o.<\/p>\n<p>O compromisso assumido foi vago, por\u00e9m estrat\u00e9gico: avan\u00e7ar nos estudos ambientais, manter di\u00e1logo com entidades internacionais e, ao mesmo tempo, seguir investindo em biocombust\u00edveis, hidrog\u00eanio verde e energias renov\u00e1veis.<br \/>\nEm outras palavras: o Brasil n\u00e3o fechou as portas para o petr\u00f3leo, mas tamb\u00e9m n\u00e3o rompeu com a agenda clim\u00e1tica.<\/p>\n<ol start=\"3\">\n<li><strong><em> Interesses energ\u00e9ticos e financeiros para a pr\u00f3xima d\u00e9cada<\/em><\/strong><\/li>\n<\/ol>\n<p>O pa\u00eds sabe que a Margem Equatorial pode representar um salto econ\u00f4mico compar\u00e1vel ao do pr\u00e9-sal. Diante do crescimento populacional e da demanda cada vez maior por energia, ter uma nova fronteira petrol\u00edfera pode significar:<\/p>\n<ul>\n<li><strong><em>Independ\u00eancia energ\u00e9tica ampliada<\/em><\/strong><\/li>\n<li><strong><em>Novas receitas para o Estado e munic\u00edpios<\/em><\/strong><\/li>\n<li><strong><em>Investimentos em log\u00edstica, portos e infraestrutura<\/em><\/strong><\/li>\n<li><strong><em>Financiamento de pol\u00edticas sociais e ambientais<\/em><\/strong><\/li>\n<\/ul>\n<p>Apesar disso, o Brasil enfrenta um paradoxo: ao mesmo tempo em que precisa gerar riqueza, tamb\u00e9m precisa manter a credibilidade internacional para atrair investimentos. Investidores est\u00e3o cada vez mais atentos a crit\u00e9rios ESG \u2014 e uma explora\u00e7\u00e3o vista como predat\u00f3ria pode trazer custos diplom\u00e1ticos e econ\u00f4micos.<\/p>\n<ol start=\"4\">\n<li><strong><em> Seguran\u00e7a nacional e geopol\u00edtica: um oceano em disputa<\/em><\/strong><\/li>\n<\/ol>\n<p>Nos pr\u00f3ximos dez anos, a Margem Equatorial tamb\u00e9m ser\u00e1 tema de seguran\u00e7a nacional. A regi\u00e3o est\u00e1 pr\u00f3xima de rotas estrat\u00e9gicas, fronteiras mar\u00edtimas e \u00e1reas disputadas internacionalmente. Com a descoberta de petr\u00f3leo na Guiana e no Suriname, o Atl\u00e2ntico Norte-Sul tornou-se um corredor energ\u00e9tico observado por grandes pot\u00eancias.<\/p>\n<p>Para o Brasil, isso significa:<\/p>\n<ul>\n<li>Refor\u00e7ar a presen\u00e7a da Marinha e integrar sistemas de monitoramento.<\/li>\n<li>Aumentar a capacidade de resposta r\u00e1pida no Atl\u00e2ntico Norte.<\/li>\n<li>Ampliar a diplomacia energ\u00e9tica com pa\u00edses vizinhos.<\/li>\n<li>Evitar que conflitos externos (como o lit\u00edgio entre Guiana e Venezuela) avancem para nossas fronteiras mar\u00edtimas.<\/li>\n<\/ul>\n<p>A energia, nesse contexto, n\u00e3o \u00e9 apenas uma fonte de riqueza: \u00e9 parte da estrat\u00e9gia de defesa e do posicionamento do Brasil como <em>ator relevante no tabuleiro global.<\/em><\/p>\n<ol start=\"5\">\n<li><strong><em> O legado da COP30: entre compromissos e pragmatismo<\/em><\/strong><\/li>\n<\/ol>\n<p>A COP30 deixou claro que o Brasil ser\u00e1 cobrado, ano ap\u00f3s ano, por seu papel ambiental. Entretanto, tamb\u00e9m ficou evidente que o pa\u00eds pretende exercer protagonismo, n\u00e3o submiss\u00e3o. O discurso brasileiro tem sido firme: <strong><em>\u00e9 poss\u00edvel explorar petr\u00f3leo com responsabilidade, ao mesmo tempo em que se acelera a transi\u00e7\u00e3o energ\u00e9tica.<\/em><\/strong><\/p>\n<p>Esse equil\u00edbrio &#8211; ainda fr\u00e1gil &#8211; definir\u00e1 nossa credibilidade futura.<\/p>\n<p><strong><em>Conclus\u00e3o: A d\u00e9cada decisiva<\/em><\/strong><\/p>\n<p>A Margem Equatorial \u00e9 mais do que uma reserva de petr\u00f3leo. \u00c9 um teste para o Brasil.<br \/>\nUm teste de maturidade institucional, de soberania econ\u00f4mica, de vis\u00e3o clim\u00e1tica e de capacidade de negociar em um mundo cada vez mais polarizado.<\/p>\n<p>A pr\u00f3xima d\u00e9cada mostrar\u00e1 se seremos capazes de usar esse potencial energ\u00e9tico como alavanca de desenvolvimento sustent\u00e1vel, ou se repetiremos velhos conflitos entre economia e meio ambiente. O Brasil tem condi\u00e7\u00f5es, conhecimento e experi\u00eancia para tomar decis\u00f5es estrat\u00e9gicas \u2014 mas precisa faz\u00ea-lo com transpar\u00eancia, planejamento e responsabilidade.<\/p>\n<p>A Margem Equatorial \u00e9, em ess\u00eancia, o espelho do Brasil que queremos construir.<\/p>\n<p><strong><em>Colabora\u00e7\u00e3o:<\/em><\/strong> Fancislaine Pereira Cerr\u00eaa<\/p>\n<p>&nbsp;<\/p>\n<p style=\"text-align: center\"><strong><em>Blog do Florisvaldo &#8211; Informa\u00e7\u00e3o Com Imparcialidade<\/em><\/strong><\/p>\n","protected":false},"excerpt":{"rendered":"<p>\u00a0 \u00a0 \u00a0 \u00a0 \u00a0 \u00a0 \u00a0 \u00a0 \u00a0 \u00a0 \u00a0 \u00a0 \u00a0 \u00a0 \u00a0 \u00a0 \u00a0 \u00a0 \u00a0 \u00a0 \u00a0 \u00a0 \u00a0 \u00a0 \u00a0 \u00a0 \u00a0 \u00a0 \u00a0 \u00a0 \u00a0 \u00a0 \u00a0 \u00a0 \u00a0 \u00a0 \u00a0 \u00a0 \u00a0 \u00a0 \u00a0 \u00a0 \u00a0 \u00a0 \u00a0 \u00a0 \u00a0 \u00a0 \u00a0 \u00a0 \u00a0 \u00a0 \u00a0 \u00a0 \u00a0<\/p>\n","protected":false},"author":2,"featured_media":21639,"comment_status":"open","ping_status":"open","sticky":false,"template":"","format":"standard","meta":{"footnotes":""},"categories":[2,6,8],"tags":[],"class_list":{"0":"post-21637","1":"post","2":"type-post","3":"status-publish","4":"format-standard","5":"has-post-thumbnail","7":"category-brasil","8":"category-economia","9":"category-mundo"},"yoast_head":"<!-- This site is optimized with the Yoast SEO plugin v27.4 - https:\/\/yoast.com\/product\/yoast-seo-wordpress\/ -->\n<title>MARGEM EQUATORIAL BRASILEIRA: ENTRE POT\u00caNCIA ENERG\u00c9TICA, SEGURAN\u00c7A NACIONAL E PRESS\u00d5ES GLOBAIS - Blog do Florisvaldo<\/title>\n<meta name=\"robots\" content=\"index, follow, max-snippet:-1, max-image-preview:large, max-video-preview:-1\" \/>\n<link rel=\"canonical\" href=\"https:\/\/portaldenoticias.net\/ffsantos\/margem-equatorial-brasileira-entre-potencia-energetica-seguranca-nacional-e-pressoes-globais\/\" \/>\n<meta property=\"og:locale\" content=\"pt_BR\" \/>\n<meta property=\"og:type\" content=\"article\" \/>\n<meta property=\"og:title\" content=\"MARGEM EQUATORIAL BRASILEIRA: ENTRE POT\u00caNCIA ENERG\u00c9TICA, SEGURAN\u00c7A NACIONAL E PRESS\u00d5ES GLOBAIS - Blog do Florisvaldo\" \/>\n<meta property=\"og:description\" content=\"\u00a0 \u00a0 \u00a0 \u00a0 \u00a0 \u00a0 \u00a0 \u00a0 \u00a0 \u00a0 \u00a0 \u00a0 \u00a0 \u00a0 \u00a0 \u00a0 \u00a0 \u00a0 \u00a0 \u00a0 \u00a0 \u00a0 \u00a0 \u00a0 \u00a0 \u00a0 \u00a0 \u00a0 \u00a0 \u00a0 \u00a0 \u00a0 \u00a0 \u00a0 \u00a0 \u00a0 \u00a0 \u00a0 \u00a0 \u00a0 \u00a0 \u00a0 \u00a0 \u00a0 \u00a0 \u00a0 \u00a0 \u00a0 \u00a0 \u00a0 \u00a0 \u00a0 \u00a0 \u00a0 \u00a0\" \/>\n<meta property=\"og:url\" content=\"https:\/\/portaldenoticias.net\/ffsantos\/margem-equatorial-brasileira-entre-potencia-energetica-seguranca-nacional-e-pressoes-globais\/\" \/>\n<meta property=\"og:site_name\" content=\"Blog do Florisvaldo\" \/>\n<meta property=\"article:published_time\" content=\"2025-11-26T17:22:12+00:00\" \/>\n<meta property=\"og:image\" content=\"http:\/\/portaldenoticias.net\/ffsantos\/wp-content\/uploads\/2025\/11\/Equatorial-2-Imagem1.png\" \/>\n\t<meta property=\"og:image:width\" content=\"430\" \/>\n\t<meta property=\"og:image:height\" content=\"583\" \/>\n\t<meta property=\"og:image:type\" content=\"image\/png\" \/>\n<meta name=\"author\" content=\"Florisvaldo\" \/>\n<meta name=\"twitter:card\" content=\"summary_large_image\" \/>\n<meta name=\"twitter:label1\" content=\"Escrito por\" \/>\n\t<meta name=\"twitter:data1\" content=\"Florisvaldo\" \/>\n\t<meta name=\"twitter:label2\" content=\"Est. tempo de leitura\" \/>\n\t<meta name=\"twitter:data2\" content=\"4 minutos\" \/>\n<script type=\"application\/ld+json\" class=\"yoast-schema-graph\">{\"@context\":\"https:\\\/\\\/schema.org\",\"@graph\":[{\"@type\":\"Article\",\"@id\":\"https:\\\/\\\/portaldenoticias.net\\\/ffsantos\\\/margem-equatorial-brasileira-entre-potencia-energetica-seguranca-nacional-e-pressoes-globais\\\/#article\",\"isPartOf\":{\"@id\":\"https:\\\/\\\/portaldenoticias.net\\\/ffsantos\\\/margem-equatorial-brasileira-entre-potencia-energetica-seguranca-nacional-e-pressoes-globais\\\/\"},\"author\":{\"name\":\"Florisvaldo\",\"@id\":\"https:\\\/\\\/portaldenoticias.net\\\/ffsantos\\\/#\\\/schema\\\/person\\\/709c788ecb22f2378d698c2cd46cecc3\"},\"headline\":\"MARGEM EQUATORIAL BRASILEIRA: ENTRE POT\u00caNCIA ENERG\u00c9TICA, SEGURAN\u00c7A NACIONAL E PRESS\u00d5ES GLOBAIS\",\"datePublished\":\"2025-11-26T17:22:12+00:00\",\"mainEntityOfPage\":{\"@id\":\"https:\\\/\\\/portaldenoticias.net\\\/ffsantos\\\/margem-equatorial-brasileira-entre-potencia-energetica-seguranca-nacional-e-pressoes-globais\\\/\"},\"wordCount\":891,\"commentCount\":0,\"image\":{\"@id\":\"https:\\\/\\\/portaldenoticias.net\\\/ffsantos\\\/margem-equatorial-brasileira-entre-potencia-energetica-seguranca-nacional-e-pressoes-globais\\\/#primaryimage\"},\"thumbnailUrl\":\"https:\\\/\\\/portaldenoticias.net\\\/ffsantos\\\/wp-content\\\/uploads\\\/2025\\\/11\\\/Equatorial-2-Imagem1.png\",\"articleSection\":[\"Brasil\",\"Economia\",\"Mundo\"],\"inLanguage\":\"pt-BR\",\"potentialAction\":[{\"@type\":\"CommentAction\",\"name\":\"Comment\",\"target\":[\"https:\\\/\\\/portaldenoticias.net\\\/ffsantos\\\/margem-equatorial-brasileira-entre-potencia-energetica-seguranca-nacional-e-pressoes-globais\\\/#respond\"]}]},{\"@type\":\"WebPage\",\"@id\":\"https:\\\/\\\/portaldenoticias.net\\\/ffsantos\\\/margem-equatorial-brasileira-entre-potencia-energetica-seguranca-nacional-e-pressoes-globais\\\/\",\"url\":\"https:\\\/\\\/portaldenoticias.net\\\/ffsantos\\\/margem-equatorial-brasileira-entre-potencia-energetica-seguranca-nacional-e-pressoes-globais\\\/\",\"name\":\"MARGEM EQUATORIAL BRASILEIRA: ENTRE POT\u00caNCIA ENERG\u00c9TICA, SEGURAN\u00c7A NACIONAL E PRESS\u00d5ES GLOBAIS - Blog do Florisvaldo\",\"isPartOf\":{\"@id\":\"https:\\\/\\\/portaldenoticias.net\\\/ffsantos\\\/#website\"},\"primaryImageOfPage\":{\"@id\":\"https:\\\/\\\/portaldenoticias.net\\\/ffsantos\\\/margem-equatorial-brasileira-entre-potencia-energetica-seguranca-nacional-e-pressoes-globais\\\/#primaryimage\"},\"image\":{\"@id\":\"https:\\\/\\\/portaldenoticias.net\\\/ffsantos\\\/margem-equatorial-brasileira-entre-potencia-energetica-seguranca-nacional-e-pressoes-globais\\\/#primaryimage\"},\"thumbnailUrl\":\"https:\\\/\\\/portaldenoticias.net\\\/ffsantos\\\/wp-content\\\/uploads\\\/2025\\\/11\\\/Equatorial-2-Imagem1.png\",\"datePublished\":\"2025-11-26T17:22:12+00:00\",\"author\":{\"@id\":\"https:\\\/\\\/portaldenoticias.net\\\/ffsantos\\\/#\\\/schema\\\/person\\\/709c788ecb22f2378d698c2cd46cecc3\"},\"breadcrumb\":{\"@id\":\"https:\\\/\\\/portaldenoticias.net\\\/ffsantos\\\/margem-equatorial-brasileira-entre-potencia-energetica-seguranca-nacional-e-pressoes-globais\\\/#breadcrumb\"},\"inLanguage\":\"pt-BR\",\"potentialAction\":[{\"@type\":\"ReadAction\",\"target\":[\"https:\\\/\\\/portaldenoticias.net\\\/ffsantos\\\/margem-equatorial-brasileira-entre-potencia-energetica-seguranca-nacional-e-pressoes-globais\\\/\"]}]},{\"@type\":\"ImageObject\",\"inLanguage\":\"pt-BR\",\"@id\":\"https:\\\/\\\/portaldenoticias.net\\\/ffsantos\\\/margem-equatorial-brasileira-entre-potencia-energetica-seguranca-nacional-e-pressoes-globais\\\/#primaryimage\",\"url\":\"https:\\\/\\\/portaldenoticias.net\\\/ffsantos\\\/wp-content\\\/uploads\\\/2025\\\/11\\\/Equatorial-2-Imagem1.png\",\"contentUrl\":\"https:\\\/\\\/portaldenoticias.net\\\/ffsantos\\\/wp-content\\\/uploads\\\/2025\\\/11\\\/Equatorial-2-Imagem1.png\",\"width\":430,\"height\":583},{\"@type\":\"BreadcrumbList\",\"@id\":\"https:\\\/\\\/portaldenoticias.net\\\/ffsantos\\\/margem-equatorial-brasileira-entre-potencia-energetica-seguranca-nacional-e-pressoes-globais\\\/#breadcrumb\",\"itemListElement\":[{\"@type\":\"ListItem\",\"position\":1,\"name\":\"In\u00edcio\",\"item\":\"https:\\\/\\\/portaldenoticias.net\\\/ffsantos\\\/\"},{\"@type\":\"ListItem\",\"position\":2,\"name\":\"MARGEM EQUATORIAL BRASILEIRA: ENTRE POT\u00caNCIA ENERG\u00c9TICA, SEGURAN\u00c7A NACIONAL E PRESS\u00d5ES GLOBAIS\"}]},{\"@type\":\"WebSite\",\"@id\":\"https:\\\/\\\/portaldenoticias.net\\\/ffsantos\\\/#website\",\"url\":\"https:\\\/\\\/portaldenoticias.net\\\/ffsantos\\\/\",\"name\":\"Blog do Florisvaldo |\",\"description\":\"Informa\u00e7\u00e3o com imparcialidade\",\"potentialAction\":[{\"@type\":\"SearchAction\",\"target\":{\"@type\":\"EntryPoint\",\"urlTemplate\":\"https:\\\/\\\/portaldenoticias.net\\\/ffsantos\\\/?s={search_term_string}\"},\"query-input\":{\"@type\":\"PropertyValueSpecification\",\"valueRequired\":true,\"valueName\":\"search_term_string\"}}],\"inLanguage\":\"pt-BR\"},{\"@type\":\"Person\",\"@id\":\"https:\\\/\\\/portaldenoticias.net\\\/ffsantos\\\/#\\\/schema\\\/person\\\/709c788ecb22f2378d698c2cd46cecc3\",\"name\":\"Florisvaldo\",\"image\":{\"@type\":\"ImageObject\",\"inLanguage\":\"pt-BR\",\"@id\":\"https:\\\/\\\/secure.gravatar.com\\\/avatar\\\/23c59839b4c874bb227d4916d18ba065e405a73d0e423fa9255ba9436604e628?s=96&d=mm&r=g\",\"url\":\"https:\\\/\\\/secure.gravatar.com\\\/avatar\\\/23c59839b4c874bb227d4916d18ba065e405a73d0e423fa9255ba9436604e628?s=96&d=mm&r=g\",\"contentUrl\":\"https:\\\/\\\/secure.gravatar.com\\\/avatar\\\/23c59839b4c874bb227d4916d18ba065e405a73d0e423fa9255ba9436604e628?s=96&d=mm&r=g\",\"caption\":\"Florisvaldo\"},\"url\":\"https:\\\/\\\/portaldenoticias.net\\\/ffsantos\\\/author\\\/ffsantos\\\/\"}]}<\/script>\n<!-- \/ Yoast SEO plugin. -->","yoast_head_json":{"title":"MARGEM EQUATORIAL BRASILEIRA: ENTRE POT\u00caNCIA ENERG\u00c9TICA, SEGURAN\u00c7A NACIONAL E PRESS\u00d5ES GLOBAIS - Blog do Florisvaldo","robots":{"index":"index","follow":"follow","max-snippet":"max-snippet:-1","max-image-preview":"max-image-preview:large","max-video-preview":"max-video-preview:-1"},"canonical":"https:\/\/portaldenoticias.net\/ffsantos\/margem-equatorial-brasileira-entre-potencia-energetica-seguranca-nacional-e-pressoes-globais\/","og_locale":"pt_BR","og_type":"article","og_title":"MARGEM EQUATORIAL BRASILEIRA: ENTRE POT\u00caNCIA ENERG\u00c9TICA, SEGURAN\u00c7A NACIONAL E PRESS\u00d5ES GLOBAIS - Blog do Florisvaldo","og_description":"\u00a0 \u00a0 \u00a0 \u00a0 \u00a0 \u00a0 \u00a0 \u00a0 \u00a0 \u00a0 \u00a0 \u00a0 \u00a0 \u00a0 \u00a0 \u00a0 \u00a0 \u00a0 \u00a0 \u00a0 \u00a0 \u00a0 \u00a0 \u00a0 \u00a0 \u00a0 \u00a0 \u00a0 \u00a0 \u00a0 \u00a0 \u00a0 \u00a0 \u00a0 \u00a0 \u00a0 \u00a0 \u00a0 \u00a0 \u00a0 \u00a0 \u00a0 \u00a0 \u00a0 \u00a0 \u00a0 \u00a0 \u00a0 \u00a0 \u00a0 \u00a0 \u00a0 \u00a0 \u00a0 \u00a0","og_url":"https:\/\/portaldenoticias.net\/ffsantos\/margem-equatorial-brasileira-entre-potencia-energetica-seguranca-nacional-e-pressoes-globais\/","og_site_name":"Blog do Florisvaldo","article_published_time":"2025-11-26T17:22:12+00:00","og_image":[{"width":430,"height":583,"url":"http:\/\/portaldenoticias.net\/ffsantos\/wp-content\/uploads\/2025\/11\/Equatorial-2-Imagem1.png","type":"image\/png"}],"author":"Florisvaldo","twitter_card":"summary_large_image","twitter_misc":{"Escrito por":"Florisvaldo","Est. tempo de leitura":"4 minutos"},"schema":{"@context":"https:\/\/schema.org","@graph":[{"@type":"Article","@id":"https:\/\/portaldenoticias.net\/ffsantos\/margem-equatorial-brasileira-entre-potencia-energetica-seguranca-nacional-e-pressoes-globais\/#article","isPartOf":{"@id":"https:\/\/portaldenoticias.net\/ffsantos\/margem-equatorial-brasileira-entre-potencia-energetica-seguranca-nacional-e-pressoes-globais\/"},"author":{"name":"Florisvaldo","@id":"https:\/\/portaldenoticias.net\/ffsantos\/#\/schema\/person\/709c788ecb22f2378d698c2cd46cecc3"},"headline":"MARGEM EQUATORIAL BRASILEIRA: ENTRE POT\u00caNCIA ENERG\u00c9TICA, SEGURAN\u00c7A NACIONAL E PRESS\u00d5ES GLOBAIS","datePublished":"2025-11-26T17:22:12+00:00","mainEntityOfPage":{"@id":"https:\/\/portaldenoticias.net\/ffsantos\/margem-equatorial-brasileira-entre-potencia-energetica-seguranca-nacional-e-pressoes-globais\/"},"wordCount":891,"commentCount":0,"image":{"@id":"https:\/\/portaldenoticias.net\/ffsantos\/margem-equatorial-brasileira-entre-potencia-energetica-seguranca-nacional-e-pressoes-globais\/#primaryimage"},"thumbnailUrl":"https:\/\/portaldenoticias.net\/ffsantos\/wp-content\/uploads\/2025\/11\/Equatorial-2-Imagem1.png","articleSection":["Brasil","Economia","Mundo"],"inLanguage":"pt-BR","potentialAction":[{"@type":"CommentAction","name":"Comment","target":["https:\/\/portaldenoticias.net\/ffsantos\/margem-equatorial-brasileira-entre-potencia-energetica-seguranca-nacional-e-pressoes-globais\/#respond"]}]},{"@type":"WebPage","@id":"https:\/\/portaldenoticias.net\/ffsantos\/margem-equatorial-brasileira-entre-potencia-energetica-seguranca-nacional-e-pressoes-globais\/","url":"https:\/\/portaldenoticias.net\/ffsantos\/margem-equatorial-brasileira-entre-potencia-energetica-seguranca-nacional-e-pressoes-globais\/","name":"MARGEM EQUATORIAL BRASILEIRA: ENTRE POT\u00caNCIA ENERG\u00c9TICA, SEGURAN\u00c7A NACIONAL E PRESS\u00d5ES GLOBAIS - Blog do Florisvaldo","isPartOf":{"@id":"https:\/\/portaldenoticias.net\/ffsantos\/#website"},"primaryImageOfPage":{"@id":"https:\/\/portaldenoticias.net\/ffsantos\/margem-equatorial-brasileira-entre-potencia-energetica-seguranca-nacional-e-pressoes-globais\/#primaryimage"},"image":{"@id":"https:\/\/portaldenoticias.net\/ffsantos\/margem-equatorial-brasileira-entre-potencia-energetica-seguranca-nacional-e-pressoes-globais\/#primaryimage"},"thumbnailUrl":"https:\/\/portaldenoticias.net\/ffsantos\/wp-content\/uploads\/2025\/11\/Equatorial-2-Imagem1.png","datePublished":"2025-11-26T17:22:12+00:00","author":{"@id":"https:\/\/portaldenoticias.net\/ffsantos\/#\/schema\/person\/709c788ecb22f2378d698c2cd46cecc3"},"breadcrumb":{"@id":"https:\/\/portaldenoticias.net\/ffsantos\/margem-equatorial-brasileira-entre-potencia-energetica-seguranca-nacional-e-pressoes-globais\/#breadcrumb"},"inLanguage":"pt-BR","potentialAction":[{"@type":"ReadAction","target":["https:\/\/portaldenoticias.net\/ffsantos\/margem-equatorial-brasileira-entre-potencia-energetica-seguranca-nacional-e-pressoes-globais\/"]}]},{"@type":"ImageObject","inLanguage":"pt-BR","@id":"https:\/\/portaldenoticias.net\/ffsantos\/margem-equatorial-brasileira-entre-potencia-energetica-seguranca-nacional-e-pressoes-globais\/#primaryimage","url":"https:\/\/portaldenoticias.net\/ffsantos\/wp-content\/uploads\/2025\/11\/Equatorial-2-Imagem1.png","contentUrl":"https:\/\/portaldenoticias.net\/ffsantos\/wp-content\/uploads\/2025\/11\/Equatorial-2-Imagem1.png","width":430,"height":583},{"@type":"BreadcrumbList","@id":"https:\/\/portaldenoticias.net\/ffsantos\/margem-equatorial-brasileira-entre-potencia-energetica-seguranca-nacional-e-pressoes-globais\/#breadcrumb","itemListElement":[{"@type":"ListItem","position":1,"name":"In\u00edcio","item":"https:\/\/portaldenoticias.net\/ffsantos\/"},{"@type":"ListItem","position":2,"name":"MARGEM EQUATORIAL BRASILEIRA: ENTRE POT\u00caNCIA ENERG\u00c9TICA, SEGURAN\u00c7A NACIONAL E PRESS\u00d5ES GLOBAIS"}]},{"@type":"WebSite","@id":"https:\/\/portaldenoticias.net\/ffsantos\/#website","url":"https:\/\/portaldenoticias.net\/ffsantos\/","name":"Blog do Florisvaldo |","description":"Informa\u00e7\u00e3o com imparcialidade","potentialAction":[{"@type":"SearchAction","target":{"@type":"EntryPoint","urlTemplate":"https:\/\/portaldenoticias.net\/ffsantos\/?s={search_term_string}"},"query-input":{"@type":"PropertyValueSpecification","valueRequired":true,"valueName":"search_term_string"}}],"inLanguage":"pt-BR"},{"@type":"Person","@id":"https:\/\/portaldenoticias.net\/ffsantos\/#\/schema\/person\/709c788ecb22f2378d698c2cd46cecc3","name":"Florisvaldo","image":{"@type":"ImageObject","inLanguage":"pt-BR","@id":"https:\/\/secure.gravatar.com\/avatar\/23c59839b4c874bb227d4916d18ba065e405a73d0e423fa9255ba9436604e628?s=96&d=mm&r=g","url":"https:\/\/secure.gravatar.com\/avatar\/23c59839b4c874bb227d4916d18ba065e405a73d0e423fa9255ba9436604e628?s=96&d=mm&r=g","contentUrl":"https:\/\/secure.gravatar.com\/avatar\/23c59839b4c874bb227d4916d18ba065e405a73d0e423fa9255ba9436604e628?s=96&d=mm&r=g","caption":"Florisvaldo"},"url":"https:\/\/portaldenoticias.net\/ffsantos\/author\/ffsantos\/"}]}},"_links":{"self":[{"href":"https:\/\/portaldenoticias.net\/ffsantos\/wp-json\/wp\/v2\/posts\/21637","targetHints":{"allow":["GET"]}}],"collection":[{"href":"https:\/\/portaldenoticias.net\/ffsantos\/wp-json\/wp\/v2\/posts"}],"about":[{"href":"https:\/\/portaldenoticias.net\/ffsantos\/wp-json\/wp\/v2\/types\/post"}],"author":[{"embeddable":true,"href":"https:\/\/portaldenoticias.net\/ffsantos\/wp-json\/wp\/v2\/users\/2"}],"replies":[{"embeddable":true,"href":"https:\/\/portaldenoticias.net\/ffsantos\/wp-json\/wp\/v2\/comments?post=21637"}],"version-history":[{"count":1,"href":"https:\/\/portaldenoticias.net\/ffsantos\/wp-json\/wp\/v2\/posts\/21637\/revisions"}],"predecessor-version":[{"id":21640,"href":"https:\/\/portaldenoticias.net\/ffsantos\/wp-json\/wp\/v2\/posts\/21637\/revisions\/21640"}],"wp:featuredmedia":[{"embeddable":true,"href":"https:\/\/portaldenoticias.net\/ffsantos\/wp-json\/wp\/v2\/media\/21639"}],"wp:attachment":[{"href":"https:\/\/portaldenoticias.net\/ffsantos\/wp-json\/wp\/v2\/media?parent=21637"}],"wp:term":[{"taxonomy":"category","embeddable":true,"href":"https:\/\/portaldenoticias.net\/ffsantos\/wp-json\/wp\/v2\/categories?post=21637"},{"taxonomy":"post_tag","embeddable":true,"href":"https:\/\/portaldenoticias.net\/ffsantos\/wp-json\/wp\/v2\/tags?post=21637"}],"curies":[{"name":"wp","href":"https:\/\/api.w.org\/{rel}","templated":true}]}}