{"id":21611,"date":"2025-11-24T10:59:46","date_gmt":"2025-11-24T13:59:46","guid":{"rendered":"https:\/\/portaldenoticias.net\/ffsantos\/?p=21611"},"modified":"2025-11-24T13:10:55","modified_gmt":"2025-11-24T16:10:55","slug":"a-educacao-como-eixo-estruturante-do-desenvolvimento-investimentos-politicas-publicas-e-desafios-para-o-brasil","status":"publish","type":"post","link":"https:\/\/portaldenoticias.net\/ffsantos\/a-educacao-como-eixo-estruturante-do-desenvolvimento-investimentos-politicas-publicas-e-desafios-para-o-brasil\/","title":{"rendered":"A EDUCA\u00c7\u00c3O COMO EIXO ESTRUTURANTE DO DESENVOLVIMENTO: INVESTIMENTOS, POL\u00cdTICAS P\u00daBLICAS E DESAFIOS PARA O BRASIL"},"content":{"rendered":"<p><strong><em>\u00a0 \u00a0 <a href=\"http:\/\/portaldenoticias.net\/ffsantos\/wp-content\/uploads\/2025\/11\/Rodolfo-1-Imagem1.jpg\"><img loading=\"lazy\" decoding=\"async\" class=\"aligncenter size-full wp-image-21612\" src=\"http:\/\/portaldenoticias.net\/ffsantos\/wp-content\/uploads\/2025\/11\/Rodolfo-1-Imagem1.jpg\" alt=\"\" width=\"400\" height=\"400\" srcset=\"https:\/\/portaldenoticias.net\/ffsantos\/wp-content\/uploads\/2025\/11\/Rodolfo-1-Imagem1.jpg 400w, https:\/\/portaldenoticias.net\/ffsantos\/wp-content\/uploads\/2025\/11\/Rodolfo-1-Imagem1-300x300.jpg 300w, https:\/\/portaldenoticias.net\/ffsantos\/wp-content\/uploads\/2025\/11\/Rodolfo-1-Imagem1-150x150.jpg 150w\" sizes=\"auto, (max-width: 400px) 100vw, 400px\" \/><\/a>\u00a0 \u00a0 \u00a0 \u00a0 \u00a0 \u00a0 \u00a0 \u00a0 \u00a0 \u00a0 \u00a0 \u00a0 \u00a0 \u00a0 \u00a0 \u00a0 \u00a0 \u00a0 \u00a0 \u00a0 \u00a0 \u00a0 \u00a0 \u00a0 \u00a0 \u00a0 \u00a0 \u00a0 \u00a0 \u00a0 \u00a0 \u00a0 \u00a0 \u00a0 \u00a0 \u00a0 \u00a0 \u00a0 \u00a0 \u00a0 \u00a0 \u00a0 \u00a0 \u00a0 \u00a0 \u00a0 \u00a0 \u00a0 \u00a0 \u00a0 \u00a0 \u00a0 \u00a0 \u00a0 \u00a0 \u00a0 \u00a0 \u00a0 \u00a0 \u00a0 \u00a0 <\/em><\/strong><strong><em>\u00a0 \u00a0 \u00a0 \u00a0 \u00a0 \u00a0 \u00a0 \u00a0 \u00a0 \u00a0 \u00a0 \u00a0 \u00a0 \u00a0 \u00a0 \u00a0 \u00a0 \u00a0 \u00a0 \u00a0 \u00a0 \u00a0 \u00a0 \u00a0 \u00a0 \u00a0 \u00a0 \u00a0 \u00a0 \u00a0 \u00a0 \u00a0 \u00a0 \u00a0 \u00a0 \u00a0 \u00a0 \u00a0 \u00a0 \u00a0 \u00a0 \u00a0 \u00a0 \u00a0 \u00a0 \u00a0 \u00a0 \u00a0 \u00a0 \u00a0 \u00a0 \u00a0 \u00a0 \u00a0 \u00a0 \u00a0 \u00a0 \u00a0 \u00a0 \u00a0 \u00a0 \u00a0 \u00a0 \u00a0 \u00a0 \u00a0 \u00a0 \u00a0 \u00a0 \u00a0 \u00a0 \u00a0 \u00a0 \u00a0 \u00a0 \u00a0 \u00a0 \u00a0 \u00a0 \u00a0 \u00a0 \u00a0 \u00a0 \u00a0 \u00a0 \u00a0 \u00a0 \u00a0 \u00a0 \u00a0 \u00a0 \u00a0 \u00a0 \u00a0 \u00a0 \u00a0 \u00a0 \u00a0 \u00a0 \u00a0 \u00a0 \u00a0 Por Rodolpho Barbosa<\/em><\/strong><\/p>\n<p>Este artigo analisa a import\u00e2ncia estrat\u00e9gica do investimento educacional para o desenvolvimento econ\u00f4mico, social e tecnol\u00f3gico de uma na\u00e7\u00e3o, destacando a forma\u00e7\u00e3o de capital humano, a redu\u00e7\u00e3o das desigualdades e o fortalecimento institucional como elementos fundamentais. A partir de refer\u00eancias te\u00f3ricas cl\u00e1ssicas e contempor\u00e2neas \u2013 como Paulo Freire, Amartya Sen, Eric Hanushek e Theodor Schultz \u2013, o texto demonstra como a educa\u00e7\u00e3o de qualidade \u00e9 condi\u00e7\u00e3o indispens\u00e1vel para o crescimento sustent\u00e1vel. Exemplos internacionais, como Coreia do Sul e Chile, refor\u00e7am a tese de que pol\u00edticas p\u00fablicas s\u00e9rias, continuadas e de longo prazo geram impactos positivos no PIB, na competitividade e na inova\u00e7\u00e3o. Por fim, apresenta-se um conjunto de propostas concretas para o Brasil, com foco em alfabetiza\u00e7\u00e3o plena, valoriza\u00e7\u00e3o docente, infraestrutura escolar e digital, governan\u00e7a eficiente e integra\u00e7\u00e3o entre educa\u00e7\u00e3o e desenvolvimento.<\/p>\n<p><strong>\u00a0<\/strong><strong style=\"font-size: 14px\"><em>Introdu\u00e7\u00e3o<\/em><\/strong><\/p>\n<p>O desenvolvimento econ\u00f4mico e social depende de m\u00faltiplos fatores estruturais, entre os quais a educa\u00e7\u00e3o ocupa papel central. No s\u00e9culo XXI, a competitividade entre pa\u00edses e regi\u00f5es est\u00e1 fortemente associada ao grau de escolariza\u00e7\u00e3o da popula\u00e7\u00e3o, \u00e0 qualifica\u00e7\u00e3o da for\u00e7a de trabalho e \u00e0 capacidade de produzir e difundir conhecimento. Conforme afirma Amartya Sen (1999), o desenvolvimento est\u00e1 diretamente ligado \u00e0 expans\u00e3o das liberdades e capacidades humanas, sendo a educa\u00e7\u00e3o um dos pilares para que indiv\u00edduos atuem plenamente na vida social e econ\u00f4mica.<\/p>\n<p>No caso brasileiro, apesar de avan\u00e7os relevantes nas \u00faltimas d\u00e9cadas, persistem desafios hist\u00f3ricos, como desigualdades regionais, baixos n\u00edveis de aprendizagem e insufici\u00eancia de investimentos. Darcy Ribeiro (1995) j\u00e1 alertava que a crise educacional brasileira \u201cn\u00e3o \u00e9 uma crise, \u00e9 um projeto\u201d, indicando que a precariza\u00e7\u00e3o do setor est\u00e1 enraizada em escolhas pol\u00edticas e estruturais de longa dura\u00e7\u00e3o. Assim, investigar a rela\u00e7\u00e3o entre educa\u00e7\u00e3o e desenvolvimento e propor caminhos vi\u00e1veis torna-se fundamental para um projeto de pa\u00eds mais justo e competitivo.<\/p>\n<p><strong>\u00a0<\/strong><strong style=\"font-size: 14px\"><em>A educa\u00e7\u00e3o como fundamento do desenvolvimento: bases te\u00f3ricas<\/em><\/strong><\/p>\n<p>A rela\u00e7\u00e3o entre educa\u00e7\u00e3o e desenvolvimento foi consolidada por diversos te\u00f3ricos ao longo do s\u00e9culo XX.<\/p>\n<p><strong><em>2.1 A contribui\u00e7\u00e3o de Paulo Freire\u00a0<\/em><\/strong><\/p>\n<p>Paulo Freire (1970) reafirma a educa\u00e7\u00e3o como pr\u00e1tica de liberdade, capaz de promover consci\u00eancia cr\u00edtica, participa\u00e7\u00e3o democr\u00e1tica e transforma\u00e7\u00e3o social. Embora n\u00e3o trate diretamente de economia, sua obra fornece base para compreender a forma\u00e7\u00e3o cidad\u00e3 como parte essencial de qualquer projeto nacional de desenvolvimento.<\/p>\n<p><strong><em>2.2 Teoria do Capital Humano\u00a0<\/em><\/strong><\/p>\n<p>A partir da d\u00e9cada de 1960, autores como Gary Becker (1964) e Theodor Schultz (1971) demonstraram que investimentos educacionais aumentam a produtividade do trabalhador e, consequentemente, a renda m\u00e9dia das sociedades. A educa\u00e7\u00e3o deixa de ser apenas direito social e passa a ser tamb\u00e9m um investimento econ\u00f4mico.<\/p>\n<p><strong><em>2.3 Efici\u00eancia dos sistemas educacionais\u00a0<\/em><\/strong><\/p>\n<p>Pesquisadores como Hanushek e Woessmann (2012) comprovam, a partir de estudos comparativos internacionais, que n\u00e3o apenas o acesso, mas tamb\u00e9m a qualidade da aprendizagem \u00e9 determinante para o crescimento econ\u00f4mico. Pa\u00edses com melhores resultados em exames como PISA tendem a apresentar PIB per capita mais elevado.<\/p>\n<p><strong><em>2.4 Desenvolvimento como liberdade\u00a0<\/em><\/strong><\/p>\n<p>Para Sen (1999), a educa\u00e7\u00e3o amplia as capacidades humanas e, por isso, constitui elemento central para o desenvolvimento sustent\u00e1vel. N\u00e3o se trata apenas de gerar renda, mas de ampliar oportunidades reais de bem-estar, inova\u00e7\u00e3o e participa\u00e7\u00e3o social.<\/p>\n<p><strong>\u00a0<\/strong><strong style=\"font-size: 14px\"><em>Situa\u00e7\u00e3o educacional do Brasil<\/em><\/strong><\/p>\n<p>Apesar de avan\u00e7os significativos na universaliza\u00e7\u00e3o do acesso, o Brasil ainda enfrenta desafios estruturais. Dados do INEP (2023) indicam que mais de 55% dos estudantes do 3\u00ba ano do ensino fundamental n\u00e3o alcan\u00e7am n\u00edveis adequados de alfabetiza\u00e7\u00e3o. O PISA 2022 aponta que o Brasil permanece abaixo da m\u00e9dia da OCDE em leitura, matem\u00e1tica e ci\u00eancias.<\/p>\n<p>A desigualdade territorial tamb\u00e9m \u00e9 profunda: enquanto estados do Sudeste e Sul obt\u00eam desempenho superior, regi\u00f5es Norte e Nordeste enfrentam dificuldades de infraestrutura, forma\u00e7\u00e3o docente e financiamento. A valoriza\u00e7\u00e3o dos professores permanece como um dos maiores gargalos, embora estudos demonstrem que a qualidade docente \u00e9 o fator escolar mais determinante para a aprendizagem (Hanushek, 2011).<\/p>\n<p>Adicionalmente, o n\u00edvel de investimento em educa\u00e7\u00e3o, que j\u00e1 foi de 6,6% do PIB em 2014, caiu para 5,8% em 2022 (OCDE).<\/p>\n<p><strong>\u00a0<\/strong><strong style=\"font-size: 14px\"><em>Li\u00e7\u00f5es internacionais<\/em><\/strong><\/p>\n<p><strong><em>4.1 Coreia do Sul\u00a0<\/em><\/strong><\/p>\n<p>A Coreia do Sul \u00e9 o exemplo mais emblem\u00e1tico de transforma\u00e7\u00e3o nacional baseada em educa\u00e7\u00e3o. Entre as d\u00e9cadas de 1960 e 1990, o pa\u00eds realizou um dos maiores investimentos proporcionais em capital humano da hist\u00f3ria. A taxa de escolariza\u00e7\u00e3o secund\u00e1ria saltou de 27% para mais de 90%. Hoje, os coreanos figuram entre os l\u00edderes do PISA e apresentam economia baseada em alta tecnologia, com conglomerados como Samsung, LG e Hyundai.<\/p>\n<p><strong><em>4.2 Chile\u00a0<\/em><\/strong><\/p>\n<p>O Chile, embora com desafios pr\u00f3prios, tornou-se refer\u00eancia latino-americana em governan\u00e7a e continuidade de pol\u00edticas educacionais. Investimentos graduais em tempo integral, forma\u00e7\u00e3o docente e avalia\u00e7\u00e3o sist\u00eamica permitiram avan\u00e7os significativos. Mizala e Romaguera (2002) analisam como o pa\u00eds consolidou instrumentos de gest\u00e3o educacional e meritocracia institucional alinhados \u00e0 melhoria de resultados.<\/p>\n<p>Os exemplos demonstram que pol\u00edticas bem estruturadas, cont\u00ednuas e apoiadas por consenso social podem transformar a realidade educacional e econ\u00f4mica.<strong>\u00a0<\/strong><\/p>\n<ol start=\"5\">\n<li><strong><em> Propostas para o Brasil<\/em><\/strong><\/li>\n<\/ol>\n<p>Com base nos diagn\u00f3sticos apresentados, \u00e9 poss\u00edvel delinear um conjunto de propostas estruturantes:<\/p>\n<p><strong><em>5.1 Alfabetiza\u00e7\u00e3o plena at\u00e9 os 7 anos\u00a0<\/em><\/strong><\/p>\n<p>Implementar um Plano Nacional de Alfabetiza\u00e7\u00e3o com forma\u00e7\u00e3o intensiva de docentes, materiais de qualidade e monitoramento cont\u00ednuo.<\/p>\n<p><strong><em>5.2 Valoriza\u00e7\u00e3o da carreira docente\u00a0<\/em><\/strong><\/p>\n<p>Plano nacional de carreira com piso digno, forma\u00e7\u00e3o continuada e incentivos \u00e0 dedica\u00e7\u00e3o exclusiva.<\/p>\n<p><strong><em>5.3 Expans\u00e3o da educa\u00e7\u00e3o integral\u00a0<\/em><\/strong><\/p>\n<p>Adotar modelo de escola de tempo integral com curr\u00edculo integrado e foco em compet\u00eancias acad\u00eamicas, socioemocionais e tecnol\u00f3gicas.<\/p>\n<p><strong><em>5.4 Infraestrutura escolar e digital\u00a0<\/em><\/strong><\/p>\n<p>Garantir conectividade de alta velocidade, laborat\u00f3rios, bibliotecas atualizadas e manuten\u00e7\u00e3o preventiva.<\/p>\n<p><strong><em>5.5 Governan\u00e7a educacional\u00a0<\/em><\/strong><\/p>\n<p>Criar mecanismos de gest\u00e3o baseados em dados, metas claras e transpar\u00eancia, reduzindo descontinuidades pol\u00edticas.<\/p>\n<p><strong><em>5.6 Integra\u00e7\u00e3o entre educa\u00e7\u00e3o, inova\u00e7\u00e3o e desenvolvimento regional\u00a0<\/em><\/strong><\/p>\n<p>Fortalecer universidades, institutos federais e centros tecnol\u00f3gicos, alinhando forma\u00e7\u00e3o profissional \u00e0s demandas produtivas locais.<strong>\u00a0<\/strong><\/p>\n<ol start=\"6\">\n<li><strong><em> Considera\u00e7\u00f5es finais<\/em><\/strong><\/li>\n<\/ol>\n<p>A educa\u00e7\u00e3o continua sendo o principal vetor capaz de articular crescimento econ\u00f4mico, inclus\u00e3o social e soberania nacional. Os exemplos internacionais demonstram que investir de forma consistente, s\u00e9ria e de longo prazo produz resultados concretos. Para o Brasil, transformar a educa\u00e7\u00e3o em prioridade real exige vis\u00e3o estrat\u00e9gica, pacto federativo s\u00f3lido e pol\u00edticas p\u00fablicas orientadas por evid\u00eancias. Apenas assim ser\u00e1 poss\u00edvel construir um projeto de pa\u00eds que garanta desenvolvimento sustent\u00e1vel e oportunidades para todos.<\/p>\n<p><strong>\u00a0<\/strong><strong><em>Refer\u00eancias<\/em><\/strong><\/p>\n<p>BECKER, Gary. Human Capital. Chicago: University of Chicago Press, 1964.<\/p>\n<p>FREIRE, Paulo. Pedagogia do oprimido. Rio de Janeiro: Paz e Terra, 1970.<\/p>\n<p>HANUSHEK, Eric; WOESSMANN, Ludger. The Role of Education Quality in Economic Growth. World Bank, 2012.<\/p>\n<p>INEP. Relat\u00f3rio Nacional de Alfabetiza\u00e7\u00e3o. Bras\u00edlia, 2023.<\/p>\n<p>MIZALA, Alejandra; ROMAGUERA, Pilar. Sistemas de incentivos en educaci\u00f3n. Santiago: Universidad de Chile, 2002.<\/p>\n<p>OCDE. Education at a Glance. Paris: OECD Publishing, 2022.<\/p>\n<p>RIBEIRO, Darcy. O povo brasileiro. S\u00e3o Paulo: Companhia das Letras, 1995.<\/p>\n<p>SCHULTZ, Theodor. Investment in Human Capital. New York: Free Press, 1971.<\/p>\n<p>SEN, Amartya. Development as Freedom. New York: Knopf, 1999.<\/p>\n<p>&nbsp;<\/p>\n<p style=\"text-align: center\"><strong><em>Blog do Florisvaldo \u2013 Informa\u00e7\u00e3o Com Imparcialidade<\/em><\/strong><\/p>\n","protected":false},"excerpt":{"rendered":"<p>\u00a0 \u00a0 \u00a0 \u00a0 \u00a0 \u00a0 \u00a0 \u00a0 \u00a0 \u00a0 \u00a0 \u00a0 \u00a0 \u00a0 \u00a0 \u00a0 \u00a0 \u00a0 \u00a0 \u00a0 \u00a0 \u00a0 \u00a0 \u00a0 \u00a0 \u00a0 \u00a0 \u00a0 \u00a0 \u00a0 \u00a0 \u00a0 \u00a0 \u00a0 \u00a0 \u00a0 \u00a0 \u00a0 \u00a0 \u00a0 \u00a0 \u00a0 \u00a0 \u00a0 \u00a0 \u00a0 \u00a0 \u00a0 \u00a0 \u00a0 \u00a0 \u00a0 \u00a0 \u00a0 \u00a0<\/p>\n","protected":false},"author":2,"featured_media":21612,"comment_status":"open","ping_status":"open","sticky":false,"template":"","format":"standard","meta":{"footnotes":""},"categories":[2,4,3],"tags":[],"class_list":{"0":"post-21611","1":"post","2":"type-post","3":"status-publish","4":"format-standard","5":"has-post-thumbnail","7":"category-brasil","8":"category-opiniao","9":"category-ultimasnoticias"},"yoast_head":"<!-- This site is optimized with the Yoast SEO plugin v27.4 - https:\/\/yoast.com\/product\/yoast-seo-wordpress\/ -->\n<title>A EDUCA\u00c7\u00c3O COMO EIXO ESTRUTURANTE DO DESENVOLVIMENTO: INVESTIMENTOS, POL\u00cdTICAS P\u00daBLICAS E DESAFIOS PARA O BRASIL - Blog do Florisvaldo<\/title>\n<meta name=\"robots\" content=\"index, follow, max-snippet:-1, max-image-preview:large, max-video-preview:-1\" \/>\n<link rel=\"canonical\" href=\"https:\/\/portaldenoticias.net\/ffsantos\/a-educacao-como-eixo-estruturante-do-desenvolvimento-investimentos-politicas-publicas-e-desafios-para-o-brasil\/\" \/>\n<meta property=\"og:locale\" content=\"pt_BR\" \/>\n<meta property=\"og:type\" content=\"article\" \/>\n<meta property=\"og:title\" content=\"A EDUCA\u00c7\u00c3O COMO EIXO ESTRUTURANTE DO DESENVOLVIMENTO: INVESTIMENTOS, POL\u00cdTICAS P\u00daBLICAS E DESAFIOS PARA O BRASIL - Blog do Florisvaldo\" \/>\n<meta property=\"og:description\" content=\"\u00a0 \u00a0 \u00a0 \u00a0 \u00a0 \u00a0 \u00a0 \u00a0 \u00a0 \u00a0 \u00a0 \u00a0 \u00a0 \u00a0 \u00a0 \u00a0 \u00a0 \u00a0 \u00a0 \u00a0 \u00a0 \u00a0 \u00a0 \u00a0 \u00a0 \u00a0 \u00a0 \u00a0 \u00a0 \u00a0 \u00a0 \u00a0 \u00a0 \u00a0 \u00a0 \u00a0 \u00a0 \u00a0 \u00a0 \u00a0 \u00a0 \u00a0 \u00a0 \u00a0 \u00a0 \u00a0 \u00a0 \u00a0 \u00a0 \u00a0 \u00a0 \u00a0 \u00a0 \u00a0 \u00a0\" \/>\n<meta property=\"og:url\" content=\"https:\/\/portaldenoticias.net\/ffsantos\/a-educacao-como-eixo-estruturante-do-desenvolvimento-investimentos-politicas-publicas-e-desafios-para-o-brasil\/\" \/>\n<meta property=\"og:site_name\" content=\"Blog do Florisvaldo\" \/>\n<meta property=\"article:published_time\" content=\"2025-11-24T13:59:46+00:00\" \/>\n<meta property=\"article:modified_time\" content=\"2025-11-24T16:10:55+00:00\" \/>\n<meta property=\"og:image\" content=\"http:\/\/portaldenoticias.net\/ffsantos\/wp-content\/uploads\/2025\/11\/Rodolfo-1-Imagem1.jpg\" \/>\n\t<meta property=\"og:image:width\" content=\"400\" \/>\n\t<meta property=\"og:image:height\" content=\"400\" \/>\n\t<meta property=\"og:image:type\" content=\"image\/jpeg\" \/>\n<meta name=\"author\" content=\"Florisvaldo\" \/>\n<meta name=\"twitter:card\" content=\"summary_large_image\" \/>\n<meta name=\"twitter:label1\" content=\"Escrito por\" \/>\n\t<meta name=\"twitter:data1\" content=\"Florisvaldo\" \/>\n\t<meta name=\"twitter:label2\" content=\"Est. tempo de leitura\" \/>\n\t<meta name=\"twitter:data2\" content=\"6 minutos\" \/>\n<script type=\"application\/ld+json\" class=\"yoast-schema-graph\">{\"@context\":\"https:\\\/\\\/schema.org\",\"@graph\":[{\"@type\":\"Article\",\"@id\":\"https:\\\/\\\/portaldenoticias.net\\\/ffsantos\\\/a-educacao-como-eixo-estruturante-do-desenvolvimento-investimentos-politicas-publicas-e-desafios-para-o-brasil\\\/#article\",\"isPartOf\":{\"@id\":\"https:\\\/\\\/portaldenoticias.net\\\/ffsantos\\\/a-educacao-como-eixo-estruturante-do-desenvolvimento-investimentos-politicas-publicas-e-desafios-para-o-brasil\\\/\"},\"author\":{\"name\":\"Florisvaldo\",\"@id\":\"https:\\\/\\\/portaldenoticias.net\\\/ffsantos\\\/#\\\/schema\\\/person\\\/709c788ecb22f2378d698c2cd46cecc3\"},\"headline\":\"A EDUCA\u00c7\u00c3O COMO EIXO ESTRUTURANTE DO DESENVOLVIMENTO: INVESTIMENTOS, POL\u00cdTICAS P\u00daBLICAS E DESAFIOS PARA O BRASIL\",\"datePublished\":\"2025-11-24T13:59:46+00:00\",\"dateModified\":\"2025-11-24T16:10:55+00:00\",\"mainEntityOfPage\":{\"@id\":\"https:\\\/\\\/portaldenoticias.net\\\/ffsantos\\\/a-educacao-como-eixo-estruturante-do-desenvolvimento-investimentos-politicas-publicas-e-desafios-para-o-brasil\\\/\"},\"wordCount\":1250,\"commentCount\":0,\"image\":{\"@id\":\"https:\\\/\\\/portaldenoticias.net\\\/ffsantos\\\/a-educacao-como-eixo-estruturante-do-desenvolvimento-investimentos-politicas-publicas-e-desafios-para-o-brasil\\\/#primaryimage\"},\"thumbnailUrl\":\"https:\\\/\\\/portaldenoticias.net\\\/ffsantos\\\/wp-content\\\/uploads\\\/2025\\\/11\\\/Rodolfo-1-Imagem1.jpg\",\"articleSection\":[\"Brasil\",\"Opini\u00e3o\",\"\u00daltimas Not\u00edcias\"],\"inLanguage\":\"pt-BR\",\"potentialAction\":[{\"@type\":\"CommentAction\",\"name\":\"Comment\",\"target\":[\"https:\\\/\\\/portaldenoticias.net\\\/ffsantos\\\/a-educacao-como-eixo-estruturante-do-desenvolvimento-investimentos-politicas-publicas-e-desafios-para-o-brasil\\\/#respond\"]}]},{\"@type\":\"WebPage\",\"@id\":\"https:\\\/\\\/portaldenoticias.net\\\/ffsantos\\\/a-educacao-como-eixo-estruturante-do-desenvolvimento-investimentos-politicas-publicas-e-desafios-para-o-brasil\\\/\",\"url\":\"https:\\\/\\\/portaldenoticias.net\\\/ffsantos\\\/a-educacao-como-eixo-estruturante-do-desenvolvimento-investimentos-politicas-publicas-e-desafios-para-o-brasil\\\/\",\"name\":\"A EDUCA\u00c7\u00c3O COMO EIXO ESTRUTURANTE DO DESENVOLVIMENTO: INVESTIMENTOS, POL\u00cdTICAS P\u00daBLICAS E DESAFIOS PARA O BRASIL - Blog do Florisvaldo\",\"isPartOf\":{\"@id\":\"https:\\\/\\\/portaldenoticias.net\\\/ffsantos\\\/#website\"},\"primaryImageOfPage\":{\"@id\":\"https:\\\/\\\/portaldenoticias.net\\\/ffsantos\\\/a-educacao-como-eixo-estruturante-do-desenvolvimento-investimentos-politicas-publicas-e-desafios-para-o-brasil\\\/#primaryimage\"},\"image\":{\"@id\":\"https:\\\/\\\/portaldenoticias.net\\\/ffsantos\\\/a-educacao-como-eixo-estruturante-do-desenvolvimento-investimentos-politicas-publicas-e-desafios-para-o-brasil\\\/#primaryimage\"},\"thumbnailUrl\":\"https:\\\/\\\/portaldenoticias.net\\\/ffsantos\\\/wp-content\\\/uploads\\\/2025\\\/11\\\/Rodolfo-1-Imagem1.jpg\",\"datePublished\":\"2025-11-24T13:59:46+00:00\",\"dateModified\":\"2025-11-24T16:10:55+00:00\",\"author\":{\"@id\":\"https:\\\/\\\/portaldenoticias.net\\\/ffsantos\\\/#\\\/schema\\\/person\\\/709c788ecb22f2378d698c2cd46cecc3\"},\"breadcrumb\":{\"@id\":\"https:\\\/\\\/portaldenoticias.net\\\/ffsantos\\\/a-educacao-como-eixo-estruturante-do-desenvolvimento-investimentos-politicas-publicas-e-desafios-para-o-brasil\\\/#breadcrumb\"},\"inLanguage\":\"pt-BR\",\"potentialAction\":[{\"@type\":\"ReadAction\",\"target\":[\"https:\\\/\\\/portaldenoticias.net\\\/ffsantos\\\/a-educacao-como-eixo-estruturante-do-desenvolvimento-investimentos-politicas-publicas-e-desafios-para-o-brasil\\\/\"]}]},{\"@type\":\"ImageObject\",\"inLanguage\":\"pt-BR\",\"@id\":\"https:\\\/\\\/portaldenoticias.net\\\/ffsantos\\\/a-educacao-como-eixo-estruturante-do-desenvolvimento-investimentos-politicas-publicas-e-desafios-para-o-brasil\\\/#primaryimage\",\"url\":\"https:\\\/\\\/portaldenoticias.net\\\/ffsantos\\\/wp-content\\\/uploads\\\/2025\\\/11\\\/Rodolfo-1-Imagem1.jpg\",\"contentUrl\":\"https:\\\/\\\/portaldenoticias.net\\\/ffsantos\\\/wp-content\\\/uploads\\\/2025\\\/11\\\/Rodolfo-1-Imagem1.jpg\",\"width\":400,\"height\":400},{\"@type\":\"BreadcrumbList\",\"@id\":\"https:\\\/\\\/portaldenoticias.net\\\/ffsantos\\\/a-educacao-como-eixo-estruturante-do-desenvolvimento-investimentos-politicas-publicas-e-desafios-para-o-brasil\\\/#breadcrumb\",\"itemListElement\":[{\"@type\":\"ListItem\",\"position\":1,\"name\":\"In\u00edcio\",\"item\":\"https:\\\/\\\/portaldenoticias.net\\\/ffsantos\\\/\"},{\"@type\":\"ListItem\",\"position\":2,\"name\":\"A EDUCA\u00c7\u00c3O COMO EIXO ESTRUTURANTE DO DESENVOLVIMENTO: INVESTIMENTOS, POL\u00cdTICAS P\u00daBLICAS E DESAFIOS PARA O BRASIL\"}]},{\"@type\":\"WebSite\",\"@id\":\"https:\\\/\\\/portaldenoticias.net\\\/ffsantos\\\/#website\",\"url\":\"https:\\\/\\\/portaldenoticias.net\\\/ffsantos\\\/\",\"name\":\"Blog do Florisvaldo |\",\"description\":\"Informa\u00e7\u00e3o com imparcialidade\",\"potentialAction\":[{\"@type\":\"SearchAction\",\"target\":{\"@type\":\"EntryPoint\",\"urlTemplate\":\"https:\\\/\\\/portaldenoticias.net\\\/ffsantos\\\/?s={search_term_string}\"},\"query-input\":{\"@type\":\"PropertyValueSpecification\",\"valueRequired\":true,\"valueName\":\"search_term_string\"}}],\"inLanguage\":\"pt-BR\"},{\"@type\":\"Person\",\"@id\":\"https:\\\/\\\/portaldenoticias.net\\\/ffsantos\\\/#\\\/schema\\\/person\\\/709c788ecb22f2378d698c2cd46cecc3\",\"name\":\"Florisvaldo\",\"image\":{\"@type\":\"ImageObject\",\"inLanguage\":\"pt-BR\",\"@id\":\"https:\\\/\\\/secure.gravatar.com\\\/avatar\\\/23c59839b4c874bb227d4916d18ba065e405a73d0e423fa9255ba9436604e628?s=96&d=mm&r=g\",\"url\":\"https:\\\/\\\/secure.gravatar.com\\\/avatar\\\/23c59839b4c874bb227d4916d18ba065e405a73d0e423fa9255ba9436604e628?s=96&d=mm&r=g\",\"contentUrl\":\"https:\\\/\\\/secure.gravatar.com\\\/avatar\\\/23c59839b4c874bb227d4916d18ba065e405a73d0e423fa9255ba9436604e628?s=96&d=mm&r=g\",\"caption\":\"Florisvaldo\"},\"url\":\"https:\\\/\\\/portaldenoticias.net\\\/ffsantos\\\/author\\\/ffsantos\\\/\"}]}<\/script>\n<!-- \/ Yoast SEO plugin. -->","yoast_head_json":{"title":"A EDUCA\u00c7\u00c3O COMO EIXO ESTRUTURANTE DO DESENVOLVIMENTO: INVESTIMENTOS, POL\u00cdTICAS P\u00daBLICAS E DESAFIOS PARA O BRASIL - Blog do Florisvaldo","robots":{"index":"index","follow":"follow","max-snippet":"max-snippet:-1","max-image-preview":"max-image-preview:large","max-video-preview":"max-video-preview:-1"},"canonical":"https:\/\/portaldenoticias.net\/ffsantos\/a-educacao-como-eixo-estruturante-do-desenvolvimento-investimentos-politicas-publicas-e-desafios-para-o-brasil\/","og_locale":"pt_BR","og_type":"article","og_title":"A EDUCA\u00c7\u00c3O COMO EIXO ESTRUTURANTE DO DESENVOLVIMENTO: INVESTIMENTOS, POL\u00cdTICAS P\u00daBLICAS E DESAFIOS PARA O BRASIL - Blog do Florisvaldo","og_description":"\u00a0 \u00a0 \u00a0 \u00a0 \u00a0 \u00a0 \u00a0 \u00a0 \u00a0 \u00a0 \u00a0 \u00a0 \u00a0 \u00a0 \u00a0 \u00a0 \u00a0 \u00a0 \u00a0 \u00a0 \u00a0 \u00a0 \u00a0 \u00a0 \u00a0 \u00a0 \u00a0 \u00a0 \u00a0 \u00a0 \u00a0 \u00a0 \u00a0 \u00a0 \u00a0 \u00a0 \u00a0 \u00a0 \u00a0 \u00a0 \u00a0 \u00a0 \u00a0 \u00a0 \u00a0 \u00a0 \u00a0 \u00a0 \u00a0 \u00a0 \u00a0 \u00a0 \u00a0 \u00a0 \u00a0","og_url":"https:\/\/portaldenoticias.net\/ffsantos\/a-educacao-como-eixo-estruturante-do-desenvolvimento-investimentos-politicas-publicas-e-desafios-para-o-brasil\/","og_site_name":"Blog do Florisvaldo","article_published_time":"2025-11-24T13:59:46+00:00","article_modified_time":"2025-11-24T16:10:55+00:00","og_image":[{"width":400,"height":400,"url":"http:\/\/portaldenoticias.net\/ffsantos\/wp-content\/uploads\/2025\/11\/Rodolfo-1-Imagem1.jpg","type":"image\/jpeg"}],"author":"Florisvaldo","twitter_card":"summary_large_image","twitter_misc":{"Escrito por":"Florisvaldo","Est. tempo de leitura":"6 minutos"},"schema":{"@context":"https:\/\/schema.org","@graph":[{"@type":"Article","@id":"https:\/\/portaldenoticias.net\/ffsantos\/a-educacao-como-eixo-estruturante-do-desenvolvimento-investimentos-politicas-publicas-e-desafios-para-o-brasil\/#article","isPartOf":{"@id":"https:\/\/portaldenoticias.net\/ffsantos\/a-educacao-como-eixo-estruturante-do-desenvolvimento-investimentos-politicas-publicas-e-desafios-para-o-brasil\/"},"author":{"name":"Florisvaldo","@id":"https:\/\/portaldenoticias.net\/ffsantos\/#\/schema\/person\/709c788ecb22f2378d698c2cd46cecc3"},"headline":"A EDUCA\u00c7\u00c3O COMO EIXO ESTRUTURANTE DO DESENVOLVIMENTO: INVESTIMENTOS, POL\u00cdTICAS P\u00daBLICAS E DESAFIOS PARA O BRASIL","datePublished":"2025-11-24T13:59:46+00:00","dateModified":"2025-11-24T16:10:55+00:00","mainEntityOfPage":{"@id":"https:\/\/portaldenoticias.net\/ffsantos\/a-educacao-como-eixo-estruturante-do-desenvolvimento-investimentos-politicas-publicas-e-desafios-para-o-brasil\/"},"wordCount":1250,"commentCount":0,"image":{"@id":"https:\/\/portaldenoticias.net\/ffsantos\/a-educacao-como-eixo-estruturante-do-desenvolvimento-investimentos-politicas-publicas-e-desafios-para-o-brasil\/#primaryimage"},"thumbnailUrl":"https:\/\/portaldenoticias.net\/ffsantos\/wp-content\/uploads\/2025\/11\/Rodolfo-1-Imagem1.jpg","articleSection":["Brasil","Opini\u00e3o","\u00daltimas Not\u00edcias"],"inLanguage":"pt-BR","potentialAction":[{"@type":"CommentAction","name":"Comment","target":["https:\/\/portaldenoticias.net\/ffsantos\/a-educacao-como-eixo-estruturante-do-desenvolvimento-investimentos-politicas-publicas-e-desafios-para-o-brasil\/#respond"]}]},{"@type":"WebPage","@id":"https:\/\/portaldenoticias.net\/ffsantos\/a-educacao-como-eixo-estruturante-do-desenvolvimento-investimentos-politicas-publicas-e-desafios-para-o-brasil\/","url":"https:\/\/portaldenoticias.net\/ffsantos\/a-educacao-como-eixo-estruturante-do-desenvolvimento-investimentos-politicas-publicas-e-desafios-para-o-brasil\/","name":"A EDUCA\u00c7\u00c3O COMO EIXO ESTRUTURANTE DO DESENVOLVIMENTO: INVESTIMENTOS, POL\u00cdTICAS P\u00daBLICAS E DESAFIOS PARA O BRASIL - Blog do Florisvaldo","isPartOf":{"@id":"https:\/\/portaldenoticias.net\/ffsantos\/#website"},"primaryImageOfPage":{"@id":"https:\/\/portaldenoticias.net\/ffsantos\/a-educacao-como-eixo-estruturante-do-desenvolvimento-investimentos-politicas-publicas-e-desafios-para-o-brasil\/#primaryimage"},"image":{"@id":"https:\/\/portaldenoticias.net\/ffsantos\/a-educacao-como-eixo-estruturante-do-desenvolvimento-investimentos-politicas-publicas-e-desafios-para-o-brasil\/#primaryimage"},"thumbnailUrl":"https:\/\/portaldenoticias.net\/ffsantos\/wp-content\/uploads\/2025\/11\/Rodolfo-1-Imagem1.jpg","datePublished":"2025-11-24T13:59:46+00:00","dateModified":"2025-11-24T16:10:55+00:00","author":{"@id":"https:\/\/portaldenoticias.net\/ffsantos\/#\/schema\/person\/709c788ecb22f2378d698c2cd46cecc3"},"breadcrumb":{"@id":"https:\/\/portaldenoticias.net\/ffsantos\/a-educacao-como-eixo-estruturante-do-desenvolvimento-investimentos-politicas-publicas-e-desafios-para-o-brasil\/#breadcrumb"},"inLanguage":"pt-BR","potentialAction":[{"@type":"ReadAction","target":["https:\/\/portaldenoticias.net\/ffsantos\/a-educacao-como-eixo-estruturante-do-desenvolvimento-investimentos-politicas-publicas-e-desafios-para-o-brasil\/"]}]},{"@type":"ImageObject","inLanguage":"pt-BR","@id":"https:\/\/portaldenoticias.net\/ffsantos\/a-educacao-como-eixo-estruturante-do-desenvolvimento-investimentos-politicas-publicas-e-desafios-para-o-brasil\/#primaryimage","url":"https:\/\/portaldenoticias.net\/ffsantos\/wp-content\/uploads\/2025\/11\/Rodolfo-1-Imagem1.jpg","contentUrl":"https:\/\/portaldenoticias.net\/ffsantos\/wp-content\/uploads\/2025\/11\/Rodolfo-1-Imagem1.jpg","width":400,"height":400},{"@type":"BreadcrumbList","@id":"https:\/\/portaldenoticias.net\/ffsantos\/a-educacao-como-eixo-estruturante-do-desenvolvimento-investimentos-politicas-publicas-e-desafios-para-o-brasil\/#breadcrumb","itemListElement":[{"@type":"ListItem","position":1,"name":"In\u00edcio","item":"https:\/\/portaldenoticias.net\/ffsantos\/"},{"@type":"ListItem","position":2,"name":"A EDUCA\u00c7\u00c3O COMO EIXO ESTRUTURANTE DO DESENVOLVIMENTO: INVESTIMENTOS, POL\u00cdTICAS P\u00daBLICAS E DESAFIOS PARA O BRASIL"}]},{"@type":"WebSite","@id":"https:\/\/portaldenoticias.net\/ffsantos\/#website","url":"https:\/\/portaldenoticias.net\/ffsantos\/","name":"Blog do Florisvaldo |","description":"Informa\u00e7\u00e3o com imparcialidade","potentialAction":[{"@type":"SearchAction","target":{"@type":"EntryPoint","urlTemplate":"https:\/\/portaldenoticias.net\/ffsantos\/?s={search_term_string}"},"query-input":{"@type":"PropertyValueSpecification","valueRequired":true,"valueName":"search_term_string"}}],"inLanguage":"pt-BR"},{"@type":"Person","@id":"https:\/\/portaldenoticias.net\/ffsantos\/#\/schema\/person\/709c788ecb22f2378d698c2cd46cecc3","name":"Florisvaldo","image":{"@type":"ImageObject","inLanguage":"pt-BR","@id":"https:\/\/secure.gravatar.com\/avatar\/23c59839b4c874bb227d4916d18ba065e405a73d0e423fa9255ba9436604e628?s=96&d=mm&r=g","url":"https:\/\/secure.gravatar.com\/avatar\/23c59839b4c874bb227d4916d18ba065e405a73d0e423fa9255ba9436604e628?s=96&d=mm&r=g","contentUrl":"https:\/\/secure.gravatar.com\/avatar\/23c59839b4c874bb227d4916d18ba065e405a73d0e423fa9255ba9436604e628?s=96&d=mm&r=g","caption":"Florisvaldo"},"url":"https:\/\/portaldenoticias.net\/ffsantos\/author\/ffsantos\/"}]}},"_links":{"self":[{"href":"https:\/\/portaldenoticias.net\/ffsantos\/wp-json\/wp\/v2\/posts\/21611","targetHints":{"allow":["GET"]}}],"collection":[{"href":"https:\/\/portaldenoticias.net\/ffsantos\/wp-json\/wp\/v2\/posts"}],"about":[{"href":"https:\/\/portaldenoticias.net\/ffsantos\/wp-json\/wp\/v2\/types\/post"}],"author":[{"embeddable":true,"href":"https:\/\/portaldenoticias.net\/ffsantos\/wp-json\/wp\/v2\/users\/2"}],"replies":[{"embeddable":true,"href":"https:\/\/portaldenoticias.net\/ffsantos\/wp-json\/wp\/v2\/comments?post=21611"}],"version-history":[{"count":2,"href":"https:\/\/portaldenoticias.net\/ffsantos\/wp-json\/wp\/v2\/posts\/21611\/revisions"}],"predecessor-version":[{"id":21614,"href":"https:\/\/portaldenoticias.net\/ffsantos\/wp-json\/wp\/v2\/posts\/21611\/revisions\/21614"}],"wp:featuredmedia":[{"embeddable":true,"href":"https:\/\/portaldenoticias.net\/ffsantos\/wp-json\/wp\/v2\/media\/21612"}],"wp:attachment":[{"href":"https:\/\/portaldenoticias.net\/ffsantos\/wp-json\/wp\/v2\/media?parent=21611"}],"wp:term":[{"taxonomy":"category","embeddable":true,"href":"https:\/\/portaldenoticias.net\/ffsantos\/wp-json\/wp\/v2\/categories?post=21611"},{"taxonomy":"post_tag","embeddable":true,"href":"https:\/\/portaldenoticias.net\/ffsantos\/wp-json\/wp\/v2\/tags?post=21611"}],"curies":[{"name":"wp","href":"https:\/\/api.w.org\/{rel}","templated":true}]}}