{"id":21594,"date":"2025-11-19T16:05:23","date_gmt":"2025-11-19T19:05:23","guid":{"rendered":"https:\/\/portaldenoticias.net\/ffsantos\/?p=21594"},"modified":"2025-11-19T16:05:23","modified_gmt":"2025-11-19T19:05:23","slug":"pra-que-voce-quer-essa-foto","status":"publish","type":"post","link":"https:\/\/portaldenoticias.net\/ffsantos\/pra-que-voce-quer-essa-foto\/","title":{"rendered":"PRA QUE VOC\u00ca QUER ESSA FOTO?"},"content":{"rendered":"<p><a href=\"http:\/\/portaldenoticias.net\/ffsantos\/wp-content\/uploads\/2025\/11\/IVAN-Imagem1.png\"><img loading=\"lazy\" decoding=\"async\" class=\"aligncenter size-full wp-image-21595\" src=\"http:\/\/portaldenoticias.net\/ffsantos\/wp-content\/uploads\/2025\/11\/IVAN-Imagem1.png\" alt=\"\" width=\"526\" height=\"701\" srcset=\"https:\/\/portaldenoticias.net\/ffsantos\/wp-content\/uploads\/2025\/11\/IVAN-Imagem1.png 526w, https:\/\/portaldenoticias.net\/ffsantos\/wp-content\/uploads\/2025\/11\/IVAN-Imagem1-225x300.png 225w, https:\/\/portaldenoticias.net\/ffsantos\/wp-content\/uploads\/2025\/11\/IVAN-Imagem1-150x200.png 150w, https:\/\/portaldenoticias.net\/ffsantos\/wp-content\/uploads\/2025\/11\/IVAN-Imagem1-450x600.png 450w\" sizes=\"auto, (max-width: 526px) 100vw, 526px\" \/><\/a>Caro Ivan Santana, boa tarde!<\/p>\n<p>Seu artigo mexeu profundamente com o meu imagin\u00e1rio, a ponto de me inspirar a escrever um complemento, que compartilharei ao final de sua postagem.<\/p>\n<p>Pra que voc\u00ea quer essa foto?\u00a0 &#8211; Perguntou-me o homem simples, um, dessa linhagem de sertanejo que est\u00e1 findando. As novas gera\u00e7\u00f5es de sertanejos, n\u00e3o usar\u00e3o no futuro, no seu cotidiano de idoso, um chap\u00e9u de couro surrado, n\u00e3o sustentar\u00e3o os costumes simples, o jeito pacato de ser. O sert\u00e3o que se apresenta, engolido pelo fen\u00f4meno da globaliza\u00e7\u00e3o, \u00e9 outro. Vai ficando para tr\u00e1s uma gera\u00e7\u00e3o que superou todas as adversidades, da \u00e1gua barrenta \u00e0s longas dist\u00e2ncias montado em um burrinho. Que contava as luas e previa as chuvas ou estiagens do pr\u00f3ximo ano. Vai ficando para tr\u00e1s um jeito de se comunicar, um sotaque, as pr\u00e1ticas de muitos of\u00edcios, conhecimentos ancestrais engolidos pelas distra\u00e7\u00f5es modernas.<\/p>\n<p>E n\u00e3o estou falando da romantiza\u00e7\u00e3o do atraso e nem da pobreza. Falo das identidades, que s\u00e3o flutuantes, que mudam a todo tempo, mas que tem se esfacelado rapidamente numa homogeneiza\u00e7\u00e3o que vai igualando tudo. Em breve teremos espantalhos vestindo a fantasia do que fomos, e n\u00f3s, outdoors das r\u00e9plicas de marcas caras, teremos uma s\u00f3 cara, em qualquer lugar, em qualquer Estado. Ivan Santana.<\/p>\n<p style=\"text-align: center\"><strong><em>Complemento Feito pelo editor Florisvaldo:<\/em><\/strong><\/p>\n<p><em>\u201cIvan, boa tarde! Li seu artigo e ele me tocou fundo. Sou de uma \u00e9poca em que o sertanejo que o senhor descreve ainda caminhava pelas estradas de terra, chap\u00e9u de couro marcado pelo sol, passos firmes e modos que o tempo ensinou. Vi, com meus pr\u00f3prios olhos, essa gera\u00e7\u00e3o enfrentar a seca, medir o tempo pela lua, confiar na sabedoria passada de pai pra filho.<\/em><\/p>\n<p><em>Hoje, acompanhando o s\u00e9culo XXI, percebo que tudo mudou depressa demais. A modernidade chegou com for\u00e7a, levando embora jeitos, falas, gestos e costumes que, para muitos, podem parecer simples\u2026 mas para quem viveu aquilo, sabe que eram preciosidades. N\u00e3o era romantizar a pobreza, era reconhecer uma identidade \u2014 algo que nos fazia \u00fanicos.<\/em><\/p>\n<p><em>Lendo suas palavras, senti como se estivesse revisitando um peda\u00e7o da minha pr\u00f3pria hist\u00f3ria. O sertanejo de antigamente est\u00e1, de fato, ficando pra tr\u00e1s. E n\u00f3s, que atravessamos duas \u00e9pocas t\u00e3o diferentes, vemos com certa tristeza esse mundo sendo engolido por uma uniformidade que deixa tudo parecido, sem alma.<\/em><\/p>\n<p><em>Concordo plenamente: estamos virando vitrines de marcas, enquanto aquela autenticidade &#8211; aquela raiz forte que nos sustentou por gera\u00e7\u00f5es &#8211; vai se perdendo no tempo.<\/em><\/p>\n<p><em>Seu artigo \u00e9 um retrato fiel de uma mudan\u00e7a que tenho acompanhado de perto. E d\u00f3i um pouco perceber que aquilo que fomos, talvez amanh\u00e3 exista apenas em fotografias\u2026 ou na mem\u00f3ria de quem viveu. Florisvaldo F Dos Santos\u201d<\/em><\/p>\n<p>&nbsp;<\/p>\n<p style=\"text-align: center\"><strong><em>Blog do Florisvaldo Informa\u00e7\u00e3o Com Imparcialidade<\/em><\/strong><\/p>\n","protected":false},"excerpt":{"rendered":"<p>Caro Ivan Santana, boa tarde! Seu artigo mexeu profundamente com o meu imagin\u00e1rio, a ponto de me inspirar a escrever um complemento, que compartilharei ao final de sua postagem. Pra que voc\u00ea quer essa foto?\u00a0 &#8211; Perguntou-me o homem simples, um, dessa linhagem de sertanejo que est\u00e1 findando. As novas gera\u00e7\u00f5es de sertanejos, n\u00e3o usar\u00e3o<\/p>\n","protected":false},"author":2,"featured_media":21595,"comment_status":"open","ping_status":"open","sticky":false,"template":"","format":"standard","meta":{"footnotes":""},"categories":[2,4],"tags":[],"class_list":{"0":"post-21594","1":"post","2":"type-post","3":"status-publish","4":"format-standard","5":"has-post-thumbnail","7":"category-brasil","8":"category-opiniao"},"yoast_head":"<!-- This site is optimized with the Yoast SEO plugin v27.4 - https:\/\/yoast.com\/product\/yoast-seo-wordpress\/ -->\n<title>PRA QUE VOC\u00ca QUER ESSA FOTO? - Blog do Florisvaldo<\/title>\n<meta name=\"robots\" content=\"index, follow, max-snippet:-1, max-image-preview:large, max-video-preview:-1\" \/>\n<link rel=\"canonical\" href=\"https:\/\/portaldenoticias.net\/ffsantos\/pra-que-voce-quer-essa-foto\/\" \/>\n<meta property=\"og:locale\" content=\"pt_BR\" \/>\n<meta property=\"og:type\" content=\"article\" \/>\n<meta property=\"og:title\" content=\"PRA QUE VOC\u00ca QUER ESSA FOTO? - Blog do Florisvaldo\" \/>\n<meta property=\"og:description\" content=\"Caro Ivan Santana, boa tarde! Seu artigo mexeu profundamente com o meu imagin\u00e1rio, a ponto de me inspirar a escrever um complemento, que compartilharei ao final de sua postagem. Pra que voc\u00ea quer essa foto?\u00a0 &#8211; Perguntou-me o homem simples, um, dessa linhagem de sertanejo que est\u00e1 findando. As novas gera\u00e7\u00f5es de sertanejos, n\u00e3o usar\u00e3o\" \/>\n<meta property=\"og:url\" content=\"https:\/\/portaldenoticias.net\/ffsantos\/pra-que-voce-quer-essa-foto\/\" \/>\n<meta property=\"og:site_name\" content=\"Blog do Florisvaldo\" \/>\n<meta property=\"article:published_time\" content=\"2025-11-19T19:05:23+00:00\" \/>\n<meta property=\"og:image\" content=\"http:\/\/portaldenoticias.net\/ffsantos\/wp-content\/uploads\/2025\/11\/IVAN-Imagem1.png\" \/>\n\t<meta property=\"og:image:width\" content=\"526\" \/>\n\t<meta property=\"og:image:height\" content=\"701\" \/>\n\t<meta property=\"og:image:type\" content=\"image\/png\" \/>\n<meta name=\"author\" content=\"Florisvaldo\" \/>\n<meta name=\"twitter:card\" content=\"summary_large_image\" \/>\n<meta name=\"twitter:label1\" content=\"Escrito por\" \/>\n\t<meta name=\"twitter:data1\" content=\"Florisvaldo\" \/>\n\t<meta name=\"twitter:label2\" content=\"Est. tempo de leitura\" \/>\n\t<meta name=\"twitter:data2\" content=\"2 minutos\" \/>\n<script type=\"application\/ld+json\" class=\"yoast-schema-graph\">{\"@context\":\"https:\\\/\\\/schema.org\",\"@graph\":[{\"@type\":\"Article\",\"@id\":\"https:\\\/\\\/portaldenoticias.net\\\/ffsantos\\\/pra-que-voce-quer-essa-foto\\\/#article\",\"isPartOf\":{\"@id\":\"https:\\\/\\\/portaldenoticias.net\\\/ffsantos\\\/pra-que-voce-quer-essa-foto\\\/\"},\"author\":{\"name\":\"Florisvaldo\",\"@id\":\"https:\\\/\\\/portaldenoticias.net\\\/ffsantos\\\/#\\\/schema\\\/person\\\/709c788ecb22f2378d698c2cd46cecc3\"},\"headline\":\"PRA QUE VOC\u00ca QUER ESSA FOTO?\",\"datePublished\":\"2025-11-19T19:05:23+00:00\",\"mainEntityOfPage\":{\"@id\":\"https:\\\/\\\/portaldenoticias.net\\\/ffsantos\\\/pra-que-voce-quer-essa-foto\\\/\"},\"wordCount\":498,\"commentCount\":2,\"image\":{\"@id\":\"https:\\\/\\\/portaldenoticias.net\\\/ffsantos\\\/pra-que-voce-quer-essa-foto\\\/#primaryimage\"},\"thumbnailUrl\":\"https:\\\/\\\/portaldenoticias.net\\\/ffsantos\\\/wp-content\\\/uploads\\\/2025\\\/11\\\/IVAN-Imagem1.png\",\"articleSection\":[\"Brasil\",\"Opini\u00e3o\"],\"inLanguage\":\"pt-BR\",\"potentialAction\":[{\"@type\":\"CommentAction\",\"name\":\"Comment\",\"target\":[\"https:\\\/\\\/portaldenoticias.net\\\/ffsantos\\\/pra-que-voce-quer-essa-foto\\\/#respond\"]}]},{\"@type\":\"WebPage\",\"@id\":\"https:\\\/\\\/portaldenoticias.net\\\/ffsantos\\\/pra-que-voce-quer-essa-foto\\\/\",\"url\":\"https:\\\/\\\/portaldenoticias.net\\\/ffsantos\\\/pra-que-voce-quer-essa-foto\\\/\",\"name\":\"PRA QUE VOC\u00ca QUER ESSA FOTO? - Blog do Florisvaldo\",\"isPartOf\":{\"@id\":\"https:\\\/\\\/portaldenoticias.net\\\/ffsantos\\\/#website\"},\"primaryImageOfPage\":{\"@id\":\"https:\\\/\\\/portaldenoticias.net\\\/ffsantos\\\/pra-que-voce-quer-essa-foto\\\/#primaryimage\"},\"image\":{\"@id\":\"https:\\\/\\\/portaldenoticias.net\\\/ffsantos\\\/pra-que-voce-quer-essa-foto\\\/#primaryimage\"},\"thumbnailUrl\":\"https:\\\/\\\/portaldenoticias.net\\\/ffsantos\\\/wp-content\\\/uploads\\\/2025\\\/11\\\/IVAN-Imagem1.png\",\"datePublished\":\"2025-11-19T19:05:23+00:00\",\"author\":{\"@id\":\"https:\\\/\\\/portaldenoticias.net\\\/ffsantos\\\/#\\\/schema\\\/person\\\/709c788ecb22f2378d698c2cd46cecc3\"},\"breadcrumb\":{\"@id\":\"https:\\\/\\\/portaldenoticias.net\\\/ffsantos\\\/pra-que-voce-quer-essa-foto\\\/#breadcrumb\"},\"inLanguage\":\"pt-BR\",\"potentialAction\":[{\"@type\":\"ReadAction\",\"target\":[\"https:\\\/\\\/portaldenoticias.net\\\/ffsantos\\\/pra-que-voce-quer-essa-foto\\\/\"]}]},{\"@type\":\"ImageObject\",\"inLanguage\":\"pt-BR\",\"@id\":\"https:\\\/\\\/portaldenoticias.net\\\/ffsantos\\\/pra-que-voce-quer-essa-foto\\\/#primaryimage\",\"url\":\"https:\\\/\\\/portaldenoticias.net\\\/ffsantos\\\/wp-content\\\/uploads\\\/2025\\\/11\\\/IVAN-Imagem1.png\",\"contentUrl\":\"https:\\\/\\\/portaldenoticias.net\\\/ffsantos\\\/wp-content\\\/uploads\\\/2025\\\/11\\\/IVAN-Imagem1.png\",\"width\":526,\"height\":701},{\"@type\":\"BreadcrumbList\",\"@id\":\"https:\\\/\\\/portaldenoticias.net\\\/ffsantos\\\/pra-que-voce-quer-essa-foto\\\/#breadcrumb\",\"itemListElement\":[{\"@type\":\"ListItem\",\"position\":1,\"name\":\"In\u00edcio\",\"item\":\"https:\\\/\\\/portaldenoticias.net\\\/ffsantos\\\/\"},{\"@type\":\"ListItem\",\"position\":2,\"name\":\"PRA QUE VOC\u00ca QUER ESSA FOTO?\"}]},{\"@type\":\"WebSite\",\"@id\":\"https:\\\/\\\/portaldenoticias.net\\\/ffsantos\\\/#website\",\"url\":\"https:\\\/\\\/portaldenoticias.net\\\/ffsantos\\\/\",\"name\":\"Blog do Florisvaldo |\",\"description\":\"Informa\u00e7\u00e3o com imparcialidade\",\"potentialAction\":[{\"@type\":\"SearchAction\",\"target\":{\"@type\":\"EntryPoint\",\"urlTemplate\":\"https:\\\/\\\/portaldenoticias.net\\\/ffsantos\\\/?s={search_term_string}\"},\"query-input\":{\"@type\":\"PropertyValueSpecification\",\"valueRequired\":true,\"valueName\":\"search_term_string\"}}],\"inLanguage\":\"pt-BR\"},{\"@type\":\"Person\",\"@id\":\"https:\\\/\\\/portaldenoticias.net\\\/ffsantos\\\/#\\\/schema\\\/person\\\/709c788ecb22f2378d698c2cd46cecc3\",\"name\":\"Florisvaldo\",\"image\":{\"@type\":\"ImageObject\",\"inLanguage\":\"pt-BR\",\"@id\":\"https:\\\/\\\/secure.gravatar.com\\\/avatar\\\/23c59839b4c874bb227d4916d18ba065e405a73d0e423fa9255ba9436604e628?s=96&d=mm&r=g\",\"url\":\"https:\\\/\\\/secure.gravatar.com\\\/avatar\\\/23c59839b4c874bb227d4916d18ba065e405a73d0e423fa9255ba9436604e628?s=96&d=mm&r=g\",\"contentUrl\":\"https:\\\/\\\/secure.gravatar.com\\\/avatar\\\/23c59839b4c874bb227d4916d18ba065e405a73d0e423fa9255ba9436604e628?s=96&d=mm&r=g\",\"caption\":\"Florisvaldo\"},\"url\":\"https:\\\/\\\/portaldenoticias.net\\\/ffsantos\\\/author\\\/ffsantos\\\/\"}]}<\/script>\n<!-- \/ Yoast SEO plugin. -->","yoast_head_json":{"title":"PRA QUE VOC\u00ca QUER ESSA FOTO? - Blog do Florisvaldo","robots":{"index":"index","follow":"follow","max-snippet":"max-snippet:-1","max-image-preview":"max-image-preview:large","max-video-preview":"max-video-preview:-1"},"canonical":"https:\/\/portaldenoticias.net\/ffsantos\/pra-que-voce-quer-essa-foto\/","og_locale":"pt_BR","og_type":"article","og_title":"PRA QUE VOC\u00ca QUER ESSA FOTO? - Blog do Florisvaldo","og_description":"Caro Ivan Santana, boa tarde! Seu artigo mexeu profundamente com o meu imagin\u00e1rio, a ponto de me inspirar a escrever um complemento, que compartilharei ao final de sua postagem. Pra que voc\u00ea quer essa foto?\u00a0 &#8211; Perguntou-me o homem simples, um, dessa linhagem de sertanejo que est\u00e1 findando. As novas gera\u00e7\u00f5es de sertanejos, n\u00e3o usar\u00e3o","og_url":"https:\/\/portaldenoticias.net\/ffsantos\/pra-que-voce-quer-essa-foto\/","og_site_name":"Blog do Florisvaldo","article_published_time":"2025-11-19T19:05:23+00:00","og_image":[{"width":526,"height":701,"url":"http:\/\/portaldenoticias.net\/ffsantos\/wp-content\/uploads\/2025\/11\/IVAN-Imagem1.png","type":"image\/png"}],"author":"Florisvaldo","twitter_card":"summary_large_image","twitter_misc":{"Escrito por":"Florisvaldo","Est. tempo de leitura":"2 minutos"},"schema":{"@context":"https:\/\/schema.org","@graph":[{"@type":"Article","@id":"https:\/\/portaldenoticias.net\/ffsantos\/pra-que-voce-quer-essa-foto\/#article","isPartOf":{"@id":"https:\/\/portaldenoticias.net\/ffsantos\/pra-que-voce-quer-essa-foto\/"},"author":{"name":"Florisvaldo","@id":"https:\/\/portaldenoticias.net\/ffsantos\/#\/schema\/person\/709c788ecb22f2378d698c2cd46cecc3"},"headline":"PRA QUE VOC\u00ca QUER ESSA FOTO?","datePublished":"2025-11-19T19:05:23+00:00","mainEntityOfPage":{"@id":"https:\/\/portaldenoticias.net\/ffsantos\/pra-que-voce-quer-essa-foto\/"},"wordCount":498,"commentCount":2,"image":{"@id":"https:\/\/portaldenoticias.net\/ffsantos\/pra-que-voce-quer-essa-foto\/#primaryimage"},"thumbnailUrl":"https:\/\/portaldenoticias.net\/ffsantos\/wp-content\/uploads\/2025\/11\/IVAN-Imagem1.png","articleSection":["Brasil","Opini\u00e3o"],"inLanguage":"pt-BR","potentialAction":[{"@type":"CommentAction","name":"Comment","target":["https:\/\/portaldenoticias.net\/ffsantos\/pra-que-voce-quer-essa-foto\/#respond"]}]},{"@type":"WebPage","@id":"https:\/\/portaldenoticias.net\/ffsantos\/pra-que-voce-quer-essa-foto\/","url":"https:\/\/portaldenoticias.net\/ffsantos\/pra-que-voce-quer-essa-foto\/","name":"PRA QUE VOC\u00ca QUER ESSA FOTO? - Blog do Florisvaldo","isPartOf":{"@id":"https:\/\/portaldenoticias.net\/ffsantos\/#website"},"primaryImageOfPage":{"@id":"https:\/\/portaldenoticias.net\/ffsantos\/pra-que-voce-quer-essa-foto\/#primaryimage"},"image":{"@id":"https:\/\/portaldenoticias.net\/ffsantos\/pra-que-voce-quer-essa-foto\/#primaryimage"},"thumbnailUrl":"https:\/\/portaldenoticias.net\/ffsantos\/wp-content\/uploads\/2025\/11\/IVAN-Imagem1.png","datePublished":"2025-11-19T19:05:23+00:00","author":{"@id":"https:\/\/portaldenoticias.net\/ffsantos\/#\/schema\/person\/709c788ecb22f2378d698c2cd46cecc3"},"breadcrumb":{"@id":"https:\/\/portaldenoticias.net\/ffsantos\/pra-que-voce-quer-essa-foto\/#breadcrumb"},"inLanguage":"pt-BR","potentialAction":[{"@type":"ReadAction","target":["https:\/\/portaldenoticias.net\/ffsantos\/pra-que-voce-quer-essa-foto\/"]}]},{"@type":"ImageObject","inLanguage":"pt-BR","@id":"https:\/\/portaldenoticias.net\/ffsantos\/pra-que-voce-quer-essa-foto\/#primaryimage","url":"https:\/\/portaldenoticias.net\/ffsantos\/wp-content\/uploads\/2025\/11\/IVAN-Imagem1.png","contentUrl":"https:\/\/portaldenoticias.net\/ffsantos\/wp-content\/uploads\/2025\/11\/IVAN-Imagem1.png","width":526,"height":701},{"@type":"BreadcrumbList","@id":"https:\/\/portaldenoticias.net\/ffsantos\/pra-que-voce-quer-essa-foto\/#breadcrumb","itemListElement":[{"@type":"ListItem","position":1,"name":"In\u00edcio","item":"https:\/\/portaldenoticias.net\/ffsantos\/"},{"@type":"ListItem","position":2,"name":"PRA QUE VOC\u00ca QUER ESSA FOTO?"}]},{"@type":"WebSite","@id":"https:\/\/portaldenoticias.net\/ffsantos\/#website","url":"https:\/\/portaldenoticias.net\/ffsantos\/","name":"Blog do Florisvaldo |","description":"Informa\u00e7\u00e3o com imparcialidade","potentialAction":[{"@type":"SearchAction","target":{"@type":"EntryPoint","urlTemplate":"https:\/\/portaldenoticias.net\/ffsantos\/?s={search_term_string}"},"query-input":{"@type":"PropertyValueSpecification","valueRequired":true,"valueName":"search_term_string"}}],"inLanguage":"pt-BR"},{"@type":"Person","@id":"https:\/\/portaldenoticias.net\/ffsantos\/#\/schema\/person\/709c788ecb22f2378d698c2cd46cecc3","name":"Florisvaldo","image":{"@type":"ImageObject","inLanguage":"pt-BR","@id":"https:\/\/secure.gravatar.com\/avatar\/23c59839b4c874bb227d4916d18ba065e405a73d0e423fa9255ba9436604e628?s=96&d=mm&r=g","url":"https:\/\/secure.gravatar.com\/avatar\/23c59839b4c874bb227d4916d18ba065e405a73d0e423fa9255ba9436604e628?s=96&d=mm&r=g","contentUrl":"https:\/\/secure.gravatar.com\/avatar\/23c59839b4c874bb227d4916d18ba065e405a73d0e423fa9255ba9436604e628?s=96&d=mm&r=g","caption":"Florisvaldo"},"url":"https:\/\/portaldenoticias.net\/ffsantos\/author\/ffsantos\/"}]}},"_links":{"self":[{"href":"https:\/\/portaldenoticias.net\/ffsantos\/wp-json\/wp\/v2\/posts\/21594","targetHints":{"allow":["GET"]}}],"collection":[{"href":"https:\/\/portaldenoticias.net\/ffsantos\/wp-json\/wp\/v2\/posts"}],"about":[{"href":"https:\/\/portaldenoticias.net\/ffsantos\/wp-json\/wp\/v2\/types\/post"}],"author":[{"embeddable":true,"href":"https:\/\/portaldenoticias.net\/ffsantos\/wp-json\/wp\/v2\/users\/2"}],"replies":[{"embeddable":true,"href":"https:\/\/portaldenoticias.net\/ffsantos\/wp-json\/wp\/v2\/comments?post=21594"}],"version-history":[{"count":1,"href":"https:\/\/portaldenoticias.net\/ffsantos\/wp-json\/wp\/v2\/posts\/21594\/revisions"}],"predecessor-version":[{"id":21596,"href":"https:\/\/portaldenoticias.net\/ffsantos\/wp-json\/wp\/v2\/posts\/21594\/revisions\/21596"}],"wp:featuredmedia":[{"embeddable":true,"href":"https:\/\/portaldenoticias.net\/ffsantos\/wp-json\/wp\/v2\/media\/21595"}],"wp:attachment":[{"href":"https:\/\/portaldenoticias.net\/ffsantos\/wp-json\/wp\/v2\/media?parent=21594"}],"wp:term":[{"taxonomy":"category","embeddable":true,"href":"https:\/\/portaldenoticias.net\/ffsantos\/wp-json\/wp\/v2\/categories?post=21594"},{"taxonomy":"post_tag","embeddable":true,"href":"https:\/\/portaldenoticias.net\/ffsantos\/wp-json\/wp\/v2\/tags?post=21594"}],"curies":[{"name":"wp","href":"https:\/\/api.w.org\/{rel}","templated":true}]}}