{"id":21583,"date":"2025-11-18T13:38:59","date_gmt":"2025-11-18T16:38:59","guid":{"rendered":"https:\/\/portaldenoticias.net\/ffsantos\/?p=21583"},"modified":"2025-11-18T13:38:59","modified_gmt":"2025-11-18T16:38:59","slug":"coluna-do-acorddinho-ano-iii-numero-018-pos-pandemia-a-vida-nao-melhorou","status":"publish","type":"post","link":"https:\/\/portaldenoticias.net\/ffsantos\/coluna-do-acorddinho-ano-iii-numero-018-pos-pandemia-a-vida-nao-melhorou\/","title":{"rendered":"COLUNA DO ACORD@DINHO &#8211; ANO III N\u00daMERO 018 &#8211; P\u00d3S-PANDEMIA: A VIDA N\u00c3O MELHOROU!"},"content":{"rendered":"<p><a href=\"http:\/\/portaldenoticias.net\/ffsantos\/wp-content\/uploads\/2025\/11\/Pan.png\"><img loading=\"lazy\" decoding=\"async\" class=\"aligncenter size-full wp-image-21584\" src=\"http:\/\/portaldenoticias.net\/ffsantos\/wp-content\/uploads\/2025\/11\/Pan.png\" alt=\"\" width=\"335\" height=\"188\" srcset=\"https:\/\/portaldenoticias.net\/ffsantos\/wp-content\/uploads\/2025\/11\/Pan.png 335w, https:\/\/portaldenoticias.net\/ffsantos\/wp-content\/uploads\/2025\/11\/Pan-300x168.png 300w, https:\/\/portaldenoticias.net\/ffsantos\/wp-content\/uploads\/2025\/11\/Pan-150x84.png 150w\" sizes=\"auto, (max-width: 335px) 100vw, 335px\" \/><\/a>As mais remotas hist\u00f3rias da humanidade s\u00e3o terr\u00edveis. N\u00e3o vou citar aqui para n\u00e3o causar aos leitores, n\u00e1useas e outros tipos de mal-estar, ou mesmo embrulhar seus est\u00f4magos.<\/p>\n<p>A pandemia rec\u00e9m passada que me reservo o direito de nunca ter citado o tal nome, e que assolou o mundo, n\u00e3o foi a primeira nem ser\u00e1 a \u00faltima n\u00e3o sou eu quem est\u00e1 dizendo, mas, os mais s\u00e1bios que eu&#8230;<\/p>\n<p>Voltando ao t\u00edtulo, quero dizer com todas as letras que nos enganamos quando pens\u00e1vamos e muito se falava, que jamais ser\u00edamos iguais quando tudo aquilo passasse, com um adendo de ledo engano pois imagin\u00e1vamos que ser\u00edamos melhores ap\u00f3s a tal doen\u00e7a&#8230; A doen\u00e7a foi debelada, mas a maldade voltou com for\u00e7a total e \u00e9 disso que vamos discorrer aqui nessas palavras juntadas com a vis\u00e3o de quem vive atento e acordado!<\/p>\n<p>Lembro que existiam alguns escritos exaltando as mudan\u00e7as que poderiam acontecer ap\u00f3s aquela tempestade passar. Por incr\u00edvel que pare\u00e7a a tempestade passou, mas a humanidade parece ter piorado e muito, pois, as pessoas ficaram mais violentas, as atrocidades ficaram alarmantes com \u00edndices fora do controle. A brutalidade dos humanos, que agora tem uma arma que n\u00e3o tinha no passado chamada tecnologia, jamais fora vista, e beira o inimagin\u00e1vel vindo de seres denominados de humanos. O que vemos atualmente foge ao nosso controle racional e nem aos mais selvagens animais podemos comparar&#8230;<\/p>\n<p>Um exemplo para que n\u00e3o digam que estou me excedendo na cr\u00edtica, segure essa: \u201cmarido n\u00e3o sei l\u00e1 onde, decepou os bra\u00e7os de uma pobre mulher. Quer mais? A filha, que matou friamente os pais enquanto dormiam, ganhou recentemente um filme document\u00e1rio e por consequ\u00eancia 100.000 (CEM MIL) SEGUIDORES numa dessas redes sociais.<\/p>\n<p>Tem mais? Tem sim. Eu que vou ficando por aqui decepcionado com tudo visto, lido e informado nas not\u00edcias, umas piores que as outras de manh\u00e3, a tarde e a noite&#8230;<\/p>\n<p>Pior de tudo isso \u00e9 ler que durante a tal doen\u00e7a a corrup\u00e7\u00e3o esteve presente dando as cartas, agindo na surdina e por baixo dos panos manchados pela morte. Exemplo disso s\u00e3o os famosos casos dos respiradores. Coisa mais infame e torpe n\u00e3o existe, e pior ainda, \u00e9 ver alguns envolvidos posando de filhos da \u201chonestidade. \u201d<\/p>\n<p>Esperei esse tempo todo, para ver o que deveria escrever. Estava observando como a humanidade vinha se comportando durante a P\u00d3S-PANDEMIA. Quem diria que tudo seria pior e piorado. Quem diria que de certos jornais saia sangue, e hoje ao ver certos notici\u00e1rios a gente diz que \u00e9 a cara da morte. Quem diria que a migalha prevalece no lugar de uma solidariedade maior, que devemos ter com quem passa fome. Quem diria que a pilhagem de pessoas nos corredores dos hospitais parece intermin\u00e1vel e n\u00e3o ter fim nunca!<\/p>\n<p>Que li\u00e7\u00e3o deixou aquela doen\u00e7a, n\u00e3o sei. S\u00f3 sei, que fui atingido por ela j\u00e1 quase ao final e consegui vencer e estar aqui fazendo essa pergunta que n\u00e3o quer calar: melhoramos ou pioramos ap\u00f3s aquela devastadora pandemia? A expectativa era de que sair\u00edamos dela mais solid\u00e1rios, mas a frusta\u00e7\u00e3o est\u00e1 evidente porque isso n\u00e3o ocorreu. Ou seja, A VIDA N\u00c3O MELHOROU!<\/p>\n<p>Ah, e um tal de NOVO NORMAL que muito se falou sobre ele, algu\u00e9m o viu por a\u00ed? Eu por exemplo, ainda continuo procurando, e voc\u00eas?<\/p>\n<p>Palavra final: \u201c\u00c0s vezes muitos sobrevivem, mas, poucos, voltam a viver.\u201d<\/p>\n<p><strong>Fonte e texto: <\/strong><em>Acord@dinho &#8211; Apaixonado por Juazeiro e leitor ass\u00edduo do blog.<\/em><\/p>\n<p><strong>\u00a0<\/strong><\/p>\n<p style=\"text-align: center\"><strong>Blog do Florisvaldo \u2013 Informa\u00e7\u00e3o Com Imparcialidade<\/strong><\/p>\n","protected":false},"excerpt":{"rendered":"<p>As mais remotas hist\u00f3rias da humanidade s\u00e3o terr\u00edveis. N\u00e3o vou citar aqui para n\u00e3o causar aos leitores, n\u00e1useas e outros tipos de mal-estar, ou mesmo embrulhar seus est\u00f4magos. A pandemia rec\u00e9m passada que me reservo o direito de nunca ter citado o tal nome, e que assolou o mundo, n\u00e3o foi a primeira nem ser\u00e1<\/p>\n","protected":false},"author":2,"featured_media":21584,"comment_status":"open","ping_status":"open","sticky":false,"template":"","format":"standard","meta":{"footnotes":""},"categories":[2,4,3],"tags":[],"class_list":{"0":"post-21583","1":"post","2":"type-post","3":"status-publish","4":"format-standard","5":"has-post-thumbnail","7":"category-brasil","8":"category-opiniao","9":"category-ultimasnoticias"},"yoast_head":"<!-- This site is optimized with the Yoast SEO plugin v27.4 - https:\/\/yoast.com\/product\/yoast-seo-wordpress\/ -->\n<title>COLUNA DO ACORD@DINHO - ANO III N\u00daMERO 018 - P\u00d3S-PANDEMIA: A VIDA N\u00c3O MELHOROU! - Blog do Florisvaldo<\/title>\n<meta name=\"robots\" content=\"index, follow, max-snippet:-1, max-image-preview:large, max-video-preview:-1\" \/>\n<link rel=\"canonical\" href=\"https:\/\/portaldenoticias.net\/ffsantos\/coluna-do-acorddinho-ano-iii-numero-018-pos-pandemia-a-vida-nao-melhorou\/\" \/>\n<meta property=\"og:locale\" content=\"pt_BR\" \/>\n<meta property=\"og:type\" content=\"article\" \/>\n<meta property=\"og:title\" content=\"COLUNA DO ACORD@DINHO - ANO III N\u00daMERO 018 - P\u00d3S-PANDEMIA: A VIDA N\u00c3O MELHOROU! - Blog do Florisvaldo\" \/>\n<meta property=\"og:description\" content=\"As mais remotas hist\u00f3rias da humanidade s\u00e3o terr\u00edveis. N\u00e3o vou citar aqui para n\u00e3o causar aos leitores, n\u00e1useas e outros tipos de mal-estar, ou mesmo embrulhar seus est\u00f4magos. A pandemia rec\u00e9m passada que me reservo o direito de nunca ter citado o tal nome, e que assolou o mundo, n\u00e3o foi a primeira nem ser\u00e1\" \/>\n<meta property=\"og:url\" content=\"https:\/\/portaldenoticias.net\/ffsantos\/coluna-do-acorddinho-ano-iii-numero-018-pos-pandemia-a-vida-nao-melhorou\/\" \/>\n<meta property=\"og:site_name\" content=\"Blog do Florisvaldo\" \/>\n<meta property=\"article:published_time\" content=\"2025-11-18T16:38:59+00:00\" \/>\n<meta property=\"og:image\" content=\"http:\/\/portaldenoticias.net\/ffsantos\/wp-content\/uploads\/2025\/11\/Pan.png\" \/>\n\t<meta property=\"og:image:width\" content=\"335\" \/>\n\t<meta property=\"og:image:height\" content=\"188\" \/>\n\t<meta property=\"og:image:type\" content=\"image\/png\" \/>\n<meta name=\"author\" content=\"Florisvaldo\" \/>\n<meta name=\"twitter:card\" content=\"summary_large_image\" \/>\n<meta name=\"twitter:label1\" content=\"Escrito por\" \/>\n\t<meta name=\"twitter:data1\" content=\"Florisvaldo\" \/>\n\t<meta name=\"twitter:label2\" content=\"Est. tempo de leitura\" \/>\n\t<meta name=\"twitter:data2\" content=\"3 minutos\" \/>\n<script type=\"application\/ld+json\" class=\"yoast-schema-graph\">{\"@context\":\"https:\\\/\\\/schema.org\",\"@graph\":[{\"@type\":\"Article\",\"@id\":\"https:\\\/\\\/portaldenoticias.net\\\/ffsantos\\\/coluna-do-acorddinho-ano-iii-numero-018-pos-pandemia-a-vida-nao-melhorou\\\/#article\",\"isPartOf\":{\"@id\":\"https:\\\/\\\/portaldenoticias.net\\\/ffsantos\\\/coluna-do-acorddinho-ano-iii-numero-018-pos-pandemia-a-vida-nao-melhorou\\\/\"},\"author\":{\"name\":\"Florisvaldo\",\"@id\":\"https:\\\/\\\/portaldenoticias.net\\\/ffsantos\\\/#\\\/schema\\\/person\\\/709c788ecb22f2378d698c2cd46cecc3\"},\"headline\":\"COLUNA DO ACORD@DINHO &#8211; ANO III N\u00daMERO 018 &#8211; P\u00d3S-PANDEMIA: A VIDA N\u00c3O MELHOROU!\",\"datePublished\":\"2025-11-18T16:38:59+00:00\",\"mainEntityOfPage\":{\"@id\":\"https:\\\/\\\/portaldenoticias.net\\\/ffsantos\\\/coluna-do-acorddinho-ano-iii-numero-018-pos-pandemia-a-vida-nao-melhorou\\\/\"},\"wordCount\":647,\"commentCount\":1,\"image\":{\"@id\":\"https:\\\/\\\/portaldenoticias.net\\\/ffsantos\\\/coluna-do-acorddinho-ano-iii-numero-018-pos-pandemia-a-vida-nao-melhorou\\\/#primaryimage\"},\"thumbnailUrl\":\"https:\\\/\\\/portaldenoticias.net\\\/ffsantos\\\/wp-content\\\/uploads\\\/2025\\\/11\\\/Pan.png\",\"articleSection\":[\"Brasil\",\"Opini\u00e3o\",\"\u00daltimas Not\u00edcias\"],\"inLanguage\":\"pt-BR\",\"potentialAction\":[{\"@type\":\"CommentAction\",\"name\":\"Comment\",\"target\":[\"https:\\\/\\\/portaldenoticias.net\\\/ffsantos\\\/coluna-do-acorddinho-ano-iii-numero-018-pos-pandemia-a-vida-nao-melhorou\\\/#respond\"]}]},{\"@type\":\"WebPage\",\"@id\":\"https:\\\/\\\/portaldenoticias.net\\\/ffsantos\\\/coluna-do-acorddinho-ano-iii-numero-018-pos-pandemia-a-vida-nao-melhorou\\\/\",\"url\":\"https:\\\/\\\/portaldenoticias.net\\\/ffsantos\\\/coluna-do-acorddinho-ano-iii-numero-018-pos-pandemia-a-vida-nao-melhorou\\\/\",\"name\":\"COLUNA DO ACORD@DINHO - ANO III N\u00daMERO 018 - P\u00d3S-PANDEMIA: A VIDA N\u00c3O MELHOROU! - Blog do Florisvaldo\",\"isPartOf\":{\"@id\":\"https:\\\/\\\/portaldenoticias.net\\\/ffsantos\\\/#website\"},\"primaryImageOfPage\":{\"@id\":\"https:\\\/\\\/portaldenoticias.net\\\/ffsantos\\\/coluna-do-acorddinho-ano-iii-numero-018-pos-pandemia-a-vida-nao-melhorou\\\/#primaryimage\"},\"image\":{\"@id\":\"https:\\\/\\\/portaldenoticias.net\\\/ffsantos\\\/coluna-do-acorddinho-ano-iii-numero-018-pos-pandemia-a-vida-nao-melhorou\\\/#primaryimage\"},\"thumbnailUrl\":\"https:\\\/\\\/portaldenoticias.net\\\/ffsantos\\\/wp-content\\\/uploads\\\/2025\\\/11\\\/Pan.png\",\"datePublished\":\"2025-11-18T16:38:59+00:00\",\"author\":{\"@id\":\"https:\\\/\\\/portaldenoticias.net\\\/ffsantos\\\/#\\\/schema\\\/person\\\/709c788ecb22f2378d698c2cd46cecc3\"},\"breadcrumb\":{\"@id\":\"https:\\\/\\\/portaldenoticias.net\\\/ffsantos\\\/coluna-do-acorddinho-ano-iii-numero-018-pos-pandemia-a-vida-nao-melhorou\\\/#breadcrumb\"},\"inLanguage\":\"pt-BR\",\"potentialAction\":[{\"@type\":\"ReadAction\",\"target\":[\"https:\\\/\\\/portaldenoticias.net\\\/ffsantos\\\/coluna-do-acorddinho-ano-iii-numero-018-pos-pandemia-a-vida-nao-melhorou\\\/\"]}]},{\"@type\":\"ImageObject\",\"inLanguage\":\"pt-BR\",\"@id\":\"https:\\\/\\\/portaldenoticias.net\\\/ffsantos\\\/coluna-do-acorddinho-ano-iii-numero-018-pos-pandemia-a-vida-nao-melhorou\\\/#primaryimage\",\"url\":\"https:\\\/\\\/portaldenoticias.net\\\/ffsantos\\\/wp-content\\\/uploads\\\/2025\\\/11\\\/Pan.png\",\"contentUrl\":\"https:\\\/\\\/portaldenoticias.net\\\/ffsantos\\\/wp-content\\\/uploads\\\/2025\\\/11\\\/Pan.png\",\"width\":335,\"height\":188},{\"@type\":\"BreadcrumbList\",\"@id\":\"https:\\\/\\\/portaldenoticias.net\\\/ffsantos\\\/coluna-do-acorddinho-ano-iii-numero-018-pos-pandemia-a-vida-nao-melhorou\\\/#breadcrumb\",\"itemListElement\":[{\"@type\":\"ListItem\",\"position\":1,\"name\":\"In\u00edcio\",\"item\":\"https:\\\/\\\/portaldenoticias.net\\\/ffsantos\\\/\"},{\"@type\":\"ListItem\",\"position\":2,\"name\":\"COLUNA DO ACORD@DINHO &#8211; ANO III N\u00daMERO 018 &#8211; P\u00d3S-PANDEMIA: A VIDA N\u00c3O MELHOROU!\"}]},{\"@type\":\"WebSite\",\"@id\":\"https:\\\/\\\/portaldenoticias.net\\\/ffsantos\\\/#website\",\"url\":\"https:\\\/\\\/portaldenoticias.net\\\/ffsantos\\\/\",\"name\":\"Blog do Florisvaldo |\",\"description\":\"Informa\u00e7\u00e3o com imparcialidade\",\"potentialAction\":[{\"@type\":\"SearchAction\",\"target\":{\"@type\":\"EntryPoint\",\"urlTemplate\":\"https:\\\/\\\/portaldenoticias.net\\\/ffsantos\\\/?s={search_term_string}\"},\"query-input\":{\"@type\":\"PropertyValueSpecification\",\"valueRequired\":true,\"valueName\":\"search_term_string\"}}],\"inLanguage\":\"pt-BR\"},{\"@type\":\"Person\",\"@id\":\"https:\\\/\\\/portaldenoticias.net\\\/ffsantos\\\/#\\\/schema\\\/person\\\/709c788ecb22f2378d698c2cd46cecc3\",\"name\":\"Florisvaldo\",\"image\":{\"@type\":\"ImageObject\",\"inLanguage\":\"pt-BR\",\"@id\":\"https:\\\/\\\/secure.gravatar.com\\\/avatar\\\/23c59839b4c874bb227d4916d18ba065e405a73d0e423fa9255ba9436604e628?s=96&d=mm&r=g\",\"url\":\"https:\\\/\\\/secure.gravatar.com\\\/avatar\\\/23c59839b4c874bb227d4916d18ba065e405a73d0e423fa9255ba9436604e628?s=96&d=mm&r=g\",\"contentUrl\":\"https:\\\/\\\/secure.gravatar.com\\\/avatar\\\/23c59839b4c874bb227d4916d18ba065e405a73d0e423fa9255ba9436604e628?s=96&d=mm&r=g\",\"caption\":\"Florisvaldo\"},\"url\":\"https:\\\/\\\/portaldenoticias.net\\\/ffsantos\\\/author\\\/ffsantos\\\/\"}]}<\/script>\n<!-- \/ Yoast SEO plugin. -->","yoast_head_json":{"title":"COLUNA DO ACORD@DINHO - ANO III N\u00daMERO 018 - P\u00d3S-PANDEMIA: A VIDA N\u00c3O MELHOROU! - Blog do Florisvaldo","robots":{"index":"index","follow":"follow","max-snippet":"max-snippet:-1","max-image-preview":"max-image-preview:large","max-video-preview":"max-video-preview:-1"},"canonical":"https:\/\/portaldenoticias.net\/ffsantos\/coluna-do-acorddinho-ano-iii-numero-018-pos-pandemia-a-vida-nao-melhorou\/","og_locale":"pt_BR","og_type":"article","og_title":"COLUNA DO ACORD@DINHO - ANO III N\u00daMERO 018 - P\u00d3S-PANDEMIA: A VIDA N\u00c3O MELHOROU! - Blog do Florisvaldo","og_description":"As mais remotas hist\u00f3rias da humanidade s\u00e3o terr\u00edveis. N\u00e3o vou citar aqui para n\u00e3o causar aos leitores, n\u00e1useas e outros tipos de mal-estar, ou mesmo embrulhar seus est\u00f4magos. A pandemia rec\u00e9m passada que me reservo o direito de nunca ter citado o tal nome, e que assolou o mundo, n\u00e3o foi a primeira nem ser\u00e1","og_url":"https:\/\/portaldenoticias.net\/ffsantos\/coluna-do-acorddinho-ano-iii-numero-018-pos-pandemia-a-vida-nao-melhorou\/","og_site_name":"Blog do Florisvaldo","article_published_time":"2025-11-18T16:38:59+00:00","og_image":[{"width":335,"height":188,"url":"http:\/\/portaldenoticias.net\/ffsantos\/wp-content\/uploads\/2025\/11\/Pan.png","type":"image\/png"}],"author":"Florisvaldo","twitter_card":"summary_large_image","twitter_misc":{"Escrito por":"Florisvaldo","Est. tempo de leitura":"3 minutos"},"schema":{"@context":"https:\/\/schema.org","@graph":[{"@type":"Article","@id":"https:\/\/portaldenoticias.net\/ffsantos\/coluna-do-acorddinho-ano-iii-numero-018-pos-pandemia-a-vida-nao-melhorou\/#article","isPartOf":{"@id":"https:\/\/portaldenoticias.net\/ffsantos\/coluna-do-acorddinho-ano-iii-numero-018-pos-pandemia-a-vida-nao-melhorou\/"},"author":{"name":"Florisvaldo","@id":"https:\/\/portaldenoticias.net\/ffsantos\/#\/schema\/person\/709c788ecb22f2378d698c2cd46cecc3"},"headline":"COLUNA DO ACORD@DINHO &#8211; ANO III N\u00daMERO 018 &#8211; P\u00d3S-PANDEMIA: A VIDA N\u00c3O MELHOROU!","datePublished":"2025-11-18T16:38:59+00:00","mainEntityOfPage":{"@id":"https:\/\/portaldenoticias.net\/ffsantos\/coluna-do-acorddinho-ano-iii-numero-018-pos-pandemia-a-vida-nao-melhorou\/"},"wordCount":647,"commentCount":1,"image":{"@id":"https:\/\/portaldenoticias.net\/ffsantos\/coluna-do-acorddinho-ano-iii-numero-018-pos-pandemia-a-vida-nao-melhorou\/#primaryimage"},"thumbnailUrl":"https:\/\/portaldenoticias.net\/ffsantos\/wp-content\/uploads\/2025\/11\/Pan.png","articleSection":["Brasil","Opini\u00e3o","\u00daltimas Not\u00edcias"],"inLanguage":"pt-BR","potentialAction":[{"@type":"CommentAction","name":"Comment","target":["https:\/\/portaldenoticias.net\/ffsantos\/coluna-do-acorddinho-ano-iii-numero-018-pos-pandemia-a-vida-nao-melhorou\/#respond"]}]},{"@type":"WebPage","@id":"https:\/\/portaldenoticias.net\/ffsantos\/coluna-do-acorddinho-ano-iii-numero-018-pos-pandemia-a-vida-nao-melhorou\/","url":"https:\/\/portaldenoticias.net\/ffsantos\/coluna-do-acorddinho-ano-iii-numero-018-pos-pandemia-a-vida-nao-melhorou\/","name":"COLUNA DO ACORD@DINHO - ANO III N\u00daMERO 018 - P\u00d3S-PANDEMIA: A VIDA N\u00c3O MELHOROU! - Blog do Florisvaldo","isPartOf":{"@id":"https:\/\/portaldenoticias.net\/ffsantos\/#website"},"primaryImageOfPage":{"@id":"https:\/\/portaldenoticias.net\/ffsantos\/coluna-do-acorddinho-ano-iii-numero-018-pos-pandemia-a-vida-nao-melhorou\/#primaryimage"},"image":{"@id":"https:\/\/portaldenoticias.net\/ffsantos\/coluna-do-acorddinho-ano-iii-numero-018-pos-pandemia-a-vida-nao-melhorou\/#primaryimage"},"thumbnailUrl":"https:\/\/portaldenoticias.net\/ffsantos\/wp-content\/uploads\/2025\/11\/Pan.png","datePublished":"2025-11-18T16:38:59+00:00","author":{"@id":"https:\/\/portaldenoticias.net\/ffsantos\/#\/schema\/person\/709c788ecb22f2378d698c2cd46cecc3"},"breadcrumb":{"@id":"https:\/\/portaldenoticias.net\/ffsantos\/coluna-do-acorddinho-ano-iii-numero-018-pos-pandemia-a-vida-nao-melhorou\/#breadcrumb"},"inLanguage":"pt-BR","potentialAction":[{"@type":"ReadAction","target":["https:\/\/portaldenoticias.net\/ffsantos\/coluna-do-acorddinho-ano-iii-numero-018-pos-pandemia-a-vida-nao-melhorou\/"]}]},{"@type":"ImageObject","inLanguage":"pt-BR","@id":"https:\/\/portaldenoticias.net\/ffsantos\/coluna-do-acorddinho-ano-iii-numero-018-pos-pandemia-a-vida-nao-melhorou\/#primaryimage","url":"https:\/\/portaldenoticias.net\/ffsantos\/wp-content\/uploads\/2025\/11\/Pan.png","contentUrl":"https:\/\/portaldenoticias.net\/ffsantos\/wp-content\/uploads\/2025\/11\/Pan.png","width":335,"height":188},{"@type":"BreadcrumbList","@id":"https:\/\/portaldenoticias.net\/ffsantos\/coluna-do-acorddinho-ano-iii-numero-018-pos-pandemia-a-vida-nao-melhorou\/#breadcrumb","itemListElement":[{"@type":"ListItem","position":1,"name":"In\u00edcio","item":"https:\/\/portaldenoticias.net\/ffsantos\/"},{"@type":"ListItem","position":2,"name":"COLUNA DO ACORD@DINHO &#8211; ANO III N\u00daMERO 018 &#8211; P\u00d3S-PANDEMIA: A VIDA N\u00c3O MELHOROU!"}]},{"@type":"WebSite","@id":"https:\/\/portaldenoticias.net\/ffsantos\/#website","url":"https:\/\/portaldenoticias.net\/ffsantos\/","name":"Blog do Florisvaldo |","description":"Informa\u00e7\u00e3o com imparcialidade","potentialAction":[{"@type":"SearchAction","target":{"@type":"EntryPoint","urlTemplate":"https:\/\/portaldenoticias.net\/ffsantos\/?s={search_term_string}"},"query-input":{"@type":"PropertyValueSpecification","valueRequired":true,"valueName":"search_term_string"}}],"inLanguage":"pt-BR"},{"@type":"Person","@id":"https:\/\/portaldenoticias.net\/ffsantos\/#\/schema\/person\/709c788ecb22f2378d698c2cd46cecc3","name":"Florisvaldo","image":{"@type":"ImageObject","inLanguage":"pt-BR","@id":"https:\/\/secure.gravatar.com\/avatar\/23c59839b4c874bb227d4916d18ba065e405a73d0e423fa9255ba9436604e628?s=96&d=mm&r=g","url":"https:\/\/secure.gravatar.com\/avatar\/23c59839b4c874bb227d4916d18ba065e405a73d0e423fa9255ba9436604e628?s=96&d=mm&r=g","contentUrl":"https:\/\/secure.gravatar.com\/avatar\/23c59839b4c874bb227d4916d18ba065e405a73d0e423fa9255ba9436604e628?s=96&d=mm&r=g","caption":"Florisvaldo"},"url":"https:\/\/portaldenoticias.net\/ffsantos\/author\/ffsantos\/"}]}},"_links":{"self":[{"href":"https:\/\/portaldenoticias.net\/ffsantos\/wp-json\/wp\/v2\/posts\/21583","targetHints":{"allow":["GET"]}}],"collection":[{"href":"https:\/\/portaldenoticias.net\/ffsantos\/wp-json\/wp\/v2\/posts"}],"about":[{"href":"https:\/\/portaldenoticias.net\/ffsantos\/wp-json\/wp\/v2\/types\/post"}],"author":[{"embeddable":true,"href":"https:\/\/portaldenoticias.net\/ffsantos\/wp-json\/wp\/v2\/users\/2"}],"replies":[{"embeddable":true,"href":"https:\/\/portaldenoticias.net\/ffsantos\/wp-json\/wp\/v2\/comments?post=21583"}],"version-history":[{"count":1,"href":"https:\/\/portaldenoticias.net\/ffsantos\/wp-json\/wp\/v2\/posts\/21583\/revisions"}],"predecessor-version":[{"id":21585,"href":"https:\/\/portaldenoticias.net\/ffsantos\/wp-json\/wp\/v2\/posts\/21583\/revisions\/21585"}],"wp:featuredmedia":[{"embeddable":true,"href":"https:\/\/portaldenoticias.net\/ffsantos\/wp-json\/wp\/v2\/media\/21584"}],"wp:attachment":[{"href":"https:\/\/portaldenoticias.net\/ffsantos\/wp-json\/wp\/v2\/media?parent=21583"}],"wp:term":[{"taxonomy":"category","embeddable":true,"href":"https:\/\/portaldenoticias.net\/ffsantos\/wp-json\/wp\/v2\/categories?post=21583"},{"taxonomy":"post_tag","embeddable":true,"href":"https:\/\/portaldenoticias.net\/ffsantos\/wp-json\/wp\/v2\/tags?post=21583"}],"curies":[{"name":"wp","href":"https:\/\/api.w.org\/{rel}","templated":true}]}}