{"id":20879,"date":"2025-07-05T21:06:23","date_gmt":"2025-07-06T00:06:23","guid":{"rendered":"https:\/\/www.portaldenoticias.net\/ffsantos\/?p=20879"},"modified":"2025-07-05T21:06:23","modified_gmt":"2025-07-06T00:06:23","slug":"concurso-nacional-unificado-cnu-2025-ministerio-publico-pede-suspensao-do-concurso","status":"publish","type":"post","link":"https:\/\/portaldenoticias.net\/ffsantos\/concurso-nacional-unificado-cnu-2025-ministerio-publico-pede-suspensao-do-concurso\/","title":{"rendered":"CONCURSO NACIONAL UNIFICADO \u2013 CNU 2025: MINIST\u00c9RIO P\u00daBLICO PEDE SUSPENS\u00c3O DO CONCURSO"},"content":{"rendered":"<p style=\"text-align: center\"><strong><em><a href=\"https:\/\/www.portaldenoticias.net\/ffsantos\/wp-content\/uploads\/2025\/07\/CONCURSO-Imagem1.jpg\"><img loading=\"lazy\" decoding=\"async\" class=\"aligncenter size-full wp-image-20880\" src=\"https:\/\/www.portaldenoticias.net\/ffsantos\/wp-content\/uploads\/2025\/07\/CONCURSO-Imagem1.jpg\" alt=\"\" width=\"567\" height=\"359\" srcset=\"https:\/\/portaldenoticias.net\/ffsantos\/wp-content\/uploads\/2025\/07\/CONCURSO-Imagem1.jpg 567w, https:\/\/portaldenoticias.net\/ffsantos\/wp-content\/uploads\/2025\/07\/CONCURSO-Imagem1-300x190.jpg 300w, https:\/\/portaldenoticias.net\/ffsantos\/wp-content\/uploads\/2025\/07\/CONCURSO-Imagem1-150x95.jpg 150w, https:\/\/portaldenoticias.net\/ffsantos\/wp-content\/uploads\/2025\/07\/CONCURSO-Imagem1-450x285.jpg 450w\" sizes=\"auto, (max-width: 567px) 100vw, 567px\" \/><\/a>MPF pede que CNU 2025 seja suspenso &#8211; Diz que, embora o edital cite o aumento do percentual, problemas identificados na primeira edi\u00e7\u00e3o do concurso, em 2024, ainda persistem &#8211; Foto: Cristiano Mariz\/Ag\u00eancia O Globo.<\/em><\/strong><\/p>\n<p>O Minist\u00e9rio P\u00fablico Federal (MPF) entrou na \u00faltima quarta-feira com pedido na Justi\u00e7a Federal do Distrito Federal para suspender imediatamente o Concurso P\u00fablico Nacional Unificado (CNU) de 2025. O \u00f3rg\u00e3o afirma que o novo edital, publicado na \u00faltima segunda-feira (dia 30), n\u00e3o adotou medidas eficazes para assegurar o cumprimento das cotas raciais previstas em lei.<\/p>\n<p>Na a\u00e7\u00e3o, o MPF alerta que, embora o edital mencione o aumento do percentual de cotas conforme a nova Lei n\u00ba 15.142\/2025, problemas identificados em 2024 persistem. Um dos principais pontos criticados \u00e9 o uso do sorteio para aplica\u00e7\u00e3o proporcional das cotas raciais nos cargos com poucas vagas, sem transpar\u00eancia nos crit\u00e9rios e mecanismos de controle externo.<\/p>\n<p>Tamb\u00e9m h\u00e1 aus\u00eancia de previs\u00e3o para cadastro de reserva proporcional por modalidade de cota, o que, segundo o \u00f3rg\u00e3o, impede o monitoramento das futuras convoca\u00e7\u00f5es.<\/p>\n<p>Outro ponto sens\u00edvel \u00e9 a manuten\u00e7\u00e3o da regra que n\u00e3o exige a apresenta\u00e7\u00e3o de justificativas para as decis\u00f5es das comiss\u00f5es de heteroidentifica\u00e7\u00e3o \u2014 procedimento usado para verificar a autodeclara\u00e7\u00e3o racial de candidatos em processos seletivos. Para o MPF, isso fere o direito de defesa dos candidatos.<\/p>\n<p>O \u00f3rg\u00e3o tamb\u00e9m cobra maior clareza na divulga\u00e7\u00e3o das listas classificat\u00f3rias espec\u00edficas para cotistas e no ranqueamento cont\u00ednuo desses candidatos para as vagas de reserva ao longo da validade do concurso.<\/p>\n<p>O MPF pede a suspens\u00e3o do concurso at\u00e9 que a Uni\u00e3o comprove ter adotado todas as medidas necess\u00e1rias para corrigir as falhas apontadas. A edi\u00e7\u00e3o deste ano do CNU prev\u00ea 3.652 vagas, distribu\u00eddas em nove blocos tem\u00e1ticos.<\/p>\n<p style=\"text-align: center\"><strong><em>Problemas no 1\u00ba CNU<\/em><\/strong><\/p>\n<p>As irregularidades tamb\u00e9m foram apontadas pelo MPF na primeira edi\u00e7\u00e3o do CNU, em 2024. O \u00f3rg\u00e3o alega ter recebido reclama\u00e7\u00f5es de candidatos sobre falhas no cumprimento de pol\u00edtica de a\u00e7\u00f5es afirmativas.<\/p>\n<p>Em fevereiro, o \u00f3rg\u00e3o chegou a enviar recomenda\u00e7\u00e3o oficial \u00e0 Funda\u00e7\u00e3o Cesgranrio e ao Minist\u00e9rio da Gest\u00e3o e da Inova\u00e7\u00e3o em Servi\u00e7os P\u00fablicos (MGI), solicitando a suspens\u00e3o da divulga\u00e7\u00e3o dos resultados do concurso.<\/p>\n<p>A Procuradoria destacou, entre as irregularidades, a falta de notifica\u00e7\u00e3o adequada aos candidatos cotistas que retornaram ao CNU ap\u00f3s uma decis\u00e3o judicial que regularizou o n\u00famero de vagas destinadas \u00e0s cotas raciais.<\/p>\n<p>Como resultado da aus\u00eancia de aviso, milhares de candidatos reintegrados n\u00e3o puderam participar do envio de t\u00edtulos, realizado entre os dias 2 e 3 de janeiro de 2025, o que pode ter prejudicado sua classifica\u00e7\u00e3o.<\/p>\n<p>Al\u00e9m disso, o inqu\u00e9rito apontou o atraso na divulga\u00e7\u00e3o dos nomes dos avaliadores respons\u00e1veis pela heteroidentifica\u00e7\u00e3o, o que foi uma falha adicional no processo. As informa\u00e7\u00f5es, que deveriam ter sido divulgadas em 17 de outubro de 2024, s\u00f3 foram liberadas em 1\u00ba de novembro, \u00e0s v\u00e9speras da realiza\u00e7\u00e3o da avalia\u00e7\u00e3o.<\/p>\n<p>A procuradoria argumenta que o procedimento n\u00e3o seguiu os par\u00e2metros judiciais estabelecidos e que, em caso de d\u00favida razo\u00e1vel sobre a identidade racial do candidato, deveria prevalecer o crit\u00e9rio de autodeclara\u00e7\u00e3o.<\/p>\n<p style=\"text-align: center\"><strong><em>O outro lado<\/em><\/strong><\/p>\n<p>Procurado pelo Extra, o Minist\u00e9rio da Gest\u00e3o e da Inova\u00e7\u00e3o em Servi\u00e7os P\u00fablicos (MGI) afirmou que os crit\u00e9rios do sorteio de vagas para cotas raciais em cargos com poucas vagas est\u00e3o detalhados em publica\u00e7\u00f5es oficiais &#8211; como a mat\u00e9ria do sorteio e o resultado do sorteio.<\/p>\n<p>A pasta informou que se manifestar\u00e1 os questionamentos referentes a aus\u00eancia de cadastro de reserva proporcional, a divulga\u00e7\u00e3o das listas espec\u00edficas e a falta de recursos para decis\u00f5es de heteroidentifica\u00e7\u00e3o.<\/p>\n<p>Em rela\u00e7\u00e3o ao pedido de suspens\u00e3o do concurso feito pelo MPF, o MGI se limitou a dizer que n\u00e3o comenta processos em andamento na Justi\u00e7a.<\/p>\n<p><strong><em>Fonte:<\/em><\/strong> <a href=\"https:\/\/oglobo.globo.com\">https:\/\/oglobo.globo.com<\/a> &#8211; Por Marcos Furtado &#8211; Rio<\/p>\n<p><strong><em>\u00a0<\/em><\/strong><\/p>\n<p style=\"text-align: center\"><strong><em>Blog do Florisvaldo &#8211; Informa\u00e7\u00e3o Com Imparcialidade<\/em><\/strong><\/p>\n","protected":false},"excerpt":{"rendered":"<p>MPF pede que CNU 2025 seja suspenso &#8211; Diz que, embora o edital cite o aumento do percentual, problemas identificados na primeira edi\u00e7\u00e3o do concurso, em 2024, ainda persistem &#8211; Foto: Cristiano Mariz\/Ag\u00eancia O Globo. O Minist\u00e9rio P\u00fablico Federal (MPF) entrou na \u00faltima quarta-feira com pedido na Justi\u00e7a Federal do Distrito Federal para suspender imediatamente<\/p>\n","protected":false},"author":2,"featured_media":20880,"comment_status":"open","ping_status":"open","sticky":false,"template":"","format":"standard","meta":{"footnotes":""},"categories":[2,1,3],"tags":[],"class_list":{"0":"post-20879","1":"post","2":"type-post","3":"status-publish","4":"format-standard","5":"has-post-thumbnail","7":"category-brasil","8":"category-destaques","9":"category-ultimasnoticias"},"yoast_head":"<!-- This site is optimized with the Yoast SEO plugin v27.4 - https:\/\/yoast.com\/product\/yoast-seo-wordpress\/ -->\n<title>CONCURSO NACIONAL UNIFICADO \u2013 CNU 2025: MINIST\u00c9RIO P\u00daBLICO PEDE SUSPENS\u00c3O DO CONCURSO - Blog do Florisvaldo<\/title>\n<meta name=\"robots\" content=\"index, follow, max-snippet:-1, max-image-preview:large, max-video-preview:-1\" \/>\n<link rel=\"canonical\" href=\"https:\/\/portaldenoticias.net\/ffsantos\/concurso-nacional-unificado-cnu-2025-ministerio-publico-pede-suspensao-do-concurso\/\" \/>\n<meta property=\"og:locale\" content=\"pt_BR\" \/>\n<meta property=\"og:type\" content=\"article\" \/>\n<meta property=\"og:title\" content=\"CONCURSO NACIONAL UNIFICADO \u2013 CNU 2025: MINIST\u00c9RIO P\u00daBLICO PEDE SUSPENS\u00c3O DO CONCURSO - Blog do Florisvaldo\" \/>\n<meta property=\"og:description\" content=\"MPF pede que CNU 2025 seja suspenso &#8211; Diz que, embora o edital cite o aumento do percentual, problemas identificados na primeira edi\u00e7\u00e3o do concurso, em 2024, ainda persistem &#8211; Foto: Cristiano Mariz\/Ag\u00eancia O Globo. O Minist\u00e9rio P\u00fablico Federal (MPF) entrou na \u00faltima quarta-feira com pedido na Justi\u00e7a Federal do Distrito Federal para suspender imediatamente\" \/>\n<meta property=\"og:url\" content=\"https:\/\/portaldenoticias.net\/ffsantos\/concurso-nacional-unificado-cnu-2025-ministerio-publico-pede-suspensao-do-concurso\/\" \/>\n<meta property=\"og:site_name\" content=\"Blog do Florisvaldo\" \/>\n<meta property=\"article:published_time\" content=\"2025-07-06T00:06:23+00:00\" \/>\n<meta property=\"og:image\" content=\"https:\/\/portaldenoticias.net\/ffsantos\/wp-content\/uploads\/2025\/07\/CONCURSO-Imagem1.jpg\" \/>\n\t<meta property=\"og:image:width\" content=\"567\" \/>\n\t<meta property=\"og:image:height\" content=\"359\" \/>\n\t<meta property=\"og:image:type\" content=\"image\/jpeg\" \/>\n<meta name=\"author\" content=\"Florisvaldo\" \/>\n<meta name=\"twitter:card\" content=\"summary_large_image\" \/>\n<meta name=\"twitter:label1\" content=\"Escrito por\" \/>\n\t<meta name=\"twitter:data1\" content=\"Florisvaldo\" \/>\n\t<meta name=\"twitter:label2\" content=\"Est. tempo de leitura\" \/>\n\t<meta name=\"twitter:data2\" content=\"4 minutos\" \/>\n<script type=\"application\/ld+json\" class=\"yoast-schema-graph\">{\"@context\":\"https:\\\/\\\/schema.org\",\"@graph\":[{\"@type\":\"Article\",\"@id\":\"https:\\\/\\\/portaldenoticias.net\\\/ffsantos\\\/concurso-nacional-unificado-cnu-2025-ministerio-publico-pede-suspensao-do-concurso\\\/#article\",\"isPartOf\":{\"@id\":\"https:\\\/\\\/portaldenoticias.net\\\/ffsantos\\\/concurso-nacional-unificado-cnu-2025-ministerio-publico-pede-suspensao-do-concurso\\\/\"},\"author\":{\"name\":\"Florisvaldo\",\"@id\":\"https:\\\/\\\/portaldenoticias.net\\\/ffsantos\\\/#\\\/schema\\\/person\\\/709c788ecb22f2378d698c2cd46cecc3\"},\"headline\":\"CONCURSO NACIONAL UNIFICADO \u2013 CNU 2025: MINIST\u00c9RIO P\u00daBLICO PEDE SUSPENS\u00c3O DO CONCURSO\",\"datePublished\":\"2025-07-06T00:06:23+00:00\",\"mainEntityOfPage\":{\"@id\":\"https:\\\/\\\/portaldenoticias.net\\\/ffsantos\\\/concurso-nacional-unificado-cnu-2025-ministerio-publico-pede-suspensao-do-concurso\\\/\"},\"wordCount\":714,\"commentCount\":0,\"image\":{\"@id\":\"https:\\\/\\\/portaldenoticias.net\\\/ffsantos\\\/concurso-nacional-unificado-cnu-2025-ministerio-publico-pede-suspensao-do-concurso\\\/#primaryimage\"},\"thumbnailUrl\":\"https:\\\/\\\/portaldenoticias.net\\\/ffsantos\\\/wp-content\\\/uploads\\\/2025\\\/07\\\/CONCURSO-Imagem1.jpg\",\"articleSection\":[\"Brasil\",\"Destaques\",\"\u00daltimas Not\u00edcias\"],\"inLanguage\":\"pt-BR\",\"potentialAction\":[{\"@type\":\"CommentAction\",\"name\":\"Comment\",\"target\":[\"https:\\\/\\\/portaldenoticias.net\\\/ffsantos\\\/concurso-nacional-unificado-cnu-2025-ministerio-publico-pede-suspensao-do-concurso\\\/#respond\"]}]},{\"@type\":\"WebPage\",\"@id\":\"https:\\\/\\\/portaldenoticias.net\\\/ffsantos\\\/concurso-nacional-unificado-cnu-2025-ministerio-publico-pede-suspensao-do-concurso\\\/\",\"url\":\"https:\\\/\\\/portaldenoticias.net\\\/ffsantos\\\/concurso-nacional-unificado-cnu-2025-ministerio-publico-pede-suspensao-do-concurso\\\/\",\"name\":\"CONCURSO NACIONAL UNIFICADO \u2013 CNU 2025: MINIST\u00c9RIO P\u00daBLICO PEDE SUSPENS\u00c3O DO CONCURSO - Blog do Florisvaldo\",\"isPartOf\":{\"@id\":\"https:\\\/\\\/portaldenoticias.net\\\/ffsantos\\\/#website\"},\"primaryImageOfPage\":{\"@id\":\"https:\\\/\\\/portaldenoticias.net\\\/ffsantos\\\/concurso-nacional-unificado-cnu-2025-ministerio-publico-pede-suspensao-do-concurso\\\/#primaryimage\"},\"image\":{\"@id\":\"https:\\\/\\\/portaldenoticias.net\\\/ffsantos\\\/concurso-nacional-unificado-cnu-2025-ministerio-publico-pede-suspensao-do-concurso\\\/#primaryimage\"},\"thumbnailUrl\":\"https:\\\/\\\/portaldenoticias.net\\\/ffsantos\\\/wp-content\\\/uploads\\\/2025\\\/07\\\/CONCURSO-Imagem1.jpg\",\"datePublished\":\"2025-07-06T00:06:23+00:00\",\"author\":{\"@id\":\"https:\\\/\\\/portaldenoticias.net\\\/ffsantos\\\/#\\\/schema\\\/person\\\/709c788ecb22f2378d698c2cd46cecc3\"},\"breadcrumb\":{\"@id\":\"https:\\\/\\\/portaldenoticias.net\\\/ffsantos\\\/concurso-nacional-unificado-cnu-2025-ministerio-publico-pede-suspensao-do-concurso\\\/#breadcrumb\"},\"inLanguage\":\"pt-BR\",\"potentialAction\":[{\"@type\":\"ReadAction\",\"target\":[\"https:\\\/\\\/portaldenoticias.net\\\/ffsantos\\\/concurso-nacional-unificado-cnu-2025-ministerio-publico-pede-suspensao-do-concurso\\\/\"]}]},{\"@type\":\"ImageObject\",\"inLanguage\":\"pt-BR\",\"@id\":\"https:\\\/\\\/portaldenoticias.net\\\/ffsantos\\\/concurso-nacional-unificado-cnu-2025-ministerio-publico-pede-suspensao-do-concurso\\\/#primaryimage\",\"url\":\"https:\\\/\\\/portaldenoticias.net\\\/ffsantos\\\/wp-content\\\/uploads\\\/2025\\\/07\\\/CONCURSO-Imagem1.jpg\",\"contentUrl\":\"https:\\\/\\\/portaldenoticias.net\\\/ffsantos\\\/wp-content\\\/uploads\\\/2025\\\/07\\\/CONCURSO-Imagem1.jpg\",\"width\":567,\"height\":359},{\"@type\":\"BreadcrumbList\",\"@id\":\"https:\\\/\\\/portaldenoticias.net\\\/ffsantos\\\/concurso-nacional-unificado-cnu-2025-ministerio-publico-pede-suspensao-do-concurso\\\/#breadcrumb\",\"itemListElement\":[{\"@type\":\"ListItem\",\"position\":1,\"name\":\"In\u00edcio\",\"item\":\"https:\\\/\\\/portaldenoticias.net\\\/ffsantos\\\/\"},{\"@type\":\"ListItem\",\"position\":2,\"name\":\"CONCURSO NACIONAL UNIFICADO \u2013 CNU 2025: MINIST\u00c9RIO P\u00daBLICO PEDE SUSPENS\u00c3O DO CONCURSO\"}]},{\"@type\":\"WebSite\",\"@id\":\"https:\\\/\\\/portaldenoticias.net\\\/ffsantos\\\/#website\",\"url\":\"https:\\\/\\\/portaldenoticias.net\\\/ffsantos\\\/\",\"name\":\"Blog do Florisvaldo |\",\"description\":\"Informa\u00e7\u00e3o com imparcialidade\",\"potentialAction\":[{\"@type\":\"SearchAction\",\"target\":{\"@type\":\"EntryPoint\",\"urlTemplate\":\"https:\\\/\\\/portaldenoticias.net\\\/ffsantos\\\/?s={search_term_string}\"},\"query-input\":{\"@type\":\"PropertyValueSpecification\",\"valueRequired\":true,\"valueName\":\"search_term_string\"}}],\"inLanguage\":\"pt-BR\"},{\"@type\":\"Person\",\"@id\":\"https:\\\/\\\/portaldenoticias.net\\\/ffsantos\\\/#\\\/schema\\\/person\\\/709c788ecb22f2378d698c2cd46cecc3\",\"name\":\"Florisvaldo\",\"image\":{\"@type\":\"ImageObject\",\"inLanguage\":\"pt-BR\",\"@id\":\"https:\\\/\\\/secure.gravatar.com\\\/avatar\\\/23c59839b4c874bb227d4916d18ba065e405a73d0e423fa9255ba9436604e628?s=96&d=mm&r=g\",\"url\":\"https:\\\/\\\/secure.gravatar.com\\\/avatar\\\/23c59839b4c874bb227d4916d18ba065e405a73d0e423fa9255ba9436604e628?s=96&d=mm&r=g\",\"contentUrl\":\"https:\\\/\\\/secure.gravatar.com\\\/avatar\\\/23c59839b4c874bb227d4916d18ba065e405a73d0e423fa9255ba9436604e628?s=96&d=mm&r=g\",\"caption\":\"Florisvaldo\"},\"url\":\"https:\\\/\\\/portaldenoticias.net\\\/ffsantos\\\/author\\\/ffsantos\\\/\"}]}<\/script>\n<!-- \/ Yoast SEO plugin. -->","yoast_head_json":{"title":"CONCURSO NACIONAL UNIFICADO \u2013 CNU 2025: MINIST\u00c9RIO P\u00daBLICO PEDE SUSPENS\u00c3O DO CONCURSO - Blog do Florisvaldo","robots":{"index":"index","follow":"follow","max-snippet":"max-snippet:-1","max-image-preview":"max-image-preview:large","max-video-preview":"max-video-preview:-1"},"canonical":"https:\/\/portaldenoticias.net\/ffsantos\/concurso-nacional-unificado-cnu-2025-ministerio-publico-pede-suspensao-do-concurso\/","og_locale":"pt_BR","og_type":"article","og_title":"CONCURSO NACIONAL UNIFICADO \u2013 CNU 2025: MINIST\u00c9RIO P\u00daBLICO PEDE SUSPENS\u00c3O DO CONCURSO - Blog do Florisvaldo","og_description":"MPF pede que CNU 2025 seja suspenso &#8211; Diz que, embora o edital cite o aumento do percentual, problemas identificados na primeira edi\u00e7\u00e3o do concurso, em 2024, ainda persistem &#8211; Foto: Cristiano Mariz\/Ag\u00eancia O Globo. O Minist\u00e9rio P\u00fablico Federal (MPF) entrou na \u00faltima quarta-feira com pedido na Justi\u00e7a Federal do Distrito Federal para suspender imediatamente","og_url":"https:\/\/portaldenoticias.net\/ffsantos\/concurso-nacional-unificado-cnu-2025-ministerio-publico-pede-suspensao-do-concurso\/","og_site_name":"Blog do Florisvaldo","article_published_time":"2025-07-06T00:06:23+00:00","og_image":[{"width":567,"height":359,"url":"https:\/\/portaldenoticias.net\/ffsantos\/wp-content\/uploads\/2025\/07\/CONCURSO-Imagem1.jpg","type":"image\/jpeg"}],"author":"Florisvaldo","twitter_card":"summary_large_image","twitter_misc":{"Escrito por":"Florisvaldo","Est. tempo de leitura":"4 minutos"},"schema":{"@context":"https:\/\/schema.org","@graph":[{"@type":"Article","@id":"https:\/\/portaldenoticias.net\/ffsantos\/concurso-nacional-unificado-cnu-2025-ministerio-publico-pede-suspensao-do-concurso\/#article","isPartOf":{"@id":"https:\/\/portaldenoticias.net\/ffsantos\/concurso-nacional-unificado-cnu-2025-ministerio-publico-pede-suspensao-do-concurso\/"},"author":{"name":"Florisvaldo","@id":"https:\/\/portaldenoticias.net\/ffsantos\/#\/schema\/person\/709c788ecb22f2378d698c2cd46cecc3"},"headline":"CONCURSO NACIONAL UNIFICADO \u2013 CNU 2025: MINIST\u00c9RIO P\u00daBLICO PEDE SUSPENS\u00c3O DO CONCURSO","datePublished":"2025-07-06T00:06:23+00:00","mainEntityOfPage":{"@id":"https:\/\/portaldenoticias.net\/ffsantos\/concurso-nacional-unificado-cnu-2025-ministerio-publico-pede-suspensao-do-concurso\/"},"wordCount":714,"commentCount":0,"image":{"@id":"https:\/\/portaldenoticias.net\/ffsantos\/concurso-nacional-unificado-cnu-2025-ministerio-publico-pede-suspensao-do-concurso\/#primaryimage"},"thumbnailUrl":"https:\/\/portaldenoticias.net\/ffsantos\/wp-content\/uploads\/2025\/07\/CONCURSO-Imagem1.jpg","articleSection":["Brasil","Destaques","\u00daltimas Not\u00edcias"],"inLanguage":"pt-BR","potentialAction":[{"@type":"CommentAction","name":"Comment","target":["https:\/\/portaldenoticias.net\/ffsantos\/concurso-nacional-unificado-cnu-2025-ministerio-publico-pede-suspensao-do-concurso\/#respond"]}]},{"@type":"WebPage","@id":"https:\/\/portaldenoticias.net\/ffsantos\/concurso-nacional-unificado-cnu-2025-ministerio-publico-pede-suspensao-do-concurso\/","url":"https:\/\/portaldenoticias.net\/ffsantos\/concurso-nacional-unificado-cnu-2025-ministerio-publico-pede-suspensao-do-concurso\/","name":"CONCURSO NACIONAL UNIFICADO \u2013 CNU 2025: MINIST\u00c9RIO P\u00daBLICO PEDE SUSPENS\u00c3O DO CONCURSO - Blog do Florisvaldo","isPartOf":{"@id":"https:\/\/portaldenoticias.net\/ffsantos\/#website"},"primaryImageOfPage":{"@id":"https:\/\/portaldenoticias.net\/ffsantos\/concurso-nacional-unificado-cnu-2025-ministerio-publico-pede-suspensao-do-concurso\/#primaryimage"},"image":{"@id":"https:\/\/portaldenoticias.net\/ffsantos\/concurso-nacional-unificado-cnu-2025-ministerio-publico-pede-suspensao-do-concurso\/#primaryimage"},"thumbnailUrl":"https:\/\/portaldenoticias.net\/ffsantos\/wp-content\/uploads\/2025\/07\/CONCURSO-Imagem1.jpg","datePublished":"2025-07-06T00:06:23+00:00","author":{"@id":"https:\/\/portaldenoticias.net\/ffsantos\/#\/schema\/person\/709c788ecb22f2378d698c2cd46cecc3"},"breadcrumb":{"@id":"https:\/\/portaldenoticias.net\/ffsantos\/concurso-nacional-unificado-cnu-2025-ministerio-publico-pede-suspensao-do-concurso\/#breadcrumb"},"inLanguage":"pt-BR","potentialAction":[{"@type":"ReadAction","target":["https:\/\/portaldenoticias.net\/ffsantos\/concurso-nacional-unificado-cnu-2025-ministerio-publico-pede-suspensao-do-concurso\/"]}]},{"@type":"ImageObject","inLanguage":"pt-BR","@id":"https:\/\/portaldenoticias.net\/ffsantos\/concurso-nacional-unificado-cnu-2025-ministerio-publico-pede-suspensao-do-concurso\/#primaryimage","url":"https:\/\/portaldenoticias.net\/ffsantos\/wp-content\/uploads\/2025\/07\/CONCURSO-Imagem1.jpg","contentUrl":"https:\/\/portaldenoticias.net\/ffsantos\/wp-content\/uploads\/2025\/07\/CONCURSO-Imagem1.jpg","width":567,"height":359},{"@type":"BreadcrumbList","@id":"https:\/\/portaldenoticias.net\/ffsantos\/concurso-nacional-unificado-cnu-2025-ministerio-publico-pede-suspensao-do-concurso\/#breadcrumb","itemListElement":[{"@type":"ListItem","position":1,"name":"In\u00edcio","item":"https:\/\/portaldenoticias.net\/ffsantos\/"},{"@type":"ListItem","position":2,"name":"CONCURSO NACIONAL UNIFICADO \u2013 CNU 2025: MINIST\u00c9RIO P\u00daBLICO PEDE SUSPENS\u00c3O DO CONCURSO"}]},{"@type":"WebSite","@id":"https:\/\/portaldenoticias.net\/ffsantos\/#website","url":"https:\/\/portaldenoticias.net\/ffsantos\/","name":"Blog do Florisvaldo |","description":"Informa\u00e7\u00e3o com imparcialidade","potentialAction":[{"@type":"SearchAction","target":{"@type":"EntryPoint","urlTemplate":"https:\/\/portaldenoticias.net\/ffsantos\/?s={search_term_string}"},"query-input":{"@type":"PropertyValueSpecification","valueRequired":true,"valueName":"search_term_string"}}],"inLanguage":"pt-BR"},{"@type":"Person","@id":"https:\/\/portaldenoticias.net\/ffsantos\/#\/schema\/person\/709c788ecb22f2378d698c2cd46cecc3","name":"Florisvaldo","image":{"@type":"ImageObject","inLanguage":"pt-BR","@id":"https:\/\/secure.gravatar.com\/avatar\/23c59839b4c874bb227d4916d18ba065e405a73d0e423fa9255ba9436604e628?s=96&d=mm&r=g","url":"https:\/\/secure.gravatar.com\/avatar\/23c59839b4c874bb227d4916d18ba065e405a73d0e423fa9255ba9436604e628?s=96&d=mm&r=g","contentUrl":"https:\/\/secure.gravatar.com\/avatar\/23c59839b4c874bb227d4916d18ba065e405a73d0e423fa9255ba9436604e628?s=96&d=mm&r=g","caption":"Florisvaldo"},"url":"https:\/\/portaldenoticias.net\/ffsantos\/author\/ffsantos\/"}]}},"_links":{"self":[{"href":"https:\/\/portaldenoticias.net\/ffsantos\/wp-json\/wp\/v2\/posts\/20879","targetHints":{"allow":["GET"]}}],"collection":[{"href":"https:\/\/portaldenoticias.net\/ffsantos\/wp-json\/wp\/v2\/posts"}],"about":[{"href":"https:\/\/portaldenoticias.net\/ffsantos\/wp-json\/wp\/v2\/types\/post"}],"author":[{"embeddable":true,"href":"https:\/\/portaldenoticias.net\/ffsantos\/wp-json\/wp\/v2\/users\/2"}],"replies":[{"embeddable":true,"href":"https:\/\/portaldenoticias.net\/ffsantos\/wp-json\/wp\/v2\/comments?post=20879"}],"version-history":[{"count":1,"href":"https:\/\/portaldenoticias.net\/ffsantos\/wp-json\/wp\/v2\/posts\/20879\/revisions"}],"predecessor-version":[{"id":20881,"href":"https:\/\/portaldenoticias.net\/ffsantos\/wp-json\/wp\/v2\/posts\/20879\/revisions\/20881"}],"wp:featuredmedia":[{"embeddable":true,"href":"https:\/\/portaldenoticias.net\/ffsantos\/wp-json\/wp\/v2\/media\/20880"}],"wp:attachment":[{"href":"https:\/\/portaldenoticias.net\/ffsantos\/wp-json\/wp\/v2\/media?parent=20879"}],"wp:term":[{"taxonomy":"category","embeddable":true,"href":"https:\/\/portaldenoticias.net\/ffsantos\/wp-json\/wp\/v2\/categories?post=20879"},{"taxonomy":"post_tag","embeddable":true,"href":"https:\/\/portaldenoticias.net\/ffsantos\/wp-json\/wp\/v2\/tags?post=20879"}],"curies":[{"name":"wp","href":"https:\/\/api.w.org\/{rel}","templated":true}]}}