{"id":186,"date":"2014-11-24T20:24:23","date_gmt":"2014-11-24T20:24:23","guid":{"rendered":"http:\/\/www.portaldenoticias.net\/ffsantos\/?p=186"},"modified":"2014-11-24T20:36:39","modified_gmt":"2014-11-24T20:36:39","slug":"seguros-apts-debatera-questoes-polemicas-do-seguro-de-aotomovel","status":"publish","type":"post","link":"https:\/\/portaldenoticias.net\/ffsantos\/seguros-apts-debatera-questoes-polemicas-do-seguro-de-aotomovel\/","title":{"rendered":"SEGUROS &#8211; APTS DEBATER\u00c1 QUEST\u00d5ES POL\u00caMICAS DO SEGURO DE AOTOM\u00d3VEL"},"content":{"rendered":"<p><a href=\"http:\/\/www.portaldenoticias.net\/ffsantos\/wp-content\/uploads\/2014\/11\/apts-221.jpg\"><img loading=\"lazy\" decoding=\"async\" class=\"aligncenter size-full wp-image-36\" src=\"http:\/\/www.portaldenoticias.net\/ffsantos\/wp-content\/uploads\/2014\/11\/apts-221.jpg\" alt=\"apts-22\" width=\"294\" height=\"171\" \/><\/a><\/p>\n<p>Na pr\u00f3xima quarta-feira, dia 26, das 9h \u00e0s 11h, a APTS realizar\u00e1 em sua sede o Debate Bom-Dia \u201cConsumidor e Ressarcimento: o equil\u00edbrio do seguro de Autom\u00f3vel\u201d, sob a coordena\u00e7\u00e3o da diretora de Novos Projetos da APTS, Maria Helena Gurgel Prado.<\/p>\n<p>Com enfoque no tema \u201cequil\u00edbrio financeiro da carteira de autom\u00f3vel\u201d, Debate Bom-Dia abordar\u00e1, entre outras quest\u00f5es controversas do ramo, agravamento de risco, seguro perfil e prescri\u00e7\u00e3o.<\/p>\n<p>O evento trar\u00e1 a an\u00e1lise de dois dos fatores que contribuem para o desequil\u00edbrio do resultado financeiro do seguro de autom\u00f3vel no \u00e2mbito do mercado segurador: a falta de conhecimento do segurado sobre as regras do seguro e as condi\u00e7\u00f5es que dificultam o ressarcimento contra o causador do dano.<\/p>\n<p>O advogado\u00a0Fernando Martins Chaves, que atua nas \u00e1reas de ressarcimento e jur\u00eddica\u00a0da Alfa Seguradora, analisar\u00e1 algumas situa\u00e7\u00f5es relacionadas ao consumidor, o segurado de autom\u00f3vel. Uma delas se refere ao problema das cl\u00e1usulas mal escritas que originam pedido judicial de nulidade.<\/p>\n<p>Nesse aspecto, ele ressalta a import\u00e2ncia do corretor de seguros como orientador do consumidor em rela\u00e7\u00e3o \u00e0s cl\u00e1usulas que possam limitar os riscos assumidos pela seguradora. \u201cO corretor deve se empenhar em coletar os dados exatos do segurado e dos bens que ser\u00e3o segurados\u201d, diz.<\/p>\n<p>A coordenadora Helena Prado chama a aten\u00e7\u00e3o para outro ponto: \u201c\u00c0 medida que o segurado n\u00e3o entende o produto que est\u00e1 comprando aumentam as chances de reclamar \u00e0 justi\u00e7a e, \u00e0s vezes, at\u00e9 por situa\u00e7\u00f5es em que n\u00e3o tem direito\u201d. Segundo ela, a consequ\u00eancia \u00e9 o aumento do custo interno das seguradoras para defesas, agravando o resultado da carteira.<\/p>\n<p>Em sua palestra, Chaves dedicar\u00e1 uma parte \u00e0s quest\u00f5es pol\u00eamicas do seguro de autom\u00f3vel, relacionadas ao agravamento de risco (em caso de embriaguez do segurado), preenchimento do question\u00e1rio de perfil e prazo de prescri\u00e7\u00e3o.<\/p>\n<p>O tema ressarcimento ser\u00e1 apresentado pela\u00a0advogada Darli Polvani Bechara, respons\u00e1vel pela equipe de ressarcimento da HDI Seguros. Em sua palestra, ela abordar\u00e1 o\u00a0detalhando do procedimento interno, documentos essenciais ao ressarcimento, testemunhas, boletim de ocorr\u00eancia, prazo de prescri\u00e7\u00e3o e a colabora\u00e7\u00e3o do corretor de seguros nesse processo.<\/p>\n<p><strong><em>Servi\u00e7o:<\/em><\/strong> Debate Bom-Dia\u00a0<strong>\u201cConsumidor e Ressarcimento: o equil\u00edbrio do seguro de Autom\u00f3vel\u201d.<\/strong><\/p>\n<p><strong><em>Data\/Local<\/em><\/strong>: 26 de novembro, das 9h \u00e0s 11h, na sede da APTS, no Largo do Paissand\u00fa, n\u00ba 72, 17\u00ba andar, conj. 1704, S. Paulo, SP.<\/p>\n<p><strong>Coordena\u00e7\u00e3o<\/strong>: Maria Helena Gurgel Prado, diretora de Novos Projetos da APTS e s\u00f3cia da Prado e Saraiva Advogados.<\/p>\n<p><strong>Apresenta\u00e7\u00e3o<\/strong>: Fernando Martins Chaves, profissional das \u00e1reas de ressarcimento e jur\u00eddica da Alfa Seguradora e Darli Polvani Bechara, advogada respons\u00e1vel pela equipe de ressarcimento da HDI Seguros.<\/p>\n<p><em><strong><br \/>\n<a href=\"http:\/\/www.portaldenoticias.net\/ffsantos\/wp-content\/uploads\/2014\/11\/Marcia-Alves.jpg\"><img loading=\"lazy\" decoding=\"async\" class=\"alignleft size-full wp-image-193\" src=\"http:\/\/www.portaldenoticias.net\/ffsantos\/wp-content\/uploads\/2014\/11\/Marcia-Alves.jpg\" alt=\"Marcia Alves\" width=\"128\" height=\"128\" \/><\/a>Informa\u00e7\u00f5es e inscri\u00e7\u00f5es:<\/strong><\/em> (11) 3227 4217 e 3229 6503 ou pelo e-mail:\u00a0<a href=\"mailto:apts@apts.org.br\">apts@apts.org.br<\/a>\u00a0&#8211; <em><strong>Imprensa\u00a0M\u00e1rcia Alves<\/strong><\/em><\/p>\n<p style=\"text-align: center\"><strong><em>Blog do Florisvaldo &#8211; Informa\u00e7\u00e3o com imparcialidade &#8211; 24\/11\/2014<\/em><\/strong><\/p>\n<p style=\"text-align: center\"><strong><em>Florisvaldo Ferreira dos Santos<\/em><\/strong><\/p>\n<p style=\"text-align: center\"><strong><em>Consultor de Seguros e Benef\u00edcios<\/em><\/strong><\/p>\n<p style=\"text-align: center\">\n","protected":false},"excerpt":{"rendered":"<p>Na pr\u00f3xima quarta-feira, dia 26, das 9h \u00e0s 11h, a APTS realizar\u00e1 em sua sede o Debate Bom-Dia \u201cConsumidor e Ressarcimento: o equil\u00edbrio do seguro de Autom\u00f3vel\u201d, sob a coordena\u00e7\u00e3o da diretora de Novos Projetos da APTS, Maria Helena Gurgel Prado. Com enfoque no tema \u201cequil\u00edbrio financeiro da carteira de autom\u00f3vel\u201d, Debate Bom-Dia abordar\u00e1, entre<\/p>\n","protected":false},"author":2,"featured_media":188,"comment_status":"open","ping_status":"open","sticky":false,"template":"","format":"standard","meta":{"footnotes":""},"categories":[2,1,6],"tags":[],"class_list":{"0":"post-186","1":"post","2":"type-post","3":"status-publish","4":"format-standard","5":"has-post-thumbnail","7":"category-brasil","8":"category-destaques","9":"category-economia"},"yoast_head":"<!-- This site is optimized with the Yoast SEO plugin v27.4 - https:\/\/yoast.com\/product\/yoast-seo-wordpress\/ -->\n<title>SEGUROS - APTS DEBATER\u00c1 QUEST\u00d5ES POL\u00caMICAS DO SEGURO DE AOTOM\u00d3VEL - Blog do Florisvaldo<\/title>\n<meta name=\"robots\" content=\"index, follow, max-snippet:-1, max-image-preview:large, max-video-preview:-1\" \/>\n<link rel=\"canonical\" href=\"https:\/\/portaldenoticias.net\/ffsantos\/seguros-apts-debatera-questoes-polemicas-do-seguro-de-aotomovel\/\" \/>\n<meta property=\"og:locale\" content=\"pt_BR\" \/>\n<meta property=\"og:type\" content=\"article\" \/>\n<meta property=\"og:title\" content=\"SEGUROS - APTS DEBATER\u00c1 QUEST\u00d5ES POL\u00caMICAS DO SEGURO DE AOTOM\u00d3VEL - Blog do Florisvaldo\" \/>\n<meta property=\"og:description\" content=\"Na pr\u00f3xima quarta-feira, dia 26, das 9h \u00e0s 11h, a APTS realizar\u00e1 em sua sede o Debate Bom-Dia \u201cConsumidor e Ressarcimento: o equil\u00edbrio do seguro de Autom\u00f3vel\u201d, sob a coordena\u00e7\u00e3o da diretora de Novos Projetos da APTS, Maria Helena Gurgel Prado. Com enfoque no tema \u201cequil\u00edbrio financeiro da carteira de autom\u00f3vel\u201d, Debate Bom-Dia abordar\u00e1, entre\" \/>\n<meta property=\"og:url\" content=\"https:\/\/portaldenoticias.net\/ffsantos\/seguros-apts-debatera-questoes-polemicas-do-seguro-de-aotomovel\/\" \/>\n<meta property=\"og:site_name\" content=\"Blog do Florisvaldo\" \/>\n<meta property=\"article:published_time\" content=\"2014-11-24T20:24:23+00:00\" \/>\n<meta property=\"article:modified_time\" content=\"2014-11-24T20:36:39+00:00\" \/>\n<meta property=\"og:image\" content=\"https:\/\/portaldenoticias.net\/ffsantos\/wp-content\/uploads\/2014\/11\/APTS-s.jpg\" \/>\n\t<meta property=\"og:image:width\" content=\"294\" \/>\n\t<meta property=\"og:image:height\" content=\"171\" \/>\n\t<meta property=\"og:image:type\" content=\"image\/jpeg\" \/>\n<meta name=\"author\" content=\"Florisvaldo\" \/>\n<meta name=\"twitter:card\" content=\"summary_large_image\" \/>\n<meta name=\"twitter:label1\" content=\"Escrito por\" \/>\n\t<meta name=\"twitter:data1\" content=\"Florisvaldo\" \/>\n\t<meta name=\"twitter:label2\" content=\"Est. tempo de leitura\" \/>\n\t<meta name=\"twitter:data2\" content=\"2 minutos\" \/>\n<script type=\"application\/ld+json\" class=\"yoast-schema-graph\">{\"@context\":\"https:\\\/\\\/schema.org\",\"@graph\":[{\"@type\":\"Article\",\"@id\":\"https:\\\/\\\/portaldenoticias.net\\\/ffsantos\\\/seguros-apts-debatera-questoes-polemicas-do-seguro-de-aotomovel\\\/#article\",\"isPartOf\":{\"@id\":\"https:\\\/\\\/portaldenoticias.net\\\/ffsantos\\\/seguros-apts-debatera-questoes-polemicas-do-seguro-de-aotomovel\\\/\"},\"author\":{\"name\":\"Florisvaldo\",\"@id\":\"https:\\\/\\\/portaldenoticias.net\\\/ffsantos\\\/#\\\/schema\\\/person\\\/709c788ecb22f2378d698c2cd46cecc3\"},\"headline\":\"SEGUROS &#8211; APTS DEBATER\u00c1 QUEST\u00d5ES POL\u00caMICAS DO SEGURO DE AOTOM\u00d3VEL\",\"datePublished\":\"2014-11-24T20:24:23+00:00\",\"dateModified\":\"2014-11-24T20:36:39+00:00\",\"mainEntityOfPage\":{\"@id\":\"https:\\\/\\\/portaldenoticias.net\\\/ffsantos\\\/seguros-apts-debatera-questoes-polemicas-do-seguro-de-aotomovel\\\/\"},\"wordCount\":512,\"commentCount\":0,\"image\":{\"@id\":\"https:\\\/\\\/portaldenoticias.net\\\/ffsantos\\\/seguros-apts-debatera-questoes-polemicas-do-seguro-de-aotomovel\\\/#primaryimage\"},\"thumbnailUrl\":\"https:\\\/\\\/portaldenoticias.net\\\/ffsantos\\\/wp-content\\\/uploads\\\/2014\\\/11\\\/APTS-s.jpg\",\"articleSection\":[\"Brasil\",\"Destaques\",\"Economia\"],\"inLanguage\":\"pt-BR\",\"potentialAction\":[{\"@type\":\"CommentAction\",\"name\":\"Comment\",\"target\":[\"https:\\\/\\\/portaldenoticias.net\\\/ffsantos\\\/seguros-apts-debatera-questoes-polemicas-do-seguro-de-aotomovel\\\/#respond\"]}]},{\"@type\":\"WebPage\",\"@id\":\"https:\\\/\\\/portaldenoticias.net\\\/ffsantos\\\/seguros-apts-debatera-questoes-polemicas-do-seguro-de-aotomovel\\\/\",\"url\":\"https:\\\/\\\/portaldenoticias.net\\\/ffsantos\\\/seguros-apts-debatera-questoes-polemicas-do-seguro-de-aotomovel\\\/\",\"name\":\"SEGUROS - APTS DEBATER\u00c1 QUEST\u00d5ES POL\u00caMICAS DO SEGURO DE AOTOM\u00d3VEL - Blog do Florisvaldo\",\"isPartOf\":{\"@id\":\"https:\\\/\\\/portaldenoticias.net\\\/ffsantos\\\/#website\"},\"primaryImageOfPage\":{\"@id\":\"https:\\\/\\\/portaldenoticias.net\\\/ffsantos\\\/seguros-apts-debatera-questoes-polemicas-do-seguro-de-aotomovel\\\/#primaryimage\"},\"image\":{\"@id\":\"https:\\\/\\\/portaldenoticias.net\\\/ffsantos\\\/seguros-apts-debatera-questoes-polemicas-do-seguro-de-aotomovel\\\/#primaryimage\"},\"thumbnailUrl\":\"https:\\\/\\\/portaldenoticias.net\\\/ffsantos\\\/wp-content\\\/uploads\\\/2014\\\/11\\\/APTS-s.jpg\",\"datePublished\":\"2014-11-24T20:24:23+00:00\",\"dateModified\":\"2014-11-24T20:36:39+00:00\",\"author\":{\"@id\":\"https:\\\/\\\/portaldenoticias.net\\\/ffsantos\\\/#\\\/schema\\\/person\\\/709c788ecb22f2378d698c2cd46cecc3\"},\"breadcrumb\":{\"@id\":\"https:\\\/\\\/portaldenoticias.net\\\/ffsantos\\\/seguros-apts-debatera-questoes-polemicas-do-seguro-de-aotomovel\\\/#breadcrumb\"},\"inLanguage\":\"pt-BR\",\"potentialAction\":[{\"@type\":\"ReadAction\",\"target\":[\"https:\\\/\\\/portaldenoticias.net\\\/ffsantos\\\/seguros-apts-debatera-questoes-polemicas-do-seguro-de-aotomovel\\\/\"]}]},{\"@type\":\"ImageObject\",\"inLanguage\":\"pt-BR\",\"@id\":\"https:\\\/\\\/portaldenoticias.net\\\/ffsantos\\\/seguros-apts-debatera-questoes-polemicas-do-seguro-de-aotomovel\\\/#primaryimage\",\"url\":\"https:\\\/\\\/portaldenoticias.net\\\/ffsantos\\\/wp-content\\\/uploads\\\/2014\\\/11\\\/APTS-s.jpg\",\"contentUrl\":\"https:\\\/\\\/portaldenoticias.net\\\/ffsantos\\\/wp-content\\\/uploads\\\/2014\\\/11\\\/APTS-s.jpg\",\"width\":294,\"height\":171},{\"@type\":\"BreadcrumbList\",\"@id\":\"https:\\\/\\\/portaldenoticias.net\\\/ffsantos\\\/seguros-apts-debatera-questoes-polemicas-do-seguro-de-aotomovel\\\/#breadcrumb\",\"itemListElement\":[{\"@type\":\"ListItem\",\"position\":1,\"name\":\"In\u00edcio\",\"item\":\"https:\\\/\\\/portaldenoticias.net\\\/ffsantos\\\/\"},{\"@type\":\"ListItem\",\"position\":2,\"name\":\"SEGUROS &#8211; APTS DEBATER\u00c1 QUEST\u00d5ES POL\u00caMICAS DO SEGURO DE AOTOM\u00d3VEL\"}]},{\"@type\":\"WebSite\",\"@id\":\"https:\\\/\\\/portaldenoticias.net\\\/ffsantos\\\/#website\",\"url\":\"https:\\\/\\\/portaldenoticias.net\\\/ffsantos\\\/\",\"name\":\"Blog do Florisvaldo |\",\"description\":\"Informa\u00e7\u00e3o com imparcialidade\",\"potentialAction\":[{\"@type\":\"SearchAction\",\"target\":{\"@type\":\"EntryPoint\",\"urlTemplate\":\"https:\\\/\\\/portaldenoticias.net\\\/ffsantos\\\/?s={search_term_string}\"},\"query-input\":{\"@type\":\"PropertyValueSpecification\",\"valueRequired\":true,\"valueName\":\"search_term_string\"}}],\"inLanguage\":\"pt-BR\"},{\"@type\":\"Person\",\"@id\":\"https:\\\/\\\/portaldenoticias.net\\\/ffsantos\\\/#\\\/schema\\\/person\\\/709c788ecb22f2378d698c2cd46cecc3\",\"name\":\"Florisvaldo\",\"image\":{\"@type\":\"ImageObject\",\"inLanguage\":\"pt-BR\",\"@id\":\"https:\\\/\\\/secure.gravatar.com\\\/avatar\\\/23c59839b4c874bb227d4916d18ba065e405a73d0e423fa9255ba9436604e628?s=96&d=mm&r=g\",\"url\":\"https:\\\/\\\/secure.gravatar.com\\\/avatar\\\/23c59839b4c874bb227d4916d18ba065e405a73d0e423fa9255ba9436604e628?s=96&d=mm&r=g\",\"contentUrl\":\"https:\\\/\\\/secure.gravatar.com\\\/avatar\\\/23c59839b4c874bb227d4916d18ba065e405a73d0e423fa9255ba9436604e628?s=96&d=mm&r=g\",\"caption\":\"Florisvaldo\"},\"url\":\"https:\\\/\\\/portaldenoticias.net\\\/ffsantos\\\/author\\\/ffsantos\\\/\"}]}<\/script>\n<!-- \/ Yoast SEO plugin. -->","yoast_head_json":{"title":"SEGUROS - APTS DEBATER\u00c1 QUEST\u00d5ES POL\u00caMICAS DO SEGURO DE AOTOM\u00d3VEL - Blog do Florisvaldo","robots":{"index":"index","follow":"follow","max-snippet":"max-snippet:-1","max-image-preview":"max-image-preview:large","max-video-preview":"max-video-preview:-1"},"canonical":"https:\/\/portaldenoticias.net\/ffsantos\/seguros-apts-debatera-questoes-polemicas-do-seguro-de-aotomovel\/","og_locale":"pt_BR","og_type":"article","og_title":"SEGUROS - APTS DEBATER\u00c1 QUEST\u00d5ES POL\u00caMICAS DO SEGURO DE AOTOM\u00d3VEL - Blog do Florisvaldo","og_description":"Na pr\u00f3xima quarta-feira, dia 26, das 9h \u00e0s 11h, a APTS realizar\u00e1 em sua sede o Debate Bom-Dia \u201cConsumidor e Ressarcimento: o equil\u00edbrio do seguro de Autom\u00f3vel\u201d, sob a coordena\u00e7\u00e3o da diretora de Novos Projetos da APTS, Maria Helena Gurgel Prado. Com enfoque no tema \u201cequil\u00edbrio financeiro da carteira de autom\u00f3vel\u201d, Debate Bom-Dia abordar\u00e1, entre","og_url":"https:\/\/portaldenoticias.net\/ffsantos\/seguros-apts-debatera-questoes-polemicas-do-seguro-de-aotomovel\/","og_site_name":"Blog do Florisvaldo","article_published_time":"2014-11-24T20:24:23+00:00","article_modified_time":"2014-11-24T20:36:39+00:00","og_image":[{"width":294,"height":171,"url":"https:\/\/portaldenoticias.net\/ffsantos\/wp-content\/uploads\/2014\/11\/APTS-s.jpg","type":"image\/jpeg"}],"author":"Florisvaldo","twitter_card":"summary_large_image","twitter_misc":{"Escrito por":"Florisvaldo","Est. tempo de leitura":"2 minutos"},"schema":{"@context":"https:\/\/schema.org","@graph":[{"@type":"Article","@id":"https:\/\/portaldenoticias.net\/ffsantos\/seguros-apts-debatera-questoes-polemicas-do-seguro-de-aotomovel\/#article","isPartOf":{"@id":"https:\/\/portaldenoticias.net\/ffsantos\/seguros-apts-debatera-questoes-polemicas-do-seguro-de-aotomovel\/"},"author":{"name":"Florisvaldo","@id":"https:\/\/portaldenoticias.net\/ffsantos\/#\/schema\/person\/709c788ecb22f2378d698c2cd46cecc3"},"headline":"SEGUROS &#8211; APTS DEBATER\u00c1 QUEST\u00d5ES POL\u00caMICAS DO SEGURO DE AOTOM\u00d3VEL","datePublished":"2014-11-24T20:24:23+00:00","dateModified":"2014-11-24T20:36:39+00:00","mainEntityOfPage":{"@id":"https:\/\/portaldenoticias.net\/ffsantos\/seguros-apts-debatera-questoes-polemicas-do-seguro-de-aotomovel\/"},"wordCount":512,"commentCount":0,"image":{"@id":"https:\/\/portaldenoticias.net\/ffsantos\/seguros-apts-debatera-questoes-polemicas-do-seguro-de-aotomovel\/#primaryimage"},"thumbnailUrl":"https:\/\/portaldenoticias.net\/ffsantos\/wp-content\/uploads\/2014\/11\/APTS-s.jpg","articleSection":["Brasil","Destaques","Economia"],"inLanguage":"pt-BR","potentialAction":[{"@type":"CommentAction","name":"Comment","target":["https:\/\/portaldenoticias.net\/ffsantos\/seguros-apts-debatera-questoes-polemicas-do-seguro-de-aotomovel\/#respond"]}]},{"@type":"WebPage","@id":"https:\/\/portaldenoticias.net\/ffsantos\/seguros-apts-debatera-questoes-polemicas-do-seguro-de-aotomovel\/","url":"https:\/\/portaldenoticias.net\/ffsantos\/seguros-apts-debatera-questoes-polemicas-do-seguro-de-aotomovel\/","name":"SEGUROS - APTS DEBATER\u00c1 QUEST\u00d5ES POL\u00caMICAS DO SEGURO DE AOTOM\u00d3VEL - Blog do Florisvaldo","isPartOf":{"@id":"https:\/\/portaldenoticias.net\/ffsantos\/#website"},"primaryImageOfPage":{"@id":"https:\/\/portaldenoticias.net\/ffsantos\/seguros-apts-debatera-questoes-polemicas-do-seguro-de-aotomovel\/#primaryimage"},"image":{"@id":"https:\/\/portaldenoticias.net\/ffsantos\/seguros-apts-debatera-questoes-polemicas-do-seguro-de-aotomovel\/#primaryimage"},"thumbnailUrl":"https:\/\/portaldenoticias.net\/ffsantos\/wp-content\/uploads\/2014\/11\/APTS-s.jpg","datePublished":"2014-11-24T20:24:23+00:00","dateModified":"2014-11-24T20:36:39+00:00","author":{"@id":"https:\/\/portaldenoticias.net\/ffsantos\/#\/schema\/person\/709c788ecb22f2378d698c2cd46cecc3"},"breadcrumb":{"@id":"https:\/\/portaldenoticias.net\/ffsantos\/seguros-apts-debatera-questoes-polemicas-do-seguro-de-aotomovel\/#breadcrumb"},"inLanguage":"pt-BR","potentialAction":[{"@type":"ReadAction","target":["https:\/\/portaldenoticias.net\/ffsantos\/seguros-apts-debatera-questoes-polemicas-do-seguro-de-aotomovel\/"]}]},{"@type":"ImageObject","inLanguage":"pt-BR","@id":"https:\/\/portaldenoticias.net\/ffsantos\/seguros-apts-debatera-questoes-polemicas-do-seguro-de-aotomovel\/#primaryimage","url":"https:\/\/portaldenoticias.net\/ffsantos\/wp-content\/uploads\/2014\/11\/APTS-s.jpg","contentUrl":"https:\/\/portaldenoticias.net\/ffsantos\/wp-content\/uploads\/2014\/11\/APTS-s.jpg","width":294,"height":171},{"@type":"BreadcrumbList","@id":"https:\/\/portaldenoticias.net\/ffsantos\/seguros-apts-debatera-questoes-polemicas-do-seguro-de-aotomovel\/#breadcrumb","itemListElement":[{"@type":"ListItem","position":1,"name":"In\u00edcio","item":"https:\/\/portaldenoticias.net\/ffsantos\/"},{"@type":"ListItem","position":2,"name":"SEGUROS &#8211; APTS DEBATER\u00c1 QUEST\u00d5ES POL\u00caMICAS DO SEGURO DE AOTOM\u00d3VEL"}]},{"@type":"WebSite","@id":"https:\/\/portaldenoticias.net\/ffsantos\/#website","url":"https:\/\/portaldenoticias.net\/ffsantos\/","name":"Blog do Florisvaldo |","description":"Informa\u00e7\u00e3o com imparcialidade","potentialAction":[{"@type":"SearchAction","target":{"@type":"EntryPoint","urlTemplate":"https:\/\/portaldenoticias.net\/ffsantos\/?s={search_term_string}"},"query-input":{"@type":"PropertyValueSpecification","valueRequired":true,"valueName":"search_term_string"}}],"inLanguage":"pt-BR"},{"@type":"Person","@id":"https:\/\/portaldenoticias.net\/ffsantos\/#\/schema\/person\/709c788ecb22f2378d698c2cd46cecc3","name":"Florisvaldo","image":{"@type":"ImageObject","inLanguage":"pt-BR","@id":"https:\/\/secure.gravatar.com\/avatar\/23c59839b4c874bb227d4916d18ba065e405a73d0e423fa9255ba9436604e628?s=96&d=mm&r=g","url":"https:\/\/secure.gravatar.com\/avatar\/23c59839b4c874bb227d4916d18ba065e405a73d0e423fa9255ba9436604e628?s=96&d=mm&r=g","contentUrl":"https:\/\/secure.gravatar.com\/avatar\/23c59839b4c874bb227d4916d18ba065e405a73d0e423fa9255ba9436604e628?s=96&d=mm&r=g","caption":"Florisvaldo"},"url":"https:\/\/portaldenoticias.net\/ffsantos\/author\/ffsantos\/"}]}},"_links":{"self":[{"href":"https:\/\/portaldenoticias.net\/ffsantos\/wp-json\/wp\/v2\/posts\/186","targetHints":{"allow":["GET"]}}],"collection":[{"href":"https:\/\/portaldenoticias.net\/ffsantos\/wp-json\/wp\/v2\/posts"}],"about":[{"href":"https:\/\/portaldenoticias.net\/ffsantos\/wp-json\/wp\/v2\/types\/post"}],"author":[{"embeddable":true,"href":"https:\/\/portaldenoticias.net\/ffsantos\/wp-json\/wp\/v2\/users\/2"}],"replies":[{"embeddable":true,"href":"https:\/\/portaldenoticias.net\/ffsantos\/wp-json\/wp\/v2\/comments?post=186"}],"version-history":[{"count":0,"href":"https:\/\/portaldenoticias.net\/ffsantos\/wp-json\/wp\/v2\/posts\/186\/revisions"}],"wp:featuredmedia":[{"embeddable":true,"href":"https:\/\/portaldenoticias.net\/ffsantos\/wp-json\/wp\/v2\/media\/188"}],"wp:attachment":[{"href":"https:\/\/portaldenoticias.net\/ffsantos\/wp-json\/wp\/v2\/media?parent=186"}],"wp:term":[{"taxonomy":"category","embeddable":true,"href":"https:\/\/portaldenoticias.net\/ffsantos\/wp-json\/wp\/v2\/categories?post=186"},{"taxonomy":"post_tag","embeddable":true,"href":"https:\/\/portaldenoticias.net\/ffsantos\/wp-json\/wp\/v2\/tags?post=186"}],"curies":[{"name":"wp","href":"https:\/\/api.w.org\/{rel}","templated":true}]}}