{"id":11462,"date":"2020-03-12T11:22:35","date_gmt":"2020-03-12T14:22:35","guid":{"rendered":"https:\/\/www.portaldenoticias.net\/ffsantos\/?p=11462"},"modified":"2020-03-12T11:22:53","modified_gmt":"2020-03-12T14:22:53","slug":"coronavirus-afinal-ha-motivo-para-panico","status":"publish","type":"post","link":"https:\/\/portaldenoticias.net\/ffsantos\/coronavirus-afinal-ha-motivo-para-panico\/","title":{"rendered":"CORONAV\u00cdRUS: AFINAL, H\u00c1 MOTIVO PARA P\u00c2NICO?"},"content":{"rendered":"<figure id=\"attachment_11464\" aria-describedby=\"caption-attachment-11464\" style=\"width: 696px\" class=\"wp-caption aligncenter\"><a href=\"https:\/\/www.portaldenoticias.net\/ffsantos\/coronavirus-afinal-ha-motivo-para-panico\/foto-1-19\/\" rel=\"attachment wp-att-11464\"><img loading=\"lazy\" decoding=\"async\" class=\"size-large wp-image-11464\" src=\"https:\/\/www.portaldenoticias.net\/ffsantos\/wp-content\/uploads\/2020\/03\/fOTO-1-1024x512.png\" alt=\"\" width=\"696\" height=\"348\" srcset=\"https:\/\/portaldenoticias.net\/ffsantos\/wp-content\/uploads\/2020\/03\/fOTO-1-1024x512.png 1024w, https:\/\/portaldenoticias.net\/ffsantos\/wp-content\/uploads\/2020\/03\/fOTO-1-300x150.png 300w, https:\/\/portaldenoticias.net\/ffsantos\/wp-content\/uploads\/2020\/03\/fOTO-1-768x384.png 768w, https:\/\/portaldenoticias.net\/ffsantos\/wp-content\/uploads\/2020\/03\/fOTO-1-696x348.png 696w, https:\/\/portaldenoticias.net\/ffsantos\/wp-content\/uploads\/2020\/03\/fOTO-1-1068x534.png 1068w, https:\/\/portaldenoticias.net\/ffsantos\/wp-content\/uploads\/2020\/03\/fOTO-1-840x420.png 840w, https:\/\/portaldenoticias.net\/ffsantos\/wp-content\/uploads\/2020\/03\/fOTO-1.png 1134w\" sizes=\"auto, (max-width: 696px) 100vw, 696px\" \/><\/a><figcaption id=\"caption-attachment-11464\" class=\"wp-caption-text\">Estudo aponta que, em 81% dos casos, coronav\u00edrus se manifesta de forma leve<\/figcaption><\/figure>\n<p>Desde a tarde de ontem n\u00e3o se fala em outra coisa a n\u00e3o ser nos efeitos da r\u00e1pida dissemina\u00e7\u00e3o do coronav\u00edrus. O tema passo a chamar ainda mais aten\u00e7\u00e3o depois que a OMS (Organiza\u00e7\u00e3o Mundial de Sa\u00fade) mudou o status da infec\u00e7\u00e3o de epidemia para pandemia.<\/p>\n<p>Em resumo, isso significa que a organiza\u00e7\u00e3o reconhece que os esfor\u00e7os para o controle da propaga\u00e7\u00e3o do v\u00edrus n\u00e3o obtiveram efeitos. Ent\u00e3o, o foco muda para ado\u00e7\u00e3o de medidas que evitem mais mortes.<\/p>\n<p>Logo em seguida, o ministro da Sa\u00fade, Luiz Henrique Mandetta, que participava de uma audi\u00eancia na C\u00e2mara dos Deputados, tentou tranquilizar a popula\u00e7\u00e3o. Disse que n\u00e3o era hora de suspender aulas e que o foco \u00e9 proteger os idosos.<\/p>\n<p>Faz sentido, o mais completo levantamento divulgado at\u00e9 agora sobre o novo coronav\u00edrus foi feito pelo Centro Chin\u00eas de Controle e Preven\u00e7\u00e3o de Doen\u00e7as indica que a taxa de mortalidade da doen\u00e7a \u00e9 de menos de 1% para pessoas com at\u00e9 49 anos e de 14,8% para maiores de 80 anos. Entre os mais de 44 mil casos analisados, n\u00e3o foi registrada nenhuma morte de crian\u00e7a com at\u00e9 9 anos.<\/p>\n<p>Al\u00e9m disso, o estudo aponta que 80,9% das infec\u00e7\u00f5es foram classificadas como leves, 13,8% como severas e apenas 4,7% como graves.<\/p>\n<p>As not\u00edcias do resto do dia, por\u00e9m, s\u00e3o alarmantes. O presidente Donald Trump suspendeu viagens da Europa para os EUA, com objetivo de conter a dissemina\u00e7\u00e3o do v\u00edrus. E o Distrito Federal cancelou aulas, shows, eventos e manifesta\u00e7\u00f5es populares.<\/p>\n<p style=\"text-align: center\"><strong><em>Bolsa entra em circuit breaker pela 3\u00aa vez na semana ap\u00f3s queda de 11,6%<\/em><\/strong><\/p>\n<figure id=\"attachment_11463\" aria-describedby=\"caption-attachment-11463\" style=\"width: 680px\" class=\"wp-caption aligncenter\"><a href=\"https:\/\/www.portaldenoticias.net\/ffsantos\/coronavirus-afinal-ha-motivo-para-panico\/bolsa-valores-sp\/\" rel=\"attachment wp-att-11463\"><img loading=\"lazy\" decoding=\"async\" class=\"size-full wp-image-11463\" src=\"https:\/\/www.portaldenoticias.net\/ffsantos\/wp-content\/uploads\/2020\/03\/bolsa-valores-sp.jpg\" alt=\"\" width=\"680\" height=\"453\" srcset=\"https:\/\/portaldenoticias.net\/ffsantos\/wp-content\/uploads\/2020\/03\/bolsa-valores-sp.jpg 680w, https:\/\/portaldenoticias.net\/ffsantos\/wp-content\/uploads\/2020\/03\/bolsa-valores-sp-300x200.jpg 300w, https:\/\/portaldenoticias.net\/ffsantos\/wp-content\/uploads\/2020\/03\/bolsa-valores-sp-630x420.jpg 630w\" sizes=\"auto, (max-width: 680px) 100vw, 680px\" \/><\/a><figcaption id=\"caption-attachment-11463\" class=\"wp-caption-text\">Rea\u00e7\u00e3o de investidores ao pacote de medidas do presidente americano Donald Trump estressa investidores; d\u00f3lar chegou a bater R$ 5 &#8211; Pessoas passam por tela com \u00edndices do mercado na Bolsa de Valores de S\u00e3o Paulo, em S\u00e3o Paulo Paulo.<\/figcaption><\/figure>\n<p>Pela terceira vez em quatro dias, a Bolsa de Valores de S\u00e3o Paulo paralisou as opera\u00e7\u00f5es devido a quedas expressivas. Na manh\u00e3 desta quinta-feira, 12, o circuit breaker foi acionado por volta das 10h21, quando as a\u00e7\u00f5es do Ibovespa, principal \u00edndice da bolsa, caia 11,65%, aos 75.247 pontos. O motivo \u00e9 o mesmo das sess\u00f5es anteriores: aumento da preocupa\u00e7\u00e3o com a dissemina\u00e7\u00e3o e impactos econ\u00f4micos do novo coronav\u00edrus (Covid-19).<\/p>\n<p>Nesta quinta, entretanto, os mercados repercutem a decis\u00e3o do presidente dos Estados Unidos, Donald Trump, de restringir viagens entre o pa\u00eds e a Europa para tentar conter o avan\u00e7o da doen\u00e7a. A decis\u00e3o, entretanto, colocou mais fogo no j\u00e1 inflamado mercado financeiro, aumentando as preocupa\u00e7\u00f5es sobre as consequ\u00eancias da pandemia na economia mundial. \u201cEste \u00e9 o esfor\u00e7o mais agressivo e abrangente para enfrentar um v\u00edrus estrangeiro na hist\u00f3ria moderna\u201d, definiu Trump.<\/p>\n<p>Ap\u00f3s o retorno do circuit breaker, caso a bolsa caia mais 5%, uma nova parada \u00e9 acionada por uma hora. Se no total a bolsa cair 20%, os neg\u00f3cios s\u00e3o parados em definitivo no dia.\u00a0 Na segunda-feira, o circuit breaker foi acionado na abertura dos neg\u00f3cios, assim como o caso atual. Na quarta-feira, a queda ocorreu no per\u00edodo da tarde, depois da Organiza\u00e7\u00e3o Mundial da Sa\u00fade (OMS) mudar o status da doen\u00e7a para pandemia. \u201cA situa\u00e7\u00e3o piorou quando o Trump decidiu proibir os voos. \u00c9 uma a\u00e7\u00e3o que pode quebrar as companhias a\u00e9reas do mundo inteiro\u201d, diz Pablo Spyer, diretor da corretora Mirae Asset.<\/p>\n<p>Fonte:\u00a0 HuffPost Brasil e <a href=\"https:\/\/veja.abril.com.br\">https:\/\/veja.abril.com.br<\/a><\/p>\n<p>&nbsp;<\/p>\n<p style=\"text-align: center\"><strong><em>Blog do Florisvaldo &#8211; Informa\u00e7\u00e3o Com Imparcialidade &#8211; 12\/03\/2020<\/em><\/strong><\/p>\n","protected":false},"excerpt":{"rendered":"<p>Desde a tarde de ontem n\u00e3o se fala em outra coisa a n\u00e3o ser nos efeitos da r\u00e1pida dissemina\u00e7\u00e3o do coronav\u00edrus. O tema passo a chamar ainda mais aten\u00e7\u00e3o depois que a OMS (Organiza\u00e7\u00e3o Mundial de Sa\u00fade) mudou o status da infec\u00e7\u00e3o de epidemia para pandemia. Em resumo, isso significa que a organiza\u00e7\u00e3o reconhece que<\/p>\n","protected":false},"author":2,"featured_media":11464,"comment_status":"open","ping_status":"open","sticky":false,"template":"","format":"standard","meta":{"footnotes":""},"categories":[2,1],"tags":[],"class_list":{"0":"post-11462","1":"post","2":"type-post","3":"status-publish","4":"format-standard","5":"has-post-thumbnail","7":"category-brasil","8":"category-destaques"},"yoast_head":"<!-- This site is optimized with the Yoast SEO plugin v27.4 - https:\/\/yoast.com\/product\/yoast-seo-wordpress\/ -->\n<title>CORONAV\u00cdRUS: AFINAL, H\u00c1 MOTIVO PARA P\u00c2NICO? - Blog do Florisvaldo<\/title>\n<meta name=\"robots\" content=\"index, follow, max-snippet:-1, max-image-preview:large, max-video-preview:-1\" \/>\n<link rel=\"canonical\" href=\"https:\/\/portaldenoticias.net\/ffsantos\/coronavirus-afinal-ha-motivo-para-panico\/\" \/>\n<meta property=\"og:locale\" content=\"pt_BR\" \/>\n<meta property=\"og:type\" content=\"article\" \/>\n<meta property=\"og:title\" content=\"CORONAV\u00cdRUS: AFINAL, H\u00c1 MOTIVO PARA P\u00c2NICO? - Blog do Florisvaldo\" \/>\n<meta property=\"og:description\" content=\"Desde a tarde de ontem n\u00e3o se fala em outra coisa a n\u00e3o ser nos efeitos da r\u00e1pida dissemina\u00e7\u00e3o do coronav\u00edrus. O tema passo a chamar ainda mais aten\u00e7\u00e3o depois que a OMS (Organiza\u00e7\u00e3o Mundial de Sa\u00fade) mudou o status da infec\u00e7\u00e3o de epidemia para pandemia. Em resumo, isso significa que a organiza\u00e7\u00e3o reconhece que\" \/>\n<meta property=\"og:url\" content=\"https:\/\/portaldenoticias.net\/ffsantos\/coronavirus-afinal-ha-motivo-para-panico\/\" \/>\n<meta property=\"og:site_name\" content=\"Blog do Florisvaldo\" \/>\n<meta property=\"article:published_time\" content=\"2020-03-12T14:22:35+00:00\" \/>\n<meta property=\"article:modified_time\" content=\"2020-03-12T14:22:53+00:00\" \/>\n<meta property=\"og:image\" content=\"https:\/\/portaldenoticias.net\/ffsantos\/wp-content\/uploads\/2020\/03\/fOTO-1.png\" \/>\n\t<meta property=\"og:image:width\" content=\"1134\" \/>\n\t<meta property=\"og:image:height\" content=\"567\" \/>\n\t<meta property=\"og:image:type\" content=\"image\/png\" \/>\n<meta name=\"author\" content=\"Florisvaldo\" \/>\n<meta name=\"twitter:card\" content=\"summary_large_image\" \/>\n<meta name=\"twitter:label1\" content=\"Escrito por\" \/>\n\t<meta name=\"twitter:data1\" content=\"Florisvaldo\" \/>\n\t<meta name=\"twitter:label2\" content=\"Est. tempo de leitura\" \/>\n\t<meta name=\"twitter:data2\" content=\"3 minutos\" \/>\n<script type=\"application\/ld+json\" class=\"yoast-schema-graph\">{\"@context\":\"https:\\\/\\\/schema.org\",\"@graph\":[{\"@type\":\"Article\",\"@id\":\"https:\\\/\\\/portaldenoticias.net\\\/ffsantos\\\/coronavirus-afinal-ha-motivo-para-panico\\\/#article\",\"isPartOf\":{\"@id\":\"https:\\\/\\\/portaldenoticias.net\\\/ffsantos\\\/coronavirus-afinal-ha-motivo-para-panico\\\/\"},\"author\":{\"name\":\"Florisvaldo\",\"@id\":\"https:\\\/\\\/portaldenoticias.net\\\/ffsantos\\\/#\\\/schema\\\/person\\\/709c788ecb22f2378d698c2cd46cecc3\"},\"headline\":\"CORONAV\u00cdRUS: AFINAL, H\u00c1 MOTIVO PARA P\u00c2NICO?\",\"datePublished\":\"2020-03-12T14:22:35+00:00\",\"dateModified\":\"2020-03-12T14:22:53+00:00\",\"mainEntityOfPage\":{\"@id\":\"https:\\\/\\\/portaldenoticias.net\\\/ffsantos\\\/coronavirus-afinal-ha-motivo-para-panico\\\/\"},\"wordCount\":647,\"commentCount\":0,\"image\":{\"@id\":\"https:\\\/\\\/portaldenoticias.net\\\/ffsantos\\\/coronavirus-afinal-ha-motivo-para-panico\\\/#primaryimage\"},\"thumbnailUrl\":\"https:\\\/\\\/portaldenoticias.net\\\/ffsantos\\\/wp-content\\\/uploads\\\/2020\\\/03\\\/fOTO-1.png\",\"articleSection\":[\"Brasil\",\"Destaques\"],\"inLanguage\":\"pt-BR\",\"potentialAction\":[{\"@type\":\"CommentAction\",\"name\":\"Comment\",\"target\":[\"https:\\\/\\\/portaldenoticias.net\\\/ffsantos\\\/coronavirus-afinal-ha-motivo-para-panico\\\/#respond\"]}]},{\"@type\":\"WebPage\",\"@id\":\"https:\\\/\\\/portaldenoticias.net\\\/ffsantos\\\/coronavirus-afinal-ha-motivo-para-panico\\\/\",\"url\":\"https:\\\/\\\/portaldenoticias.net\\\/ffsantos\\\/coronavirus-afinal-ha-motivo-para-panico\\\/\",\"name\":\"CORONAV\u00cdRUS: AFINAL, H\u00c1 MOTIVO PARA P\u00c2NICO? - Blog do Florisvaldo\",\"isPartOf\":{\"@id\":\"https:\\\/\\\/portaldenoticias.net\\\/ffsantos\\\/#website\"},\"primaryImageOfPage\":{\"@id\":\"https:\\\/\\\/portaldenoticias.net\\\/ffsantos\\\/coronavirus-afinal-ha-motivo-para-panico\\\/#primaryimage\"},\"image\":{\"@id\":\"https:\\\/\\\/portaldenoticias.net\\\/ffsantos\\\/coronavirus-afinal-ha-motivo-para-panico\\\/#primaryimage\"},\"thumbnailUrl\":\"https:\\\/\\\/portaldenoticias.net\\\/ffsantos\\\/wp-content\\\/uploads\\\/2020\\\/03\\\/fOTO-1.png\",\"datePublished\":\"2020-03-12T14:22:35+00:00\",\"dateModified\":\"2020-03-12T14:22:53+00:00\",\"author\":{\"@id\":\"https:\\\/\\\/portaldenoticias.net\\\/ffsantos\\\/#\\\/schema\\\/person\\\/709c788ecb22f2378d698c2cd46cecc3\"},\"breadcrumb\":{\"@id\":\"https:\\\/\\\/portaldenoticias.net\\\/ffsantos\\\/coronavirus-afinal-ha-motivo-para-panico\\\/#breadcrumb\"},\"inLanguage\":\"pt-BR\",\"potentialAction\":[{\"@type\":\"ReadAction\",\"target\":[\"https:\\\/\\\/portaldenoticias.net\\\/ffsantos\\\/coronavirus-afinal-ha-motivo-para-panico\\\/\"]}]},{\"@type\":\"ImageObject\",\"inLanguage\":\"pt-BR\",\"@id\":\"https:\\\/\\\/portaldenoticias.net\\\/ffsantos\\\/coronavirus-afinal-ha-motivo-para-panico\\\/#primaryimage\",\"url\":\"https:\\\/\\\/portaldenoticias.net\\\/ffsantos\\\/wp-content\\\/uploads\\\/2020\\\/03\\\/fOTO-1.png\",\"contentUrl\":\"https:\\\/\\\/portaldenoticias.net\\\/ffsantos\\\/wp-content\\\/uploads\\\/2020\\\/03\\\/fOTO-1.png\",\"width\":1134,\"height\":567,\"caption\":\"Estudo aponta que, em 81% dos casos, coronav\u00edrus se manifesta de forma leve\"},{\"@type\":\"BreadcrumbList\",\"@id\":\"https:\\\/\\\/portaldenoticias.net\\\/ffsantos\\\/coronavirus-afinal-ha-motivo-para-panico\\\/#breadcrumb\",\"itemListElement\":[{\"@type\":\"ListItem\",\"position\":1,\"name\":\"In\u00edcio\",\"item\":\"https:\\\/\\\/portaldenoticias.net\\\/ffsantos\\\/\"},{\"@type\":\"ListItem\",\"position\":2,\"name\":\"CORONAV\u00cdRUS: AFINAL, H\u00c1 MOTIVO PARA P\u00c2NICO?\"}]},{\"@type\":\"WebSite\",\"@id\":\"https:\\\/\\\/portaldenoticias.net\\\/ffsantos\\\/#website\",\"url\":\"https:\\\/\\\/portaldenoticias.net\\\/ffsantos\\\/\",\"name\":\"Blog do Florisvaldo |\",\"description\":\"Informa\u00e7\u00e3o com imparcialidade\",\"potentialAction\":[{\"@type\":\"SearchAction\",\"target\":{\"@type\":\"EntryPoint\",\"urlTemplate\":\"https:\\\/\\\/portaldenoticias.net\\\/ffsantos\\\/?s={search_term_string}\"},\"query-input\":{\"@type\":\"PropertyValueSpecification\",\"valueRequired\":true,\"valueName\":\"search_term_string\"}}],\"inLanguage\":\"pt-BR\"},{\"@type\":\"Person\",\"@id\":\"https:\\\/\\\/portaldenoticias.net\\\/ffsantos\\\/#\\\/schema\\\/person\\\/709c788ecb22f2378d698c2cd46cecc3\",\"name\":\"Florisvaldo\",\"image\":{\"@type\":\"ImageObject\",\"inLanguage\":\"pt-BR\",\"@id\":\"https:\\\/\\\/secure.gravatar.com\\\/avatar\\\/23c59839b4c874bb227d4916d18ba065e405a73d0e423fa9255ba9436604e628?s=96&d=mm&r=g\",\"url\":\"https:\\\/\\\/secure.gravatar.com\\\/avatar\\\/23c59839b4c874bb227d4916d18ba065e405a73d0e423fa9255ba9436604e628?s=96&d=mm&r=g\",\"contentUrl\":\"https:\\\/\\\/secure.gravatar.com\\\/avatar\\\/23c59839b4c874bb227d4916d18ba065e405a73d0e423fa9255ba9436604e628?s=96&d=mm&r=g\",\"caption\":\"Florisvaldo\"},\"url\":\"https:\\\/\\\/portaldenoticias.net\\\/ffsantos\\\/author\\\/ffsantos\\\/\"}]}<\/script>\n<!-- \/ Yoast SEO plugin. -->","yoast_head_json":{"title":"CORONAV\u00cdRUS: AFINAL, H\u00c1 MOTIVO PARA P\u00c2NICO? - Blog do Florisvaldo","robots":{"index":"index","follow":"follow","max-snippet":"max-snippet:-1","max-image-preview":"max-image-preview:large","max-video-preview":"max-video-preview:-1"},"canonical":"https:\/\/portaldenoticias.net\/ffsantos\/coronavirus-afinal-ha-motivo-para-panico\/","og_locale":"pt_BR","og_type":"article","og_title":"CORONAV\u00cdRUS: AFINAL, H\u00c1 MOTIVO PARA P\u00c2NICO? - Blog do Florisvaldo","og_description":"Desde a tarde de ontem n\u00e3o se fala em outra coisa a n\u00e3o ser nos efeitos da r\u00e1pida dissemina\u00e7\u00e3o do coronav\u00edrus. O tema passo a chamar ainda mais aten\u00e7\u00e3o depois que a OMS (Organiza\u00e7\u00e3o Mundial de Sa\u00fade) mudou o status da infec\u00e7\u00e3o de epidemia para pandemia. Em resumo, isso significa que a organiza\u00e7\u00e3o reconhece que","og_url":"https:\/\/portaldenoticias.net\/ffsantos\/coronavirus-afinal-ha-motivo-para-panico\/","og_site_name":"Blog do Florisvaldo","article_published_time":"2020-03-12T14:22:35+00:00","article_modified_time":"2020-03-12T14:22:53+00:00","og_image":[{"width":1134,"height":567,"url":"https:\/\/portaldenoticias.net\/ffsantos\/wp-content\/uploads\/2020\/03\/fOTO-1.png","type":"image\/png"}],"author":"Florisvaldo","twitter_card":"summary_large_image","twitter_misc":{"Escrito por":"Florisvaldo","Est. tempo de leitura":"3 minutos"},"schema":{"@context":"https:\/\/schema.org","@graph":[{"@type":"Article","@id":"https:\/\/portaldenoticias.net\/ffsantos\/coronavirus-afinal-ha-motivo-para-panico\/#article","isPartOf":{"@id":"https:\/\/portaldenoticias.net\/ffsantos\/coronavirus-afinal-ha-motivo-para-panico\/"},"author":{"name":"Florisvaldo","@id":"https:\/\/portaldenoticias.net\/ffsantos\/#\/schema\/person\/709c788ecb22f2378d698c2cd46cecc3"},"headline":"CORONAV\u00cdRUS: AFINAL, H\u00c1 MOTIVO PARA P\u00c2NICO?","datePublished":"2020-03-12T14:22:35+00:00","dateModified":"2020-03-12T14:22:53+00:00","mainEntityOfPage":{"@id":"https:\/\/portaldenoticias.net\/ffsantos\/coronavirus-afinal-ha-motivo-para-panico\/"},"wordCount":647,"commentCount":0,"image":{"@id":"https:\/\/portaldenoticias.net\/ffsantos\/coronavirus-afinal-ha-motivo-para-panico\/#primaryimage"},"thumbnailUrl":"https:\/\/portaldenoticias.net\/ffsantos\/wp-content\/uploads\/2020\/03\/fOTO-1.png","articleSection":["Brasil","Destaques"],"inLanguage":"pt-BR","potentialAction":[{"@type":"CommentAction","name":"Comment","target":["https:\/\/portaldenoticias.net\/ffsantos\/coronavirus-afinal-ha-motivo-para-panico\/#respond"]}]},{"@type":"WebPage","@id":"https:\/\/portaldenoticias.net\/ffsantos\/coronavirus-afinal-ha-motivo-para-panico\/","url":"https:\/\/portaldenoticias.net\/ffsantos\/coronavirus-afinal-ha-motivo-para-panico\/","name":"CORONAV\u00cdRUS: AFINAL, H\u00c1 MOTIVO PARA P\u00c2NICO? - Blog do Florisvaldo","isPartOf":{"@id":"https:\/\/portaldenoticias.net\/ffsantos\/#website"},"primaryImageOfPage":{"@id":"https:\/\/portaldenoticias.net\/ffsantos\/coronavirus-afinal-ha-motivo-para-panico\/#primaryimage"},"image":{"@id":"https:\/\/portaldenoticias.net\/ffsantos\/coronavirus-afinal-ha-motivo-para-panico\/#primaryimage"},"thumbnailUrl":"https:\/\/portaldenoticias.net\/ffsantos\/wp-content\/uploads\/2020\/03\/fOTO-1.png","datePublished":"2020-03-12T14:22:35+00:00","dateModified":"2020-03-12T14:22:53+00:00","author":{"@id":"https:\/\/portaldenoticias.net\/ffsantos\/#\/schema\/person\/709c788ecb22f2378d698c2cd46cecc3"},"breadcrumb":{"@id":"https:\/\/portaldenoticias.net\/ffsantos\/coronavirus-afinal-ha-motivo-para-panico\/#breadcrumb"},"inLanguage":"pt-BR","potentialAction":[{"@type":"ReadAction","target":["https:\/\/portaldenoticias.net\/ffsantos\/coronavirus-afinal-ha-motivo-para-panico\/"]}]},{"@type":"ImageObject","inLanguage":"pt-BR","@id":"https:\/\/portaldenoticias.net\/ffsantos\/coronavirus-afinal-ha-motivo-para-panico\/#primaryimage","url":"https:\/\/portaldenoticias.net\/ffsantos\/wp-content\/uploads\/2020\/03\/fOTO-1.png","contentUrl":"https:\/\/portaldenoticias.net\/ffsantos\/wp-content\/uploads\/2020\/03\/fOTO-1.png","width":1134,"height":567,"caption":"Estudo aponta que, em 81% dos casos, coronav\u00edrus se manifesta de forma leve"},{"@type":"BreadcrumbList","@id":"https:\/\/portaldenoticias.net\/ffsantos\/coronavirus-afinal-ha-motivo-para-panico\/#breadcrumb","itemListElement":[{"@type":"ListItem","position":1,"name":"In\u00edcio","item":"https:\/\/portaldenoticias.net\/ffsantos\/"},{"@type":"ListItem","position":2,"name":"CORONAV\u00cdRUS: AFINAL, H\u00c1 MOTIVO PARA P\u00c2NICO?"}]},{"@type":"WebSite","@id":"https:\/\/portaldenoticias.net\/ffsantos\/#website","url":"https:\/\/portaldenoticias.net\/ffsantos\/","name":"Blog do Florisvaldo |","description":"Informa\u00e7\u00e3o com imparcialidade","potentialAction":[{"@type":"SearchAction","target":{"@type":"EntryPoint","urlTemplate":"https:\/\/portaldenoticias.net\/ffsantos\/?s={search_term_string}"},"query-input":{"@type":"PropertyValueSpecification","valueRequired":true,"valueName":"search_term_string"}}],"inLanguage":"pt-BR"},{"@type":"Person","@id":"https:\/\/portaldenoticias.net\/ffsantos\/#\/schema\/person\/709c788ecb22f2378d698c2cd46cecc3","name":"Florisvaldo","image":{"@type":"ImageObject","inLanguage":"pt-BR","@id":"https:\/\/secure.gravatar.com\/avatar\/23c59839b4c874bb227d4916d18ba065e405a73d0e423fa9255ba9436604e628?s=96&d=mm&r=g","url":"https:\/\/secure.gravatar.com\/avatar\/23c59839b4c874bb227d4916d18ba065e405a73d0e423fa9255ba9436604e628?s=96&d=mm&r=g","contentUrl":"https:\/\/secure.gravatar.com\/avatar\/23c59839b4c874bb227d4916d18ba065e405a73d0e423fa9255ba9436604e628?s=96&d=mm&r=g","caption":"Florisvaldo"},"url":"https:\/\/portaldenoticias.net\/ffsantos\/author\/ffsantos\/"}]}},"_links":{"self":[{"href":"https:\/\/portaldenoticias.net\/ffsantos\/wp-json\/wp\/v2\/posts\/11462","targetHints":{"allow":["GET"]}}],"collection":[{"href":"https:\/\/portaldenoticias.net\/ffsantos\/wp-json\/wp\/v2\/posts"}],"about":[{"href":"https:\/\/portaldenoticias.net\/ffsantos\/wp-json\/wp\/v2\/types\/post"}],"author":[{"embeddable":true,"href":"https:\/\/portaldenoticias.net\/ffsantos\/wp-json\/wp\/v2\/users\/2"}],"replies":[{"embeddable":true,"href":"https:\/\/portaldenoticias.net\/ffsantos\/wp-json\/wp\/v2\/comments?post=11462"}],"version-history":[{"count":2,"href":"https:\/\/portaldenoticias.net\/ffsantos\/wp-json\/wp\/v2\/posts\/11462\/revisions"}],"predecessor-version":[{"id":11466,"href":"https:\/\/portaldenoticias.net\/ffsantos\/wp-json\/wp\/v2\/posts\/11462\/revisions\/11466"}],"wp:featuredmedia":[{"embeddable":true,"href":"https:\/\/portaldenoticias.net\/ffsantos\/wp-json\/wp\/v2\/media\/11464"}],"wp:attachment":[{"href":"https:\/\/portaldenoticias.net\/ffsantos\/wp-json\/wp\/v2\/media?parent=11462"}],"wp:term":[{"taxonomy":"category","embeddable":true,"href":"https:\/\/portaldenoticias.net\/ffsantos\/wp-json\/wp\/v2\/categories?post=11462"},{"taxonomy":"post_tag","embeddable":true,"href":"https:\/\/portaldenoticias.net\/ffsantos\/wp-json\/wp\/v2\/tags?post=11462"}],"curies":[{"name":"wp","href":"https:\/\/api.w.org\/{rel}","templated":true}]}}