{"id":10292,"date":"2019-09-15T09:45:18","date_gmt":"2019-09-15T12:45:18","guid":{"rendered":"https:\/\/www.portaldenoticias.net\/ffsantos\/?p=10292"},"modified":"2019-09-15T14:23:25","modified_gmt":"2019-09-15T17:23:25","slug":"morre-em-sao-paulo-o-cantor-roberto-leal-aos-67-anos","status":"publish","type":"post","link":"https:\/\/portaldenoticias.net\/ffsantos\/morre-em-sao-paulo-o-cantor-roberto-leal-aos-67-anos\/","title":{"rendered":"MORRE EM S\u00c3O PAULO O CANTOR ROBERTO LEAL, AOS 67 ANOS"},"content":{"rendered":"<figure id=\"attachment_10293\" aria-describedby=\"caption-attachment-10293\" style=\"width: 620px\" class=\"wp-caption aligncenter\"><a href=\"https:\/\/www.portaldenoticias.net\/ffsantos\/morre-em-sao-paulo-o-cantor-roberto-leal-aos-67-anos\/roberto_leal_blog_oficial_vasco-com-br\/\" rel=\"attachment wp-att-10293\"><img loading=\"lazy\" decoding=\"async\" class=\"size-content wp-image-10293\" src=\"https:\/\/www.portaldenoticias.net\/ffsantos\/wp-content\/uploads\/2019\/09\/roberto_leal_blog_oficial_vasco-com-br-620x264.jpg\" alt=\"\" width=\"620\" height=\"264\" \/><\/a><figcaption id=\"caption-attachment-10293\" class=\"wp-caption-text\">Cantor portugu\u00eas Roberto Leal, conhecido pelas m\u00fasicas &#8216;Arrebita&#8217; e &#8216;Bate o p\u00e9&#8217;, estava internado havia 5 dias no Hospital Samaritano e morreu em decorr\u00eancia de insufici\u00eancia renal causada por tumor.<\/figcaption><\/figure>\n<p>O cantor portugu\u00eas Roberto Leal morreu na madrugada deste domingo (15), em S\u00e3o Paulo, aos 67 anos. A informa\u00e7\u00e3o foi confirmada pela assessoria de imprensa do Hospital Samaritano, onde o cantor estava internado. Ele ficou conhecido pelas m\u00fasicas &#8220;Arrebita&#8221; e &#8220;Bate o p\u00e9&#8221;.<\/p>\n<p>O cantor deixa a mulher, M\u00e1rcia L\u00facia, e tr\u00eas filhos.<\/p>\n<p>A morte ocorreu devido a um melanoma maligno (tumor) que evoluiu, atingindo o f\u00edgado e causando s\u00edndrome de insufici\u00eancia hepato-renal. O cantor fez tratamento contra o c\u00e2ncer por dois anos. Segundo a assessoria de imprensa do cantor, Leal foi internado no hospital na \u00faltima ter\u00e7a-feira (10).<\/p>\n<p>O vel\u00f3rio ser\u00e1 na segunda-feira (16) na Casa Portugal, das 7h \u00e0s 14h. O enterro ser\u00e1 \u00e0 tarde, no Cemit\u00e9rio de Congonhas, na Zona Sul da capital paulista, informou o empres\u00e1rio do cantor h\u00e1 mais de 40 anos, Jos\u00e9 S\u00e1.<\/p>\n<p>&#8220;A luta era uma luta feroz, ia fazer tr\u00eas anos que ele lutava. Come\u00e7ou na vista passou para a perna, coluna e depois descobrimos que tomou o corpo&#8221;, explicou o empres\u00e1rio, em rela\u00e7\u00e3o ao tumor.<\/p>\n<p>&#8220;N\u00f3s mant\u00ednhamos a agenda normal. Nesses tr\u00eas anos cancelamos 6 shows que ele teve que ficar no hospital. A cada 15 dias ele vinha, segunda e ter\u00e7a e depois tocava a agenda&#8221;, disse o empres\u00e1rio.<\/p>\n<p>Roberto Leal morava na capital paulista havia alguns anos.<\/p>\n<p>O filho mais velho do cantor, Rodrigo Leal, afirmou na porta do hospital que se dedicou a cuidar dos pais nos \u00faltimos dias. &#8220;Parei com a minha vida nos \u00faltimos anos para ficar com ele, cuidar dele, porque somos uma fam\u00edlia de m\u00fasicos, n\u00e9, cada um em cada lugar, um pra cada lado, um no Canad\u00e1 e outro na Austr\u00e1lia&#8221;.<\/p>\n<p style=\"text-align: center\"><strong><em>Carreira<\/em><\/strong><\/p>\n<p>Em 45 anos de carreira, Roberto Leal vendeu mais de 17 milh\u00f5es de discos e gravou mais de 400 m\u00fasicas. Entre elas, tamb\u00e9m est\u00e3o faixas como \u201cBate o p\u00e9\u201d e \u201cA festa ainda pode ser bonita\u201d.<\/p>\n<p>Nascido em Macedo de Cavaleiros, no norte de Portugal, o cantor se mudou para o Brasil aos 11 anos, com os pais e nove irm\u00e3os. Em S\u00e3o Paulo, trabalhou como sapateiro e vendedor em uma feira.<\/p>\n<p>Em 1978, protagonizou o filme \u201cO milagre \u2013 O poder da f\u00e9\u201d, inspirado em sua pr\u00f3pria hist\u00f3ria.<\/p>\n<p>No final dos anos 80, voltou a morar em Portugal para se dedicar ao mercado musical europeu. Nesse per\u00edodo, comandou um programa na TV do pa\u00eds.<\/p>\n<p>Mais de 20 anos depois do lan\u00e7amento de \u201cArrebita\u201d, a popularidade do cantor ganhou vida nova quando, em 1995, os Mamonas Assassinas lan\u00e7aram \u201cVira-vira\u201d, que satiriza m\u00fasicas dele.<\/p>\n<p>Em entrevistas, Leal costumava dizer que se sentia homenageado pelo grupo.<\/p>\n<p>Retornou ao Brasil em 1998 e, dois anos depois, lan\u00e7ou o disco &#8220;Roberto Leal canta Roberto Carlos&#8221;. Seguiu produzindo discos e colet\u00e2neas. O \u00faltimo, \u201cArrebenta a festa\u201d, saiu em 2016.<\/p>\n<p>Em 2018, foi candidato a deputado estadual de S\u00e3o Paulo pelo PTB, mas n\u00e3o conseguiu se eleger.<\/p>\n<p><strong><em>Fonte:<\/em><\/strong>\u00a0\u00a0 <a href=\"https:\/\/g1.globo.com\">https:\/\/g1.globo.com<\/a> &#8211; Por Tahiane Stochero e Abrah\u00e3o de Oliveira &#8211; G1 SP<\/p>\n<p>&nbsp;<\/p>\n<p style=\"text-align: center\"><strong><em>Blog do Florisvaldo &#8211; Informa\u00e7\u00e3o Com Imparcialidade &#8211; 15\/09\/2019<\/em><\/strong><\/p>\n<p>&nbsp;<\/p>\n","protected":false},"excerpt":{"rendered":"<p>O cantor portugu\u00eas Roberto Leal morreu na madrugada deste domingo (15), em S\u00e3o Paulo, aos 67 anos. A informa\u00e7\u00e3o foi confirmada pela assessoria de imprensa do Hospital Samaritano, onde o cantor estava internado. Ele ficou conhecido pelas m\u00fasicas &#8220;Arrebita&#8221; e &#8220;Bate o p\u00e9&#8221;. O cantor deixa a mulher, M\u00e1rcia L\u00facia, e tr\u00eas filhos. A morte<\/p>\n","protected":false},"author":2,"featured_media":10293,"comment_status":"open","ping_status":"open","sticky":false,"template":"","format":"standard","meta":{"footnotes":""},"categories":[2,1],"tags":[],"class_list":{"0":"post-10292","1":"post","2":"type-post","3":"status-publish","4":"format-standard","5":"has-post-thumbnail","7":"category-brasil","8":"category-destaques"},"yoast_head":"<!-- This site is optimized with the Yoast SEO plugin v27.4 - https:\/\/yoast.com\/product\/yoast-seo-wordpress\/ -->\n<title>MORRE EM S\u00c3O PAULO O CANTOR ROBERTO LEAL, AOS 67 ANOS - Blog do Florisvaldo<\/title>\n<meta name=\"robots\" content=\"index, follow, max-snippet:-1, max-image-preview:large, max-video-preview:-1\" \/>\n<link rel=\"canonical\" href=\"https:\/\/portaldenoticias.net\/ffsantos\/morre-em-sao-paulo-o-cantor-roberto-leal-aos-67-anos\/\" \/>\n<meta property=\"og:locale\" content=\"pt_BR\" \/>\n<meta property=\"og:type\" content=\"article\" \/>\n<meta property=\"og:title\" content=\"MORRE EM S\u00c3O PAULO O CANTOR ROBERTO LEAL, AOS 67 ANOS - Blog do Florisvaldo\" \/>\n<meta property=\"og:description\" content=\"O cantor portugu\u00eas Roberto Leal morreu na madrugada deste domingo (15), em S\u00e3o Paulo, aos 67 anos. A informa\u00e7\u00e3o foi confirmada pela assessoria de imprensa do Hospital Samaritano, onde o cantor estava internado. Ele ficou conhecido pelas m\u00fasicas &#8220;Arrebita&#8221; e &#8220;Bate o p\u00e9&#8221;. O cantor deixa a mulher, M\u00e1rcia L\u00facia, e tr\u00eas filhos. A morte\" \/>\n<meta property=\"og:url\" content=\"https:\/\/portaldenoticias.net\/ffsantos\/morre-em-sao-paulo-o-cantor-roberto-leal-aos-67-anos\/\" \/>\n<meta property=\"og:site_name\" content=\"Blog do Florisvaldo\" \/>\n<meta property=\"article:published_time\" content=\"2019-09-15T12:45:18+00:00\" \/>\n<meta property=\"article:modified_time\" content=\"2019-09-15T17:23:25+00:00\" \/>\n<meta property=\"og:image\" content=\"https:\/\/portaldenoticias.net\/ffsantos\/wp-content\/uploads\/2019\/09\/roberto_leal_blog_oficial_vasco-com-br.jpg\" \/>\n\t<meta property=\"og:image:width\" content=\"1600\" \/>\n\t<meta property=\"og:image:height\" content=\"1600\" \/>\n\t<meta property=\"og:image:type\" content=\"image\/jpeg\" \/>\n<meta name=\"author\" content=\"Florisvaldo\" \/>\n<meta name=\"twitter:card\" content=\"summary_large_image\" \/>\n<meta name=\"twitter:label1\" content=\"Escrito por\" \/>\n\t<meta name=\"twitter:data1\" content=\"Florisvaldo\" \/>\n\t<meta name=\"twitter:label2\" content=\"Est. tempo de leitura\" \/>\n\t<meta name=\"twitter:data2\" content=\"3 minutos\" \/>\n<script type=\"application\/ld+json\" class=\"yoast-schema-graph\">{\"@context\":\"https:\\\/\\\/schema.org\",\"@graph\":[{\"@type\":\"Article\",\"@id\":\"https:\\\/\\\/portaldenoticias.net\\\/ffsantos\\\/morre-em-sao-paulo-o-cantor-roberto-leal-aos-67-anos\\\/#article\",\"isPartOf\":{\"@id\":\"https:\\\/\\\/portaldenoticias.net\\\/ffsantos\\\/morre-em-sao-paulo-o-cantor-roberto-leal-aos-67-anos\\\/\"},\"author\":{\"name\":\"Florisvaldo\",\"@id\":\"https:\\\/\\\/portaldenoticias.net\\\/ffsantos\\\/#\\\/schema\\\/person\\\/709c788ecb22f2378d698c2cd46cecc3\"},\"headline\":\"MORRE EM S\u00c3O PAULO O CANTOR ROBERTO LEAL, AOS 67 ANOS\",\"datePublished\":\"2019-09-15T12:45:18+00:00\",\"dateModified\":\"2019-09-15T17:23:25+00:00\",\"mainEntityOfPage\":{\"@id\":\"https:\\\/\\\/portaldenoticias.net\\\/ffsantos\\\/morre-em-sao-paulo-o-cantor-roberto-leal-aos-67-anos\\\/\"},\"wordCount\":583,\"commentCount\":0,\"image\":{\"@id\":\"https:\\\/\\\/portaldenoticias.net\\\/ffsantos\\\/morre-em-sao-paulo-o-cantor-roberto-leal-aos-67-anos\\\/#primaryimage\"},\"thumbnailUrl\":\"https:\\\/\\\/portaldenoticias.net\\\/ffsantos\\\/wp-content\\\/uploads\\\/2019\\\/09\\\/roberto_leal_blog_oficial_vasco-com-br.jpg\",\"articleSection\":[\"Brasil\",\"Destaques\"],\"inLanguage\":\"pt-BR\",\"potentialAction\":[{\"@type\":\"CommentAction\",\"name\":\"Comment\",\"target\":[\"https:\\\/\\\/portaldenoticias.net\\\/ffsantos\\\/morre-em-sao-paulo-o-cantor-roberto-leal-aos-67-anos\\\/#respond\"]}]},{\"@type\":\"WebPage\",\"@id\":\"https:\\\/\\\/portaldenoticias.net\\\/ffsantos\\\/morre-em-sao-paulo-o-cantor-roberto-leal-aos-67-anos\\\/\",\"url\":\"https:\\\/\\\/portaldenoticias.net\\\/ffsantos\\\/morre-em-sao-paulo-o-cantor-roberto-leal-aos-67-anos\\\/\",\"name\":\"MORRE EM S\u00c3O PAULO O CANTOR ROBERTO LEAL, AOS 67 ANOS - Blog do Florisvaldo\",\"isPartOf\":{\"@id\":\"https:\\\/\\\/portaldenoticias.net\\\/ffsantos\\\/#website\"},\"primaryImageOfPage\":{\"@id\":\"https:\\\/\\\/portaldenoticias.net\\\/ffsantos\\\/morre-em-sao-paulo-o-cantor-roberto-leal-aos-67-anos\\\/#primaryimage\"},\"image\":{\"@id\":\"https:\\\/\\\/portaldenoticias.net\\\/ffsantos\\\/morre-em-sao-paulo-o-cantor-roberto-leal-aos-67-anos\\\/#primaryimage\"},\"thumbnailUrl\":\"https:\\\/\\\/portaldenoticias.net\\\/ffsantos\\\/wp-content\\\/uploads\\\/2019\\\/09\\\/roberto_leal_blog_oficial_vasco-com-br.jpg\",\"datePublished\":\"2019-09-15T12:45:18+00:00\",\"dateModified\":\"2019-09-15T17:23:25+00:00\",\"author\":{\"@id\":\"https:\\\/\\\/portaldenoticias.net\\\/ffsantos\\\/#\\\/schema\\\/person\\\/709c788ecb22f2378d698c2cd46cecc3\"},\"breadcrumb\":{\"@id\":\"https:\\\/\\\/portaldenoticias.net\\\/ffsantos\\\/morre-em-sao-paulo-o-cantor-roberto-leal-aos-67-anos\\\/#breadcrumb\"},\"inLanguage\":\"pt-BR\",\"potentialAction\":[{\"@type\":\"ReadAction\",\"target\":[\"https:\\\/\\\/portaldenoticias.net\\\/ffsantos\\\/morre-em-sao-paulo-o-cantor-roberto-leal-aos-67-anos\\\/\"]}]},{\"@type\":\"ImageObject\",\"inLanguage\":\"pt-BR\",\"@id\":\"https:\\\/\\\/portaldenoticias.net\\\/ffsantos\\\/morre-em-sao-paulo-o-cantor-roberto-leal-aos-67-anos\\\/#primaryimage\",\"url\":\"https:\\\/\\\/portaldenoticias.net\\\/ffsantos\\\/wp-content\\\/uploads\\\/2019\\\/09\\\/roberto_leal_blog_oficial_vasco-com-br.jpg\",\"contentUrl\":\"https:\\\/\\\/portaldenoticias.net\\\/ffsantos\\\/wp-content\\\/uploads\\\/2019\\\/09\\\/roberto_leal_blog_oficial_vasco-com-br.jpg\",\"width\":1600,\"height\":1600,\"caption\":\"Cantor portugu\u00eas Roberto Leal, conhecido pelas m\u00fasicas 'Arrebita' e 'Bate o p\u00e9', estava internado havia 5 dias no Hospital Samaritano e morreu em decorr\u00eancia de insufici\u00eancia renal causada por tumor.\"},{\"@type\":\"BreadcrumbList\",\"@id\":\"https:\\\/\\\/portaldenoticias.net\\\/ffsantos\\\/morre-em-sao-paulo-o-cantor-roberto-leal-aos-67-anos\\\/#breadcrumb\",\"itemListElement\":[{\"@type\":\"ListItem\",\"position\":1,\"name\":\"In\u00edcio\",\"item\":\"https:\\\/\\\/portaldenoticias.net\\\/ffsantos\\\/\"},{\"@type\":\"ListItem\",\"position\":2,\"name\":\"MORRE EM S\u00c3O PAULO O CANTOR ROBERTO LEAL, AOS 67 ANOS\"}]},{\"@type\":\"WebSite\",\"@id\":\"https:\\\/\\\/portaldenoticias.net\\\/ffsantos\\\/#website\",\"url\":\"https:\\\/\\\/portaldenoticias.net\\\/ffsantos\\\/\",\"name\":\"Blog do Florisvaldo |\",\"description\":\"Informa\u00e7\u00e3o com imparcialidade\",\"potentialAction\":[{\"@type\":\"SearchAction\",\"target\":{\"@type\":\"EntryPoint\",\"urlTemplate\":\"https:\\\/\\\/portaldenoticias.net\\\/ffsantos\\\/?s={search_term_string}\"},\"query-input\":{\"@type\":\"PropertyValueSpecification\",\"valueRequired\":true,\"valueName\":\"search_term_string\"}}],\"inLanguage\":\"pt-BR\"},{\"@type\":\"Person\",\"@id\":\"https:\\\/\\\/portaldenoticias.net\\\/ffsantos\\\/#\\\/schema\\\/person\\\/709c788ecb22f2378d698c2cd46cecc3\",\"name\":\"Florisvaldo\",\"image\":{\"@type\":\"ImageObject\",\"inLanguage\":\"pt-BR\",\"@id\":\"https:\\\/\\\/secure.gravatar.com\\\/avatar\\\/23c59839b4c874bb227d4916d18ba065e405a73d0e423fa9255ba9436604e628?s=96&d=mm&r=g\",\"url\":\"https:\\\/\\\/secure.gravatar.com\\\/avatar\\\/23c59839b4c874bb227d4916d18ba065e405a73d0e423fa9255ba9436604e628?s=96&d=mm&r=g\",\"contentUrl\":\"https:\\\/\\\/secure.gravatar.com\\\/avatar\\\/23c59839b4c874bb227d4916d18ba065e405a73d0e423fa9255ba9436604e628?s=96&d=mm&r=g\",\"caption\":\"Florisvaldo\"},\"url\":\"https:\\\/\\\/portaldenoticias.net\\\/ffsantos\\\/author\\\/ffsantos\\\/\"}]}<\/script>\n<!-- \/ Yoast SEO plugin. -->","yoast_head_json":{"title":"MORRE EM S\u00c3O PAULO O CANTOR ROBERTO LEAL, AOS 67 ANOS - Blog do Florisvaldo","robots":{"index":"index","follow":"follow","max-snippet":"max-snippet:-1","max-image-preview":"max-image-preview:large","max-video-preview":"max-video-preview:-1"},"canonical":"https:\/\/portaldenoticias.net\/ffsantos\/morre-em-sao-paulo-o-cantor-roberto-leal-aos-67-anos\/","og_locale":"pt_BR","og_type":"article","og_title":"MORRE EM S\u00c3O PAULO O CANTOR ROBERTO LEAL, AOS 67 ANOS - Blog do Florisvaldo","og_description":"O cantor portugu\u00eas Roberto Leal morreu na madrugada deste domingo (15), em S\u00e3o Paulo, aos 67 anos. A informa\u00e7\u00e3o foi confirmada pela assessoria de imprensa do Hospital Samaritano, onde o cantor estava internado. Ele ficou conhecido pelas m\u00fasicas &#8220;Arrebita&#8221; e &#8220;Bate o p\u00e9&#8221;. O cantor deixa a mulher, M\u00e1rcia L\u00facia, e tr\u00eas filhos. A morte","og_url":"https:\/\/portaldenoticias.net\/ffsantos\/morre-em-sao-paulo-o-cantor-roberto-leal-aos-67-anos\/","og_site_name":"Blog do Florisvaldo","article_published_time":"2019-09-15T12:45:18+00:00","article_modified_time":"2019-09-15T17:23:25+00:00","og_image":[{"width":1600,"height":1600,"url":"https:\/\/portaldenoticias.net\/ffsantos\/wp-content\/uploads\/2019\/09\/roberto_leal_blog_oficial_vasco-com-br.jpg","type":"image\/jpeg"}],"author":"Florisvaldo","twitter_card":"summary_large_image","twitter_misc":{"Escrito por":"Florisvaldo","Est. tempo de leitura":"3 minutos"},"schema":{"@context":"https:\/\/schema.org","@graph":[{"@type":"Article","@id":"https:\/\/portaldenoticias.net\/ffsantos\/morre-em-sao-paulo-o-cantor-roberto-leal-aos-67-anos\/#article","isPartOf":{"@id":"https:\/\/portaldenoticias.net\/ffsantos\/morre-em-sao-paulo-o-cantor-roberto-leal-aos-67-anos\/"},"author":{"name":"Florisvaldo","@id":"https:\/\/portaldenoticias.net\/ffsantos\/#\/schema\/person\/709c788ecb22f2378d698c2cd46cecc3"},"headline":"MORRE EM S\u00c3O PAULO O CANTOR ROBERTO LEAL, AOS 67 ANOS","datePublished":"2019-09-15T12:45:18+00:00","dateModified":"2019-09-15T17:23:25+00:00","mainEntityOfPage":{"@id":"https:\/\/portaldenoticias.net\/ffsantos\/morre-em-sao-paulo-o-cantor-roberto-leal-aos-67-anos\/"},"wordCount":583,"commentCount":0,"image":{"@id":"https:\/\/portaldenoticias.net\/ffsantos\/morre-em-sao-paulo-o-cantor-roberto-leal-aos-67-anos\/#primaryimage"},"thumbnailUrl":"https:\/\/portaldenoticias.net\/ffsantos\/wp-content\/uploads\/2019\/09\/roberto_leal_blog_oficial_vasco-com-br.jpg","articleSection":["Brasil","Destaques"],"inLanguage":"pt-BR","potentialAction":[{"@type":"CommentAction","name":"Comment","target":["https:\/\/portaldenoticias.net\/ffsantos\/morre-em-sao-paulo-o-cantor-roberto-leal-aos-67-anos\/#respond"]}]},{"@type":"WebPage","@id":"https:\/\/portaldenoticias.net\/ffsantos\/morre-em-sao-paulo-o-cantor-roberto-leal-aos-67-anos\/","url":"https:\/\/portaldenoticias.net\/ffsantos\/morre-em-sao-paulo-o-cantor-roberto-leal-aos-67-anos\/","name":"MORRE EM S\u00c3O PAULO O CANTOR ROBERTO LEAL, AOS 67 ANOS - Blog do Florisvaldo","isPartOf":{"@id":"https:\/\/portaldenoticias.net\/ffsantos\/#website"},"primaryImageOfPage":{"@id":"https:\/\/portaldenoticias.net\/ffsantos\/morre-em-sao-paulo-o-cantor-roberto-leal-aos-67-anos\/#primaryimage"},"image":{"@id":"https:\/\/portaldenoticias.net\/ffsantos\/morre-em-sao-paulo-o-cantor-roberto-leal-aos-67-anos\/#primaryimage"},"thumbnailUrl":"https:\/\/portaldenoticias.net\/ffsantos\/wp-content\/uploads\/2019\/09\/roberto_leal_blog_oficial_vasco-com-br.jpg","datePublished":"2019-09-15T12:45:18+00:00","dateModified":"2019-09-15T17:23:25+00:00","author":{"@id":"https:\/\/portaldenoticias.net\/ffsantos\/#\/schema\/person\/709c788ecb22f2378d698c2cd46cecc3"},"breadcrumb":{"@id":"https:\/\/portaldenoticias.net\/ffsantos\/morre-em-sao-paulo-o-cantor-roberto-leal-aos-67-anos\/#breadcrumb"},"inLanguage":"pt-BR","potentialAction":[{"@type":"ReadAction","target":["https:\/\/portaldenoticias.net\/ffsantos\/morre-em-sao-paulo-o-cantor-roberto-leal-aos-67-anos\/"]}]},{"@type":"ImageObject","inLanguage":"pt-BR","@id":"https:\/\/portaldenoticias.net\/ffsantos\/morre-em-sao-paulo-o-cantor-roberto-leal-aos-67-anos\/#primaryimage","url":"https:\/\/portaldenoticias.net\/ffsantos\/wp-content\/uploads\/2019\/09\/roberto_leal_blog_oficial_vasco-com-br.jpg","contentUrl":"https:\/\/portaldenoticias.net\/ffsantos\/wp-content\/uploads\/2019\/09\/roberto_leal_blog_oficial_vasco-com-br.jpg","width":1600,"height":1600,"caption":"Cantor portugu\u00eas Roberto Leal, conhecido pelas m\u00fasicas 'Arrebita' e 'Bate o p\u00e9', estava internado havia 5 dias no Hospital Samaritano e morreu em decorr\u00eancia de insufici\u00eancia renal causada por tumor."},{"@type":"BreadcrumbList","@id":"https:\/\/portaldenoticias.net\/ffsantos\/morre-em-sao-paulo-o-cantor-roberto-leal-aos-67-anos\/#breadcrumb","itemListElement":[{"@type":"ListItem","position":1,"name":"In\u00edcio","item":"https:\/\/portaldenoticias.net\/ffsantos\/"},{"@type":"ListItem","position":2,"name":"MORRE EM S\u00c3O PAULO O CANTOR ROBERTO LEAL, AOS 67 ANOS"}]},{"@type":"WebSite","@id":"https:\/\/portaldenoticias.net\/ffsantos\/#website","url":"https:\/\/portaldenoticias.net\/ffsantos\/","name":"Blog do Florisvaldo |","description":"Informa\u00e7\u00e3o com imparcialidade","potentialAction":[{"@type":"SearchAction","target":{"@type":"EntryPoint","urlTemplate":"https:\/\/portaldenoticias.net\/ffsantos\/?s={search_term_string}"},"query-input":{"@type":"PropertyValueSpecification","valueRequired":true,"valueName":"search_term_string"}}],"inLanguage":"pt-BR"},{"@type":"Person","@id":"https:\/\/portaldenoticias.net\/ffsantos\/#\/schema\/person\/709c788ecb22f2378d698c2cd46cecc3","name":"Florisvaldo","image":{"@type":"ImageObject","inLanguage":"pt-BR","@id":"https:\/\/secure.gravatar.com\/avatar\/23c59839b4c874bb227d4916d18ba065e405a73d0e423fa9255ba9436604e628?s=96&d=mm&r=g","url":"https:\/\/secure.gravatar.com\/avatar\/23c59839b4c874bb227d4916d18ba065e405a73d0e423fa9255ba9436604e628?s=96&d=mm&r=g","contentUrl":"https:\/\/secure.gravatar.com\/avatar\/23c59839b4c874bb227d4916d18ba065e405a73d0e423fa9255ba9436604e628?s=96&d=mm&r=g","caption":"Florisvaldo"},"url":"https:\/\/portaldenoticias.net\/ffsantos\/author\/ffsantos\/"}]}},"_links":{"self":[{"href":"https:\/\/portaldenoticias.net\/ffsantos\/wp-json\/wp\/v2\/posts\/10292","targetHints":{"allow":["GET"]}}],"collection":[{"href":"https:\/\/portaldenoticias.net\/ffsantos\/wp-json\/wp\/v2\/posts"}],"about":[{"href":"https:\/\/portaldenoticias.net\/ffsantos\/wp-json\/wp\/v2\/types\/post"}],"author":[{"embeddable":true,"href":"https:\/\/portaldenoticias.net\/ffsantos\/wp-json\/wp\/v2\/users\/2"}],"replies":[{"embeddable":true,"href":"https:\/\/portaldenoticias.net\/ffsantos\/wp-json\/wp\/v2\/comments?post=10292"}],"version-history":[{"count":7,"href":"https:\/\/portaldenoticias.net\/ffsantos\/wp-json\/wp\/v2\/posts\/10292\/revisions"}],"predecessor-version":[{"id":10303,"href":"https:\/\/portaldenoticias.net\/ffsantos\/wp-json\/wp\/v2\/posts\/10292\/revisions\/10303"}],"wp:featuredmedia":[{"embeddable":true,"href":"https:\/\/portaldenoticias.net\/ffsantos\/wp-json\/wp\/v2\/media\/10293"}],"wp:attachment":[{"href":"https:\/\/portaldenoticias.net\/ffsantos\/wp-json\/wp\/v2\/media?parent=10292"}],"wp:term":[{"taxonomy":"category","embeddable":true,"href":"https:\/\/portaldenoticias.net\/ffsantos\/wp-json\/wp\/v2\/categories?post=10292"},{"taxonomy":"post_tag","embeddable":true,"href":"https:\/\/portaldenoticias.net\/ffsantos\/wp-json\/wp\/v2\/tags?post=10292"}],"curies":[{"name":"wp","href":"https:\/\/api.w.org\/{rel}","templated":true}]}}