{"id":1954,"date":"2015-04-10T22:38:31","date_gmt":"2015-04-11T01:38:31","guid":{"rendered":"http:\/\/www.portaldenoticias.net\/deusimar\/?p=1954"},"modified":"2015-04-10T22:38:31","modified_gmt":"2015-04-11T01:38:31","slug":"governador-cumpre-a-agenda-deste-final-de-semana-no-municipio-de-conceicao-de-feira-localizada-na-regiao-metropolitana-de-feira-de-santana","status":"publish","type":"post","link":"https:\/\/portaldenoticias.net\/deusimar\/governador-cumpre-a-agenda-deste-final-de-semana-no-municipio-de-conceicao-de-feira-localizada-na-regiao-metropolitana-de-feira-de-santana\/","title":{"rendered":"GOVERNADOR CUMPRE A AGENDA DESTE  FINAL DE SEMANA NO MUNIC\u00cdPIO DE CONCEI\u00c7\u00c3O DE FEIRA LOCALIZADA NA REGI\u00c3O METROPOLITANA DE FEIRA DE SANTANA."},"content":{"rendered":"<p><img loading=\"lazy\" decoding=\"async\" src=\"http:\/\/www.portaldenoticias.net\/deusimar\/wp-content\/uploads\/2015\/02\/RUI-COSTA-IMAGEM-GRANDE-DO-FACE..png\" alt=\"RUI COSTA IMAGEM GRANDE DO FACE.\" width=\"160\" height=\"160\" class=\"alignleft size-full wp-image-832\" srcset=\"https:\/\/portaldenoticias.net\/deusimar\/wp-content\/uploads\/2015\/02\/RUI-COSTA-IMAGEM-GRANDE-DO-FACE..png 160w, https:\/\/portaldenoticias.net\/deusimar\/wp-content\/uploads\/2015\/02\/RUI-COSTA-IMAGEM-GRANDE-DO-FACE.-150x150.png 150w\" sizes=\"auto, (max-width: 160px) 100vw, 160px\" \/><br \/>\n<img loading=\"lazy\" decoding=\"async\" src=\"http:\/\/www.portaldenoticias.net\/deusimar\/wp-content\/uploads\/2015\/04\/MAPA-CONCEICAO-DA-FEIRA.jpg\" alt=\"MAPA CONCEICAO DA FEIRA\" width=\"310\" height=\"163\" class=\"alignleft size-full wp-image-1955\" \/><br \/>\nRui Costa<br \/>\n2 h \u00b7<br \/>\nFim de semana \u00e9 na estrada! Dessa vez, para Concei\u00e7\u00e3o de Feira. \u202a#\u200eTrabalho\u202c \u202a#\u200eEducarParaTransformar\u202c \u202a#\u200e\u00c1guaParaTodos\u202c<\/p>\n<p><img loading=\"lazy\" decoding=\"async\" src=\"http:\/\/www.portaldenoticias.net\/deusimar\/wp-content\/uploads\/2015\/04\/RUI-CONCEICAO-DA-FEIRA.-450x450.png\" alt=\"RUI CONCEICAO DA FEIRA.\" width=\"450\" height=\"450\" class=\"alignleft size-medium wp-image-1956\" srcset=\"https:\/\/portaldenoticias.net\/deusimar\/wp-content\/uploads\/2015\/04\/RUI-CONCEICAO-DA-FEIRA.-450x450.png 450w, https:\/\/portaldenoticias.net\/deusimar\/wp-content\/uploads\/2015\/04\/RUI-CONCEICAO-DA-FEIRA.-150x150.png 150w, https:\/\/portaldenoticias.net\/deusimar\/wp-content\/uploads\/2015\/04\/RUI-CONCEICAO-DA-FEIRA..png 480w\" sizes=\"auto, (max-width: 450px) 100vw, 450px\" \/><\/p>\n<p>COLABORA\u00c7\u00c3O E COMPLEMENTOS DOS:<br \/>\n<img loading=\"lazy\" decoding=\"async\" src=\"http:\/\/www.portaldenoticias.net\/deusimar\/wp-content\/uploads\/2015\/03\/CARTAO-DE-VISITA-DEUSIMAR2-450x250.jpg\" alt=\"CARTAO DE VISITA DEUSIMAR\" width=\"450\" height=\"250\" class=\"alignleft size-medium wp-image-1725\" srcset=\"https:\/\/portaldenoticias.net\/deusimar\/wp-content\/uploads\/2015\/03\/CARTAO-DE-VISITA-DEUSIMAR2-450x250.jpg 450w, https:\/\/portaldenoticias.net\/deusimar\/wp-content\/uploads\/2015\/03\/CARTAO-DE-VISITA-DEUSIMAR2-640x356.jpg 640w, https:\/\/portaldenoticias.net\/deusimar\/wp-content\/uploads\/2015\/03\/CARTAO-DE-VISITA-DEUSIMAR2.jpg 1062w\" sizes=\"auto, (max-width: 450px) 100vw, 450px\" \/><\/p>\n","protected":false},"excerpt":{"rendered":"<p>Rui Costa 2 h \u00b7 Fim de semana \u00e9 na estrada! Dessa vez, para Concei\u00e7\u00e3o de Feira. \u202a#\u200eTrabalho\u202c \u202a#\u200eEducarParaTransformar\u202c \u202a#\u200e\u00c1guaParaTodos\u202c COLABORA\u00c7\u00c3O E COMPLEMENTOS DOS:<\/p>\n","protected":false},"author":2,"featured_media":0,"comment_status":"open","ping_status":"open","sticky":false,"template":"","format":"standard","meta":{"footnotes":""},"categories":[1],"tags":[],"class_list":{"0":"post-1954","1":"post","2":"type-post","3":"status-publish","4":"format-standard","6":"category-destaques"},"_links":{"self":[{"href":"https:\/\/portaldenoticias.net\/deusimar\/wp-json\/wp\/v2\/posts\/1954","targetHints":{"allow":["GET"]}}],"collection":[{"href":"https:\/\/portaldenoticias.net\/deusimar\/wp-json\/wp\/v2\/posts"}],"about":[{"href":"https:\/\/portaldenoticias.net\/deusimar\/wp-json\/wp\/v2\/types\/post"}],"author":[{"embeddable":true,"href":"https:\/\/portaldenoticias.net\/deusimar\/wp-json\/wp\/v2\/users\/2"}],"replies":[{"embeddable":true,"href":"https:\/\/portaldenoticias.net\/deusimar\/wp-json\/wp\/v2\/comments?post=1954"}],"version-history":[{"count":0,"href":"https:\/\/portaldenoticias.net\/deusimar\/wp-json\/wp\/v2\/posts\/1954\/revisions"}],"wp:attachment":[{"href":"https:\/\/portaldenoticias.net\/deusimar\/wp-json\/wp\/v2\/media?parent=1954"}],"wp:term":[{"taxonomy":"category","embeddable":true,"href":"https:\/\/portaldenoticias.net\/deusimar\/wp-json\/wp\/v2\/categories?post=1954"},{"taxonomy":"post_tag","embeddable":true,"href":"https:\/\/portaldenoticias.net\/deusimar\/wp-json\/wp\/v2\/tags?post=1954"}],"curies":[{"name":"wp","href":"https:\/\/api.w.org\/{rel}","templated":true}]}}