{"id":1931,"date":"2015-04-09T21:23:44","date_gmt":"2015-04-10T00:23:44","guid":{"rendered":"http:\/\/www.portaldenoticias.net\/deusimar\/?p=1931"},"modified":"2015-04-09T21:23:44","modified_gmt":"2015-04-10T00:23:44","slug":"governador-declara-total-solidariedade-a-toda-populacao-castigada-pelas-fortes-chuvas","status":"publish","type":"post","link":"https:\/\/portaldenoticias.net\/deusimar\/governador-declara-total-solidariedade-a-toda-populacao-castigada-pelas-fortes-chuvas\/","title":{"rendered":"GOVERNADOR DECLARA TOTAL SOLIDARIEDADE \u00c0 TODA POPULA\u00c7\u00c3O CASTIGADA PELAS FORTES CHUVAS."},"content":{"rendered":"<p><img loading=\"lazy\" decoding=\"async\" src=\"http:\/\/www.portaldenoticias.net\/deusimar\/wp-content\/uploads\/2015\/02\/RUI-COSTA-IMAGEM-GRANDE-DO-FACE..png\" alt=\"RUI COSTA IMAGEM GRANDE DO FACE.\" width=\"160\" height=\"160\" class=\"alignleft size-full wp-image-832\" srcset=\"https:\/\/portaldenoticias.net\/deusimar\/wp-content\/uploads\/2015\/02\/RUI-COSTA-IMAGEM-GRANDE-DO-FACE..png 160w, https:\/\/portaldenoticias.net\/deusimar\/wp-content\/uploads\/2015\/02\/RUI-COSTA-IMAGEM-GRANDE-DO-FACE.-150x150.png 150w\" sizes=\"auto, (max-width: 160px) 100vw, 160px\" \/><\/p>\n<p>Rui Costa<br \/>\n7 h \u00b7<br \/>\nMinha solidariedade a toda popula\u00e7\u00e3o de Salvador e de outras cidades baianas que est\u00e3o sendo atingidas pelas fortes chuvas nesta quinta. Liguei para o prefeito da nossa capital, ACM Neto, e coloquei \u00e0 disposi\u00e7\u00e3o toda a estrutura da Defesa Civil, que j\u00e1 est\u00e1 atuando em algumas cidades, como Amargosa. O Estado estar\u00e1 sempre atento para atuar no atendimento a ocorr\u00eancias emergenciais em decorr\u00eancia da chuva.<br \/>\n<img loading=\"lazy\" decoding=\"async\" src=\"http:\/\/www.portaldenoticias.net\/deusimar\/wp-content\/uploads\/2015\/04\/enchente-em-salvador.-450x338.jpg\" alt=\"enchente em salvador.\" width=\"450\" height=\"338\" class=\"alignleft size-medium wp-image-1932\" srcset=\"https:\/\/portaldenoticias.net\/deusimar\/wp-content\/uploads\/2015\/04\/enchente-em-salvador.-450x338.jpg 450w, https:\/\/portaldenoticias.net\/deusimar\/wp-content\/uploads\/2015\/04\/enchente-em-salvador.-174x131.jpg 174w, https:\/\/portaldenoticias.net\/deusimar\/wp-content\/uploads\/2015\/04\/enchente-em-salvador.-70x53.jpg 70w, https:\/\/portaldenoticias.net\/deusimar\/wp-content\/uploads\/2015\/04\/enchente-em-salvador..jpg 620w\" sizes=\"auto, (max-width: 450px) 100vw, 450px\" \/><\/p>\n<p>COLABORA\u00c7\u00c3O E COMPLEMENTOS DOS:<br \/>\n<img loading=\"lazy\" decoding=\"async\" src=\"http:\/\/www.portaldenoticias.net\/deusimar\/wp-content\/uploads\/2015\/02\/CARTAO-DE-VISITA-DEUSIMAR-450x250.jpg\" alt=\"CARTAO DE VISITA DEUSIMAR\" width=\"450\" height=\"250\" class=\"alignleft size-medium wp-image-849\" srcset=\"https:\/\/portaldenoticias.net\/deusimar\/wp-content\/uploads\/2015\/02\/CARTAO-DE-VISITA-DEUSIMAR-450x250.jpg 450w, https:\/\/portaldenoticias.net\/deusimar\/wp-content\/uploads\/2015\/02\/CARTAO-DE-VISITA-DEUSIMAR-640x356.jpg 640w, https:\/\/portaldenoticias.net\/deusimar\/wp-content\/uploads\/2015\/02\/CARTAO-DE-VISITA-DEUSIMAR.jpg 1062w\" sizes=\"auto, (max-width: 450px) 100vw, 450px\" \/><\/p>\n","protected":false},"excerpt":{"rendered":"<p>Rui Costa 7 h \u00b7 Minha solidariedade a toda popula\u00e7\u00e3o de Salvador e de outras cidades baianas que est\u00e3o sendo atingidas pelas fortes chuvas nesta quinta. Liguei para o prefeito da nossa capital, ACM Neto, e coloquei \u00e0 disposi\u00e7\u00e3o toda a estrutura da Defesa Civil, que j\u00e1 est\u00e1 atuando em algumas cidades, como Amargosa. O [&hellip;]<\/p>\n","protected":false},"author":2,"featured_media":0,"comment_status":"open","ping_status":"open","sticky":false,"template":"","format":"standard","meta":{"footnotes":""},"categories":[1],"tags":[],"class_list":{"0":"post-1931","1":"post","2":"type-post","3":"status-publish","4":"format-standard","6":"category-destaques"},"_links":{"self":[{"href":"https:\/\/portaldenoticias.net\/deusimar\/wp-json\/wp\/v2\/posts\/1931","targetHints":{"allow":["GET"]}}],"collection":[{"href":"https:\/\/portaldenoticias.net\/deusimar\/wp-json\/wp\/v2\/posts"}],"about":[{"href":"https:\/\/portaldenoticias.net\/deusimar\/wp-json\/wp\/v2\/types\/post"}],"author":[{"embeddable":true,"href":"https:\/\/portaldenoticias.net\/deusimar\/wp-json\/wp\/v2\/users\/2"}],"replies":[{"embeddable":true,"href":"https:\/\/portaldenoticias.net\/deusimar\/wp-json\/wp\/v2\/comments?post=1931"}],"version-history":[{"count":0,"href":"https:\/\/portaldenoticias.net\/deusimar\/wp-json\/wp\/v2\/posts\/1931\/revisions"}],"wp:attachment":[{"href":"https:\/\/portaldenoticias.net\/deusimar\/wp-json\/wp\/v2\/media?parent=1931"}],"wp:term":[{"taxonomy":"category","embeddable":true,"href":"https:\/\/portaldenoticias.net\/deusimar\/wp-json\/wp\/v2\/categories?post=1931"},{"taxonomy":"post_tag","embeddable":true,"href":"https:\/\/portaldenoticias.net\/deusimar\/wp-json\/wp\/v2\/tags?post=1931"}],"curies":[{"name":"wp","href":"https:\/\/api.w.org\/{rel}","templated":true}]}}