{"id":1925,"date":"2015-04-09T20:41:42","date_gmt":"2015-04-09T23:41:42","guid":{"rendered":"http:\/\/www.portaldenoticias.net\/deusimar\/?p=1925"},"modified":"2015-04-09T23:21:03","modified_gmt":"2015-04-10T02:21:03","slug":"governador-anunciou-em-seu-facebook-que-cumprira-agenda-amanha10-no-municipio-de-barra","status":"publish","type":"post","link":"https:\/\/portaldenoticias.net\/deusimar\/governador-anunciou-em-seu-facebook-que-cumprira-agenda-amanha10-no-municipio-de-barra\/","title":{"rendered":"GOVERNADOR ANUNCIOU EM SEU FACEBOOK QUE CUMPRIR\u00c1 AGENDA AMANH\u00c3(10) NO MUNIC\u00cdPIO DE BARRA."},"content":{"rendered":"<p><img loading=\"lazy\" decoding=\"async\" src=\"http:\/\/www.portaldenoticias.net\/deusimar\/wp-content\/uploads\/2015\/02\/RUI-COSTA-IMAGEM-GRANDE-DO-FACE..png\" alt=\"RUI COSTA IMAGEM GRANDE DO FACE.\" width=\"160\" height=\"160\" class=\"alignleft size-full wp-image-832\" srcset=\"https:\/\/portaldenoticias.net\/deusimar\/wp-content\/uploads\/2015\/02\/RUI-COSTA-IMAGEM-GRANDE-DO-FACE..png 160w, https:\/\/portaldenoticias.net\/deusimar\/wp-content\/uploads\/2015\/02\/RUI-COSTA-IMAGEM-GRANDE-DO-FACE.-150x150.png 150w\" sizes=\"auto, (max-width: 160px) 100vw, 160px\" \/><\/p>\n<p><img loading=\"lazy\" decoding=\"async\" src=\"http:\/\/www.portaldenoticias.net\/deusimar\/wp-content\/uploads\/2015\/04\/BARRA.gif\" alt=\"BARRA\" width=\"431\" height=\"350\" class=\"alignleft size-full wp-image-1929\" \/><br \/>\nRui Costa<br \/>\n28 min \u00b7<br \/>\nAmanh\u00e3 cedinho come\u00e7o a agenda no munic\u00edpio de Barra, \u00e0 beira do rio S\u00e3o Francisco! O trabalho continua!<br \/>\n<img loading=\"lazy\" decoding=\"async\" src=\"http:\/\/www.portaldenoticias.net\/deusimar\/wp-content\/uploads\/2015\/04\/GOVERNADOR-EM-BARRA-450x450.jpg\" alt=\"GOVERNADOR EM BARRA\" width=\"450\" height=\"450\" class=\"alignleft size-medium wp-image-1926\" srcset=\"https:\/\/portaldenoticias.net\/deusimar\/wp-content\/uploads\/2015\/04\/GOVERNADOR-EM-BARRA-450x450.jpg 450w, https:\/\/portaldenoticias.net\/deusimar\/wp-content\/uploads\/2015\/04\/GOVERNADOR-EM-BARRA-150x150.jpg 150w, https:\/\/portaldenoticias.net\/deusimar\/wp-content\/uploads\/2015\/04\/GOVERNADOR-EM-BARRA.jpg 480w\" sizes=\"auto, (max-width: 450px) 100vw, 450px\" \/><\/p>\n<p>COLABORA\u00c7\u00c3O E COMPLEMENTOS DOS:<br \/>\n<img loading=\"lazy\" decoding=\"async\" src=\"http:\/\/www.portaldenoticias.net\/deusimar\/wp-content\/uploads\/2015\/03\/CARTAO-DE-VISITA-AMPLIADO-DE-DEUSIMAR-450x250.jpg\" alt=\"CARTAO DE VISITA AMPLIADO DE DEUSIMAR\" width=\"450\" height=\"250\" class=\"alignleft size-medium wp-image-1740\" srcset=\"https:\/\/portaldenoticias.net\/deusimar\/wp-content\/uploads\/2015\/03\/CARTAO-DE-VISITA-AMPLIADO-DE-DEUSIMAR-450x250.jpg 450w, https:\/\/portaldenoticias.net\/deusimar\/wp-content\/uploads\/2015\/03\/CARTAO-DE-VISITA-AMPLIADO-DE-DEUSIMAR-640x356.jpg 640w, https:\/\/portaldenoticias.net\/deusimar\/wp-content\/uploads\/2015\/03\/CARTAO-DE-VISITA-AMPLIADO-DE-DEUSIMAR.jpg 1062w\" sizes=\"auto, (max-width: 450px) 100vw, 450px\" \/><\/p>\n","protected":false},"excerpt":{"rendered":"<p>Rui Costa 28 min \u00b7 Amanh\u00e3 cedinho come\u00e7o a agenda no munic\u00edpio de Barra, \u00e0 beira do rio S\u00e3o Francisco! O trabalho continua! COLABORA\u00c7\u00c3O E COMPLEMENTOS DOS:<\/p>\n","protected":false},"author":2,"featured_media":0,"comment_status":"open","ping_status":"open","sticky":false,"template":"","format":"standard","meta":{"footnotes":""},"categories":[1],"tags":[],"class_list":{"0":"post-1925","1":"post","2":"type-post","3":"status-publish","4":"format-standard","6":"category-destaques"},"_links":{"self":[{"href":"https:\/\/portaldenoticias.net\/deusimar\/wp-json\/wp\/v2\/posts\/1925","targetHints":{"allow":["GET"]}}],"collection":[{"href":"https:\/\/portaldenoticias.net\/deusimar\/wp-json\/wp\/v2\/posts"}],"about":[{"href":"https:\/\/portaldenoticias.net\/deusimar\/wp-json\/wp\/v2\/types\/post"}],"author":[{"embeddable":true,"href":"https:\/\/portaldenoticias.net\/deusimar\/wp-json\/wp\/v2\/users\/2"}],"replies":[{"embeddable":true,"href":"https:\/\/portaldenoticias.net\/deusimar\/wp-json\/wp\/v2\/comments?post=1925"}],"version-history":[{"count":0,"href":"https:\/\/portaldenoticias.net\/deusimar\/wp-json\/wp\/v2\/posts\/1925\/revisions"}],"wp:attachment":[{"href":"https:\/\/portaldenoticias.net\/deusimar\/wp-json\/wp\/v2\/media?parent=1925"}],"wp:term":[{"taxonomy":"category","embeddable":true,"href":"https:\/\/portaldenoticias.net\/deusimar\/wp-json\/wp\/v2\/categories?post=1925"},{"taxonomy":"post_tag","embeddable":true,"href":"https:\/\/portaldenoticias.net\/deusimar\/wp-json\/wp\/v2\/tags?post=1925"}],"curies":[{"name":"wp","href":"https:\/\/api.w.org\/{rel}","templated":true}]}}