{"id":1920,"date":"2015-04-09T00:10:00","date_gmt":"2015-04-09T03:10:00","guid":{"rendered":"http:\/\/www.portaldenoticias.net\/deusimar\/?p=1920"},"modified":"2015-04-09T00:10:00","modified_gmt":"2015-04-09T03:10:00","slug":"blog-do-deusimar-confirmando-e-divulgando-palestra-motivacional-de-nosso-artista-intelectual-de-monte-santo-na-camara-dos-deputados-dia-16-do-corrente-mes","status":"publish","type":"post","link":"https:\/\/portaldenoticias.net\/deusimar\/blog-do-deusimar-confirmando-e-divulgando-palestra-motivacional-de-nosso-artista-intelectual-de-monte-santo-na-camara-dos-deputados-dia-16-do-corrente-mes\/","title":{"rendered":"BLOG DO DEUSIMAR CONFIRMANDO E DIVULGANDO PALESTRA MOTIVACIONAL DE NOSSO ARTISTA INTELECTUAL DE MONTE SANTO NA C\u00c2MARA DOS DEPUTADOS DIA 16 DO CORRENTE M\u00caS."},"content":{"rendered":"<p><img loading=\"lazy\" decoding=\"async\" src=\"http:\/\/www.portaldenoticias.net\/deusimar\/wp-content\/uploads\/2015\/03\/DEUSIMAR-E-CLAUDIO-VIEIRA1.jpg\" alt=\"DEUSIMAR E CLAUDIO VIEIRA\" width=\"259\" height=\"194\" class=\"alignleft size-full wp-image-1457\" srcset=\"https:\/\/portaldenoticias.net\/deusimar\/wp-content\/uploads\/2015\/03\/DEUSIMAR-E-CLAUDIO-VIEIRA1.jpg 259w, https:\/\/portaldenoticias.net\/deusimar\/wp-content\/uploads\/2015\/03\/DEUSIMAR-E-CLAUDIO-VIEIRA1-174x131.jpg 174w, https:\/\/portaldenoticias.net\/deusimar\/wp-content\/uploads\/2015\/03\/DEUSIMAR-E-CLAUDIO-VIEIRA1-70x53.jpg 70w\" sizes=\"auto, (max-width: 259px) 100vw, 259px\" \/><br \/>\nCONFIRMADO! DIA 16 DE ABRIL BRASILIA, DISTRITO FEDERAL,<br \/>\nCAMARA DOS DEPUTADOS, SALA 16<br \/>\nGRANDE CONFERENCIA E EU ESTAREI ADMINISTRANDO PALESTRA<br \/>\nMOTIVACIONAL.<br \/>\nEM BUSCA DA IGUALDADE SOCIAL<br \/>\nFernando Barbosa Barbosa Isadora Rivad\u00e1via Andre Rangel Fernando Barbosa<\/p>\n<p><img loading=\"lazy\" decoding=\"async\" src=\"http:\/\/www.portaldenoticias.net\/deusimar\/wp-content\/uploads\/2015\/04\/IGUALDE-SOCIAL-450x338.jpg\" alt=\"IGUALDE SOCIAL\" width=\"450\" height=\"338\" class=\"alignleft size-medium wp-image-1921\" srcset=\"https:\/\/portaldenoticias.net\/deusimar\/wp-content\/uploads\/2015\/04\/IGUALDE-SOCIAL-450x338.jpg 450w, https:\/\/portaldenoticias.net\/deusimar\/wp-content\/uploads\/2015\/04\/IGUALDE-SOCIAL-640x480.jpg 640w, https:\/\/portaldenoticias.net\/deusimar\/wp-content\/uploads\/2015\/04\/IGUALDE-SOCIAL-174x131.jpg 174w, https:\/\/portaldenoticias.net\/deusimar\/wp-content\/uploads\/2015\/04\/IGUALDE-SOCIAL-70x53.jpg 70w, https:\/\/portaldenoticias.net\/deusimar\/wp-content\/uploads\/2015\/04\/IGUALDE-SOCIAL.jpg 960w\" sizes=\"auto, (max-width: 450px) 100vw, 450px\" \/><br \/>\n<img loading=\"lazy\" decoding=\"async\" src=\"http:\/\/www.portaldenoticias.net\/deusimar\/wp-content\/uploads\/2015\/04\/palestra-KKu-305x450.jpg\" alt=\"palestra KKu\" width=\"305\" height=\"450\" class=\"alignleft size-medium wp-image-1922\" srcset=\"https:\/\/portaldenoticias.net\/deusimar\/wp-content\/uploads\/2015\/04\/palestra-KKu-305x450.jpg 305w, https:\/\/portaldenoticias.net\/deusimar\/wp-content\/uploads\/2015\/04\/palestra-KKu.jpg 401w\" sizes=\"auto, (max-width: 305px) 100vw, 305px\" \/><\/p>\n<p>COLABORA\u00c7\u00c3O E COMPLEMENTOS DOS:<br \/>\n<img loading=\"lazy\" decoding=\"async\" src=\"http:\/\/www.portaldenoticias.net\/deusimar\/wp-content\/uploads\/2015\/03\/CARTAO-DE-VISITA-DEUSIMAR2-450x250.jpg\" alt=\"CARTAO DE VISITA DEUSIMAR\" width=\"450\" height=\"250\" class=\"alignleft size-medium wp-image-1725\" srcset=\"https:\/\/portaldenoticias.net\/deusimar\/wp-content\/uploads\/2015\/03\/CARTAO-DE-VISITA-DEUSIMAR2-450x250.jpg 450w, https:\/\/portaldenoticias.net\/deusimar\/wp-content\/uploads\/2015\/03\/CARTAO-DE-VISITA-DEUSIMAR2-640x356.jpg 640w, https:\/\/portaldenoticias.net\/deusimar\/wp-content\/uploads\/2015\/03\/CARTAO-DE-VISITA-DEUSIMAR2.jpg 1062w\" sizes=\"auto, (max-width: 450px) 100vw, 450px\" \/><\/p>\n","protected":false},"excerpt":{"rendered":"<p>CONFIRMADO! DIA 16 DE ABRIL BRASILIA, DISTRITO FEDERAL, CAMARA DOS DEPUTADOS, SALA 16 GRANDE CONFERENCIA E EU ESTAREI ADMINISTRANDO PALESTRA MOTIVACIONAL. EM BUSCA DA IGUALDADE SOCIAL Fernando Barbosa Barbosa Isadora Rivad\u00e1via Andre Rangel Fernando Barbosa COLABORA\u00c7\u00c3O E COMPLEMENTOS DOS:<\/p>\n","protected":false},"author":2,"featured_media":0,"comment_status":"open","ping_status":"open","sticky":false,"template":"","format":"standard","meta":{"footnotes":""},"categories":[1],"tags":[],"class_list":{"0":"post-1920","1":"post","2":"type-post","3":"status-publish","4":"format-standard","6":"category-destaques"},"_links":{"self":[{"href":"https:\/\/portaldenoticias.net\/deusimar\/wp-json\/wp\/v2\/posts\/1920","targetHints":{"allow":["GET"]}}],"collection":[{"href":"https:\/\/portaldenoticias.net\/deusimar\/wp-json\/wp\/v2\/posts"}],"about":[{"href":"https:\/\/portaldenoticias.net\/deusimar\/wp-json\/wp\/v2\/types\/post"}],"author":[{"embeddable":true,"href":"https:\/\/portaldenoticias.net\/deusimar\/wp-json\/wp\/v2\/users\/2"}],"replies":[{"embeddable":true,"href":"https:\/\/portaldenoticias.net\/deusimar\/wp-json\/wp\/v2\/comments?post=1920"}],"version-history":[{"count":0,"href":"https:\/\/portaldenoticias.net\/deusimar\/wp-json\/wp\/v2\/posts\/1920\/revisions"}],"wp:attachment":[{"href":"https:\/\/portaldenoticias.net\/deusimar\/wp-json\/wp\/v2\/media?parent=1920"}],"wp:term":[{"taxonomy":"category","embeddable":true,"href":"https:\/\/portaldenoticias.net\/deusimar\/wp-json\/wp\/v2\/categories?post=1920"},{"taxonomy":"post_tag","embeddable":true,"href":"https:\/\/portaldenoticias.net\/deusimar\/wp-json\/wp\/v2\/tags?post=1920"}],"curies":[{"name":"wp","href":"https:\/\/api.w.org\/{rel}","templated":true}]}}