{"id":1917,"date":"2015-04-08T23:37:38","date_gmt":"2015-04-09T02:37:38","guid":{"rendered":"http:\/\/www.portaldenoticias.net\/deusimar\/?p=1917"},"modified":"2015-04-08T23:37:38","modified_gmt":"2015-04-09T02:37:38","slug":"blogueiro-deusimar-das-abelhas-recebe-convite-do-pesquisado-claudio-vieira-e-participa-do-estudo-de-causo-realizado-pela-universidade-de-harvard-dos-eua","status":"publish","type":"post","link":"https:\/\/portaldenoticias.net\/deusimar\/blogueiro-deusimar-das-abelhas-recebe-convite-do-pesquisado-claudio-vieira-e-participa-do-estudo-de-causo-realizado-pela-universidade-de-harvard-dos-eua\/","title":{"rendered":"BLOGUEIRO DEUSIMAR DAS ABELHAS RECEBE CONVITE DO PESQUISADO CLAUDIO VIEIRA E PARTICIPA DO ESTUDO DE CAUSO REALIZADO PELA UNIVERSIDADE DE HARVARD DOS EUA."},"content":{"rendered":"<p><img loading=\"lazy\" decoding=\"async\" src=\"http:\/\/www.portaldenoticias.net\/deusimar\/wp-content\/uploads\/2015\/04\/IMG_85931-450x338.jpg\" alt=\"IMG_8593[1]\" width=\"450\" height=\"338\" class=\"alignleft size-medium wp-image-1886\" srcset=\"https:\/\/portaldenoticias.net\/deusimar\/wp-content\/uploads\/2015\/04\/IMG_85931-450x338.jpg 450w, https:\/\/portaldenoticias.net\/deusimar\/wp-content\/uploads\/2015\/04\/IMG_85931-640x480.jpg 640w, https:\/\/portaldenoticias.net\/deusimar\/wp-content\/uploads\/2015\/04\/IMG_85931-174x131.jpg 174w, https:\/\/portaldenoticias.net\/deusimar\/wp-content\/uploads\/2015\/04\/IMG_85931-70x53.jpg 70w\" sizes=\"auto, (max-width: 450px) 100vw, 450px\" \/><\/p>\n<p>07\/04\/2015 18h54 &#8211; Atualizado em 07\/04\/2015 18h56<br \/>\nPesquisadores internacionais avaliam baiano com a cabe\u00e7a virada para tr\u00e1s<br \/>\nClaudio Vieira de Oliveira tem pernas atrofiadas e bra\u00e7os colados no corpo.<br \/>\nEstudiosos est\u00e3o em Monte Santo: &#8216;Eles querem entender como enxergo&#8217;.<br \/>\nRuan Melo<br \/>\nDo G1 BA<br \/>\nFACEBOOK<br \/>\n Claudio Oliveira, baiano de Monte Santo com cabe\u00e7a virada para tr\u00e1s (Foto: Arquivo pessoal)<br \/>\nPesquisadores dos Estados Unidos v\u00e3o estudar<br \/>\ncaso do baiano Claudio Oliveira<br \/>\n<img loading=\"lazy\" decoding=\"async\" src=\"http:\/\/www.portaldenoticias.net\/deusimar\/wp-content\/uploads\/2015\/04\/IMAGEM-KKU.jpg\" alt=\"IMAGEM KKU\" width=\"300\" height=\"225\" class=\"alignleft size-full wp-image-1918\" srcset=\"https:\/\/portaldenoticias.net\/deusimar\/wp-content\/uploads\/2015\/04\/IMAGEM-KKU.jpg 300w, https:\/\/portaldenoticias.net\/deusimar\/wp-content\/uploads\/2015\/04\/IMAGEM-KKU-174x131.jpg 174w, https:\/\/portaldenoticias.net\/deusimar\/wp-content\/uploads\/2015\/04\/IMAGEM-KKU-70x53.jpg 70w\" sizes=\"auto, (max-width: 300px) 100vw, 300px\" \/><br \/>\n(Foto: Arquivo<br \/>\npessoal)<br \/>\nDois pesquisadores de psicologia visitam em Monte Santo o morador Claudio Vieira de Oliveira, que tem as pernas atrofiadas, os colados no peitoral e a cabe\u00e7a virada para tr\u00e1s. Ele serve como estudo de caso de uma pesquisa que visa entender como ocorre a detec\u00e7\u00e3o de rostos pelo c\u00e9rebro. O baiano tem uma doen\u00e7a rara chamada Artrogripose M\u00faltipla Cong\u00eanita (AMC). A coleta de dados come\u00e7ou nesta ter\u00e7a-feira (7) e se estende at\u00e9 a quinta-feira (9).<br \/>\n&#8220;Eu e meu colega fazemos parte de uma equipe de quatro pessoas. Nosso estudo \u00e9 sobre como o c\u00e9rebro reconhece as coisas em volta e, principalmente, reconhece os rostos. N\u00f3s nunca t\u00ednhamos visto um caso deste antes. A vis\u00e3o dele parece normal. Um colega meu ouviu falar do caso [em programa de canal internacional de TV] e pareceu muito interessante para testarmos a nossa hip\u00f3tese&#8221;, diz a professora assistente do Departamento de Psicologia da Universidade de Brunel, em Londres. Ela est\u00e1 acompanhada de um investigador que atua na Universidade de Havard, nos Estados Unidos.<br \/>\nOutras pessoas tamb\u00e9m s\u00e3o submetidas aos testes para servir de compara\u00e7\u00e3o ao caso de Claudio. &#8220;Eles querem entender como eu enxergo, porque, devido \u00e0 minha posi\u00e7\u00e3o, deveria ver tudo de cabe\u00e7a para baixo, mas, n\u00e3o, vejo tudo normal. Eles fizeram testes psicol\u00f3gicos, v\u00e1rias perguntas sobre como enxergo, se tenho vis\u00e3o boa de longe ou perto. Pediram para fazer algumas leituras, fizeram alguns desenhos e perguntaram se eu sabia distinguir o que eram os desenhos&#8221;, descreve. Segundo a pesquisadora, s\u00e3o realizados testes cognitivos com aux\u00edlio do computador ou do papel.<br \/>\nsaiba mais<br \/>\nBaiano tem cabe\u00e7a virada para tr\u00e1s e diz: &#8216;n\u00e3o tenho do que me queixar&#8217;<br \/>\nBaiano que tem cabe\u00e7a virada para tr\u00e1s festeja &#8216;fama&#8217; e viagem aos EUA<br \/>\nClaudio, que trabalha fazendo palestras motivacionais em todo o pa\u00eds, teve a hist\u00f3ria de vida repercutida em jornais nacionais e internacionais. &#8220;No ano passando teve uma mat\u00e9ria na Discovery Channel comigo e eles viram. O meu caso despertou a curiosidade e ent\u00e3o eles entraram em contato comigo Eu estou animado [com os estudos], encarando com a maior seriedade, porque \u00e9 importante. Os resultados n\u00e3o v\u00e3o ficar somente para mim, v\u00e3o servir para ajudar outras pessoas que t\u00eam dificuldades&#8221;, diz.<br \/>\nCirurgia<br \/>\nClaudio nunca chegou a passar por procedimento cir\u00fargico para tratar a doen\u00e7a. Ele conta que nos \u00faltimos dias recebeu a proposta de equipe de pesquisadores da Filad\u00e9lfia, tamb\u00e9m nos Estados Unidos, a fim de realizar um procedimento para tentar corrigir o problema. &#8220;Eles entraram em contato e, no m\u00eas passado, enviei um [exame de ]raio-x para eles. Querem uma suposta cirurgia, mas n\u00e3o est\u00e1 nada sacramentado. Foi uma conversa e estou aguardando eles entrarem em contato. N\u00e3o penso ainda em cirurgia porque quero, primeiro, ouvir o que eles dizem sobre o quadro. A partir da\u00ed tomo uma decis\u00e3o&#8221;.<br \/>\nClaudio Oliveira em 2000, quando encontrou Papa Jo\u00e3o Paulo II, no Vaticano (Foto: Arquivo pessoal)<br \/>\nClaudio Oliveira em 2000, quando encontrou Papa Jo\u00e3o<br \/>\nPaulo II, no Vaticano (Foto: Arquivo pessoal)<br \/>\nO caso<br \/>\nClaudio Vieira nasceu no dia 1\u00ba de abril de 1976 em um parto normal. Ele tem outros cinco irm\u00e3os, nenhum com AMC. O baiano afirma que, no dia do seu nascimento, o m\u00e9dico chegou a dizer que ele tinha 24 horas de vida. Atualmente, Claudio afirma que s\u00f3 vai aos m\u00e9dicos para exames de rotina e que \u00e9 saud\u00e1vel.<br \/>\nEle relembra que come\u00e7ou a se acostumar com sua forma f\u00edsica aos sete anos, quando deixou de andar de forma rastejante para transitar de joelhos, como acontece at\u00e9 hoje. Ler e escrever aprendeu em casa, depois de pedir \u00e0 m\u00e3e. Atualmente, Claudio \u00e9 usu\u00e1rio ativo da internet e, inclusive, lan\u00e7ou um DVD sobre a sua hist\u00f3ria, em que ele mesmo fez o projeto gr\u00e1fico da capa. Em 2000, passou a dar depoimentos em igrejas, a convite de amigos, e tomou o gosto para fazer palestras motivacionais.<\/p>\n<p>COLABORA\u00c7\u00c3O E COMPLEMENTOS DOS:<br \/>\n<img loading=\"lazy\" decoding=\"async\" src=\"http:\/\/www.portaldenoticias.net\/deusimar\/wp-content\/uploads\/2015\/03\/CARTAO-DE-VISITA-AMPLIADO-DE-DEUSIMAR-450x250.jpg\" alt=\"CARTAO DE VISITA AMPLIADO DE DEUSIMAR\" width=\"450\" height=\"250\" class=\"alignleft size-medium wp-image-1740\" srcset=\"https:\/\/portaldenoticias.net\/deusimar\/wp-content\/uploads\/2015\/03\/CARTAO-DE-VISITA-AMPLIADO-DE-DEUSIMAR-450x250.jpg 450w, https:\/\/portaldenoticias.net\/deusimar\/wp-content\/uploads\/2015\/03\/CARTAO-DE-VISITA-AMPLIADO-DE-DEUSIMAR-640x356.jpg 640w, https:\/\/portaldenoticias.net\/deusimar\/wp-content\/uploads\/2015\/03\/CARTAO-DE-VISITA-AMPLIADO-DE-DEUSIMAR.jpg 1062w\" sizes=\"auto, (max-width: 450px) 100vw, 450px\" \/><\/p>\n","protected":false},"excerpt":{"rendered":"<p>07\/04\/2015 18h54 &#8211; Atualizado em 07\/04\/2015 18h56 Pesquisadores internacionais avaliam baiano com a cabe\u00e7a virada para tr\u00e1s Claudio Vieira de Oliveira tem pernas atrofiadas e bra\u00e7os colados no corpo. Estudiosos est\u00e3o em Monte Santo: &#8216;Eles querem entender como enxergo&#8217;. Ruan Melo Do G1 BA FACEBOOK Claudio Oliveira, baiano de Monte Santo com cabe\u00e7a virada para [&hellip;]<\/p>\n","protected":false},"author":2,"featured_media":0,"comment_status":"open","ping_status":"open","sticky":false,"template":"","format":"standard","meta":{"footnotes":""},"categories":[1],"tags":[],"class_list":{"0":"post-1917","1":"post","2":"type-post","3":"status-publish","4":"format-standard","6":"category-destaques"},"_links":{"self":[{"href":"https:\/\/portaldenoticias.net\/deusimar\/wp-json\/wp\/v2\/posts\/1917","targetHints":{"allow":["GET"]}}],"collection":[{"href":"https:\/\/portaldenoticias.net\/deusimar\/wp-json\/wp\/v2\/posts"}],"about":[{"href":"https:\/\/portaldenoticias.net\/deusimar\/wp-json\/wp\/v2\/types\/post"}],"author":[{"embeddable":true,"href":"https:\/\/portaldenoticias.net\/deusimar\/wp-json\/wp\/v2\/users\/2"}],"replies":[{"embeddable":true,"href":"https:\/\/portaldenoticias.net\/deusimar\/wp-json\/wp\/v2\/comments?post=1917"}],"version-history":[{"count":0,"href":"https:\/\/portaldenoticias.net\/deusimar\/wp-json\/wp\/v2\/posts\/1917\/revisions"}],"wp:attachment":[{"href":"https:\/\/portaldenoticias.net\/deusimar\/wp-json\/wp\/v2\/media?parent=1917"}],"wp:term":[{"taxonomy":"category","embeddable":true,"href":"https:\/\/portaldenoticias.net\/deusimar\/wp-json\/wp\/v2\/categories?post=1917"},{"taxonomy":"post_tag","embeddable":true,"href":"https:\/\/portaldenoticias.net\/deusimar\/wp-json\/wp\/v2\/tags?post=1917"}],"curies":[{"name":"wp","href":"https:\/\/api.w.org\/{rel}","templated":true}]}}