{"id":1884,"date":"2015-04-07T22:37:41","date_gmt":"2015-04-08T01:37:41","guid":{"rendered":"http:\/\/www.portaldenoticias.net\/deusimar\/?p=1884"},"modified":"2015-04-07T22:44:56","modified_gmt":"2015-04-08T01:44:56","slug":"blogueiro-deusimar-das-abelhas-a-convite-do-artista-intelectual-de-monte-santo-participa-de-seu-estudo-de-causo-quem-vem-sendo-realizado-pela-universidade-de-havard-eua","status":"publish","type":"post","link":"https:\/\/portaldenoticias.net\/deusimar\/blogueiro-deusimar-das-abelhas-a-convite-do-artista-intelectual-de-monte-santo-participa-de-seu-estudo-de-causo-quem-vem-sendo-realizado-pela-universidade-de-havard-eua\/","title":{"rendered":"BLOGUEIRO DEUSIMAR DAS ABELHAS A CONVITE DO ARTISTA INTELECTUAL DE MONTE SANTO PARTICIPA DE SEU ESTUDO DE CAUSO QUEM VEM SENDO REALIZADO PELA UNIVERSIDADE DE HARVARD-EUA"},"content":{"rendered":"<p><img loading=\"lazy\" decoding=\"async\" src=\"http:\/\/www.portaldenoticias.net\/deusimar\/wp-content\/uploads\/2015\/04\/IMG_82982-450x338.jpg\" alt=\"IMG_8298[2]\" width=\"450\" height=\"338\" class=\"alignleft size-medium wp-image-1776\" srcset=\"https:\/\/portaldenoticias.net\/deusimar\/wp-content\/uploads\/2015\/04\/IMG_82982-450x338.jpg 450w, https:\/\/portaldenoticias.net\/deusimar\/wp-content\/uploads\/2015\/04\/IMG_82982-640x480.jpg 640w, https:\/\/portaldenoticias.net\/deusimar\/wp-content\/uploads\/2015\/04\/IMG_82982-174x131.jpg 174w, https:\/\/portaldenoticias.net\/deusimar\/wp-content\/uploads\/2015\/04\/IMG_82982-70x53.jpg 70w\" sizes=\"auto, (max-width: 450px) 100vw, 450px\" \/><br \/>\n<img loading=\"lazy\" decoding=\"async\" src=\"http:\/\/www.portaldenoticias.net\/deusimar\/wp-content\/uploads\/2015\/03\/DEUSIMAR-E-CLAUDIO-VIEIRA1.jpg\" alt=\"DEUSIMAR E CLAUDIO VIEIRA\" width=\"259\" height=\"194\" class=\"alignleft size-full wp-image-1457\" srcset=\"https:\/\/portaldenoticias.net\/deusimar\/wp-content\/uploads\/2015\/03\/DEUSIMAR-E-CLAUDIO-VIEIRA1.jpg 259w, https:\/\/portaldenoticias.net\/deusimar\/wp-content\/uploads\/2015\/03\/DEUSIMAR-E-CLAUDIO-VIEIRA1-174x131.jpg 174w, https:\/\/portaldenoticias.net\/deusimar\/wp-content\/uploads\/2015\/03\/DEUSIMAR-E-CLAUDIO-VIEIRA1-70x53.jpg 70w\" sizes=\"auto, (max-width: 259px) 100vw, 259px\" \/><\/p>\n<p><img loading=\"lazy\" decoding=\"async\" src=\"http:\/\/www.portaldenoticias.net\/deusimar\/wp-content\/uploads\/2015\/04\/IMG_85801-450x338.jpg\" alt=\"IMG_8580[1]\" width=\"450\" height=\"338\" class=\"alignleft size-medium wp-image-1885\" srcset=\"https:\/\/portaldenoticias.net\/deusimar\/wp-content\/uploads\/2015\/04\/IMG_85801-450x338.jpg 450w, https:\/\/portaldenoticias.net\/deusimar\/wp-content\/uploads\/2015\/04\/IMG_85801.jpg 640w, https:\/\/portaldenoticias.net\/deusimar\/wp-content\/uploads\/2015\/04\/IMG_85801-174x131.jpg 174w, https:\/\/portaldenoticias.net\/deusimar\/wp-content\/uploads\/2015\/04\/IMG_85801-70x53.jpg 70w\" sizes=\"auto, (max-width: 450px) 100vw, 450px\" \/><\/p>\n<p><img loading=\"lazy\" decoding=\"async\" src=\"http:\/\/www.portaldenoticias.net\/deusimar\/wp-content\/uploads\/2015\/04\/IMG_85931-450x338.jpg\" alt=\"IMG_8593[1]\" width=\"450\" height=\"338\" class=\"alignleft size-medium wp-image-1886\" srcset=\"https:\/\/portaldenoticias.net\/deusimar\/wp-content\/uploads\/2015\/04\/IMG_85931-450x338.jpg 450w, https:\/\/portaldenoticias.net\/deusimar\/wp-content\/uploads\/2015\/04\/IMG_85931-640x480.jpg 640w, https:\/\/portaldenoticias.net\/deusimar\/wp-content\/uploads\/2015\/04\/IMG_85931-174x131.jpg 174w, https:\/\/portaldenoticias.net\/deusimar\/wp-content\/uploads\/2015\/04\/IMG_85931-70x53.jpg 70w\" sizes=\"auto, (max-width: 450px) 100vw, 450px\" \/><\/p>\n<p><img loading=\"lazy\" decoding=\"async\" src=\"http:\/\/www.portaldenoticias.net\/deusimar\/wp-content\/uploads\/2015\/04\/IMG_85941-450x338.jpg\" alt=\"IMG_8594[1]\" width=\"450\" height=\"338\" class=\"alignleft size-medium wp-image-1887\" srcset=\"https:\/\/portaldenoticias.net\/deusimar\/wp-content\/uploads\/2015\/04\/IMG_85941-450x338.jpg 450w, https:\/\/portaldenoticias.net\/deusimar\/wp-content\/uploads\/2015\/04\/IMG_85941-640x480.jpg 640w, https:\/\/portaldenoticias.net\/deusimar\/wp-content\/uploads\/2015\/04\/IMG_85941-174x131.jpg 174w, https:\/\/portaldenoticias.net\/deusimar\/wp-content\/uploads\/2015\/04\/IMG_85941-70x53.jpg 70w\" sizes=\"auto, (max-width: 450px) 100vw, 450px\" \/><\/p>\n<p>Ol\u00e1 leitores(as) amigos(as) de nossos blogs!!<br \/>\nN\u00e3o sei se mera coincid\u00eancia, mas este blogueiro de voc\u00eas que nesta data, 07-04-2015 estaria completando seus 33 anos(idade de Cristo) da sofrida, porem, produtiva carreira profissional entre a extinta EMATER-BA at\u00e9 a tamb\u00e9m, extinta e e liquidada EBDA. Neste dia de hoje, este blogueiro de voc\u00eas, demission\u00e1rio desde o dia 31-03 \u00faltimo passado, ganhou umas verdinhas(39,8 d\u00f3lares= 125,00 da equipe dos pesquisadores da Universidade de Harvard- EUA, que est\u00e1 aqui em Monte Santo fazendo um estudo de causo, um trabalho cient\u00edfico sobre a defici\u00eancia rar\u00edssima de nosso exemplo de supera\u00e7\u00e3o, de nosso ARTISTA INTELECTUAL DE MONTE SANTO,Claudio Vieira de Oliveira. Como este bogueiro de voc\u00eas comentou em seus artigos anteriores este importante emprego tempor\u00e1rio de apenas 1,5 horas com a maior institui\u00e7\u00e3o de ensino superior do planeta,j\u00e1 \u00e9 um forte indicativo de que as janelas, as oportunidade de emprego est\u00e3o bem pr\u00f3ximas. Quando algu\u00e9m fecha uma porta em nossas vidas o DIVINO providencia e disponibiliza duas janelas. Esta rara oportunidade da presta\u00e7\u00e3o de servi\u00e7os deste blogueiro de voc\u00eas, foi fruto da indica\u00e7\u00e3o feita pelo pesquisado pela Universidade de Harvard, Claudio Vieira de Oliveira solicitado pela referida universidade. Atentai bem nas imagens acima postadas, e percebam este blogueiro de voc\u00eas respondendo um minucioso e complicado teste psicol\u00f3gico feito pelo psicologo Costi Rezleserv da Universidade de Harvard e pela psic\u00f3loga Lucia Garrido de Londres a int\u00e9rprete da equipe da universidade.<br \/>\nNas considera\u00e7\u00f5es finais, este blogueiro de voc\u00eas informa que os trabalhos da equipe dos americanos v\u00e3o continuar por todo o dia de amanha, e se estender\u00e3o at\u00e9 a pr\u00f3xima quinta feira(09).<\/p>\n<p>COLABORA\u00c7\u00c3O E COMPLEMENTOS DOS:<br \/>\n<img loading=\"lazy\" decoding=\"async\" src=\"http:\/\/www.portaldenoticias.net\/deusimar\/wp-content\/uploads\/2015\/03\/CARTAO-DE-VISITA-DEUSIMAR2-450x250.jpg\" alt=\"CARTAO DE VISITA DEUSIMAR\" width=\"450\" height=\"250\" class=\"alignleft size-medium wp-image-1725\" srcset=\"https:\/\/portaldenoticias.net\/deusimar\/wp-content\/uploads\/2015\/03\/CARTAO-DE-VISITA-DEUSIMAR2-450x250.jpg 450w, https:\/\/portaldenoticias.net\/deusimar\/wp-content\/uploads\/2015\/03\/CARTAO-DE-VISITA-DEUSIMAR2-640x356.jpg 640w, https:\/\/portaldenoticias.net\/deusimar\/wp-content\/uploads\/2015\/03\/CARTAO-DE-VISITA-DEUSIMAR2.jpg 1062w\" sizes=\"auto, (max-width: 450px) 100vw, 450px\" \/>  <\/p>\n","protected":false},"excerpt":{"rendered":"<p>Ol\u00e1 leitores(as) amigos(as) de nossos blogs!! N\u00e3o sei se mera coincid\u00eancia, mas este blogueiro de voc\u00eas que nesta data, 07-04-2015 estaria completando seus 33 anos(idade de Cristo) da sofrida, porem, produtiva carreira profissional entre a extinta EMATER-BA at\u00e9 a tamb\u00e9m, extinta e e liquidada EBDA. Neste dia de hoje, este blogueiro de voc\u00eas, demission\u00e1rio desde [&hellip;]<\/p>\n","protected":false},"author":2,"featured_media":0,"comment_status":"open","ping_status":"open","sticky":false,"template":"","format":"standard","meta":{"footnotes":""},"categories":[1],"tags":[],"class_list":{"0":"post-1884","1":"post","2":"type-post","3":"status-publish","4":"format-standard","6":"category-destaques"},"_links":{"self":[{"href":"https:\/\/portaldenoticias.net\/deusimar\/wp-json\/wp\/v2\/posts\/1884","targetHints":{"allow":["GET"]}}],"collection":[{"href":"https:\/\/portaldenoticias.net\/deusimar\/wp-json\/wp\/v2\/posts"}],"about":[{"href":"https:\/\/portaldenoticias.net\/deusimar\/wp-json\/wp\/v2\/types\/post"}],"author":[{"embeddable":true,"href":"https:\/\/portaldenoticias.net\/deusimar\/wp-json\/wp\/v2\/users\/2"}],"replies":[{"embeddable":true,"href":"https:\/\/portaldenoticias.net\/deusimar\/wp-json\/wp\/v2\/comments?post=1884"}],"version-history":[{"count":0,"href":"https:\/\/portaldenoticias.net\/deusimar\/wp-json\/wp\/v2\/posts\/1884\/revisions"}],"wp:attachment":[{"href":"https:\/\/portaldenoticias.net\/deusimar\/wp-json\/wp\/v2\/media?parent=1884"}],"wp:term":[{"taxonomy":"category","embeddable":true,"href":"https:\/\/portaldenoticias.net\/deusimar\/wp-json\/wp\/v2\/categories?post=1884"},{"taxonomy":"post_tag","embeddable":true,"href":"https:\/\/portaldenoticias.net\/deusimar\/wp-json\/wp\/v2\/tags?post=1884"}],"curies":[{"name":"wp","href":"https:\/\/api.w.org\/{rel}","templated":true}]}}