{"id":1871,"date":"2015-04-07T10:04:41","date_gmt":"2015-04-07T13:04:41","guid":{"rendered":"http:\/\/www.portaldenoticias.net\/deusimar\/?p=1871"},"modified":"2015-04-07T10:08:22","modified_gmt":"2015-04-07T13:08:22","slug":"equipe-de-pesquisadores-da-harvard-vai-a-monte-santo-estudar-caso-raro-de-anomalia-genetica-por-bruna-castelo-branco","status":"publish","type":"post","link":"https:\/\/portaldenoticias.net\/deusimar\/equipe-de-pesquisadores-da-harvard-vai-a-monte-santo-estudar-caso-raro-de-anomalia-genetica-por-bruna-castelo-branco\/","title":{"rendered":"Equipe de pesquisadores da Harvard vai a Monte Santo estudar caso raro de anomalia gen\u00e9tica por Bruna Castelo Branco."},"content":{"rendered":"<p>\nTer\u00e7a, 07 de Abril de 2015 &#8211; 00:00<br \/>\nEquipe de pesquisadores da Harvard vai a Monte Santo estudar caso raro de anomalia gen\u00e9tica<br \/>\npor Bruna Castelo Branco do www.bahianoticias.com.br<br \/>\n<img loading=\"lazy\" decoding=\"async\" src=\"http:\/\/www.portaldenoticias.net\/deusimar\/wp-content\/uploads\/2015\/04\/SEMANA-SANTA-EM-MONTE-SANTO-148-450x338.jpg\" alt=\"SEMANA SANTA EM MONTE SANTO 148\" width=\"450\" height=\"338\" class=\"alignleft size-medium wp-image-1872\" srcset=\"https:\/\/portaldenoticias.net\/deusimar\/wp-content\/uploads\/2015\/04\/SEMANA-SANTA-EM-MONTE-SANTO-148-450x338.jpg 450w, https:\/\/portaldenoticias.net\/deusimar\/wp-content\/uploads\/2015\/04\/SEMANA-SANTA-EM-MONTE-SANTO-148-640x480.jpg 640w, https:\/\/portaldenoticias.net\/deusimar\/wp-content\/uploads\/2015\/04\/SEMANA-SANTA-EM-MONTE-SANTO-148-174x131.jpg 174w, https:\/\/portaldenoticias.net\/deusimar\/wp-content\/uploads\/2015\/04\/SEMANA-SANTA-EM-MONTE-SANTO-148-70x53.jpg 70w\" sizes=\"auto, (max-width: 450px) 100vw, 450px\" \/><\/p>\n<p>Equipe de pesquisadores da Harvard vai a Monte Santo estudar caso raro de anomalia gen\u00e9ticaFoto: Arquivo Pessoal<br \/>\n\u201cEu n\u00e3o vejo nada de cabe\u00e7a para baixo, o mundo que est\u00e1 de cabe\u00e7a para baixo\u201d, explica Claudio Vieira, homem que ao nascer, em 1\u00ba de abril de 1976 no munic\u00edpio de Monte Santo, na regi\u00e3o do Sisal, recebeu o diagn\u00f3stico de que teria apenas 24 horas de vida. Hoje, com 39 anos, Claudio ir\u00e1 receber uma visita de pesquisadores da Universidade de Harvard, dos Estados Unidos, que far\u00e3o um estudo sobre o caso, diagnosticado em 2013 como Artrogripose M\u00faltipla Cong\u00eanita (AMC) por uma equipe m\u00e9dica de Londres, na Inglaterra. O grupo de pesquisadores de Harvard chegou a Monte Santo na tarde de segunda-feira (6) e v\u00e3o come\u00e7ar os testes com Vieira a partir desta ter\u00e7a-feira (7) at\u00e9 quinta (9). O principal objetivo das pesquisas \u00e9 entender como Claudio consegue enxergar o mundo de cabe\u00e7a para cima quando sua cabe\u00e7a \u00e9 posicionada para baixo. \u201cEles querem fazer uma avalia\u00e7\u00e3o de como eu enxergo. Devido \u00e0 posi\u00e7\u00e3o em que fica a minha cabe\u00e7a, muita gente acha que eu vejo tudo de cabe\u00e7a para baixo, mas eu n\u00e3o vejo\u201d, conta.<br \/>\n<img loading=\"lazy\" decoding=\"async\" src=\"http:\/\/www.portaldenoticias.net\/deusimar\/wp-content\/uploads\/2015\/04\/IMAGEM-KKU-BN.jpg\" alt=\"IMAGEM KKU-BN\" width=\"380\" height=\"280\" class=\"alignleft size-full wp-image-1873\" srcset=\"https:\/\/portaldenoticias.net\/deusimar\/wp-content\/uploads\/2015\/04\/IMAGEM-KKU-BN.jpg 380w, https:\/\/portaldenoticias.net\/deusimar\/wp-content\/uploads\/2015\/04\/IMAGEM-KKU-BN-70x53.jpg 70w\" sizes=\"auto, (max-width: 380px) 100vw, 380px\" \/><\/p>\n<p>&#8220;Muita gente acha que eu vejo tudo de cabe\u00e7a para baixo, mas eu n\u00e3o vejo&#8221;, explica \/ Foto: Reprodu\u00e7\u00e3o BBC<\/p>\n<p>Claudio tamb\u00e9m afirmou n\u00e3o se importar com a possibilidade de ser feito de cobaia pela equipe de pesquisadores, pois as pesquisas podem trazer resultados ben\u00e9ficos e ajudar pessoas que passem por uma situa\u00e7\u00e3o parecida. \u201cO meu caso \u00e9 um grande mist\u00e9rio. Isso tudo pode desvendar o mist\u00e9rio da minha vida\u201d, espera. O caso de Claudio j\u00e1 alcan\u00e7ou propor\u00e7\u00f5es mundiais: ele j\u00e1 deu entrevistas para jornais, r\u00e1dios e equipes de televis\u00e3o internacionais como a CBN, Discovery Chanel, The New York Times, al\u00e9m de mat\u00e9rias para um programa televisivo japon\u00eas e palestras motivacionais no Brasil e nos Estados Unidos.<br \/>\n<img loading=\"lazy\" decoding=\"async\" src=\"http:\/\/www.portaldenoticias.net\/deusimar\/wp-content\/uploads\/2015\/04\/IMAGEM-KKU-BN-2.jpg\" alt=\"IMAGEM KKU BN-2\" width=\"380\" height=\"252\" class=\"alignleft size-full wp-image-1874\" \/><\/p>\n<p><img loading=\"lazy\" decoding=\"async\" src=\"http:\/\/www.portaldenoticias.net\/deusimar\/wp-content\/uploads\/2015\/04\/IMAGEM-KKU-BN-3.jpg\" alt=\"IMAGEM KKU-BN-3\" width=\"380\" height=\"380\" class=\"alignleft size-full wp-image-1877\" srcset=\"https:\/\/portaldenoticias.net\/deusimar\/wp-content\/uploads\/2015\/04\/IMAGEM-KKU-BN-3.jpg 380w, https:\/\/portaldenoticias.net\/deusimar\/wp-content\/uploads\/2015\/04\/IMAGEM-KKU-BN-3-150x150.jpg 150w\" sizes=\"auto, (max-width: 380px) 100vw, 380px\" \/><br \/>\nClaudio em 2000, quando conheceu o Papa Jo\u00e3o Paulo II, no Vaticano \/ Foto: Arquivo pessoal<\/p>\n<p>H\u00e1 15 dias, Claudio recebeu uma proposta que traz uma nova esperan\u00e7a. Uma equipe filantr\u00f3pica de pesquisadores da Filad\u00e9lfia, nos Estados Unidos, conhecida como Shriners International, entrou em contato com ele e trouxe a possibilidade da realiza\u00e7\u00e3o de uma cirurgia para amenizar seu quadro cl\u00ednico. Os pesquisadores pediram que Claudio enviasse um raio-X eletr\u00f4nico para an\u00e1lise. \u201cEu j\u00e1 enviei, mas para saber se realmente tenho interesse em fazer a cirurgia, preciso ouvi-los antes. Quando conversei com a equipe, deixei claro que n\u00e3o assumi compromisso, e eles tamb\u00e9m. N\u00e3o vou fazer alguma coisa assim aleat\u00f3ria, n\u00e3o me interessa de cara\u201d, explica. Segundo ele, essa \u00e9 a primeira vez que a Shriners International abre espa\u00e7o para um caso como o de Claudio, j\u00e1 que a equipe \u00e9 especializada em atender apenas crian\u00e7as.<br \/>\n <img loading=\"lazy\" decoding=\"async\" src=\"http:\/\/www.portaldenoticias.net\/deusimar\/wp-content\/uploads\/2015\/04\/IMAGEM-KKU-BN-4.jpg\" alt=\"IMAGEM KKU-BN-4\" width=\"380\" height=\"253\" class=\"alignleft size-full wp-image-1875\" \/><\/p>\n<p>Atualmente Claudio Vieira d\u00e1 palestras motivacionais \/ Foto: Arquivo Pessoal<\/p>\n<p>H\u00e1 14 anos, Claudio recebeu proposta similar de uma equipe de especialistas do Canad\u00e1, mas rejeitou por \u201cmedo e imaturidade\u201d. \u201cEles falaram comigo logo direto, dizendo que o caso tinha jeito. Algu\u00e9m que s\u00f3 me conhece por fotos pode dizer que d\u00e1 jeito? Eu fiquei com medo, recuei por falta de maturidade e conhecimento\u201d, relata. Atualmente, Claudio Vieira, formado em contabilidade, d\u00e1 palestras motivacionais. Reveza entre morar na casa da m\u00e3e, Maria Jos\u00e9, no centro de Monte Santo, e na casa que conseguiu com o apoio do governo, um loteamento do programa federal \u201cMinha Casa Minha Vida\u201d.<\/p>\n<p>Veja abaixo reportagem feita pela Discovery Chanel sobre o caso de Claudio.BASTA CLICAR O ACESSA O LINK DISPONIBILIZADO ABAIXO.<br \/>\nMeu Corpo, Meu Desafio &#8211; Claudio Vieira &#8211; Monte Santo &#8230;<br \/>\nVideo for VIDEO CLAUDIO VIEIRA-DISCOVERY LONDON,\u25b6 4:13<br \/>\nwww.youtube.com\/watch?v=AbC_CVE6Z-Q<br \/>\nAug 8, 2014 &#8211; Uploaded by Monte Santo<br \/>\nYou need Adobe Flash Player to watch this video. Download it from &#8230; Meu Corpo, Meu Desafio &#8211; Claudio Vieira &#8211; Monte Santo. Monte Santo.<br \/>\nMissing: london<br \/>\nCOLABORA\u00c7\u00c3O E COMPLEMENTOS DOS:<br \/>\n<img loading=\"lazy\" decoding=\"async\" src=\"http:\/\/www.portaldenoticias.net\/deusimar\/wp-content\/uploads\/2015\/03\/CARTAO-DE-VISITA-DEUSIMAR2-450x250.jpg\" alt=\"CARTAO DE VISITA DEUSIMAR\" width=\"450\" height=\"250\" class=\"alignleft size-medium wp-image-1725\" srcset=\"https:\/\/portaldenoticias.net\/deusimar\/wp-content\/uploads\/2015\/03\/CARTAO-DE-VISITA-DEUSIMAR2-450x250.jpg 450w, https:\/\/portaldenoticias.net\/deusimar\/wp-content\/uploads\/2015\/03\/CARTAO-DE-VISITA-DEUSIMAR2-640x356.jpg 640w, https:\/\/portaldenoticias.net\/deusimar\/wp-content\/uploads\/2015\/03\/CARTAO-DE-VISITA-DEUSIMAR2.jpg 1062w\" sizes=\"auto, (max-width: 450px) 100vw, 450px\" \/><\/p>\n","protected":false},"excerpt":{"rendered":"<p>Ter\u00e7a, 07 de Abril de 2015 &#8211; 00:00 Equipe de pesquisadores da Harvard vai a Monte Santo estudar caso raro de anomalia gen\u00e9tica por Bruna Castelo Branco do www.bahianoticias.com.br Equipe de pesquisadores da Harvard vai a Monte Santo estudar caso raro de anomalia gen\u00e9ticaFoto: Arquivo Pessoal \u201cEu n\u00e3o vejo nada de cabe\u00e7a para baixo, o [&hellip;]<\/p>\n","protected":false},"author":2,"featured_media":0,"comment_status":"open","ping_status":"open","sticky":false,"template":"","format":"standard","meta":{"footnotes":""},"categories":[1],"tags":[],"class_list":{"0":"post-1871","1":"post","2":"type-post","3":"status-publish","4":"format-standard","6":"category-destaques"},"_links":{"self":[{"href":"https:\/\/portaldenoticias.net\/deusimar\/wp-json\/wp\/v2\/posts\/1871","targetHints":{"allow":["GET"]}}],"collection":[{"href":"https:\/\/portaldenoticias.net\/deusimar\/wp-json\/wp\/v2\/posts"}],"about":[{"href":"https:\/\/portaldenoticias.net\/deusimar\/wp-json\/wp\/v2\/types\/post"}],"author":[{"embeddable":true,"href":"https:\/\/portaldenoticias.net\/deusimar\/wp-json\/wp\/v2\/users\/2"}],"replies":[{"embeddable":true,"href":"https:\/\/portaldenoticias.net\/deusimar\/wp-json\/wp\/v2\/comments?post=1871"}],"version-history":[{"count":0,"href":"https:\/\/portaldenoticias.net\/deusimar\/wp-json\/wp\/v2\/posts\/1871\/revisions"}],"wp:attachment":[{"href":"https:\/\/portaldenoticias.net\/deusimar\/wp-json\/wp\/v2\/media?parent=1871"}],"wp:term":[{"taxonomy":"category","embeddable":true,"href":"https:\/\/portaldenoticias.net\/deusimar\/wp-json\/wp\/v2\/categories?post=1871"},{"taxonomy":"post_tag","embeddable":true,"href":"https:\/\/portaldenoticias.net\/deusimar\/wp-json\/wp\/v2\/tags?post=1871"}],"curies":[{"name":"wp","href":"https:\/\/api.w.org\/{rel}","templated":true}]}}