{"id":1847,"date":"2015-04-05T12:23:53","date_gmt":"2015-04-05T15:23:53","guid":{"rendered":"http:\/\/www.portaldenoticias.net\/deusimar\/?p=1847"},"modified":"2015-04-05T12:23:53","modified_gmt":"2015-04-05T15:23:53","slug":"blog-do-deusimar-editando-mais-uma-coluna-do-agenor-nao-cruze-os-bracos","status":"publish","type":"post","link":"https:\/\/portaldenoticias.net\/deusimar\/blog-do-deusimar-editando-mais-uma-coluna-do-agenor-nao-cruze-os-bracos\/","title":{"rendered":"BLOG DO DEUSIMAR EDITANDO MAIS UMA COLUNA DO AGENOR \u2013 \u201cN\u00c3O CRUZE OS BRA\u00c7OS\u201d."},"content":{"rendered":"<p>COLUNA DO AGENOR \u2013 \u201cN\u00c3O CRUZE OS BRA\u00c7OS\u201d<br \/>\nPublicado em 5 de abril de 2015 por Florisvaldo em Brasil, Destaques, Economia, Opini\u00e3o, Pol\u00edtica, \u00daltimas Not\u00edcias \/\/ 0 coment\u00e1rios<br \/>\n<img loading=\"lazy\" decoding=\"async\" src=\"http:\/\/www.portaldenoticias.net\/deusimar\/wp-content\/uploads\/2015\/04\/imagem-coluna-Agenor5-450x212.jpg\" alt=\"imagem coluna Agenor=5\" width=\"450\" height=\"212\" class=\"alignleft size-medium wp-image-1849\" srcset=\"https:\/\/portaldenoticias.net\/deusimar\/wp-content\/uploads\/2015\/04\/imagem-coluna-Agenor5-450x212.jpg 450w, https:\/\/portaldenoticias.net\/deusimar\/wp-content\/uploads\/2015\/04\/imagem-coluna-Agenor5-640x301.jpg 640w, https:\/\/portaldenoticias.net\/deusimar\/wp-content\/uploads\/2015\/04\/imagem-coluna-Agenor5.jpg 850w\" sizes=\"auto, (max-width: 450px) 100vw, 450px\" \/><\/p>\n<p><img loading=\"lazy\" decoding=\"async\" src=\"http:\/\/www.portaldenoticias.net\/deusimar\/wp-content\/uploads\/2015\/04\/IMAGEM-COLUNA-AGENOR-6-450x258.jpg\" alt=\"IMAGEM COLUNA AGENOR-6\" width=\"450\" height=\"258\" class=\"alignleft size-medium wp-image-1850\" srcset=\"https:\/\/portaldenoticias.net\/deusimar\/wp-content\/uploads\/2015\/04\/IMAGEM-COLUNA-AGENOR-6-450x258.jpg 450w, https:\/\/portaldenoticias.net\/deusimar\/wp-content\/uploads\/2015\/04\/IMAGEM-COLUNA-AGENOR-6.jpg 554w\" sizes=\"auto, (max-width: 450px) 100vw, 450px\" \/><\/p>\n<p>A perplexidade tem sido o tom dominante no sentimento da sociedade brasileira nos \u00faltimos tempos, visto a varia\u00e7\u00e3o abrupta de momentos de confian\u00e7a, alegria e esp\u00edrito de brasilidade elevado, em contraponto com repentinos decl\u00ednios de confiabilidade, tristeza e abatimento, como atualmente acontece. \u00c9 lament\u00e1vel ver a facilidade como se manipula neste pa\u00eds os n\u00fameros e as informa\u00e7\u00f5es que s\u00e3o passadas ao p\u00fablico em geral, desde que essa atitude atenda aos interesses pol\u00edticos e partid\u00e1rios, \u00e0s vezes sem qualquer mensura\u00e7\u00e3o da irresponsabilidade de tais atos. Ressalte-se que essa n\u00e3o \u00e9 uma particularidade inerente aos partidos que ora est\u00e3o no poder (PT, PMDB, PP, PSD, PDT e outros) mas um desvio de forma\u00e7\u00e3o impregnado desde a origem de todos eles, inclusive da atual oposi\u00e7\u00e3o (PSDB, DEM, PTB, PMN, SD e outros). O defeito n\u00e3o est\u00e1 nos partidos como importantes componentes da estrutura democr\u00e1tica, mas nos homens que os integram.<\/p>\n<p>Impressiona v\u00ea a velocidade com que o pa\u00eds transitou do \u00e1pice no conceito internacional ao limbo atual, rebaixado nas avalia\u00e7\u00f5es das ag\u00eancias internacionais e sem qualquer pol\u00edtica exterior definida, al\u00e9m das Embaixadas brasileiras estarem em estado de quase abandono, como aqui j\u00e1 registrei anteriormente.<\/p>\n<p>S\u00e3o not\u00f3rias as dificuldades que enfrentam as na\u00e7\u00f5es integrantes do Terceiro Mundo diante das pot\u00eancias pol\u00edticas e econ\u00f4micas j\u00e1 consolidadas do Primeiro Mundo. Contudo, o fato do Brasil ter merecido integrar o seletivo grupo econ\u00f4mico de cinco na\u00e7\u00f5es emergentes, a partir de 2001, denominado BRICS, constitu\u00eddo por BRASIL, R\u00daSSIA, \u00cdNDIA, CHINA e SOUTH \u00c1FRICA (\u00c1frica do Sul, esta a partir de 2011), d\u00e1 bem a dimens\u00e3o de como s\u00e3o vistas as nossas potencialidades no universo das na\u00e7\u00f5es. Assim, \u00e9 inconceb\u00edvel que o pa\u00eds conviva com uma gest\u00e3o amador\u00edstica, indecisa e incompetente, em que o interesse na preserva\u00e7\u00e3o de um projeto pol\u00edtico de poder est\u00e1 muito acima dos interesses nacionais.<\/p>\n<p>Para o correto dimensionamento do quadro atual, uma realidade precisa ser colocada, n\u00e3o importa a sigla dos partidos, seja da situa\u00e7\u00e3o ou oposi\u00e7\u00e3o: imp\u00f5e-se uma urgente reciclagem dos homens que fazem a pol\u00edtica \u2013 com raras exce\u00e7\u00f5es \u2013  em todos os n\u00edveis, federal, estadual e municipal! Isso porque s\u00e3o amplas as demonstra\u00e7\u00f5es de falta de comprometimento com os objetivos dos cargos para os quais foram eleitos, seja no Executivo ou Legislativo. Uma prova cabal do alheamento com os problemas nacionais que est\u00e3o a envolver toda a sociedade e parece n\u00e3o atingir os integrantes do Legislativo, foi o recente epis\u00f3dio da C\u00e2mara dos Deputados pretender custear as passagens dos c\u00f4njuges de ida e volta a Bras\u00edlia para visitar os parlamentares \u2013 felizmente voltaram atr\u00e1s, face a indigna\u00e7\u00e3o geral -, e agora a Assembleia Legislativa da Bahia, aumentou a quota de gabinete dos Senhores Deputados de R$ 78,0 mil para R$ 92,0 mil, al\u00e9m dos seus sal\u00e1rios que j\u00e1 foram aumentados no final de 2014, num momento em que o Governador Rui Costa implementou redu\u00e7\u00e3o de gastos, extinguindo Secretarias e empresas do Estado, a exemplo da EBDA. Registre-se que o Governador declarou que n\u00e3o ir\u00e1 suplementar o Or\u00e7amento da Assembleia para cobrir as despesas decorrentes. Outro absurdo, n\u00e3o parlamentar: mesmo com a grav\u00edssima crise que atravessa, a Petrobr\u00e1s anunciou aumento de 13% no sal\u00e1rio dos seus diretores\u2026! Parece brincadeira\u2026<\/p>\n<p>Diante de um cen\u00e1rio de s\u00e9rias dificuldades econ\u00f4micas cujas consequ\u00eancias recaem sobre a popula\u00e7\u00e3o, volta da infla\u00e7\u00e3o e crescimento do desemprego, al\u00e9m da necessidade de um arrocho fiscal para repor o pa\u00eds nos trilhos, era de se esperar desses pol\u00edticos um m\u00ednimo de compreens\u00e3o e mais responsabilidade, n\u00e3o somente com a popula\u00e7\u00e3o sofrida mas at\u00e9 mesmo numa concentra\u00e7\u00e3o de for\u00e7as para implementar um projeto conjunto de recupera\u00e7\u00e3o do pa\u00eds. Em sentido contr\u00e1rio o que se v\u00ea s\u00e3o as batalhas pol\u00edticas entre Situa\u00e7\u00e3o e Oposi\u00e7\u00e3o que nada constroem, onde prevalecem as prioridades de car\u00e1ter pessoal e os interesses corporativos dos partidos.<\/p>\n<p>Uma estat\u00edstica recente indicou que dos 513 Deputados Federais e 81 Senadores (um verdadeiro absurdo o total de 594 congressistas, quando metade era suficiente!), cerca de 224 deles respondem por 542 inqu\u00e9ritos e a\u00e7\u00f5es penais no Supremo Tribunal Federal, seja por improbidade administrativa quando do desempenho de cargos no Executivo, em gest\u00e3o anterior, ou decorrente de alguma irregularidade eleitoral. O Deputado Federal Paulo Maluf, impedido de ser empossado pela Lei da Ficha Limpa, foi liberado pelo Tribunal Superior Eleitoral\u2026!  Ora, esses dados d\u00e3o bem a dimens\u00e3o de que muita coisa precisa ser repensada em nossa Lei Eleitoral e que uma Reforma Pol\u00edtica se faz mais que urgente no pa\u00eds.<\/p>\n<p>Nesta Semana Santa, em que a mem\u00f3ria b\u00edblica do sacrif\u00edcio de Cristo pela humanidade remete-nos a profundas reflex\u00f5es, uma mensagem deixada por Bob Marley, Rei do Reggae, torna-se oportuna diante do momento nacional em que vivemos:<\/p>\n<p>                       \u201cN\u00c3O CRUZE OS BRA\u00c7OS DIANTE DE UMA DIFICULDADE,<\/p>\n<p>                    POIS O MAIOR HOMEM DO MUNDO MORREU DE BRA\u00c7OS<\/p>\n<p>                    ABERTOS!\u201d <\/p>\n<p><img loading=\"lazy\" decoding=\"async\" src=\"http:\/\/www.portaldenoticias.net\/deusimar\/wp-content\/uploads\/2015\/04\/IMAGEM-AGENOR-2.jpg\" alt=\"IMAGEM AGENOR-2\" width=\"150\" height=\"150\" class=\"alignleft size-full wp-image-1848\" \/><br \/>\nAGENOR CAPA 3Autor:   Adm.  Agenor Santos, P\u00f3s-Gradua\u00e7\u00e3o Lato Sensu em Controle, Monitoramento e Avalia\u00e7\u00e3o no Setor P\u00fablico \u2013 Salvador \u2013 BA.<\/p>\n<p>Blog do Florisvaldo \u2013 Informa\u00e7\u00e3o com imparcialidade \u2013 04\/04\/2015<\/p>\n<p>Florisvaldo Ferreira dos Santos<\/p>\n<p>Consultor de Seguros e Benef\u00edcios<\/p>\n","protected":false},"excerpt":{"rendered":"<p>COLUNA DO AGENOR \u2013 \u201cN\u00c3O CRUZE OS BRA\u00c7OS\u201d Publicado em 5 de abril de 2015 por Florisvaldo em Brasil, Destaques, Economia, Opini\u00e3o, Pol\u00edtica, \u00daltimas Not\u00edcias \/\/ 0 coment\u00e1rios A perplexidade tem sido o tom dominante no sentimento da sociedade brasileira nos \u00faltimos tempos, visto a varia\u00e7\u00e3o abrupta de momentos de confian\u00e7a, alegria e esp\u00edrito de [&hellip;]<\/p>\n","protected":false},"author":2,"featured_media":0,"comment_status":"open","ping_status":"open","sticky":false,"template":"","format":"standard","meta":{"footnotes":""},"categories":[1],"tags":[],"class_list":{"0":"post-1847","1":"post","2":"type-post","3":"status-publish","4":"format-standard","6":"category-destaques"},"_links":{"self":[{"href":"https:\/\/portaldenoticias.net\/deusimar\/wp-json\/wp\/v2\/posts\/1847","targetHints":{"allow":["GET"]}}],"collection":[{"href":"https:\/\/portaldenoticias.net\/deusimar\/wp-json\/wp\/v2\/posts"}],"about":[{"href":"https:\/\/portaldenoticias.net\/deusimar\/wp-json\/wp\/v2\/types\/post"}],"author":[{"embeddable":true,"href":"https:\/\/portaldenoticias.net\/deusimar\/wp-json\/wp\/v2\/users\/2"}],"replies":[{"embeddable":true,"href":"https:\/\/portaldenoticias.net\/deusimar\/wp-json\/wp\/v2\/comments?post=1847"}],"version-history":[{"count":0,"href":"https:\/\/portaldenoticias.net\/deusimar\/wp-json\/wp\/v2\/posts\/1847\/revisions"}],"wp:attachment":[{"href":"https:\/\/portaldenoticias.net\/deusimar\/wp-json\/wp\/v2\/media?parent=1847"}],"wp:term":[{"taxonomy":"category","embeddable":true,"href":"https:\/\/portaldenoticias.net\/deusimar\/wp-json\/wp\/v2\/categories?post=1847"},{"taxonomy":"post_tag","embeddable":true,"href":"https:\/\/portaldenoticias.net\/deusimar\/wp-json\/wp\/v2\/tags?post=1847"}],"curies":[{"name":"wp","href":"https:\/\/api.w.org\/{rel}","templated":true}]}}