{"id":1829,"date":"2015-04-04T19:55:07","date_gmt":"2015-04-04T22:55:07","guid":{"rendered":"http:\/\/www.portaldenoticias.net\/deusimar\/?p=1829"},"modified":"2015-04-04T19:55:07","modified_gmt":"2015-04-04T22:55:07","slug":"governador-em-nome-de-sua-familia-pessoal-publica-em-seu-facebook-os-desejos-de-uma-feliz-pascoa-a-todas-as-familias-de-nossa-linda-e-extensa-bahia","status":"publish","type":"post","link":"https:\/\/portaldenoticias.net\/deusimar\/governador-em-nome-de-sua-familia-pessoal-publica-em-seu-facebook-os-desejos-de-uma-feliz-pascoa-a-todas-as-familias-de-nossa-linda-e-extensa-bahia\/","title":{"rendered":"GOVERNADOR EM NOME DE SUA FAM\u00cdLIA PESSOAL PUBLICA EM SEU FACEBOOK OS DESEJOS DE UMA FELIZ P\u00c1SCOA A TODAS AS FAM\u00cdLIAS DE NOSSA LINDA E EXTENSA BAHIA."},"content":{"rendered":"<p><img loading=\"lazy\" decoding=\"async\" src=\"http:\/\/www.portaldenoticias.net\/deusimar\/wp-content\/uploads\/2015\/04\/rui-na-igreja-do-bonfim-450x319.jpg\" alt=\"rui na igreja do bonfim\" width=\"450\" height=\"319\" class=\"alignleft size-medium wp-image-1802\" srcset=\"https:\/\/portaldenoticias.net\/deusimar\/wp-content\/uploads\/2015\/04\/rui-na-igreja-do-bonfim-450x319.jpg 450w, https:\/\/portaldenoticias.net\/deusimar\/wp-content\/uploads\/2015\/04\/rui-na-igreja-do-bonfim.jpg 468w\" sizes=\"auto, (max-width: 450px) 100vw, 450px\" \/><br \/>\nRui Costa<br \/>\n45 min \u00b7<br \/>\nQuero desejar uma Feliz P\u00e1scoa a todos os baianos e baianas. Independente da f\u00e9 de cada um, vamos celebrar a uni\u00e3o nas nossas fam\u00edlias. O amor dentro de casa nos faz t\u00e3o bem.<br \/>\nQue possamos construir juntos uma Bahia ainda melhor&#8230; cheia de paz, alegria, e prosperidade. Um forte abra\u00e7o.<br \/>\nRui, Aline e fam\u00edlia<br \/>\n<img loading=\"lazy\" decoding=\"async\" src=\"http:\/\/www.portaldenoticias.net\/deusimar\/wp-content\/uploads\/2015\/04\/FAMILIA-DO-GOVERNADOR.-403x450.jpg\" alt=\"FAMILIA DO GOVERNADOR.\" width=\"403\" height=\"450\" class=\"alignleft size-medium wp-image-1830\" srcset=\"https:\/\/portaldenoticias.net\/deusimar\/wp-content\/uploads\/2015\/04\/FAMILIA-DO-GOVERNADOR.-403x450.jpg 403w, https:\/\/portaldenoticias.net\/deusimar\/wp-content\/uploads\/2015\/04\/FAMILIA-DO-GOVERNADOR.-573x640.jpg 573w, https:\/\/portaldenoticias.net\/deusimar\/wp-content\/uploads\/2015\/04\/FAMILIA-DO-GOVERNADOR..jpg 859w\" sizes=\"auto, (max-width: 403px) 100vw, 403px\" \/>DOS:<\/p>\n<p>COLABORA\u00c7\u00c3O E COMPLEMENTOS:<br \/>\n<img loading=\"lazy\" decoding=\"async\" src=\"http:\/\/www.portaldenoticias.net\/deusimar\/wp-content\/uploads\/2015\/03\/CARTAO-DE-VISITA-AMPLIADO-DE-DEUSIMAR-450x250.jpg\" alt=\"CARTAO DE VISITA AMPLIADO DE DEUSIMAR\" width=\"450\" height=\"250\" class=\"alignleft size-medium wp-image-1740\" srcset=\"https:\/\/portaldenoticias.net\/deusimar\/wp-content\/uploads\/2015\/03\/CARTAO-DE-VISITA-AMPLIADO-DE-DEUSIMAR-450x250.jpg 450w, https:\/\/portaldenoticias.net\/deusimar\/wp-content\/uploads\/2015\/03\/CARTAO-DE-VISITA-AMPLIADO-DE-DEUSIMAR-640x356.jpg 640w, https:\/\/portaldenoticias.net\/deusimar\/wp-content\/uploads\/2015\/03\/CARTAO-DE-VISITA-AMPLIADO-DE-DEUSIMAR.jpg 1062w\" sizes=\"auto, (max-width: 450px) 100vw, 450px\" \/> <\/p>\n","protected":false},"excerpt":{"rendered":"<p>Rui Costa 45 min \u00b7 Quero desejar uma Feliz P\u00e1scoa a todos os baianos e baianas. Independente da f\u00e9 de cada um, vamos celebrar a uni\u00e3o nas nossas fam\u00edlias. O amor dentro de casa nos faz t\u00e3o bem. Que possamos construir juntos uma Bahia ainda melhor&#8230; cheia de paz, alegria, e prosperidade. Um forte abra\u00e7o. [&hellip;]<\/p>\n","protected":false},"author":2,"featured_media":0,"comment_status":"open","ping_status":"open","sticky":false,"template":"","format":"standard","meta":{"footnotes":""},"categories":[1],"tags":[],"class_list":{"0":"post-1829","1":"post","2":"type-post","3":"status-publish","4":"format-standard","6":"category-destaques"},"_links":{"self":[{"href":"https:\/\/portaldenoticias.net\/deusimar\/wp-json\/wp\/v2\/posts\/1829","targetHints":{"allow":["GET"]}}],"collection":[{"href":"https:\/\/portaldenoticias.net\/deusimar\/wp-json\/wp\/v2\/posts"}],"about":[{"href":"https:\/\/portaldenoticias.net\/deusimar\/wp-json\/wp\/v2\/types\/post"}],"author":[{"embeddable":true,"href":"https:\/\/portaldenoticias.net\/deusimar\/wp-json\/wp\/v2\/users\/2"}],"replies":[{"embeddable":true,"href":"https:\/\/portaldenoticias.net\/deusimar\/wp-json\/wp\/v2\/comments?post=1829"}],"version-history":[{"count":0,"href":"https:\/\/portaldenoticias.net\/deusimar\/wp-json\/wp\/v2\/posts\/1829\/revisions"}],"wp:attachment":[{"href":"https:\/\/portaldenoticias.net\/deusimar\/wp-json\/wp\/v2\/media?parent=1829"}],"wp:term":[{"taxonomy":"category","embeddable":true,"href":"https:\/\/portaldenoticias.net\/deusimar\/wp-json\/wp\/v2\/categories?post=1829"},{"taxonomy":"post_tag","embeddable":true,"href":"https:\/\/portaldenoticias.net\/deusimar\/wp-json\/wp\/v2\/tags?post=1829"}],"curies":[{"name":"wp","href":"https:\/\/api.w.org\/{rel}","templated":true}]}}