{"id":1819,"date":"2015-04-04T17:32:19","date_gmt":"2015-04-04T20:32:19","guid":{"rendered":"http:\/\/www.portaldenoticias.net\/deusimar\/?p=1819"},"modified":"2015-04-04T17:40:17","modified_gmt":"2015-04-04T20:40:17","slug":"artista-intelectual-de-monte-santo-assume-papel-de-poncio-pilatos-na-teca-teatral-paixao-e-morte-de-cristo","status":"publish","type":"post","link":"https:\/\/portaldenoticias.net\/deusimar\/artista-intelectual-de-monte-santo-assume-papel-de-poncio-pilatos-na-teca-teatral-paixao-e-morte-de-cristo\/","title":{"rendered":"ARTISTA INTELECTUAL DE MONTE SANTO ASSUME PAPEL DE P\u00d4NCIO PILATOS NA PE\u00c7A TEATRAL PAIX\u00c3O E MORTE DE CRISTO."},"content":{"rendered":"<p><img loading=\"lazy\" decoding=\"async\" src=\"http:\/\/www.portaldenoticias.net\/deusimar\/wp-content\/uploads\/2015\/03\/DEUSIMAR-E-CLAUDIO-VIEIRA1.jpg\" alt=\"DEUSIMAR E CLAUDIO VIEIRA\" width=\"259\" height=\"194\" class=\"alignleft size-full wp-image-1457\" srcset=\"https:\/\/portaldenoticias.net\/deusimar\/wp-content\/uploads\/2015\/03\/DEUSIMAR-E-CLAUDIO-VIEIRA1.jpg 259w, https:\/\/portaldenoticias.net\/deusimar\/wp-content\/uploads\/2015\/03\/DEUSIMAR-E-CLAUDIO-VIEIRA1-174x131.jpg 174w, https:\/\/portaldenoticias.net\/deusimar\/wp-content\/uploads\/2015\/03\/DEUSIMAR-E-CLAUDIO-VIEIRA1-70x53.jpg 70w\" sizes=\"auto, (max-width: 259px) 100vw, 259px\" \/><br \/>\n<img loading=\"lazy\" decoding=\"async\" src=\"http:\/\/www.portaldenoticias.net\/deusimar\/wp-content\/uploads\/2015\/04\/IMG_83321-450x338.jpg\" alt=\"IMG_8332[1]\" width=\"450\" height=\"338\" class=\"alignleft size-medium wp-image-1775\" srcset=\"https:\/\/portaldenoticias.net\/deusimar\/wp-content\/uploads\/2015\/04\/IMG_83321-450x338.jpg 450w, https:\/\/portaldenoticias.net\/deusimar\/wp-content\/uploads\/2015\/04\/IMG_83321-640x480.jpg 640w, https:\/\/portaldenoticias.net\/deusimar\/wp-content\/uploads\/2015\/04\/IMG_83321-174x131.jpg 174w, https:\/\/portaldenoticias.net\/deusimar\/wp-content\/uploads\/2015\/04\/IMG_83321-70x53.jpg 70w\" sizes=\"auto, (max-width: 450px) 100vw, 450px\" \/><br \/>\nClaudio Vieira de Oliveira adicionou 4 novas fotos.<br \/>\n5 h \u00b7 Editado \u00b7 <\/p>\n<p>Ol\u00e1 Leitores(as) amigos(as) de nossos blogs!!<\/p>\n<p>Atentem bem nas imagens postadas abaixo, e percebam o nosso conterr\u00e2neo amigo Claudio Vieira de Oliveira em cena fazendo o papel de P\u00f4ncio Pilatos na brilhante pe\u00e7a teatral Paix\u00e3o e Morte de Jesus, exibida ontem na Pra\u00e7a Monsenhor Berenguer aqui na cidade de Monte Santo. Nosso exemplo de supera\u00e7\u00e3o, nosso ARTISTA INTELECTUAL, foi destaque  entre os demais atores da brilhante pe\u00e7a teatral, que encantou a todos os montessantenses e aos turistas que vieram participar da semana santa,festa religiosa que acontece h\u00e1 mais de 200 anos aqui em nosso munic\u00edpio.<br \/>\nCONTRIBUI\u00c7\u00c3O DE:<br \/>\nJos\u00e9 Deusimar Loiola Gon\u00e7alves<br \/>\nApicultor Meliponicultor,Diretor de Comunica\u00e7\u00e3o da FEBAMEL,,e P\u00f3s Graduado em Gest\u00e3o e Educa\u00e7\u00e3o Ambiental &#8211; EBDA Monte Santo<br \/>\n(75) 9131-0784\/ 9998-0025<\/p>\n<p>MINUTOS ANTEES DE N\u00d3S NOS APRENTARMOS A INCENA\u00c7AO DA PE\u00c7A PAIX\u00c3O E MORTE DE CRISTO COM ELENCO.<br \/>\nMINUTES BEFORE WE APRENTARMOS The INCENA\u00c7AO PASSION AND PART OF CHRIST WITH DEATH SQUAD<\/p>\n<p><img loading=\"lazy\" decoding=\"async\" src=\"http:\/\/www.portaldenoticias.net\/deusimar\/wp-content\/uploads\/2015\/04\/claudio-em-cena-2-270x450.jpg\" alt=\"claudio em cena -2\" width=\"270\" height=\"450\" class=\"alignleft size-medium wp-image-1820\" srcset=\"https:\/\/portaldenoticias.net\/deusimar\/wp-content\/uploads\/2015\/04\/claudio-em-cena-2-270x450.jpg 270w, https:\/\/portaldenoticias.net\/deusimar\/wp-content\/uploads\/2015\/04\/claudio-em-cena-2-384x640.jpg 384w, https:\/\/portaldenoticias.net\/deusimar\/wp-content\/uploads\/2015\/04\/claudio-em-cena-2.jpg 576w\" sizes=\"auto, (max-width: 270px) 100vw, 270px\" \/><\/p>\n<p><img loading=\"lazy\" decoding=\"async\" src=\"http:\/\/www.portaldenoticias.net\/deusimar\/wp-content\/uploads\/2015\/04\/claudio-em-cena-21-270x450.jpg\" alt=\"claudio em cena -2\" width=\"270\" height=\"450\" class=\"alignleft size-medium wp-image-1821\" srcset=\"https:\/\/portaldenoticias.net\/deusimar\/wp-content\/uploads\/2015\/04\/claudio-em-cena-21-270x450.jpg 270w, https:\/\/portaldenoticias.net\/deusimar\/wp-content\/uploads\/2015\/04\/claudio-em-cena-21-384x640.jpg 384w, https:\/\/portaldenoticias.net\/deusimar\/wp-content\/uploads\/2015\/04\/claudio-em-cena-21.jpg 576w\" sizes=\"auto, (max-width: 270px) 100vw, 270px\" \/><br \/>\n<img loading=\"lazy\" decoding=\"async\" src=\"http:\/\/www.portaldenoticias.net\/deusimar\/wp-content\/uploads\/2015\/04\/claudio-em-cena-3.jpg\" alt=\"claudio em cena-3\" width=\"156\" height=\"260\" class=\"alignleft size-full wp-image-1822\" \/><\/p>\n<p><img loading=\"lazy\" decoding=\"async\" src=\"http:\/\/www.portaldenoticias.net\/deusimar\/wp-content\/uploads\/2015\/04\/KKU-EM-CENA-3-450x270.jpg\" alt=\"KKU EM CENA 3\" width=\"450\" height=\"270\" class=\"alignleft size-medium wp-image-1823\" srcset=\"https:\/\/portaldenoticias.net\/deusimar\/wp-content\/uploads\/2015\/04\/KKU-EM-CENA-3-450x270.jpg 450w, https:\/\/portaldenoticias.net\/deusimar\/wp-content\/uploads\/2015\/04\/KKU-EM-CENA-3-640x384.jpg 640w, https:\/\/portaldenoticias.net\/deusimar\/wp-content\/uploads\/2015\/04\/KKU-EM-CENA-3.jpg 960w\" sizes=\"auto, (max-width: 450px) 100vw, 450px\" \/><br \/>\n<img loading=\"lazy\" decoding=\"async\" src=\"http:\/\/www.portaldenoticias.net\/deusimar\/wp-content\/uploads\/2015\/04\/KKU-EM-CENA-2.jpg\" alt=\"KKU EM CENA 2\" width=\"160\" height=\"266\" class=\"alignleft size-full wp-image-1824\" \/><\/p>\n<p><img loading=\"lazy\" decoding=\"async\" src=\"http:\/\/www.portaldenoticias.net\/deusimar\/wp-content\/uploads\/2015\/04\/KKU-EM-CENA-31-450x270.jpg\" alt=\"KKU EM CENA 3\" width=\"450\" height=\"270\" class=\"alignleft size-medium wp-image-1825\" srcset=\"https:\/\/portaldenoticias.net\/deusimar\/wp-content\/uploads\/2015\/04\/KKU-EM-CENA-31-450x270.jpg 450w, https:\/\/portaldenoticias.net\/deusimar\/wp-content\/uploads\/2015\/04\/KKU-EM-CENA-31-640x384.jpg 640w, https:\/\/portaldenoticias.net\/deusimar\/wp-content\/uploads\/2015\/04\/KKU-EM-CENA-31.jpg 960w\" sizes=\"auto, (max-width: 450px) 100vw, 450px\" \/><\/p>\n<p>COLABORA\u00c7\u00c3O E COMPLEMENTOS DOS:<br \/>\n<img loading=\"lazy\" decoding=\"async\" src=\"http:\/\/www.portaldenoticias.net\/deusimar\/wp-content\/uploads\/2015\/03\/CARTAO-DE-VISITA-AMPLIADO-DE-DEUSIMAR-450x250.jpg\" alt=\"CARTAO DE VISITA AMPLIADO DE DEUSIMAR\" width=\"450\" height=\"250\" class=\"alignleft size-medium wp-image-1740\" srcset=\"https:\/\/portaldenoticias.net\/deusimar\/wp-content\/uploads\/2015\/03\/CARTAO-DE-VISITA-AMPLIADO-DE-DEUSIMAR-450x250.jpg 450w, https:\/\/portaldenoticias.net\/deusimar\/wp-content\/uploads\/2015\/03\/CARTAO-DE-VISITA-AMPLIADO-DE-DEUSIMAR-640x356.jpg 640w, https:\/\/portaldenoticias.net\/deusimar\/wp-content\/uploads\/2015\/03\/CARTAO-DE-VISITA-AMPLIADO-DE-DEUSIMAR.jpg 1062w\" sizes=\"auto, (max-width: 450px) 100vw, 450px\" \/><\/p>\n","protected":false},"excerpt":{"rendered":"<p>Claudio Vieira de Oliveira adicionou 4 novas fotos. 5 h \u00b7 Editado \u00b7 Ol\u00e1 Leitores(as) amigos(as) de nossos blogs!! Atentem bem nas imagens postadas abaixo, e percebam o nosso conterr\u00e2neo amigo Claudio Vieira de Oliveira em cena fazendo o papel de P\u00f4ncio Pilatos na brilhante pe\u00e7a teatral Paix\u00e3o e Morte de Jesus, exibida ontem na [&hellip;]<\/p>\n","protected":false},"author":2,"featured_media":0,"comment_status":"open","ping_status":"open","sticky":false,"template":"","format":"standard","meta":{"footnotes":""},"categories":[1],"tags":[],"class_list":{"0":"post-1819","1":"post","2":"type-post","3":"status-publish","4":"format-standard","6":"category-destaques"},"_links":{"self":[{"href":"https:\/\/portaldenoticias.net\/deusimar\/wp-json\/wp\/v2\/posts\/1819","targetHints":{"allow":["GET"]}}],"collection":[{"href":"https:\/\/portaldenoticias.net\/deusimar\/wp-json\/wp\/v2\/posts"}],"about":[{"href":"https:\/\/portaldenoticias.net\/deusimar\/wp-json\/wp\/v2\/types\/post"}],"author":[{"embeddable":true,"href":"https:\/\/portaldenoticias.net\/deusimar\/wp-json\/wp\/v2\/users\/2"}],"replies":[{"embeddable":true,"href":"https:\/\/portaldenoticias.net\/deusimar\/wp-json\/wp\/v2\/comments?post=1819"}],"version-history":[{"count":0,"href":"https:\/\/portaldenoticias.net\/deusimar\/wp-json\/wp\/v2\/posts\/1819\/revisions"}],"wp:attachment":[{"href":"https:\/\/portaldenoticias.net\/deusimar\/wp-json\/wp\/v2\/media?parent=1819"}],"wp:term":[{"taxonomy":"category","embeddable":true,"href":"https:\/\/portaldenoticias.net\/deusimar\/wp-json\/wp\/v2\/categories?post=1819"},{"taxonomy":"post_tag","embeddable":true,"href":"https:\/\/portaldenoticias.net\/deusimar\/wp-json\/wp\/v2\/tags?post=1819"}],"curies":[{"name":"wp","href":"https:\/\/api.w.org\/{rel}","templated":true}]}}