{"id":1810,"date":"2015-04-04T12:52:28","date_gmt":"2015-04-04T15:52:28","guid":{"rendered":"http:\/\/www.portaldenoticias.net\/deusimar\/?p=1810"},"modified":"2015-04-04T13:12:52","modified_gmt":"2015-04-04T16:12:52","slug":"blog-do-deusimar-compartilhando-e-divulgando-mais-um-meio-de-comunicacao-das-acoes-do-governo-de-nossa-linda-bahia","status":"publish","type":"post","link":"https:\/\/portaldenoticias.net\/deusimar\/blog-do-deusimar-compartilhando-e-divulgando-mais-um-meio-de-comunicacao-das-acoes-do-governo-de-nossa-linda-bahia\/","title":{"rendered":"BLOG DO DEUSIMAR  COMPARTILHANDO E DIVULGANDO  MAIS UM MEIO DE COMUNICA\u00c7\u00c3O DE DIVULGA\u00c7\u00c3O DAS A\u00c7\u00d5ES DO GOVERNO DE NOSSA LINDA E EXTENSA BAHIA."},"content":{"rendered":"<p><img loading=\"lazy\" decoding=\"async\" src=\"http:\/\/www.portaldenoticias.net\/deusimar\/wp-content\/uploads\/2015\/03\/PROGRAA-DO-NOVO-GOVERNADOR.-450x450.jpg\" alt=\"PROGRAA DO NOVO GOVERNADOR.\" width=\"450\" height=\"450\" class=\"alignleft size-medium wp-image-1031\" srcset=\"https:\/\/portaldenoticias.net\/deusimar\/wp-content\/uploads\/2015\/03\/PROGRAA-DO-NOVO-GOVERNADOR.-450x450.jpg 450w, https:\/\/portaldenoticias.net\/deusimar\/wp-content\/uploads\/2015\/03\/PROGRAA-DO-NOVO-GOVERNADOR.-150x150.jpg 150w, https:\/\/portaldenoticias.net\/deusimar\/wp-content\/uploads\/2015\/03\/PROGRAA-DO-NOVO-GOVERNADOR..jpg 480w\" sizes=\"auto, (max-width: 450px) 100vw, 450px\" \/><\/p>\n<p>Rui Costa<br \/>\n2 de abril \u00e0s 08:00 \u00b7<br \/>\nJ\u00e1 conhece a TV da Bahia? A nossa TV Web! Ela \u00e9 a melhor maneira de ficar ligado nas not\u00edcias do governo por todo o estado. Assista aqui pelo Facebook ou acesse o site da Secom &#8211; Comunica\u00e7\u00e3o Bahia. Tamb\u00e9m \u00e9 poss\u00edvel colocar a TV dentro do seu site ou blog. Acesse e confira!<\/p>\n<p><img loading=\"lazy\" decoding=\"async\" src=\"http:\/\/www.portaldenoticias.net\/deusimar\/wp-content\/uploads\/2015\/04\/mais-um-canal-de-comunicacoa.-450x450.jpg\" alt=\"mais um canal de comunicacoa.\" width=\"450\" height=\"450\" class=\"alignleft size-medium wp-image-1811\" srcset=\"https:\/\/portaldenoticias.net\/deusimar\/wp-content\/uploads\/2015\/04\/mais-um-canal-de-comunicacoa.-450x450.jpg 450w, https:\/\/portaldenoticias.net\/deusimar\/wp-content\/uploads\/2015\/04\/mais-um-canal-de-comunicacoa.-150x150.jpg 150w, https:\/\/portaldenoticias.net\/deusimar\/wp-content\/uploads\/2015\/04\/mais-um-canal-de-comunicacoa..jpg 480w\" sizes=\"auto, (max-width: 450px) 100vw, 450px\" \/><\/p>\n<p>COLABORA\u00c7\u00c3O E COMPLEMENTOS DOS:<br \/>\n<img loading=\"lazy\" decoding=\"async\" src=\"http:\/\/www.portaldenoticias.net\/deusimar\/wp-content\/uploads\/2015\/03\/CARTAO-DE-VISITA-AMPLIADO-DE-DEUSIMAR-450x250.jpg\" alt=\"CARTAO DE VISITA AMPLIADO DE DEUSIMAR\" width=\"450\" height=\"250\" class=\"alignleft size-medium wp-image-1740\" srcset=\"https:\/\/portaldenoticias.net\/deusimar\/wp-content\/uploads\/2015\/03\/CARTAO-DE-VISITA-AMPLIADO-DE-DEUSIMAR-450x250.jpg 450w, https:\/\/portaldenoticias.net\/deusimar\/wp-content\/uploads\/2015\/03\/CARTAO-DE-VISITA-AMPLIADO-DE-DEUSIMAR-640x356.jpg 640w, https:\/\/portaldenoticias.net\/deusimar\/wp-content\/uploads\/2015\/03\/CARTAO-DE-VISITA-AMPLIADO-DE-DEUSIMAR.jpg 1062w\" sizes=\"auto, (max-width: 450px) 100vw, 450px\" \/><\/p>\n","protected":false},"excerpt":{"rendered":"<p>Rui Costa 2 de abril \u00e0s 08:00 \u00b7 J\u00e1 conhece a TV da Bahia? A nossa TV Web! Ela \u00e9 a melhor maneira de ficar ligado nas not\u00edcias do governo por todo o estado. Assista aqui pelo Facebook ou acesse o site da Secom &#8211; Comunica\u00e7\u00e3o Bahia. Tamb\u00e9m \u00e9 poss\u00edvel colocar a TV dentro do [&hellip;]<\/p>\n","protected":false},"author":2,"featured_media":0,"comment_status":"open","ping_status":"open","sticky":false,"template":"","format":"standard","meta":{"footnotes":""},"categories":[1],"tags":[],"class_list":{"0":"post-1810","1":"post","2":"type-post","3":"status-publish","4":"format-standard","6":"category-destaques"},"_links":{"self":[{"href":"https:\/\/portaldenoticias.net\/deusimar\/wp-json\/wp\/v2\/posts\/1810","targetHints":{"allow":["GET"]}}],"collection":[{"href":"https:\/\/portaldenoticias.net\/deusimar\/wp-json\/wp\/v2\/posts"}],"about":[{"href":"https:\/\/portaldenoticias.net\/deusimar\/wp-json\/wp\/v2\/types\/post"}],"author":[{"embeddable":true,"href":"https:\/\/portaldenoticias.net\/deusimar\/wp-json\/wp\/v2\/users\/2"}],"replies":[{"embeddable":true,"href":"https:\/\/portaldenoticias.net\/deusimar\/wp-json\/wp\/v2\/comments?post=1810"}],"version-history":[{"count":0,"href":"https:\/\/portaldenoticias.net\/deusimar\/wp-json\/wp\/v2\/posts\/1810\/revisions"}],"wp:attachment":[{"href":"https:\/\/portaldenoticias.net\/deusimar\/wp-json\/wp\/v2\/media?parent=1810"}],"wp:term":[{"taxonomy":"category","embeddable":true,"href":"https:\/\/portaldenoticias.net\/deusimar\/wp-json\/wp\/v2\/categories?post=1810"},{"taxonomy":"post_tag","embeddable":true,"href":"https:\/\/portaldenoticias.net\/deusimar\/wp-json\/wp\/v2\/tags?post=1810"}],"curies":[{"name":"wp","href":"https:\/\/api.w.org\/{rel}","templated":true}]}}