{"id":1794,"date":"2015-04-03T00:18:47","date_gmt":"2015-04-03T03:18:47","guid":{"rendered":"http:\/\/www.portaldenoticias.net\/deusimar\/?p=1794"},"modified":"2015-04-03T00:27:43","modified_gmt":"2015-04-03T03:27:43","slug":"blogueiro-deusimar-das-abelhas-divulgando-a-apresentacao-do-documentario-sobre-a-chapada-diamantina","status":"publish","type":"post","link":"https:\/\/portaldenoticias.net\/deusimar\/blogueiro-deusimar-das-abelhas-divulgando-a-apresentacao-do-documentario-sobre-a-chapada-diamantina\/","title":{"rendered":"BLOGUEIRO DEUSIMAR DAS ABELHAS DIVULGANDO A APRESENTA\u00c7\u00c3O DO DOCUMENT\u00c1RIO SOBRE A CHAPADA DIAMANTINA."},"content":{"rendered":"<p><img loading=\"lazy\" decoding=\"async\" src=\"http:\/\/www.portaldenoticias.net\/deusimar\/wp-content\/uploads\/2015\/04\/FOTOS-DO-I-SEMINARIO-DO-PROJETO-APIS-CHAPADA-120-450x253.jpg\" alt=\"FOTOS DO I SEMINARIO DO PROJETO APIS CHAPADA 120\" width=\"450\" height=\"253\" class=\"alignleft size-medium wp-image-1797\" srcset=\"https:\/\/portaldenoticias.net\/deusimar\/wp-content\/uploads\/2015\/04\/FOTOS-DO-I-SEMINARIO-DO-PROJETO-APIS-CHAPADA-120-450x253.jpg 450w, https:\/\/portaldenoticias.net\/deusimar\/wp-content\/uploads\/2015\/04\/FOTOS-DO-I-SEMINARIO-DO-PROJETO-APIS-CHAPADA-120-640x360.jpg 640w, https:\/\/portaldenoticias.net\/deusimar\/wp-content\/uploads\/2015\/04\/FOTOS-DO-I-SEMINARIO-DO-PROJETO-APIS-CHAPADA-120.jpg 1920w\" sizes=\"auto, (max-width: 450px) 100vw, 450px\" \/><br \/>\n<img loading=\"lazy\" decoding=\"async\" src=\"http:\/\/www.portaldenoticias.net\/deusimar\/wp-content\/uploads\/2015\/04\/FOTOS-DO-I-SEMINARIO-DO-PROJETO-APIS-CHAPADA-360-450x253.jpg\" alt=\"FOTOS DO I SEMINARIO DO PROJETO APIS CHAPADA 360\" width=\"450\" height=\"253\" class=\"alignleft size-medium wp-image-1795\" srcset=\"https:\/\/portaldenoticias.net\/deusimar\/wp-content\/uploads\/2015\/04\/FOTOS-DO-I-SEMINARIO-DO-PROJETO-APIS-CHAPADA-360-450x253.jpg 450w, https:\/\/portaldenoticias.net\/deusimar\/wp-content\/uploads\/2015\/04\/FOTOS-DO-I-SEMINARIO-DO-PROJETO-APIS-CHAPADA-360-640x360.jpg 640w, https:\/\/portaldenoticias.net\/deusimar\/wp-content\/uploads\/2015\/04\/FOTOS-DO-I-SEMINARIO-DO-PROJETO-APIS-CHAPADA-360.jpg 1920w\" sizes=\"auto, (max-width: 450px) 100vw, 450px\" \/><br \/>\n<img loading=\"lazy\" decoding=\"async\" src=\"http:\/\/www.portaldenoticias.net\/deusimar\/wp-content\/uploads\/2015\/04\/FOTOS-DO-I-SEMINARIO-DO-PROJETO-APIS-CHAPADA-380-450x253.jpg\" alt=\"FOTOS DO I SEMINARIO DO PROJETO APIS CHAPADA 380\" width=\"450\" height=\"253\" class=\"alignleft size-medium wp-image-1796\" srcset=\"https:\/\/portaldenoticias.net\/deusimar\/wp-content\/uploads\/2015\/04\/FOTOS-DO-I-SEMINARIO-DO-PROJETO-APIS-CHAPADA-380-450x253.jpg 450w, https:\/\/portaldenoticias.net\/deusimar\/wp-content\/uploads\/2015\/04\/FOTOS-DO-I-SEMINARIO-DO-PROJETO-APIS-CHAPADA-380-640x360.jpg 640w, https:\/\/portaldenoticias.net\/deusimar\/wp-content\/uploads\/2015\/04\/FOTOS-DO-I-SEMINARIO-DO-PROJETO-APIS-CHAPADA-380.jpg 1920w\" sizes=\"auto, (max-width: 450px) 100vw, 450px\" \/><br \/>\n<img loading=\"lazy\" decoding=\"async\" src=\"http:\/\/www.portaldenoticias.net\/deusimar\/wp-content\/uploads\/2015\/03\/serra-do-pai-inacio-450x338.jpg\" alt=\"serra do pai inacio\" width=\"450\" height=\"338\" class=\"alignleft size-medium wp-image-1315\" srcset=\"https:\/\/portaldenoticias.net\/deusimar\/wp-content\/uploads\/2015\/03\/serra-do-pai-inacio-450x338.jpg 450w, https:\/\/portaldenoticias.net\/deusimar\/wp-content\/uploads\/2015\/03\/serra-do-pai-inacio-640x480.jpg 640w, https:\/\/portaldenoticias.net\/deusimar\/wp-content\/uploads\/2015\/03\/serra-do-pai-inacio-174x131.jpg 174w, https:\/\/portaldenoticias.net\/deusimar\/wp-content\/uploads\/2015\/03\/serra-do-pai-inacio-70x53.jpg 70w, https:\/\/portaldenoticias.net\/deusimar\/wp-content\/uploads\/2015\/03\/serra-do-pai-inacio.jpg 1024w\" sizes=\"auto, (max-width: 450px) 100vw, 450px\" \/><br \/>\n<img loading=\"lazy\" decoding=\"async\" src=\"http:\/\/www.portaldenoticias.net\/deusimar\/wp-content\/uploads\/2015\/03\/Atelie-de-Abaira.-450x254.jpg\" alt=\"Atelie de Abaira.\" width=\"450\" height=\"254\" class=\"alignleft size-medium wp-image-1314\" srcset=\"https:\/\/portaldenoticias.net\/deusimar\/wp-content\/uploads\/2015\/03\/Atelie-de-Abaira.-450x254.jpg 450w, https:\/\/portaldenoticias.net\/deusimar\/wp-content\/uploads\/2015\/03\/Atelie-de-Abaira.-640x361.jpg 640w, https:\/\/portaldenoticias.net\/deusimar\/wp-content\/uploads\/2015\/03\/Atelie-de-Abaira..jpg 2048w\" sizes=\"auto, (max-width: 450px) 100vw, 450px\" \/>;<\/p>\n<p>Ol\u00e1 leitores amigos de nossos blogs!1<br \/>\nEste blogueiro de voc\u00eas, aproveita o espa\u00e7o de nossos blogs para recomendar a tod@s que amanha, DIA 03, depois do Big Bosta da toda poderosa rede Globo, sera exibido no Globo Rep\u00f3rter, um document\u00e1rio exclusivo e completo, sobre o maior para\u00edso ecol\u00f3gico de nossa linda e extensa Bahia, as belezas da Chapada Diamantina, que ser\u00e1 um dia definida como uma das primeiras das 07 maravilhas de nosso estado.<br \/>\nEste blogueiro de voc\u00eas em novembro do ano passado esteve por l\u00e1 participando do 1\u00ba Semin\u00e1rio de Apicultura no Vale do Cap\u00e3o. N\u00e3o percam!!  Imperd\u00edvel!!<\/p>\n<p>COLABORA\u00c7\u00c3O E COMPLEMENTOS DOS:<br \/>\n<img loading=\"lazy\" decoding=\"async\" src=\"http:\/\/www.portaldenoticias.net\/deusimar\/wp-content\/uploads\/2015\/03\/CARTAO-DE-VISITA-DEUSIMAR-DAS-ABELHAS.-450x250.jpg\" alt=\"CARTAO DE VISITA-DEUSIMAR DAS ABELHAS.\" width=\"450\" height=\"250\" class=\"alignleft size-medium wp-image-1342\" srcset=\"https:\/\/portaldenoticias.net\/deusimar\/wp-content\/uploads\/2015\/03\/CARTAO-DE-VISITA-DEUSIMAR-DAS-ABELHAS.-450x250.jpg 450w, https:\/\/portaldenoticias.net\/deusimar\/wp-content\/uploads\/2015\/03\/CARTAO-DE-VISITA-DEUSIMAR-DAS-ABELHAS.-640x356.jpg 640w, https:\/\/portaldenoticias.net\/deusimar\/wp-content\/uploads\/2015\/03\/CARTAO-DE-VISITA-DEUSIMAR-DAS-ABELHAS..jpg 1062w\" sizes=\"auto, (max-width: 450px) 100vw, 450px\" \/> <\/p>\n","protected":false},"excerpt":{"rendered":"<p>; Ol\u00e1 leitores amigos de nossos blogs!1 Este blogueiro de voc\u00eas, aproveita o espa\u00e7o de nossos blogs para recomendar a tod@s que amanha, DIA 03, depois do Big Bosta da toda poderosa rede Globo, sera exibido no Globo Rep\u00f3rter, um document\u00e1rio exclusivo e completo, sobre o maior para\u00edso ecol\u00f3gico de nossa linda e extensa Bahia, [&hellip;]<\/p>\n","protected":false},"author":2,"featured_media":0,"comment_status":"open","ping_status":"open","sticky":false,"template":"","format":"standard","meta":{"footnotes":""},"categories":[1],"tags":[],"class_list":{"0":"post-1794","1":"post","2":"type-post","3":"status-publish","4":"format-standard","6":"category-destaques"},"_links":{"self":[{"href":"https:\/\/portaldenoticias.net\/deusimar\/wp-json\/wp\/v2\/posts\/1794","targetHints":{"allow":["GET"]}}],"collection":[{"href":"https:\/\/portaldenoticias.net\/deusimar\/wp-json\/wp\/v2\/posts"}],"about":[{"href":"https:\/\/portaldenoticias.net\/deusimar\/wp-json\/wp\/v2\/types\/post"}],"author":[{"embeddable":true,"href":"https:\/\/portaldenoticias.net\/deusimar\/wp-json\/wp\/v2\/users\/2"}],"replies":[{"embeddable":true,"href":"https:\/\/portaldenoticias.net\/deusimar\/wp-json\/wp\/v2\/comments?post=1794"}],"version-history":[{"count":0,"href":"https:\/\/portaldenoticias.net\/deusimar\/wp-json\/wp\/v2\/posts\/1794\/revisions"}],"wp:attachment":[{"href":"https:\/\/portaldenoticias.net\/deusimar\/wp-json\/wp\/v2\/media?parent=1794"}],"wp:term":[{"taxonomy":"category","embeddable":true,"href":"https:\/\/portaldenoticias.net\/deusimar\/wp-json\/wp\/v2\/categories?post=1794"},{"taxonomy":"post_tag","embeddable":true,"href":"https:\/\/portaldenoticias.net\/deusimar\/wp-json\/wp\/v2\/tags?post=1794"}],"curies":[{"name":"wp","href":"https:\/\/api.w.org\/{rel}","templated":true}]}}