{"id":1786,"date":"2015-04-02T22:00:27","date_gmt":"2015-04-03T01:00:27","guid":{"rendered":"http:\/\/www.portaldenoticias.net\/deusimar\/?p=1786"},"modified":"2015-04-02T23:49:55","modified_gmt":"2015-04-03T02:49:55","slug":"governador-recebe-ministro-da-pesca-e-aquicultura-que-veio-tracar-planejamento-da-cadeia-produtiva-da-pesca-de-nossa-linda-e-extensa-bahia","status":"publish","type":"post","link":"https:\/\/portaldenoticias.net\/deusimar\/governador-recebe-ministro-da-pesca-e-aquicultura-que-veio-tracar-planejamento-da-cadeia-produtiva-da-pesca-de-nossa-linda-e-extensa-bahia\/","title":{"rendered":"GOVERNADOR RECEBE MINISTRO DA PESCA E AQUICULTURA QUE VEIO TRA\u00c7AR PLANEJAMENTO DA CADEIA PRODUTIVA DA PISCICULTURA  DE NOSSA LINDA E EXTENSA BAHIA."},"content":{"rendered":"<p><img loading=\"lazy\" decoding=\"async\" src=\"http:\/\/www.portaldenoticias.net\/deusimar\/wp-content\/uploads\/2015\/02\/NOVO-GOV-PEIXANDO-BARRAGEM-2.jpg\" alt=\"NOVO GOV PEIXANDO BARRAGEM-2\" width=\"235\" height=\"156\" class=\"alignleft size-full wp-image-836\" \/><br \/>\nRui Costa<br \/>\n6 h \u00b7<br \/>\nHoje pela manh\u00e3 conversei com o ministro da Pesca e Aquicultura, Helder Barbalho, que veio apresentar o planejamento para a expans\u00e3o na pesca no Brasil e na Bahia. Nosso estado possui um dos maiores potenciais do Brasil.<br \/>\nO trabalho segue! http:\/\/www.secom.ba.gov.br\/modules\/noticias\/article.php\u2026<\/p>\n<p><img loading=\"lazy\" decoding=\"async\" src=\"http:\/\/www.portaldenoticias.net\/deusimar\/wp-content\/uploads\/2015\/04\/RUI-PEIXANDO-BARRAGEM-450x450.jpg\" alt=\"RUI PEIXANDO BARRAGEM\" width=\"450\" height=\"450\" class=\"alignleft size-medium wp-image-1787\" srcset=\"https:\/\/portaldenoticias.net\/deusimar\/wp-content\/uploads\/2015\/04\/RUI-PEIXANDO-BARRAGEM-450x450.jpg 450w, https:\/\/portaldenoticias.net\/deusimar\/wp-content\/uploads\/2015\/04\/RUI-PEIXANDO-BARRAGEM-150x150.jpg 150w, https:\/\/portaldenoticias.net\/deusimar\/wp-content\/uploads\/2015\/04\/RUI-PEIXANDO-BARRAGEM.jpg 640w\" sizes=\"auto, (max-width: 450px) 100vw, 450px\" \/><\/p>\n<p><img loading=\"lazy\" decoding=\"async\" src=\"http:\/\/www.portaldenoticias.net\/deusimar\/wp-content\/uploads\/2015\/02\/PERENIZACAO-DO-RIO-CARIACA..jpg\" alt=\"PERENIZACAO DO RIO CARIACA.\" width=\"259\" height=\"194\" class=\"alignleft size-full wp-image-575\" srcset=\"https:\/\/portaldenoticias.net\/deusimar\/wp-content\/uploads\/2015\/02\/PERENIZACAO-DO-RIO-CARIACA..jpg 259w, https:\/\/portaldenoticias.net\/deusimar\/wp-content\/uploads\/2015\/02\/PERENIZACAO-DO-RIO-CARIACA.-174x131.jpg 174w, https:\/\/portaldenoticias.net\/deusimar\/wp-content\/uploads\/2015\/02\/PERENIZACAO-DO-RIO-CARIACA.-70x53.jpg 70w\" sizes=\"auto, (max-width: 259px) 100vw, 259px\" \/><br \/>\nAtividade 100% vi\u00e1vel para significativa produ\u00e7\u00e3o de alimentos pela a sofrida, por\u00e9m, importante agricultura familiar. A experiencia \u00e9 a voz da verdade, e declaro a bem da verdade e para os devidos fins que precisamente na d\u00e9cada de 90, quando o atual prefeito de Monte Santo, foi prefeito no per\u00edodo de 1997\/2000;2001\/2004, t\u00ednhamos uma parceria firme, forte e arrojada(PREFEITURA MUNICIPAL-NOSSA INFELIZMENTE EXTINTA E LIQUIDADA EBDA e ESTA\u00c7\u00c3O DE PISCICULTURA DO DNOCS em Camandaroba,,e foi um s\u00f3 sucesso. A t\u00edtulo de sugest\u00e3o, que o governo do estado firme uma parceria com o nosso velho DNOCS para a reativa\u00e7\u00e3o da referida esta\u00e7\u00e3o que desde a seca torrada de 2011\/2013 com a dr\u00e1stica redu\u00e7\u00e3o do n\u00edvel do acude de Jacurici est\u00e1 suspensa a produ\u00e7\u00e3o de alevinos. A reativa\u00e7\u00e3o da referida esta\u00e7\u00e3o voltar\u00e1 a ser o ponto de apoio para os peixamentos das m\u00e9dias e grandes barragens de nosso munic\u00edpio e de toda a nossa Micro Regi\u00e3o de Canudos, quic\u00e1, de nosso territ\u00f3rio da cidadania(Sisal). Boa Noite!! Uma feliz e aben\u00e7oada Pascoa a o nosso governador, extensiva a tod@s de nossa linda e extensa Bahia.Jos\u00e9 Deusimar Loiola Gon\u00e7alves<br \/>\nApicultor Meliponicultor,Diretor de Comunica\u00e7\u00e3o da FEBAMEL,,e P\u00f3s Graduado em Gest\u00e3o e Educa\u00e7\u00e3o Ambiental &#8211; EBDA Monte Santo<br \/>\n(75) 9131-0784\/ 9998-0025<br \/>\n<img loading=\"lazy\" decoding=\"async\" src=\"http:\/\/www.portaldenoticias.net\/deusimar\/wp-content\/uploads\/2015\/04\/PISCULTURA-DE-JACURICI.jpg\" alt=\"PISCULTURA DE JACURICI\" width=\"300\" height=\"220\" class=\"alignleft size-full wp-image-1790\" \/><\/p>\n<p>COLABORA\u00c7\u00c3O E COMPLEMENTOS DOS:<br \/>\n<img loading=\"lazy\" decoding=\"async\" src=\"http:\/\/www.portaldenoticias.net\/deusimar\/wp-content\/uploads\/2015\/03\/CARTAO-DE-VISITA-AMPLIADO-DE-DEUSIMAR-450x250.jpg\" alt=\"CARTAO DE VISITA AMPLIADO DE DEUSIMAR\" width=\"450\" height=\"250\" class=\"alignleft size-medium wp-image-1740\" srcset=\"https:\/\/portaldenoticias.net\/deusimar\/wp-content\/uploads\/2015\/03\/CARTAO-DE-VISITA-AMPLIADO-DE-DEUSIMAR-450x250.jpg 450w, https:\/\/portaldenoticias.net\/deusimar\/wp-content\/uploads\/2015\/03\/CARTAO-DE-VISITA-AMPLIADO-DE-DEUSIMAR-640x356.jpg 640w, https:\/\/portaldenoticias.net\/deusimar\/wp-content\/uploads\/2015\/03\/CARTAO-DE-VISITA-AMPLIADO-DE-DEUSIMAR.jpg 1062w\" sizes=\"auto, (max-width: 450px) 100vw, 450px\" \/><\/p>\n","protected":false},"excerpt":{"rendered":"<p>Rui Costa 6 h \u00b7 Hoje pela manh\u00e3 conversei com o ministro da Pesca e Aquicultura, Helder Barbalho, que veio apresentar o planejamento para a expans\u00e3o na pesca no Brasil e na Bahia. Nosso estado possui um dos maiores potenciais do Brasil. O trabalho segue! http:\/\/www.secom.ba.gov.br\/modules\/noticias\/article.php\u2026 Atividade 100% vi\u00e1vel para significativa produ\u00e7\u00e3o de alimentos pela [&hellip;]<\/p>\n","protected":false},"author":2,"featured_media":0,"comment_status":"open","ping_status":"open","sticky":false,"template":"","format":"standard","meta":{"footnotes":""},"categories":[1],"tags":[],"class_list":{"0":"post-1786","1":"post","2":"type-post","3":"status-publish","4":"format-standard","6":"category-destaques"},"_links":{"self":[{"href":"https:\/\/portaldenoticias.net\/deusimar\/wp-json\/wp\/v2\/posts\/1786","targetHints":{"allow":["GET"]}}],"collection":[{"href":"https:\/\/portaldenoticias.net\/deusimar\/wp-json\/wp\/v2\/posts"}],"about":[{"href":"https:\/\/portaldenoticias.net\/deusimar\/wp-json\/wp\/v2\/types\/post"}],"author":[{"embeddable":true,"href":"https:\/\/portaldenoticias.net\/deusimar\/wp-json\/wp\/v2\/users\/2"}],"replies":[{"embeddable":true,"href":"https:\/\/portaldenoticias.net\/deusimar\/wp-json\/wp\/v2\/comments?post=1786"}],"version-history":[{"count":0,"href":"https:\/\/portaldenoticias.net\/deusimar\/wp-json\/wp\/v2\/posts\/1786\/revisions"}],"wp:attachment":[{"href":"https:\/\/portaldenoticias.net\/deusimar\/wp-json\/wp\/v2\/media?parent=1786"}],"wp:term":[{"taxonomy":"category","embeddable":true,"href":"https:\/\/portaldenoticias.net\/deusimar\/wp-json\/wp\/v2\/categories?post=1786"},{"taxonomy":"post_tag","embeddable":true,"href":"https:\/\/portaldenoticias.net\/deusimar\/wp-json\/wp\/v2\/tags?post=1786"}],"curies":[{"name":"wp","href":"https:\/\/api.w.org\/{rel}","templated":true}]}}