{"id":1774,"date":"2015-04-02T21:31:51","date_gmt":"2015-04-03T00:31:51","guid":{"rendered":"http:\/\/www.portaldenoticias.net\/deusimar\/?p=1774"},"modified":"2015-04-02T23:40:40","modified_gmt":"2015-04-03T02:40:40","slug":"blogueiro-deusimar-das-abelhas-parabenizando-o-artista-intelectual-de-monte-santo","status":"publish","type":"post","link":"https:\/\/portaldenoticias.net\/deusimar\/blogueiro-deusimar-das-abelhas-parabenizando-o-artista-intelectual-de-monte-santo\/","title":{"rendered":"BLOGUEIRO DEUSIMAR DAS ABELHAS PARABENIZANDO O ARTISTA INTELECTUAL DE MONTE SANTO."},"content":{"rendered":"<p><img loading=\"lazy\" decoding=\"async\" src=\"http:\/\/www.portaldenoticias.net\/deusimar\/wp-content\/uploads\/2015\/04\/IMG_82982-450x338.jpg\" alt=\"IMG_8298[2]\" width=\"450\" height=\"338\" class=\"alignleft size-medium wp-image-1776\" srcset=\"https:\/\/portaldenoticias.net\/deusimar\/wp-content\/uploads\/2015\/04\/IMG_82982-450x338.jpg 450w, https:\/\/portaldenoticias.net\/deusimar\/wp-content\/uploads\/2015\/04\/IMG_82982-640x480.jpg 640w, https:\/\/portaldenoticias.net\/deusimar\/wp-content\/uploads\/2015\/04\/IMG_82982-174x131.jpg 174w, https:\/\/portaldenoticias.net\/deusimar\/wp-content\/uploads\/2015\/04\/IMG_82982-70x53.jpg 70w\" sizes=\"auto, (max-width: 450px) 100vw, 450px\" \/><\/p>\n<p><img loading=\"lazy\" decoding=\"async\" src=\"http:\/\/www.portaldenoticias.net\/deusimar\/wp-content\/uploads\/2015\/04\/IMG_83321-450x338.jpg\" alt=\"IMG_8332[1]\" width=\"450\" height=\"338\" class=\"alignleft size-medium wp-image-1775\" srcset=\"https:\/\/portaldenoticias.net\/deusimar\/wp-content\/uploads\/2015\/04\/IMG_83321-450x338.jpg 450w, https:\/\/portaldenoticias.net\/deusimar\/wp-content\/uploads\/2015\/04\/IMG_83321-640x480.jpg 640w, https:\/\/portaldenoticias.net\/deusimar\/wp-content\/uploads\/2015\/04\/IMG_83321-174x131.jpg 174w, https:\/\/portaldenoticias.net\/deusimar\/wp-content\/uploads\/2015\/04\/IMG_83321-70x53.jpg 70w\" sizes=\"auto, (max-width: 450px) 100vw, 450px\" \/><br \/>\n<img loading=\"lazy\" decoding=\"async\" src=\"http:\/\/www.portaldenoticias.net\/deusimar\/wp-content\/uploads\/2015\/04\/IMG_83401-450x338.jpg\" alt=\"IMG_8340[1]\" width=\"450\" height=\"338\" class=\"alignleft size-medium wp-image-1777\" srcset=\"https:\/\/portaldenoticias.net\/deusimar\/wp-content\/uploads\/2015\/04\/IMG_83401-450x338.jpg 450w, https:\/\/portaldenoticias.net\/deusimar\/wp-content\/uploads\/2015\/04\/IMG_83401-640x480.jpg 640w, https:\/\/portaldenoticias.net\/deusimar\/wp-content\/uploads\/2015\/04\/IMG_83401-174x131.jpg 174w, https:\/\/portaldenoticias.net\/deusimar\/wp-content\/uploads\/2015\/04\/IMG_83401-70x53.jpg 70w\" sizes=\"auto, (max-width: 450px) 100vw, 450px\" \/><\/p>\n<p><img loading=\"lazy\" decoding=\"async\" src=\"http:\/\/www.portaldenoticias.net\/deusimar\/wp-content\/uploads\/2015\/03\/DEUSIMAR-E-CLAUDIO-VIEIRA1.jpg\" alt=\"DEUSIMAR E CLAUDIO VIEIRA\" width=\"259\" height=\"194\" class=\"alignleft size-full wp-image-1457\" srcset=\"https:\/\/portaldenoticias.net\/deusimar\/wp-content\/uploads\/2015\/03\/DEUSIMAR-E-CLAUDIO-VIEIRA1.jpg 259w, https:\/\/portaldenoticias.net\/deusimar\/wp-content\/uploads\/2015\/03\/DEUSIMAR-E-CLAUDIO-VIEIRA1-174x131.jpg 174w, https:\/\/portaldenoticias.net\/deusimar\/wp-content\/uploads\/2015\/03\/DEUSIMAR-E-CLAUDIO-VIEIRA1-70x53.jpg 70w\" sizes=\"auto, (max-width: 259px) 100vw, 259px\" \/><\/p>\n<p>Ol\u00e1 leitores(as) amigos(as)de nossos blogs!!<br \/>\nAtentem bem&#8230;.. partindo do princ\u00edpio de que uma foto vale por mil palavras, de olho nas imagens ao lado postadas, leiam na \u00edntegra o que se segue para um melhor entendimento do que vai expressar este blogueiro de voc\u00eas.<br \/>\nAcreditando se quiser&#8230;. ontem dia 1\u00ba de abril dia internacional da mentira, este blogueiro de voc\u00eas vivenciou o dia mais triste de sua progressiva vida profissional ao assinar o termo de demiss\u00e3o de nossa velha, por\u00e9m, sempre operosa EBDA, depois de decorridos 33 anos ininterruptos de muito trabalho com amor e dedica\u00e7\u00e3o na fant\u00e1stica \u00e1rea da extens\u00e3o rural, sempre ajudando e fazendo o bem sem olhar a quem, da sofrida, porem, importante agricultura familiar.Apesar dos pesares,este blogueiro de voc\u00eas, confessa aqui e agora, que sente-se realizado, pois o que dignifica um homem ou uma mulher, s\u00e3o o seus bons servi\u00e7os prestados,e quando esses servi\u00e7os s\u00e3o prestados a aqueles que mais precisam eleva-se mais ainda a sua dignidade. Fico feliz quando percebo nos 04 cantos de nosso munic\u00edpio de Monte Santo, que muita gente boa est\u00e1 vivendo melhor no campo, gra\u00e7as as a\u00e7\u00f5es da ATER-Assist\u00eancia T\u00e9cnica e Extens\u00e3o Rural, da qual este blogueiro de voc\u00eas fez parte no per\u00edodo: 07-04-1982 at\u00e9 o dia 31-03-2015.<br \/>\nAinda de olho nas imagens acima, percebam como o DIVINO \u00e9 maravilhoso,e para compensar o triste dia de ontem do blogueiro de voc\u00eas,no dia hoje, esta figura\u00e7a, este maior exemplo de supera\u00e7\u00e3o de Monte Santo, de nossa linda e extensa Bahia, porque n\u00e3o dizer do Brasil Claudio Vieira de Oliveira a quem o chamo de forma carinhosa,na intimidade, e muito mais por merecimento, de o ARTISTA INTELECTUAL DE MONTE SANTO,convidou este blogueiro de voc\u00eas para um almo\u00e7o familiar de confraterniza\u00e7\u00e3o dedicado a seu feliz e lindo anivers\u00e1rio. Vejam que n\u00edvel de inteligencia tem o nosso ARTISTA INTELECTUAL, que imaginando que ningu\u00e9m iria acreditar que seu anivers\u00e1rio acontece no dia 1\u00ba de abril, o dia internacional da mentira, ele sempre comemora no dia seguinte. Deusimar das Abelhas, apesar de ainda chateado com o dia de ontem, o dia mais triste de sua vida profissional aceitou o convite de Claudio Vieira e almo\u00e7ou com ele com sua honrada fam\u00edlia dentre outros amigos pr\u00f3ximos.<br \/>\nNas considera\u00e7\u00f5es finais deste blogueiro de voc\u00eas,gostaria de lembrar a todos e todas,que na pr\u00f3xima semana( de 08 a 10\/04), gra\u00e7as a seu filho ilustre Claudio Vieira, seu Artista Intelectual, Monte Santo vai estar recebendo diretamente da maior Universidade(universidad de harvard), da maior potencia econ\u00f4mica do mundo(EUA) uma equipe de pesquisadores e estudantes para a montagem de um estudo de causo sobre a sua vida pregressa cheia de muita supera\u00e7\u00e3o, e gra\u00e7as a Deus de muitas vit\u00f3rias. Aquele(a), que interessar em acompanhar este magnifico e importante trabalho cient\u00edfico da maior universidade do planeta, basta ficar a vontade e manter contato co Claudio Vieira atrav\u00e9s dos contatos( 75- 9141-4249;3275-1213) email-claudio.maltas@yahoo.com.br.<br \/>\nFica claro e evidente, que ningu\u00e9m consegue nascer grande, nem no tamanho f\u00edsico e nem em outro tipo de grandeza, mas pequeno tamb\u00e9m sabe escrever e fazer acontecer a sua pr\u00f3pria hist\u00f3ria, mesmo tendo de enfrentar as limita\u00e7\u00f5es da pr\u00f3pria vida como vem enfrentando este nosso deficiente rar\u00edssimo que leva uma vida um tanto quanto sacrificada.<br \/>\nEm nome de todos e todas leitores(as) de nossos blogs, este blogueiro de voc\u00eas deixa aqui registrado os sinceros parab\u00e9ns ao nosso ARTISTA INTELECTUAL DE MONTE SANTO.<br \/>\n<img loading=\"lazy\" decoding=\"async\" src=\"http:\/\/www.portaldenoticias.net\/deusimar\/wp-content\/uploads\/2015\/04\/BOA-NOITE-SONHANDO-JUNTOS.-450x338.jpg\" alt=\"BOA NOITE SONHANDO JUNTOS.\" width=\"450\" height=\"338\" class=\"alignleft size-medium wp-image-1778\" srcset=\"https:\/\/portaldenoticias.net\/deusimar\/wp-content\/uploads\/2015\/04\/BOA-NOITE-SONHANDO-JUNTOS.-450x338.jpg 450w, https:\/\/portaldenoticias.net\/deusimar\/wp-content\/uploads\/2015\/04\/BOA-NOITE-SONHANDO-JUNTOS.-640x480.jpg 640w, https:\/\/portaldenoticias.net\/deusimar\/wp-content\/uploads\/2015\/04\/BOA-NOITE-SONHANDO-JUNTOS.-174x131.jpg 174w, https:\/\/portaldenoticias.net\/deusimar\/wp-content\/uploads\/2015\/04\/BOA-NOITE-SONHANDO-JUNTOS.-70x53.jpg 70w, https:\/\/portaldenoticias.net\/deusimar\/wp-content\/uploads\/2015\/04\/BOA-NOITE-SONHANDO-JUNTOS..jpg 750w\" sizes=\"auto, (max-width: 450px) 100vw, 450px\" \/><\/p>\n<p>COLABORA\u00c7\u00c3O E COMPLEMENTOS DOS:<br \/>\n<img loading=\"lazy\" decoding=\"async\" src=\"http:\/\/www.portaldenoticias.net\/deusimar\/wp-content\/uploads\/2015\/03\/CARTAO-DE-VISITA-DEUSIMAR2-450x250.jpg\" alt=\"CARTAO DE VISITA DEUSIMAR\" width=\"450\" height=\"250\" class=\"alignleft size-medium wp-image-1725\" srcset=\"https:\/\/portaldenoticias.net\/deusimar\/wp-content\/uploads\/2015\/03\/CARTAO-DE-VISITA-DEUSIMAR2-450x250.jpg 450w, https:\/\/portaldenoticias.net\/deusimar\/wp-content\/uploads\/2015\/03\/CARTAO-DE-VISITA-DEUSIMAR2-640x356.jpg 640w, https:\/\/portaldenoticias.net\/deusimar\/wp-content\/uploads\/2015\/03\/CARTAO-DE-VISITA-DEUSIMAR2.jpg 1062w\" sizes=\"auto, (max-width: 450px) 100vw, 450px\" \/><\/p>\n","protected":false},"excerpt":{"rendered":"<p>Ol\u00e1 leitores(as) amigos(as)de nossos blogs!! Atentem bem&#8230;.. partindo do princ\u00edpio de que uma foto vale por mil palavras, de olho nas imagens ao lado postadas, leiam na \u00edntegra o que se segue para um melhor entendimento do que vai expressar este blogueiro de voc\u00eas. Acreditando se quiser&#8230;. ontem dia 1\u00ba de abril dia internacional da [&hellip;]<\/p>\n","protected":false},"author":2,"featured_media":0,"comment_status":"open","ping_status":"open","sticky":false,"template":"","format":"standard","meta":{"footnotes":""},"categories":[1],"tags":[],"class_list":{"0":"post-1774","1":"post","2":"type-post","3":"status-publish","4":"format-standard","6":"category-destaques"},"_links":{"self":[{"href":"https:\/\/portaldenoticias.net\/deusimar\/wp-json\/wp\/v2\/posts\/1774","targetHints":{"allow":["GET"]}}],"collection":[{"href":"https:\/\/portaldenoticias.net\/deusimar\/wp-json\/wp\/v2\/posts"}],"about":[{"href":"https:\/\/portaldenoticias.net\/deusimar\/wp-json\/wp\/v2\/types\/post"}],"author":[{"embeddable":true,"href":"https:\/\/portaldenoticias.net\/deusimar\/wp-json\/wp\/v2\/users\/2"}],"replies":[{"embeddable":true,"href":"https:\/\/portaldenoticias.net\/deusimar\/wp-json\/wp\/v2\/comments?post=1774"}],"version-history":[{"count":0,"href":"https:\/\/portaldenoticias.net\/deusimar\/wp-json\/wp\/v2\/posts\/1774\/revisions"}],"wp:attachment":[{"href":"https:\/\/portaldenoticias.net\/deusimar\/wp-json\/wp\/v2\/media?parent=1774"}],"wp:term":[{"taxonomy":"category","embeddable":true,"href":"https:\/\/portaldenoticias.net\/deusimar\/wp-json\/wp\/v2\/categories?post=1774"},{"taxonomy":"post_tag","embeddable":true,"href":"https:\/\/portaldenoticias.net\/deusimar\/wp-json\/wp\/v2\/tags?post=1774"}],"curies":[{"name":"wp","href":"https:\/\/api.w.org\/{rel}","templated":true}]}}