{"id":1771,"date":"2015-04-01T23:56:26","date_gmt":"2015-04-02T02:56:26","guid":{"rendered":"http:\/\/www.portaldenoticias.net\/deusimar\/?p=1771"},"modified":"2015-04-01T23:56:26","modified_gmt":"2015-04-02T02:56:26","slug":"seguranca-publica-foi-incluida-na-categoria-servico-publico-destaque-durante-o-carnaval-de-nossa-linda-e-extensa-bahia","status":"publish","type":"post","link":"https:\/\/portaldenoticias.net\/deusimar\/seguranca-publica-foi-incluida-na-categoria-servico-publico-destaque-durante-o-carnaval-de-nossa-linda-e-extensa-bahia\/","title":{"rendered":"SEGURAN\u00c7A P\u00daBLICA FOI INCLU\u00cdDA NA CATEGORIA SERVI\u00c7O P\u00daBLICO DESTAQUE DURANTE O CARNAVAL DE NOSSA LINDA E EXTENSA BAHIA."},"content":{"rendered":"<p><img loading=\"lazy\" decoding=\"async\" src=\"http:\/\/www.portaldenoticias.net\/deusimar\/wp-content\/uploads\/2015\/02\/FOTO-NOVA-DO-PERFIL-DO-GOVERNADOR1-450x450.png\" alt=\"FOTO NOVA DO PERFIL DO GOVERNADOR\" width=\"450\" height=\"450\" class=\"alignleft size-medium wp-image-522\" srcset=\"https:\/\/portaldenoticias.net\/deusimar\/wp-content\/uploads\/2015\/02\/FOTO-NOVA-DO-PERFIL-DO-GOVERNADOR1-450x450.png 450w, https:\/\/portaldenoticias.net\/deusimar\/wp-content\/uploads\/2015\/02\/FOTO-NOVA-DO-PERFIL-DO-GOVERNADOR1-150x150.png 150w, https:\/\/portaldenoticias.net\/deusimar\/wp-content\/uploads\/2015\/02\/FOTO-NOVA-DO-PERFIL-DO-GOVERNADOR1-640x640.png 640w, https:\/\/portaldenoticias.net\/deusimar\/wp-content\/uploads\/2015\/02\/FOTO-NOVA-DO-PERFIL-DO-GOVERNADOR1.png 700w\" sizes=\"auto, (max-width: 450px) 100vw, 450px\" \/><br \/>\n<img loading=\"lazy\" decoding=\"async\" src=\"http:\/\/www.portaldenoticias.net\/deusimar\/wp-content\/uploads\/2015\/02\/NOVO-GOVERNADOR-VIITA-CENTRO-INTEGRADO-DA-PM-450x450.jpg\" alt=\"NOVO GOVERNADOR VIITA CENTRO INTEGRADO DA PM\" width=\"450\" height=\"450\" class=\"alignleft size-medium wp-image-646\" srcset=\"https:\/\/portaldenoticias.net\/deusimar\/wp-content\/uploads\/2015\/02\/NOVO-GOVERNADOR-VIITA-CENTRO-INTEGRADO-DA-PM-450x450.jpg 450w, https:\/\/portaldenoticias.net\/deusimar\/wp-content\/uploads\/2015\/02\/NOVO-GOVERNADOR-VIITA-CENTRO-INTEGRADO-DA-PM-150x150.jpg 150w, https:\/\/portaldenoticias.net\/deusimar\/wp-content\/uploads\/2015\/02\/NOVO-GOVERNADOR-VIITA-CENTRO-INTEGRADO-DA-PM.jpg 480w\" sizes=\"auto, (max-width: 450px) 100vw, 450px\" \/><\/p>\n<p>Rui Costa<br \/>\n8 h \u00b7<br \/>\nFiquei muito feliz com a premia\u00e7\u00e3o do Trof\u00e9u Dod\u00f4 e Osmar. Este ano foi inclu\u00edda a categoria Servi\u00e7o P\u00fablico Destaque, que premiou a seguran\u00e7a p\u00fablica no evento. http:\/\/www.secom.ba.gov.br\/\u2026\/Seguranca-Publica-e-destaque-e\u2026<\/p>\n<p><img loading=\"lazy\" decoding=\"async\" src=\"http:\/\/www.portaldenoticias.net\/deusimar\/wp-content\/uploads\/2015\/04\/SEGURANCA-DO-CARNAVAL-450x450.jpg\" alt=\"SEGURANCA DO CARNAVAL\" width=\"450\" height=\"450\" class=\"alignleft size-medium wp-image-1772\" srcset=\"https:\/\/portaldenoticias.net\/deusimar\/wp-content\/uploads\/2015\/04\/SEGURANCA-DO-CARNAVAL-450x450.jpg 450w, https:\/\/portaldenoticias.net\/deusimar\/wp-content\/uploads\/2015\/04\/SEGURANCA-DO-CARNAVAL-150x150.jpg 150w, https:\/\/portaldenoticias.net\/deusimar\/wp-content\/uploads\/2015\/04\/SEGURANCA-DO-CARNAVAL-640x640.jpg 640w, https:\/\/portaldenoticias.net\/deusimar\/wp-content\/uploads\/2015\/04\/SEGURANCA-DO-CARNAVAL.jpg 800w\" sizes=\"auto, (max-width: 450px) 100vw, 450px\" \/><\/p>\n<p>COLABORA\u00c7\u00c3O E COMPLEMENTOS DOS:<br \/>\n<img loading=\"lazy\" decoding=\"async\" src=\"http:\/\/www.portaldenoticias.net\/deusimar\/wp-content\/uploads\/2015\/03\/CARTAO-DE-VISITA-AMPLIADO-DE-DEUSIMAR-450x250.jpg\" alt=\"CARTAO DE VISITA AMPLIADO DE DEUSIMAR\" width=\"450\" height=\"250\" class=\"alignleft size-medium wp-image-1740\" srcset=\"https:\/\/portaldenoticias.net\/deusimar\/wp-content\/uploads\/2015\/03\/CARTAO-DE-VISITA-AMPLIADO-DE-DEUSIMAR-450x250.jpg 450w, https:\/\/portaldenoticias.net\/deusimar\/wp-content\/uploads\/2015\/03\/CARTAO-DE-VISITA-AMPLIADO-DE-DEUSIMAR-640x356.jpg 640w, https:\/\/portaldenoticias.net\/deusimar\/wp-content\/uploads\/2015\/03\/CARTAO-DE-VISITA-AMPLIADO-DE-DEUSIMAR.jpg 1062w\" sizes=\"auto, (max-width: 450px) 100vw, 450px\" \/><\/p>\n","protected":false},"excerpt":{"rendered":"<p>Rui Costa 8 h \u00b7 Fiquei muito feliz com a premia\u00e7\u00e3o do Trof\u00e9u Dod\u00f4 e Osmar. Este ano foi inclu\u00edda a categoria Servi\u00e7o P\u00fablico Destaque, que premiou a seguran\u00e7a p\u00fablica no evento. http:\/\/www.secom.ba.gov.br\/\u2026\/Seguranca-Publica-e-destaque-e\u2026 COLABORA\u00c7\u00c3O E COMPLEMENTOS DOS:<\/p>\n","protected":false},"author":2,"featured_media":0,"comment_status":"open","ping_status":"open","sticky":false,"template":"","format":"standard","meta":{"footnotes":""},"categories":[1],"tags":[],"class_list":{"0":"post-1771","1":"post","2":"type-post","3":"status-publish","4":"format-standard","6":"category-destaques"},"_links":{"self":[{"href":"https:\/\/portaldenoticias.net\/deusimar\/wp-json\/wp\/v2\/posts\/1771","targetHints":{"allow":["GET"]}}],"collection":[{"href":"https:\/\/portaldenoticias.net\/deusimar\/wp-json\/wp\/v2\/posts"}],"about":[{"href":"https:\/\/portaldenoticias.net\/deusimar\/wp-json\/wp\/v2\/types\/post"}],"author":[{"embeddable":true,"href":"https:\/\/portaldenoticias.net\/deusimar\/wp-json\/wp\/v2\/users\/2"}],"replies":[{"embeddable":true,"href":"https:\/\/portaldenoticias.net\/deusimar\/wp-json\/wp\/v2\/comments?post=1771"}],"version-history":[{"count":0,"href":"https:\/\/portaldenoticias.net\/deusimar\/wp-json\/wp\/v2\/posts\/1771\/revisions"}],"wp:attachment":[{"href":"https:\/\/portaldenoticias.net\/deusimar\/wp-json\/wp\/v2\/media?parent=1771"}],"wp:term":[{"taxonomy":"category","embeddable":true,"href":"https:\/\/portaldenoticias.net\/deusimar\/wp-json\/wp\/v2\/categories?post=1771"},{"taxonomy":"post_tag","embeddable":true,"href":"https:\/\/portaldenoticias.net\/deusimar\/wp-json\/wp\/v2\/tags?post=1771"}],"curies":[{"name":"wp","href":"https:\/\/api.w.org\/{rel}","templated":true}]}}