{"id":1765,"date":"2015-04-01T23:13:44","date_gmt":"2015-04-02T02:13:44","guid":{"rendered":"http:\/\/www.portaldenoticias.net\/deusimar\/?p=1765"},"modified":"2015-04-01T23:13:44","modified_gmt":"2015-04-02T02:13:44","slug":"vale-a-pena-reler-de-novo-do-blog-do-deusimar-deusimar-das-abelhas-divulga-materia-de-samuel-celestino-a-bahia-diante-do-flagelo","status":"publish","type":"post","link":"https:\/\/portaldenoticias.net\/deusimar\/vale-a-pena-reler-de-novo-do-blog-do-deusimar-deusimar-das-abelhas-divulga-materia-de-samuel-celestino-a-bahia-diante-do-flagelo\/","title":{"rendered":"VALE A PENA RELER DE NOVO DO BLOG DO DEUSIMAR-DEUSIMAR DAS ABELHAS DIVULGA MAT\u00c9RIA DE SAMUEL CELESTINO- \u201cA BAHIA DIANTE DO FLAGELO\u201d."},"content":{"rendered":"<p>DEUSIMAR DAS ABELHAS DIVULGA MAT\u00c9RIA DE SAMUEL CELESTINO- \u201cA BAHIA DIANTE DO FLAGELO\u201d.<br \/>\nblog deusimar, 25\/04\/2012 8:29 pm<\/p>\n<p><img loading=\"lazy\" decoding=\"async\" src=\"http:\/\/www.portaldenoticias.net\/deusimar\/wp-content\/uploads\/2015\/03\/IMAGEM-FACE-GRANDE-DEUSIMAR.jpg\" alt=\"IMAGEM FACE GRANDE DEUSIMAR\" width=\"259\" height=\"195\" class=\"alignleft size-full wp-image-1510\" srcset=\"https:\/\/portaldenoticias.net\/deusimar\/wp-content\/uploads\/2015\/03\/IMAGEM-FACE-GRANDE-DEUSIMAR.jpg 259w, https:\/\/portaldenoticias.net\/deusimar\/wp-content\/uploads\/2015\/03\/IMAGEM-FACE-GRANDE-DEUSIMAR-174x131.jpg 174w, https:\/\/portaldenoticias.net\/deusimar\/wp-content\/uploads\/2015\/03\/IMAGEM-FACE-GRANDE-DEUSIMAR-70x53.jpg 70w\" sizes=\"auto, (max-width: 259px) 100vw, 259px\" \/><br \/>\n<img loading=\"lazy\" decoding=\"async\" src=\"http:\/\/www.portaldenoticias.net\/deusimar\/wp-content\/uploads\/2015\/04\/MANOEL-CELESTINO.jpg\" alt=\"MANOEL CELESTINO\" width=\"180\" height=\"280\" class=\"alignleft size-full wp-image-1766\" \/><br \/>\nAproximadamente 60% do territ\u00f3rio baiano \u00e9 ocupado pela in\u00f3spita regi\u00e3o do semi\u00e1rido. Justo o \u201cmiolo\u201d do Estado. \u00c9 basicamente esta regi\u00e3o que arde ao sol escaldante na maior seca dos \u00faltimos 30 anos. Espera-se que a situa\u00e7\u00e3o n\u00e3o se expanda para uma trag\u00e9dia de propor\u00e7\u00f5es, o que provavelmente acontecer\u00e1 se as chuvas n\u00e3o acontecerem. A \u00e9poca delas passou: vai de novembro a mar\u00e7o. J\u00e1 as consequ\u00eancias invadir\u00e3o 2013 e 2014. Est\u00e1 desenhada, assim posto, uma situa\u00e7\u00e3o de extrema gravidade para a popula\u00e7\u00e3o de (por ora) 206 munic\u00edpios; para o governo \u2013 com forte reflexo na economia estadual \u2013 e para a popula\u00e7\u00e3o do semi\u00e1rido que, em boa parte, est\u00e1 abaixo da linha da pobreza absoluta.<br \/>\nTrata-se, evidentemente, de um fen\u00f4meno clim\u00e1tico, mas poder\u00e1, como consequ\u00eancia, tamb\u00e9m atingir politicamente o governo Wagner, que demorou em perceber a gravidade do que se desenhava. Justo em ano eleitoral. Esse \u00e9 o m\u00ednimo, por\u00e9m, porque, em primeiro, est\u00e1 a popula\u00e7\u00e3o sofrida do semi\u00e1rido que, para adensar a tintura da trag\u00e9dia, estranhamente em boa parte n\u00e3o se concentra em centros urbanos, mas, sim, se espalha pelas terras esturricadas onde dificilmente \u00e9 alcan\u00e7ada.<br \/>\nDos estados brasileiros, a Bahia desponta como o maior contingente populacional esparso. Algo em torno de 4,5 milh\u00f5es de pessoas. Ontem, Dilma Rousseff se reuniu em Aracaju com os governadores nordestinos. Esperam-se medidas urgentes e emergenciais, sobretudo para a Bahia, unidade mais atingida pelo flagelo que projeta desola\u00e7\u00e3o. Segundo o Engo. Manoel Bonfim, especialista na quest\u00e3o, n\u00e3o se combate a seca quando ela se instala e, sim, com planifica\u00e7\u00e3o e obras que a ela antecedem.<br \/>\nUm exemplo claro da falta de percep\u00e7\u00e3o do governo estadual sobre o braseiro que amea\u00e7a o semi\u00e1rido foi a estranha e absurda publica\u00e7\u00e3o no Di\u00e1rio Oficial, h\u00e1 poucos dias, de um comunicado aos munic\u00edpios do recebimento de projetos para apoio aos festejos juninos (Santo Ant\u00f4nio, S\u00e3o Jo\u00e3o e S\u00e3o Pedro). Pretende-se selecionar 110 projetos. Trata-se da divulga\u00e7\u00e3o de um edital da Secretaria de Turismo (que faz parceria com a Secretaria de Cultura) objetivando atrair turistas para os festejos (?) no interior da Bahia. A festa ser\u00e1 organizada pela Bahiatursa e o prazo para a apresenta\u00e7\u00e3o dos projetos pelos interessados se estende at\u00e9 o dia 27 pr\u00f3ximo.<br \/>\nA\u00ed est\u00e1 um exemplo de desdita administrativa. H\u00e1 quem o defenda. O que quer o governo? Atrair turistas para o sert\u00e3o em brasa e ainda por cima gastar dinheiro acendendo fogueira para um solo que j\u00e1 queima o sertanejo? Turista para conhecer a seca que mata os animais de sede? Que seca a\u00e7udes e aguadas? Que destr\u00f3i a agricultura familiar (a da Bahia era ou \u00e9 a maior do Pa\u00eds)? Que transforma os rios, n\u00e3o perenizados, em caminhos com terras rachadas pela inclem\u00eancia do tempo?  Seria interessante o governo distribuir entre o seu secretariado o livro \u201cVidas Secas\u201d, de Graciliano Ramos.  Ser\u00e1 poss\u00edvel, assim, entender melhor o que \u00e9 seca e ainda, de quebra, conhecer a obra. O livro \u00e9 um dos marcos da literatura e do modernismo brasileiros.<br \/>\nPrefiro acreditar que o edital foi elaborado no ano passado, antes da amea\u00e7a do flagelo. Como o sert\u00e3o j\u00e1 \u00e9 uma fogueira, pergunta-se se ao turista interessa conhecer a desesperada vida de quem n\u00e3o tem \u00e1gua nem comida? Ressalve-se que h\u00e1 medidas na administra\u00e7\u00e3o como, por exemplo, proibir a comercializa\u00e7\u00e3o da \u00e1gua que resta. Deve ser usada, exclusivamente, para o consumo humano e dos animais. Ent\u00e3o, por que festa junina com o dinheiro que poderia ou poder\u00e1 atender ao m\u00ednimo necess\u00e1rio \u00e0 vida de quem habita o semi\u00e1rido? Ainda segundo Manoel Bonfim, quando a seca se instala n\u00e3o h\u00e1 alternativa sen\u00e3o os caminh\u00f5es-pipas. Com eles, surge a velhaca ind\u00fastria da seca que troca \u00e1gua por voto. J\u00e1 os prefeitos receber\u00e3o verbas emergenciais. Poder\u00e3o gast\u00e1-la como bem entenderem, sem necessidade de licita\u00e7\u00e3o, com contratar bandas de pagode e coisas que tais pensando no voto das elei\u00e7\u00f5es de outubro. Cumpre ao governo encontrar uma forma de proibir a pr\u00e1tica. Se conseguir.<br \/>\nA seca, em outros tempos de comunica\u00e7\u00e3o dif\u00edcil \u2013 \u00e9 bom observar \u2013 foi uma ind\u00fastria utilizada pelos pol\u00edticos em busca do voto. A evolu\u00e7\u00e3o tecnol\u00f3gica da comunica\u00e7\u00e3o ser\u00e1 um ve\u00edculo de den\u00fancia. Sem pretens\u00e3o de sugerir a quem deve saber (e o chefe da Casa Civil, Rui Costa, est\u00e1 antenado e preocupado com o desastre iminente) seria muito apropriado ao governo do Estado instituir uma esp\u00e9cie de conselho ou gabinete de crise reunindo t\u00e9cnicos com conhecimento de causa para pensar em medidas paliativas para minorar o desastre.<br \/>\nDe resto, o fen\u00f4meno clim\u00e1tico \u00e9 uma quest\u00e3o que se sobrep\u00f5e. N\u00e3o deve ser politizado porque a cobran\u00e7a n\u00e3o est\u00e1 em medidas imediatas, mas preventivas, como a constru\u00e7\u00e3o de a\u00e7udes e adutoras para distribuir a \u00e1gua armazenada. Para finalizar, o a\u00e7ude Castanh\u00e3o, no Cear\u00e1, acumula mais \u00e1gua do que todos os existentes na Bahia.<br \/>\nFONTE DA MAT\u00c9RIA: JORNALISTA SAMUEL CELESTINO<\/p>\n<p>COLABORA\u00c7\u00c3O E COMPLEMENTOS DOS:<br \/>\n<img loading=\"lazy\" decoding=\"async\" src=\"http:\/\/www.portaldenoticias.net\/deusimar\/wp-content\/uploads\/2015\/03\/CARTAO-DE-VISITA-AMPLIADO-DE-DEUSIMAR-450x250.jpg\" alt=\"CARTAO DE VISITA AMPLIADO DE DEUSIMAR\" width=\"450\" height=\"250\" class=\"alignleft size-medium wp-image-1740\" srcset=\"https:\/\/portaldenoticias.net\/deusimar\/wp-content\/uploads\/2015\/03\/CARTAO-DE-VISITA-AMPLIADO-DE-DEUSIMAR-450x250.jpg 450w, https:\/\/portaldenoticias.net\/deusimar\/wp-content\/uploads\/2015\/03\/CARTAO-DE-VISITA-AMPLIADO-DE-DEUSIMAR-640x356.jpg 640w, https:\/\/portaldenoticias.net\/deusimar\/wp-content\/uploads\/2015\/03\/CARTAO-DE-VISITA-AMPLIADO-DE-DEUSIMAR.jpg 1062w\" sizes=\"auto, (max-width: 450px) 100vw, 450px\" \/><\/p>\n","protected":false},"excerpt":{"rendered":"<p>DEUSIMAR DAS ABELHAS DIVULGA MAT\u00c9RIA DE SAMUEL CELESTINO- \u201cA BAHIA DIANTE DO FLAGELO\u201d. blog deusimar, 25\/04\/2012 8:29 pm Aproximadamente 60% do territ\u00f3rio baiano \u00e9 ocupado pela in\u00f3spita regi\u00e3o do semi\u00e1rido. Justo o \u201cmiolo\u201d do Estado. \u00c9 basicamente esta regi\u00e3o que arde ao sol escaldante na maior seca dos \u00faltimos 30 anos. Espera-se que a situa\u00e7\u00e3o [&hellip;]<\/p>\n","protected":false},"author":2,"featured_media":0,"comment_status":"open","ping_status":"open","sticky":false,"template":"","format":"standard","meta":{"footnotes":""},"categories":[1],"tags":[],"class_list":{"0":"post-1765","1":"post","2":"type-post","3":"status-publish","4":"format-standard","6":"category-destaques"},"_links":{"self":[{"href":"https:\/\/portaldenoticias.net\/deusimar\/wp-json\/wp\/v2\/posts\/1765","targetHints":{"allow":["GET"]}}],"collection":[{"href":"https:\/\/portaldenoticias.net\/deusimar\/wp-json\/wp\/v2\/posts"}],"about":[{"href":"https:\/\/portaldenoticias.net\/deusimar\/wp-json\/wp\/v2\/types\/post"}],"author":[{"embeddable":true,"href":"https:\/\/portaldenoticias.net\/deusimar\/wp-json\/wp\/v2\/users\/2"}],"replies":[{"embeddable":true,"href":"https:\/\/portaldenoticias.net\/deusimar\/wp-json\/wp\/v2\/comments?post=1765"}],"version-history":[{"count":0,"href":"https:\/\/portaldenoticias.net\/deusimar\/wp-json\/wp\/v2\/posts\/1765\/revisions"}],"wp:attachment":[{"href":"https:\/\/portaldenoticias.net\/deusimar\/wp-json\/wp\/v2\/media?parent=1765"}],"wp:term":[{"taxonomy":"category","embeddable":true,"href":"https:\/\/portaldenoticias.net\/deusimar\/wp-json\/wp\/v2\/categories?post=1765"},{"taxonomy":"post_tag","embeddable":true,"href":"https:\/\/portaldenoticias.net\/deusimar\/wp-json\/wp\/v2\/tags?post=1765"}],"curies":[{"name":"wp","href":"https:\/\/api.w.org\/{rel}","templated":true}]}}