{"id":1759,"date":"2015-04-01T20:57:21","date_gmt":"2015-04-01T23:57:21","guid":{"rendered":"http:\/\/www.portaldenoticias.net\/deusimar\/?p=1759"},"modified":"2015-04-01T20:57:21","modified_gmt":"2015-04-01T23:57:21","slug":"projeto-formando-campeoes-em-fazenda-coutos-idealizado-pelo-cidadao-de-bem-delio-lima-recebe-a-honrosa-visita-do-governador","status":"publish","type":"post","link":"https:\/\/portaldenoticias.net\/deusimar\/projeto-formando-campeoes-em-fazenda-coutos-idealizado-pelo-cidadao-de-bem-delio-lima-recebe-a-honrosa-visita-do-governador\/","title":{"rendered":"PROJETO FORMANDO CAMPE\u00d5ES EM FAZENDA COUTOS IDEALIZADO PELO CIDAD\u00c3O DE BEM D\u00c9LIO LIMA RECEBE A HONROSA VISITA DO GOVERNADOR."},"content":{"rendered":"<p><img loading=\"lazy\" decoding=\"async\" src=\"http:\/\/www.portaldenoticias.net\/deusimar\/wp-content\/uploads\/2015\/02\/RUI-COSTA-IMAGEM-GRANDE-DO-FACE..png\" alt=\"RUI COSTA IMAGEM GRANDE DO FACE.\" width=\"160\" height=\"160\" class=\"alignleft size-full wp-image-832\" srcset=\"https:\/\/portaldenoticias.net\/deusimar\/wp-content\/uploads\/2015\/02\/RUI-COSTA-IMAGEM-GRANDE-DO-FACE..png 160w, https:\/\/portaldenoticias.net\/deusimar\/wp-content\/uploads\/2015\/02\/RUI-COSTA-IMAGEM-GRANDE-DO-FACE.-150x150.png 150w\" sizes=\"auto, (max-width: 160px) 100vw, 160px\" \/><br \/>\nRui Costa adicionou 7 novas fotos ao \u00e1lbum: Fazenda Coutos mais feliz!<br \/>\n7 h \u00b7<br \/>\n\u00c9 impressionante ver a for\u00e7a de boas a\u00e7\u00f5es. Conheci hoje um lindo exemplo em Fazenda Coutos \u2013 o Formando Campe\u00f5es. Idealizado por D\u00e9lio Lima, o projeto desde 2011 ensina esporte, respeito, \u00e9tica e tantos outros valores \u00e0s crian\u00e7as do bairro. L\u00e1, tamb\u00e9m acompanhei o atendimento odontol\u00f3gico oferecido aos moradores, uma a\u00e7\u00e3o que faz parte do nosso Pacto Pela Vida. E visitei ainda a creche comunit\u00e1ria S\u00e3o Miguel.<br \/>\n<img loading=\"lazy\" decoding=\"async\" src=\"http:\/\/www.portaldenoticias.net\/deusimar\/wp-content\/uploads\/2015\/04\/rui-e-o-projeto-formando-campeoes.-450x300.jpg\" alt=\"rui e o projeto formando campeoes.\" width=\"450\" height=\"300\" class=\"alignleft size-medium wp-image-1760\" srcset=\"https:\/\/portaldenoticias.net\/deusimar\/wp-content\/uploads\/2015\/04\/rui-e-o-projeto-formando-campeoes.-450x300.jpg 450w, https:\/\/portaldenoticias.net\/deusimar\/wp-content\/uploads\/2015\/04\/rui-e-o-projeto-formando-campeoes.-640x427.jpg 640w, https:\/\/portaldenoticias.net\/deusimar\/wp-content\/uploads\/2015\/04\/rui-e-o-projeto-formando-campeoes..jpg 960w\" sizes=\"auto, (max-width: 450px) 100vw, 450px\" \/><\/p>\n<p><img loading=\"lazy\" decoding=\"async\" src=\"http:\/\/www.portaldenoticias.net\/deusimar\/wp-content\/uploads\/2015\/04\/PROJETO-FORMNDO-CAMPEOES..jpg\" alt=\"PROJETO FORMNDO CAMPEOES.\" width=\"235\" height=\"156\" class=\"alignleft size-full wp-image-1761\" \/><\/p>\n<p><img loading=\"lazy\" decoding=\"async\" src=\"http:\/\/www.portaldenoticias.net\/deusimar\/wp-content\/uploads\/2015\/04\/PROJETO-FORMANDO-CAMP-2.jpg\" alt=\"PROJETO FORMANDO CAMP 2\" width=\"235\" height=\"156\" class=\"alignleft size-full wp-image-1762\" \/><\/p>\n<p><img loading=\"lazy\" decoding=\"async\" src=\"http:\/\/www.portaldenoticias.net\/deusimar\/wp-content\/uploads\/2015\/04\/PROJETO-CAMP-3-450x300.jpg\" alt=\"PROJETO CAMP 3\" width=\"450\" height=\"300\" class=\"alignleft size-medium wp-image-1763\" srcset=\"https:\/\/portaldenoticias.net\/deusimar\/wp-content\/uploads\/2015\/04\/PROJETO-CAMP-3-450x300.jpg 450w, https:\/\/portaldenoticias.net\/deusimar\/wp-content\/uploads\/2015\/04\/PROJETO-CAMP-3-640x427.jpg 640w, https:\/\/portaldenoticias.net\/deusimar\/wp-content\/uploads\/2015\/04\/PROJETO-CAMP-3.jpg 960w\" sizes=\"auto, (max-width: 450px) 100vw, 450px\" \/><\/p>\n<p>COLABORA\u00c7\u00c3O E COMPLEMENTOS DOS :<br \/>\n<img loading=\"lazy\" decoding=\"async\" src=\"http:\/\/www.portaldenoticias.net\/deusimar\/wp-content\/uploads\/2015\/03\/CARTAO-DE-VISITA-AMPLIADO-DE-DEUSIMAR-450x250.jpg\" alt=\"CARTAO DE VISITA AMPLIADO DE DEUSIMAR\" width=\"450\" height=\"250\" class=\"alignleft size-medium wp-image-1740\" srcset=\"https:\/\/portaldenoticias.net\/deusimar\/wp-content\/uploads\/2015\/03\/CARTAO-DE-VISITA-AMPLIADO-DE-DEUSIMAR-450x250.jpg 450w, https:\/\/portaldenoticias.net\/deusimar\/wp-content\/uploads\/2015\/03\/CARTAO-DE-VISITA-AMPLIADO-DE-DEUSIMAR-640x356.jpg 640w, https:\/\/portaldenoticias.net\/deusimar\/wp-content\/uploads\/2015\/03\/CARTAO-DE-VISITA-AMPLIADO-DE-DEUSIMAR.jpg 1062w\" sizes=\"auto, (max-width: 450px) 100vw, 450px\" \/><\/p>\n","protected":false},"excerpt":{"rendered":"<p>Rui Costa adicionou 7 novas fotos ao \u00e1lbum: Fazenda Coutos mais feliz! 7 h \u00b7 \u00c9 impressionante ver a for\u00e7a de boas a\u00e7\u00f5es. Conheci hoje um lindo exemplo em Fazenda Coutos \u2013 o Formando Campe\u00f5es. Idealizado por D\u00e9lio Lima, o projeto desde 2011 ensina esporte, respeito, \u00e9tica e tantos outros valores \u00e0s crian\u00e7as do bairro. [&hellip;]<\/p>\n","protected":false},"author":2,"featured_media":0,"comment_status":"open","ping_status":"open","sticky":false,"template":"","format":"standard","meta":{"footnotes":""},"categories":[1],"tags":[],"class_list":{"0":"post-1759","1":"post","2":"type-post","3":"status-publish","4":"format-standard","6":"category-destaques"},"_links":{"self":[{"href":"https:\/\/portaldenoticias.net\/deusimar\/wp-json\/wp\/v2\/posts\/1759","targetHints":{"allow":["GET"]}}],"collection":[{"href":"https:\/\/portaldenoticias.net\/deusimar\/wp-json\/wp\/v2\/posts"}],"about":[{"href":"https:\/\/portaldenoticias.net\/deusimar\/wp-json\/wp\/v2\/types\/post"}],"author":[{"embeddable":true,"href":"https:\/\/portaldenoticias.net\/deusimar\/wp-json\/wp\/v2\/users\/2"}],"replies":[{"embeddable":true,"href":"https:\/\/portaldenoticias.net\/deusimar\/wp-json\/wp\/v2\/comments?post=1759"}],"version-history":[{"count":0,"href":"https:\/\/portaldenoticias.net\/deusimar\/wp-json\/wp\/v2\/posts\/1759\/revisions"}],"wp:attachment":[{"href":"https:\/\/portaldenoticias.net\/deusimar\/wp-json\/wp\/v2\/media?parent=1759"}],"wp:term":[{"taxonomy":"category","embeddable":true,"href":"https:\/\/portaldenoticias.net\/deusimar\/wp-json\/wp\/v2\/categories?post=1759"},{"taxonomy":"post_tag","embeddable":true,"href":"https:\/\/portaldenoticias.net\/deusimar\/wp-json\/wp\/v2\/tags?post=1759"}],"curies":[{"name":"wp","href":"https:\/\/api.w.org\/{rel}","templated":true}]}}