{"id":1735,"date":"2015-03-28T20:08:38","date_gmt":"2015-03-28T23:08:38","guid":{"rendered":"http:\/\/www.portaldenoticias.net\/deusimar\/?p=1735"},"modified":"2015-03-29T13:35:39","modified_gmt":"2015-03-29T16:35:39","slug":"blog-do-deusimar-complementando-e-compartilhando-a-referencia-do-conterraneo-amigo-marivan-barbosa-dantas-ao-nosso-governador","status":"publish","type":"post","link":"https:\/\/portaldenoticias.net\/deusimar\/blog-do-deusimar-complementando-e-compartilhando-a-referencia-do-conterraneo-amigo-marivan-barbosa-dantas-ao-nosso-governador\/","title":{"rendered":"BLOG DO DEUSIMAR COMPLEMENTANDO E COMPARTILHANDO A REFER\u00caNCIA DO CONTERR\u00c2NEO AMIGO MARIVAN BARBOSA DANTAS AO NOSSO GOVERNADOR."},"content":{"rendered":"<p><img loading=\"lazy\" decoding=\"async\" src=\"http:\/\/www.portaldenoticias.net\/deusimar\/wp-content\/uploads\/2015\/03\/IMAGEM-FACE-MARIVAN-450x450.jpg\" alt=\"IMAGEM FACE MARIVAN\" width=\"450\" height=\"450\" class=\"alignleft size-medium wp-image-1741\" srcset=\"https:\/\/portaldenoticias.net\/deusimar\/wp-content\/uploads\/2015\/03\/IMAGEM-FACE-MARIVAN-450x450.jpg 450w, https:\/\/portaldenoticias.net\/deusimar\/wp-content\/uploads\/2015\/03\/IMAGEM-FACE-MARIVAN-150x150.jpg 150w, https:\/\/portaldenoticias.net\/deusimar\/wp-content\/uploads\/2015\/03\/IMAGEM-FACE-MARIVAN-640x640.jpg 640w, https:\/\/portaldenoticias.net\/deusimar\/wp-content\/uploads\/2015\/03\/IMAGEM-FACE-MARIVAN.jpg 960w\" sizes=\"auto, (max-width: 450px) 100vw, 450px\" \/><br \/>\n<img loading=\"lazy\" decoding=\"async\" src=\"http:\/\/www.portaldenoticias.net\/deusimar\/wp-content\/uploads\/2015\/03\/IMAGEM-FACE-GRANDE-DEUSIMAR1.jpg\" alt=\"IMAGEM FACE GRANDE DEUSIMAR\" width=\"259\" height=\"195\" class=\"alignleft size-full wp-image-1632\" srcset=\"https:\/\/portaldenoticias.net\/deusimar\/wp-content\/uploads\/2015\/03\/IMAGEM-FACE-GRANDE-DEUSIMAR1.jpg 259w, https:\/\/portaldenoticias.net\/deusimar\/wp-content\/uploads\/2015\/03\/IMAGEM-FACE-GRANDE-DEUSIMAR1-174x131.jpg 174w, https:\/\/portaldenoticias.net\/deusimar\/wp-content\/uploads\/2015\/03\/IMAGEM-FACE-GRANDE-DEUSIMAR1-70x53.jpg 70w\" sizes=\"auto, (max-width: 259px) 100vw, 259px\" \/><br \/>\nMarivan B Dantas compartilhou a foto de Rui Costa.<br \/>\n4 h \u00b7<br \/>\nEsse Governador \u00e9 diferente de todos, ele \u00e9 humano!!!<\/p>\n<p><img loading=\"lazy\" decoding=\"async\" src=\"http:\/\/www.portaldenoticias.net\/deusimar\/wp-content\/uploads\/2015\/03\/rui-camisa-do-Bahia-450x450.jpg\" alt=\"rui camisa do Bahia\" width=\"450\" height=\"450\" class=\"alignleft size-medium wp-image-1736\" srcset=\"https:\/\/portaldenoticias.net\/deusimar\/wp-content\/uploads\/2015\/03\/rui-camisa-do-Bahia-450x450.jpg 450w, https:\/\/portaldenoticias.net\/deusimar\/wp-content\/uploads\/2015\/03\/rui-camisa-do-Bahia-150x150.jpg 150w, https:\/\/portaldenoticias.net\/deusimar\/wp-content\/uploads\/2015\/03\/rui-camisa-do-Bahia-640x640.jpg 640w, https:\/\/portaldenoticias.net\/deusimar\/wp-content\/uploads\/2015\/03\/rui-camisa-do-Bahia.jpg 851w\" sizes=\"auto, (max-width: 450px) 100vw, 450px\" \/><\/p>\n<p>Rui Costa<br \/>\n<img loading=\"lazy\" decoding=\"async\" src=\"http:\/\/www.portaldenoticias.net\/deusimar\/wp-content\/uploads\/2015\/02\/RUI-COSTA-IMAGEM-GRANDE-DO-FACE..png\" alt=\"RUI COSTA IMAGEM GRANDE DO FACE.\" width=\"160\" height=\"160\" class=\"alignleft size-full wp-image-832\" srcset=\"https:\/\/portaldenoticias.net\/deusimar\/wp-content\/uploads\/2015\/02\/RUI-COSTA-IMAGEM-GRANDE-DO-FACE..png 160w, https:\/\/portaldenoticias.net\/deusimar\/wp-content\/uploads\/2015\/02\/RUI-COSTA-IMAGEM-GRANDE-DO-FACE.-150x150.png 150w\" sizes=\"auto, (max-width: 160px) 100vw, 160px\" \/><br \/>\nGente, eu tenho que agradecer por todo esse carinho. Obrigado pelo presente dado a minha filha Marina. Esses s\u00e3o uns dos aprovados no concurso da PM-2012. Al\u00e9m de interagir comigo atrav\u00e9s do Face, eles t\u00eam ido \u00e0s agendas&#8230; e o retorno do nosso governo \u00e9 a convoca\u00e7\u00e3o de 2 mil homens, como j\u00e1 anunciamos.<\/p>\n<p><img loading=\"lazy\" decoding=\"async\" src=\"http:\/\/www.portaldenoticias.net\/deusimar\/wp-content\/uploads\/2015\/03\/DEUSIMAR-E-CLAUDIO-VIEIRA.jpg\" alt=\"DEUSIMAR E CLAUDIO VIEIRA\" width=\"259\" height=\"194\" class=\"alignleft size-full wp-image-1045\" srcset=\"https:\/\/portaldenoticias.net\/deusimar\/wp-content\/uploads\/2015\/03\/DEUSIMAR-E-CLAUDIO-VIEIRA.jpg 259w, https:\/\/portaldenoticias.net\/deusimar\/wp-content\/uploads\/2015\/03\/DEUSIMAR-E-CLAUDIO-VIEIRA-174x131.jpg 174w, https:\/\/portaldenoticias.net\/deusimar\/wp-content\/uploads\/2015\/03\/DEUSIMAR-E-CLAUDIO-VIEIRA-70x53.jpg 70w\" sizes=\"auto, (max-width: 259px) 100vw, 259px\" \/><br \/>\nJose Deusimar Loiola Gon\u00e7alves Basta olhar aqui na imagem abaixo futuro Dr.veterin\u00e1rio, para confirmar a generosidade do nosso novo governador.Aqui em Monte Santo hoje,foi muit\u00edssimo assediado por muita gente que aproveitaram e registraram fotos, mas ele n\u00e3o deixou passar despercebido de ver uma deficiente sentada no banco do jardim da pra\u00e7a, e sem precisar do indicativo de ningu\u00e9m foi at\u00e9 a nossa conterr\u00e2nea amiga deficiente, e al\u00e9m de cumpriment\u00e1-la deu aquele abra\u00e7o .Sabe por que nosso GOVERNADOR tamb\u00e9m, n\u00e3o deu um caloroso e generoso abra\u00e7o em nosso ARTISTA INTELECTUAL DE MONTE SANTO, o deficiente rar\u00edssimo, nosso palestrante internacional, o Claudio Vieira? Porque quando o procurei aqui na cidade para lev\u00e1-lo at\u00e9 nosso GOVERNADOR como o levei at\u00e9 o artista da m\u00fasica sertaneja Daniel em 2010, fiquei sabendo que o mesmo nesta noite de hoje( 28), estar\u00e1 palestrando na cidade de Coaraci no sul de nossa linda e extensa Bahia. S\u00e3o essas a\u00e7\u00f5es generosas, e as boas inten\u00e7\u00f5es do nosso GOVERNADOR que nos fazem acreditar em melhores dias para nossa linda e extensa Bahia nesses pr\u00f3ximos 04 anos de governo.Generosidade \u00e0 toda prova. No mais, a vinda do GOVERNADOR , a nossa Monte Santo foi um s\u00f3 sucesso. Boa Noite!!Jos\u00e9 Deusimar Loiola Gon\u00e7alves<br \/>\nApicultor Meliponicultor,Diretor de Comunica\u00e7\u00e3o da FEBAMEL,,e P\u00f3s Graduado em Gest\u00e3o e Educa\u00e7\u00e3o Ambiental &#8211; EBDA Monte Santo<br \/>\n(75) 9131-0784\/ 9998-0025<br \/>\n<img loading=\"lazy\" decoding=\"async\" src=\"http:\/\/www.portaldenoticias.net\/deusimar\/wp-content\/uploads\/2015\/03\/IMG_81571-450x338.jpg\" alt=\"IMG_8157[1]\" width=\"450\" height=\"338\" class=\"alignleft size-medium wp-image-1737\" srcset=\"https:\/\/portaldenoticias.net\/deusimar\/wp-content\/uploads\/2015\/03\/IMG_81571-450x338.jpg 450w, https:\/\/portaldenoticias.net\/deusimar\/wp-content\/uploads\/2015\/03\/IMG_81571-640x480.jpg 640w, https:\/\/portaldenoticias.net\/deusimar\/wp-content\/uploads\/2015\/03\/IMG_81571-174x131.jpg 174w, https:\/\/portaldenoticias.net\/deusimar\/wp-content\/uploads\/2015\/03\/IMG_81571-70x53.jpg 70w\" sizes=\"auto, (max-width: 450px) 100vw, 450px\" \/><\/p>\n<p>COLABORA\u00c7\u00c3O E COMPLEMENTOS DOS:<\/p>\n<p><img loading=\"lazy\" decoding=\"async\" src=\"http:\/\/www.portaldenoticias.net\/deusimar\/wp-content\/uploads\/2015\/03\/CARTAO-DE-VISITA-AMPLIADO-DE-DEUSIMAR-450x250.jpg\" alt=\"CARTAO DE VISITA AMPLIADO DE DEUSIMAR\" width=\"450\" height=\"250\" class=\"alignleft size-medium wp-image-1740\" srcset=\"https:\/\/portaldenoticias.net\/deusimar\/wp-content\/uploads\/2015\/03\/CARTAO-DE-VISITA-AMPLIADO-DE-DEUSIMAR-450x250.jpg 450w, https:\/\/portaldenoticias.net\/deusimar\/wp-content\/uploads\/2015\/03\/CARTAO-DE-VISITA-AMPLIADO-DE-DEUSIMAR-640x356.jpg 640w, https:\/\/portaldenoticias.net\/deusimar\/wp-content\/uploads\/2015\/03\/CARTAO-DE-VISITA-AMPLIADO-DE-DEUSIMAR.jpg 1062w\" sizes=\"auto, (max-width: 450px) 100vw, 450px\" \/><\/p>\n","protected":false},"excerpt":{"rendered":"<p>Marivan B Dantas compartilhou a foto de Rui Costa. 4 h \u00b7 Esse Governador \u00e9 diferente de todos, ele \u00e9 humano!!! Rui Costa Gente, eu tenho que agradecer por todo esse carinho. Obrigado pelo presente dado a minha filha Marina. Esses s\u00e3o uns dos aprovados no concurso da PM-2012. Al\u00e9m de interagir comigo atrav\u00e9s do [&hellip;]<\/p>\n","protected":false},"author":2,"featured_media":0,"comment_status":"open","ping_status":"open","sticky":false,"template":"","format":"standard","meta":{"footnotes":""},"categories":[1],"tags":[],"class_list":{"0":"post-1735","1":"post","2":"type-post","3":"status-publish","4":"format-standard","6":"category-destaques"},"_links":{"self":[{"href":"https:\/\/portaldenoticias.net\/deusimar\/wp-json\/wp\/v2\/posts\/1735","targetHints":{"allow":["GET"]}}],"collection":[{"href":"https:\/\/portaldenoticias.net\/deusimar\/wp-json\/wp\/v2\/posts"}],"about":[{"href":"https:\/\/portaldenoticias.net\/deusimar\/wp-json\/wp\/v2\/types\/post"}],"author":[{"embeddable":true,"href":"https:\/\/portaldenoticias.net\/deusimar\/wp-json\/wp\/v2\/users\/2"}],"replies":[{"embeddable":true,"href":"https:\/\/portaldenoticias.net\/deusimar\/wp-json\/wp\/v2\/comments?post=1735"}],"version-history":[{"count":0,"href":"https:\/\/portaldenoticias.net\/deusimar\/wp-json\/wp\/v2\/posts\/1735\/revisions"}],"wp:attachment":[{"href":"https:\/\/portaldenoticias.net\/deusimar\/wp-json\/wp\/v2\/media?parent=1735"}],"wp:term":[{"taxonomy":"category","embeddable":true,"href":"https:\/\/portaldenoticias.net\/deusimar\/wp-json\/wp\/v2\/categories?post=1735"},{"taxonomy":"post_tag","embeddable":true,"href":"https:\/\/portaldenoticias.net\/deusimar\/wp-json\/wp\/v2\/tags?post=1735"}],"curies":[{"name":"wp","href":"https:\/\/api.w.org\/{rel}","templated":true}]}}