{"id":1720,"date":"2015-03-28T00:20:42","date_gmt":"2015-03-28T03:20:42","guid":{"rendered":"http:\/\/www.portaldenoticias.net\/deusimar\/?p=1720"},"modified":"2015-03-28T00:20:42","modified_gmt":"2015-03-28T03:20:42","slug":"governador-contempla-o-municipio-de-santa-brigida-diversos-sistemas-de-dessalinizacao-para-a-transformacao-das-aguas-salobras-em-agua-potavel-para-o-consumo-humano","status":"publish","type":"post","link":"https:\/\/portaldenoticias.net\/deusimar\/governador-contempla-o-municipio-de-santa-brigida-diversos-sistemas-de-dessalinizacao-para-a-transformacao-das-aguas-salobras-em-agua-potavel-para-o-consumo-humano\/","title":{"rendered":"GOVERNADOR CONTEMPLA O MUNIC\u00cdPIO DE SANTA BR\u00cdGIDA DIVERSOS SISTEMAS DE DESSALINIZA\u00c7\u00c3O PARA A TRANSFORMA\u00c7\u00c3O DAS \u00c1GUAS SALOBRAS EM \u00c1GUA POT\u00c1VEL PARA O CONSUMO HUMANO."},"content":{"rendered":"<p><img loading=\"lazy\" decoding=\"async\" src=\"http:\/\/www.portaldenoticias.net\/deusimar\/wp-content\/uploads\/2015\/02\/RUI-COSTA-IMAGEM-GRANDE-DO-FACE..png\" alt=\"RUI COSTA IMAGEM GRANDE DO FACE.\" width=\"160\" height=\"160\" class=\"alignleft size-full wp-image-832\" srcset=\"https:\/\/portaldenoticias.net\/deusimar\/wp-content\/uploads\/2015\/02\/RUI-COSTA-IMAGEM-GRANDE-DO-FACE..png 160w, https:\/\/portaldenoticias.net\/deusimar\/wp-content\/uploads\/2015\/02\/RUI-COSTA-IMAGEM-GRANDE-DO-FACE.-150x150.png 150w\" sizes=\"auto, (max-width: 160px) 100vw, 160px\" \/><\/p>\n<p>Rui Costa adicionou 34 novas fotos ao \u00e1lbum: Santa Br\u00edgida \u2014 em Santa Br\u00edgida.<br \/>\n7 h \u00b7<br \/>\nTransformar \u00e1gua impr\u00f3pria para consumo em \u00e1gua de qualidade e renda para 70 mil baianos. \u00c9 que o programa \u00c1gua Doce est\u00e1 promovendo em nosso estado. Hoje, em Minuim, distrito de Santa Br\u00edgida, assinei junto com a ministra do Meio Ambiente, Izabella Teixeira, a autoriza\u00e7\u00e3o para implanta\u00e7\u00e3o de 145 sistemas de dessaliniza\u00e7\u00e3o da \u00e1gua de po\u00e7os artesianos. Quero agradecer ao Governo Federal, \u00e0 presidenta Dilma e \u00e0 ministra por essa parceria. Vamos que vamos!<br \/>\n<img loading=\"lazy\" decoding=\"async\" src=\"http:\/\/www.portaldenoticias.net\/deusimar\/wp-content\/uploads\/2015\/03\/GOV-EM-SANTA-BRIGIDA-450x300.jpg\" alt=\"GOV EM SANTA BRIGIDA\" width=\"450\" height=\"300\" class=\"alignleft size-medium wp-image-1721\" srcset=\"https:\/\/portaldenoticias.net\/deusimar\/wp-content\/uploads\/2015\/03\/GOV-EM-SANTA-BRIGIDA-450x300.jpg 450w, https:\/\/portaldenoticias.net\/deusimar\/wp-content\/uploads\/2015\/03\/GOV-EM-SANTA-BRIGIDA.jpg 472w\" sizes=\"auto, (max-width: 450px) 100vw, 450px\" \/><\/p>\n<p><img loading=\"lazy\" decoding=\"async\" src=\"http:\/\/www.portaldenoticias.net\/deusimar\/wp-content\/uploads\/2015\/03\/GOV-VISTA-ESCOLA.jpg\" alt=\"GOV VISTA ESCOLA\" width=\"235\" height=\"156\" class=\"alignleft size-full wp-image-1722\" \/><\/p>\n<p><img loading=\"lazy\" decoding=\"async\" src=\"http:\/\/www.portaldenoticias.net\/deusimar\/wp-content\/uploads\/2015\/03\/GOV-DSCURSANDO-EM-S-BRIGIDA.jpg\" alt=\"GOV DSCURSANDO EM S BRIGIDA\" width=\"235\" height=\"156\" class=\"alignleft size-full wp-image-1723\" \/><\/p>\n<p><img loading=\"lazy\" decoding=\"async\" src=\"http:\/\/www.portaldenoticias.net\/deusimar\/wp-content\/uploads\/2015\/03\/GOV-E-PREFEITA-EM-S-BRIGIDA.jpg\" alt=\"GOV E PREFEITA EM S BRIGIDA\" width=\"235\" height=\"156\" class=\"alignleft size-full wp-image-1724\" \/><\/p>\n<p>COLABORA\u00c7\u00c3O E COMPLEMENTOS DOS:<br \/>\n<img loading=\"lazy\" decoding=\"async\" src=\"http:\/\/www.portaldenoticias.net\/deusimar\/wp-content\/uploads\/2015\/03\/CARTAO-DE-VISITA-DEUSIMAR2-450x250.jpg\" alt=\"CARTAO DE VISITA DEUSIMAR\" width=\"450\" height=\"250\" class=\"alignleft size-medium wp-image-1725\" srcset=\"https:\/\/portaldenoticias.net\/deusimar\/wp-content\/uploads\/2015\/03\/CARTAO-DE-VISITA-DEUSIMAR2-450x250.jpg 450w, https:\/\/portaldenoticias.net\/deusimar\/wp-content\/uploads\/2015\/03\/CARTAO-DE-VISITA-DEUSIMAR2-640x356.jpg 640w, https:\/\/portaldenoticias.net\/deusimar\/wp-content\/uploads\/2015\/03\/CARTAO-DE-VISITA-DEUSIMAR2.jpg 1062w\" sizes=\"auto, (max-width: 450px) 100vw, 450px\" \/><\/p>\n","protected":false},"excerpt":{"rendered":"<p>Rui Costa adicionou 34 novas fotos ao \u00e1lbum: Santa Br\u00edgida \u2014 em Santa Br\u00edgida. 7 h \u00b7 Transformar \u00e1gua impr\u00f3pria para consumo em \u00e1gua de qualidade e renda para 70 mil baianos. \u00c9 que o programa \u00c1gua Doce est\u00e1 promovendo em nosso estado. Hoje, em Minuim, distrito de Santa Br\u00edgida, assinei junto com a ministra [&hellip;]<\/p>\n","protected":false},"author":2,"featured_media":0,"comment_status":"open","ping_status":"open","sticky":false,"template":"","format":"standard","meta":{"footnotes":""},"categories":[1],"tags":[],"class_list":{"0":"post-1720","1":"post","2":"type-post","3":"status-publish","4":"format-standard","6":"category-destaques"},"_links":{"self":[{"href":"https:\/\/portaldenoticias.net\/deusimar\/wp-json\/wp\/v2\/posts\/1720","targetHints":{"allow":["GET"]}}],"collection":[{"href":"https:\/\/portaldenoticias.net\/deusimar\/wp-json\/wp\/v2\/posts"}],"about":[{"href":"https:\/\/portaldenoticias.net\/deusimar\/wp-json\/wp\/v2\/types\/post"}],"author":[{"embeddable":true,"href":"https:\/\/portaldenoticias.net\/deusimar\/wp-json\/wp\/v2\/users\/2"}],"replies":[{"embeddable":true,"href":"https:\/\/portaldenoticias.net\/deusimar\/wp-json\/wp\/v2\/comments?post=1720"}],"version-history":[{"count":0,"href":"https:\/\/portaldenoticias.net\/deusimar\/wp-json\/wp\/v2\/posts\/1720\/revisions"}],"wp:attachment":[{"href":"https:\/\/portaldenoticias.net\/deusimar\/wp-json\/wp\/v2\/media?parent=1720"}],"wp:term":[{"taxonomy":"category","embeddable":true,"href":"https:\/\/portaldenoticias.net\/deusimar\/wp-json\/wp\/v2\/categories?post=1720"},{"taxonomy":"post_tag","embeddable":true,"href":"https:\/\/portaldenoticias.net\/deusimar\/wp-json\/wp\/v2\/tags?post=1720"}],"curies":[{"name":"wp","href":"https:\/\/api.w.org\/{rel}","templated":true}]}}