{"id":1713,"date":"2015-03-27T23:30:40","date_gmt":"2015-03-28T02:30:40","guid":{"rendered":"http:\/\/www.portaldenoticias.net\/deusimar\/?p=1713"},"modified":"2015-03-27T23:31:58","modified_gmt":"2015-03-28T02:31:58","slug":"blog-do-deusimar-desejando-as-boas-vindas-ao-nosso-governador-ao-municipio-de-monte-santo-e-regiao","status":"publish","type":"post","link":"https:\/\/portaldenoticias.net\/deusimar\/blog-do-deusimar-desejando-as-boas-vindas-ao-nosso-governador-ao-municipio-de-monte-santo-e-regiao\/","title":{"rendered":"BLOG DO DEUSIMAR DESEJANDO AS BOAS VINDAS AO NOSSO GOVERNADOR AO MUNIC\u00cdPIO DE MONTE SANTO E REGI\u00c3O."},"content":{"rendered":"<p><img loading=\"lazy\" decoding=\"async\" src=\"http:\/\/www.portaldenoticias.net\/deusimar\/wp-content\/uploads\/2015\/03\/deusmar-e-rui-costa.jpg\" alt=\"deusmar  e rui costa\" width=\"259\" height=\"194\" class=\"alignleft size-full wp-image-1295\" srcset=\"https:\/\/portaldenoticias.net\/deusimar\/wp-content\/uploads\/2015\/03\/deusmar-e-rui-costa.jpg 259w, https:\/\/portaldenoticias.net\/deusimar\/wp-content\/uploads\/2015\/03\/deusmar-e-rui-costa-174x131.jpg 174w, https:\/\/portaldenoticias.net\/deusimar\/wp-content\/uploads\/2015\/03\/deusmar-e-rui-costa-70x53.jpg 70w\" sizes=\"auto, (max-width: 259px) 100vw, 259px\" \/><\/p>\n<p><img loading=\"lazy\" decoding=\"async\" src=\"http:\/\/www.portaldenoticias.net\/deusimar\/wp-content\/uploads\/2015\/03\/IMG_80521-450x338.jpg\" alt=\"IMG_8052[1]\" width=\"450\" height=\"338\" class=\"alignleft size-medium wp-image-1715\" srcset=\"https:\/\/portaldenoticias.net\/deusimar\/wp-content\/uploads\/2015\/03\/IMG_80521-450x338.jpg 450w, https:\/\/portaldenoticias.net\/deusimar\/wp-content\/uploads\/2015\/03\/IMG_80521-640x480.jpg 640w, https:\/\/portaldenoticias.net\/deusimar\/wp-content\/uploads\/2015\/03\/IMG_80521-174x131.jpg 174w, https:\/\/portaldenoticias.net\/deusimar\/wp-content\/uploads\/2015\/03\/IMG_80521-70x53.jpg 70w\" sizes=\"auto, (max-width: 450px) 100vw, 450px\" \/><\/p>\n<p><img loading=\"lazy\" decoding=\"async\" src=\"http:\/\/www.portaldenoticias.net\/deusimar\/wp-content\/uploads\/2015\/03\/IMG_80531-450x338.jpg\" alt=\"IMG_8053[1]\" width=\"450\" height=\"338\" class=\"alignleft size-medium wp-image-1716\" srcset=\"https:\/\/portaldenoticias.net\/deusimar\/wp-content\/uploads\/2015\/03\/IMG_80531-450x338.jpg 450w, https:\/\/portaldenoticias.net\/deusimar\/wp-content\/uploads\/2015\/03\/IMG_80531-640x480.jpg 640w, https:\/\/portaldenoticias.net\/deusimar\/wp-content\/uploads\/2015\/03\/IMG_80531-174x131.jpg 174w, https:\/\/portaldenoticias.net\/deusimar\/wp-content\/uploads\/2015\/03\/IMG_80531-70x53.jpg 70w\" sizes=\"auto, (max-width: 450px) 100vw, 450px\" \/><\/p>\n<p>Ol\u00e1 leitores amigos de nossos blogs!!<br \/>\nAtentem bem nas fotos acima postadas, e percebam a intensidade dos trabalhos nos preparativos para a acolhida de nosso GOVERNADOR amanh\u00e3(28) aqui no Cora\u00e7\u00e3o Mistico do Sert\u00e3o Baiano-Monte Santo. Apesar de moderna e espa\u00e7osa a concha ac\u00fastica no centro da principal pra\u00e7a da cidade, v\u00e1rios toldos foram instalados para a comodidade da plat\u00e9ia. Nesta honrosa visita, nosso GOVERNADOR vai inaugurar o trecho de 26 km novinho em folha da BA-220, que liga a sede do munic\u00edpio ao seu maior distrito, o Povoado de Pedra Vermelha. O simp\u00e1tico povo de nossa Hist\u00f3rica Micro Regi\u00e3o de Canudos vai receber tamb\u00e9m, do GOVERNADOR, a completa requalifica\u00e7\u00e3o do terr\u00edvel trecho do passado da mesma BA-220 que liga Monte Santo ao vinho munic\u00edpio de Euclides da Cunha. Vale lembrar que, as espa\u00e7osas pontes que foram constru\u00eddas no lugar das pontes tipo tripas deste mesmo trecho da BA-220 afar\u00e3o parte do ato de inaugura\u00e7\u00e3o. Essas pontes tipo tripas, por irresponsabilidade dos governos anteriores que implantaram e requalificaram a linha asf\u00e1ltica, dizimou dezenas de vidas humanas ao longo desses \u00faltimos trinta anos. Como de praxe, o GOVERNADOR cumprindo o ritual de sempre na valoriza\u00e7\u00e3o a EDUCA\u00c7\u00c3O atrav\u00e9s do programa de governo, PACTO PELA EDUCA\u00c7\u00c3O, a menina de seus pr\u00f3prios olhos, far\u00e1 visitas as principais escolas e creches do nosso munic\u00edpio.<br \/>\nBoa Noite!!! N\u00f3s, de Monte Santo, e de toda nossa hist\u00f3rica Micro Regi\u00e3o de Canudos, desejamos BOAS VINDAS ao nosso GOVERNADOR, e que o mesmo nos contemple sempre com mais pol\u00edticas publicas para nosso munic\u00edpio.<br \/>\nCOLABORA\u00c7\u00c3O E COMPLEMENTOS DOS:<\/p>\n<p><img loading=\"lazy\" decoding=\"async\" src=\"http:\/\/www.portaldenoticias.net\/deusimar\/wp-content\/uploads\/2015\/03\/CARTAO-DE-VISITA-DEUSIMAR1-450x250.jpg\" alt=\"CARTAO DE VISITA DEUSIMAR\" width=\"450\" height=\"250\" class=\"alignleft size-medium wp-image-1410\" srcset=\"https:\/\/portaldenoticias.net\/deusimar\/wp-content\/uploads\/2015\/03\/CARTAO-DE-VISITA-DEUSIMAR1-450x250.jpg 450w, https:\/\/portaldenoticias.net\/deusimar\/wp-content\/uploads\/2015\/03\/CARTAO-DE-VISITA-DEUSIMAR1-640x356.jpg 640w, https:\/\/portaldenoticias.net\/deusimar\/wp-content\/uploads\/2015\/03\/CARTAO-DE-VISITA-DEUSIMAR1.jpg 1062w\" sizes=\"auto, (max-width: 450px) 100vw, 450px\" \/><\/p>\n","protected":false},"excerpt":{"rendered":"<p>Ol\u00e1 leitores amigos de nossos blogs!! Atentem bem nas fotos acima postadas, e percebam a intensidade dos trabalhos nos preparativos para a acolhida de nosso GOVERNADOR amanh\u00e3(28) aqui no Cora\u00e7\u00e3o Mistico do Sert\u00e3o Baiano-Monte Santo. Apesar de moderna e espa\u00e7osa a concha ac\u00fastica no centro da principal pra\u00e7a da cidade, v\u00e1rios toldos foram instalados para [&hellip;]<\/p>\n","protected":false},"author":2,"featured_media":0,"comment_status":"open","ping_status":"open","sticky":false,"template":"","format":"standard","meta":{"footnotes":""},"categories":[1],"tags":[],"class_list":{"0":"post-1713","1":"post","2":"type-post","3":"status-publish","4":"format-standard","6":"category-destaques"},"_links":{"self":[{"href":"https:\/\/portaldenoticias.net\/deusimar\/wp-json\/wp\/v2\/posts\/1713","targetHints":{"allow":["GET"]}}],"collection":[{"href":"https:\/\/portaldenoticias.net\/deusimar\/wp-json\/wp\/v2\/posts"}],"about":[{"href":"https:\/\/portaldenoticias.net\/deusimar\/wp-json\/wp\/v2\/types\/post"}],"author":[{"embeddable":true,"href":"https:\/\/portaldenoticias.net\/deusimar\/wp-json\/wp\/v2\/users\/2"}],"replies":[{"embeddable":true,"href":"https:\/\/portaldenoticias.net\/deusimar\/wp-json\/wp\/v2\/comments?post=1713"}],"version-history":[{"count":0,"href":"https:\/\/portaldenoticias.net\/deusimar\/wp-json\/wp\/v2\/posts\/1713\/revisions"}],"wp:attachment":[{"href":"https:\/\/portaldenoticias.net\/deusimar\/wp-json\/wp\/v2\/media?parent=1713"}],"wp:term":[{"taxonomy":"category","embeddable":true,"href":"https:\/\/portaldenoticias.net\/deusimar\/wp-json\/wp\/v2\/categories?post=1713"},{"taxonomy":"post_tag","embeddable":true,"href":"https:\/\/portaldenoticias.net\/deusimar\/wp-json\/wp\/v2\/tags?post=1713"}],"curies":[{"name":"wp","href":"https:\/\/api.w.org\/{rel}","templated":true}]}}